{"id":327,"date":"2017-03-08T06:41:39","date_gmt":"2017-03-08T05:41:39","guid":{"rendered":"http:\/\/wp.kristdemokraterna.se\/brannberg\/?p=327"},"modified":"2017-03-08T06:41:39","modified_gmt":"2017-03-08T05:41:39","slug":"i-have-a-dream","status":"publish","type":"post","link":"https:\/\/wp.kristdemokraterna.se\/brannberg\/i-have-a-dream\/","title":{"rendered":"I have a dream"},"content":{"rendered":"<p>I dag \u00e4r det m\u00e5nga aktiviteter som uppm\u00e4rksammar Internationella Kvinnodagen. Det \u00e4r en dag d\u00e5 vi reflekterar \u00f6ver m\u00e4nniskov\u00e4rdet och st\u00e4ller oss fr\u00e5gor om j\u00e4mlikhet och j\u00e4mst\u00e4lldhet. F\u00f6r m\u00e5nga av oss som \u00e4r politiskt aktiva \u00e4r kampen om alla m\u00e4nniskors v\u00e4rde ett fundament som vi bygger vidare p\u00e5. Det finns m\u00e5nga krafter som verkar f\u00f6r sin sak, men j\u00e4mst\u00e4lldhet m\u00e5ste grundas p\u00e5 altruism, och aldrig p\u00e5 egoism eller s\u00e4rkrav.<\/p>\n<p><a href=\"http:\/\/wp.kristdemokraterna.se\/brannberg\/files\/2017\/03\/ihaveadram2.jpg\"><img loading=\"lazy\" decoding=\"async\" class=\"alignnone size-medium wp-image-329\" src=\"http:\/\/wp.kristdemokraterna.se\/brannberg\/files\/2017\/03\/ihaveadram2-300x225.jpg\" alt=\"\" width=\"300\" height=\"225\" srcset=\"https:\/\/wp.kristdemokraterna.se\/brannberg\/files\/2017\/03\/ihaveadram2-300x225.jpg 300w, https:\/\/wp.kristdemokraterna.se\/brannberg\/files\/2017\/03\/ihaveadram2.jpg 500w\" sizes=\"auto, (max-width: 300px) 100vw, 300px\" \/><\/a><\/p>\n<p>F\u00f6r n\u00e5gra \u00e5r sedan stod jag, den 8 mars, p\u00e5 den plats i Washington DC d\u00e4r Martin Luther King h\u00f6ll sitt ber\u00f6mda tal om &#8221;I have a vision&#8221; som han h\u00f6lls 1963 p\u00e5 Lincoln Memorial. Att st\u00e5 d\u00e4r p\u00e5 Internationella Kvinnodagen k\u00e4ndes speciellt.<\/p>\n<p>Jag \u00e4r kristen. Det \u00e4r inte n\u00e5got som man \u00e4r under en gudstj\u00e4nst eller vid s\u00e4rskilda religi\u00f6sa riter. Det \u00e4r ett s\u00e4tt att vara, att t\u00e4nka, att leva och allts\u00e5 n\u00e5got som \u00e4r ens identitet. Samtidigt s\u00e5 \u00e4r jag politiker och det \u00e4r ocks\u00e5 en del av mitt liv. Min fr\u00e4msta inspiration och syn p\u00e5 omv\u00e4rlden baseras jag p\u00e5 min livs\u00e5sk\u00e5dning. Den s\u00e4tter pr\u00e4gel p\u00e5 det jag g\u00f6r och st\u00e5r f\u00f6r. N\u00e4r aposteln Paulus f\u00f6r snart tv\u00e5 tusen \u00e5r sedan beskrev den samh\u00e4llsreform som skedde i k\u00f6lvattnet av den kristna trons genombrott, uttryckte han j\u00e4mst\u00e4lldhet genom att tala om etniska sammanhang, socioekeonomiska f\u00f6rh\u00e5llanden och po\u00e4ngterade j\u00e4mst\u00e4lldhet. Han skrev: H\u00e4r \u00e4r ingen jude eller grek, slav eller fri, man eller kvinna&#8221;. N\u00e4r jag betraktar v\u00e4rlden idag ser jag klyftor, avst\u00e5nd, murar, gap, skilda omr\u00e5den och andra s\u00e4tt som g\u00f6r att vi inte lever varken j\u00e4mst\u00e4llt eller j\u00e4mlikt.<\/p>\n<p>D\u00e4rf\u00f6r \u00e4r det nyttigt att p\u00e5minna sig om att denna dag, d\u00e5 Kvinnors internationella Dag, uppm\u00e4rksammmas, att det \u00e4r en kamp som vi m\u00e5ste forts\u00e4tta. Antingen vi inspireras av Paulus eller Martin Luther King s\u00e5 \u00e4r det visionen om det gr\u00e4nsl\u00f6sa samh\u00e4llet, d\u00e4r alla m\u00e4nniskors lika v\u00e4rde betonas, som driver oss.<\/p>\n","protected":false},"excerpt":{"rendered":"<p>I dag \u00e4r det m\u00e5nga aktiviteter som uppm\u00e4rksammar Internationella Kvinnodagen. Det \u00e4r en dag d\u00e5 vi reflekterar \u00f6ver m\u00e4nniskov\u00e4rdet och st\u00e4ller oss fr\u00e5gor om j\u00e4mlikhet och j\u00e4mst\u00e4lldhet. F\u00f6r m\u00e5nga av oss som \u00e4r politiskt aktiva \u00e4r kampen om alla m\u00e4nniskors v\u00e4rde ett fundament som vi bygger vidare p\u00e5. Det finns m\u00e5nga krafter som verkar f\u00f6r <a class=\"read-more-link\" href=\"https:\/\/wp.kristdemokraterna.se\/brannberg\/i-have-a-dream\/\">Read More<\/a><\/p>\n","protected":false},"author":744,"featured_media":328,"comment_status":"closed","ping_status":"closed","sticky":false,"template":"","format":"standard","meta":{"_acf_changed":false,"footnotes":""},"categories":[1],"tags":[],"class_list":["post-327","post","type-post","status-publish","format-standard","hentry","category-okategoriserade"],"acf":[],"yoast_head":"<!-- This site is optimized with the Yoast SEO plugin v27.5 - https:\/\/yoast.com\/product\/yoast-seo-wordpress\/ -->\n<title>I have a dream - Conny Br\u00e4nnberg<\/title>\n<meta name=\"robots\" content=\"index, follow, max-snippet:-1, max-image-preview:large, max-video-preview:-1\" \/>\n<link rel=\"canonical\" href=\"https:\/\/wp.kristdemokraterna.se\/brannberg\/i-have-a-dream\/\" \/>\n<meta property=\"og:locale\" content=\"sv_SE\" \/>\n<meta property=\"og:type\" content=\"article\" \/>\n<meta property=\"og:title\" content=\"I have a dream - Conny Br\u00e4nnberg\" \/>\n<meta property=\"og:description\" content=\"I dag \u00e4r det m\u00e5nga aktiviteter som uppm\u00e4rksammar Internationella Kvinnodagen. Det \u00e4r en dag d\u00e5 vi reflekterar \u00f6ver m\u00e4nniskov\u00e4rdet och st\u00e4ller oss fr\u00e5gor om j\u00e4mlikhet och j\u00e4mst\u00e4lldhet. F\u00f6r m\u00e5nga av oss som \u00e4r politiskt aktiva \u00e4r kampen om alla m\u00e4nniskors v\u00e4rde ett fundament som vi bygger vidare p\u00e5. Det finns m\u00e5nga krafter som verkar f\u00f6r Read More\" \/>\n<meta property=\"og:url\" content=\"https:\/\/wp.kristdemokraterna.se\/brannberg\/i-have-a-dream\/\" \/>\n<meta property=\"og:site_name\" content=\"Conny Br\u00e4nnberg\" \/>\n<meta property=\"article:publisher\" content=\"https:\/\/www.facebook.com\/connybrannberg\" \/>\n<meta property=\"article:published_time\" content=\"2017-03-08T05:41:39+00:00\" \/>\n<meta property=\"og:image\" content=\"https:\/\/wp.kristdemokraterna.se\/brannberg\/files\/2017\/03\/ihaveadraem.jpg\" \/>\n\t<meta property=\"og:image:width\" content=\"487\" \/>\n\t<meta property=\"og:image:height\" content=\"270\" \/>\n\t<meta property=\"og:image:type\" content=\"image\/jpeg\" \/>\n<meta name=\"author\" content=\"brannberg\" \/>\n<meta name=\"twitter:card\" content=\"summary_large_image\" \/>\n<meta name=\"twitter:creator\" content=\"@brannberg\" \/>\n<meta name=\"twitter:site\" content=\"@brannberg\" \/>\n<meta name=\"twitter:label1\" content=\"Skriven av\" \/>\n\t<meta name=\"twitter:data1\" content=\"brannberg\" \/>\n\t<meta name=\"twitter:label2\" content=\"Ber\u00e4knad l\u00e4stid\" \/>\n\t<meta name=\"twitter:data2\" content=\"2 minuter\" \/>\n<script type=\"application\/ld+json\" class=\"yoast-schema-graph\">{\"@context\":\"https:\\\/\\\/schema.org\",\"@graph\":[{\"@type\":\"Article\",\"@id\":\"https:\\\/\\\/wp.kristdemokraterna.se\\\/brannberg\\\/i-have-a-dream\\\/#article\",\"isPartOf\":{\"@id\":\"https:\\\/\\\/wp.kristdemokraterna.se\\\/brannberg\\\/i-have-a-dream\\\/\"},\"author\":{\"name\":\"brannberg\",\"@id\":\"https:\\\/\\\/wp.kristdemokraterna.se\\\/brannberg\\\/#\\\/schema\\\/person\\\/16c27da76d91de55cd55bdfac6e90bd2\"},\"headline\":\"I have a dream\",\"datePublished\":\"2017-03-08T05:41:39+00:00\",\"mainEntityOfPage\":{\"@id\":\"https:\\\/\\\/wp.kristdemokraterna.se\\\/brannberg\\\/i-have-a-dream\\\/\"},\"wordCount\":387,\"image\":{\"@id\":\"https:\\\/\\\/wp.kristdemokraterna.se\\\/brannberg\\\/i-have-a-dream\\\/#primaryimage\"},\"thumbnailUrl\":\"https:\\\/\\\/wp.kristdemokraterna.se\\\/brannberg\\\/files\\\/2017\\\/03\\\/ihaveadraem.jpg\",\"inLanguage\":\"sv-SE\"},{\"@type\":\"WebPage\",\"@id\":\"https:\\\/\\\/wp.kristdemokraterna.se\\\/brannberg\\\/i-have-a-dream\\\/\",\"url\":\"https:\\\/\\\/wp.kristdemokraterna.se\\\/brannberg\\\/i-have-a-dream\\\/\",\"name\":\"I have a dream - Conny Br\u00e4nnberg\",\"isPartOf\":{\"@id\":\"https:\\\/\\\/wp.kristdemokraterna.se\\\/brannberg\\\/#website\"},\"primaryImageOfPage\":{\"@id\":\"https:\\\/\\\/wp.kristdemokraterna.se\\\/brannberg\\\/i-have-a-dream\\\/#primaryimage\"},\"image\":{\"@id\":\"https:\\\/\\\/wp.kristdemokraterna.se\\\/brannberg\\\/i-have-a-dream\\\/#primaryimage\"},\"thumbnailUrl\":\"https:\\\/\\\/wp.kristdemokraterna.se\\\/brannberg\\\/files\\\/2017\\\/03\\\/ihaveadraem.jpg\",\"datePublished\":\"2017-03-08T05:41:39+00:00\",\"author\":{\"@id\":\"https:\\\/\\\/wp.kristdemokraterna.se\\\/brannberg\\\/#\\\/schema\\\/person\\\/16c27da76d91de55cd55bdfac6e90bd2\"},\"breadcrumb\":{\"@id\":\"https:\\\/\\\/wp.kristdemokraterna.se\\\/brannberg\\\/i-have-a-dream\\\/#breadcrumb\"},\"inLanguage\":\"sv-SE\",\"potentialAction\":[{\"@type\":\"ReadAction\",\"target\":[\"https:\\\/\\\/wp.kristdemokraterna.se\\\/brannberg\\\/i-have-a-dream\\\/\"]}]},{\"@type\":\"ImageObject\",\"inLanguage\":\"sv-SE\",\"@id\":\"https:\\\/\\\/wp.kristdemokraterna.se\\\/brannberg\\\/i-have-a-dream\\\/#primaryimage\",\"url\":\"https:\\\/\\\/wp.kristdemokraterna.se\\\/brannberg\\\/files\\\/2017\\\/03\\\/ihaveadraem.jpg\",\"contentUrl\":\"https:\\\/\\\/wp.kristdemokraterna.se\\\/brannberg\\\/files\\\/2017\\\/03\\\/ihaveadraem.jpg\",\"width\":487,\"height\":270},{\"@type\":\"BreadcrumbList\",\"@id\":\"https:\\\/\\\/wp.kristdemokraterna.se\\\/brannberg\\\/i-have-a-dream\\\/#breadcrumb\",\"itemListElement\":[{\"@type\":\"ListItem\",\"position\":1,\"name\":\"Hem\",\"item\":\"https:\\\/\\\/wp.kristdemokraterna.se\\\/brannberg\\\/\"},{\"@type\":\"ListItem\",\"position\":2,\"name\":\"I have a dream\"}]},{\"@type\":\"WebSite\",\"@id\":\"https:\\\/\\\/wp.kristdemokraterna.se\\\/brannberg\\\/#website\",\"url\":\"https:\\\/\\\/wp.kristdemokraterna.se\\\/brannberg\\\/\",\"name\":\"Conny Br\u00e4nnberg\",\"description\":\"Trygg v\u00e5rd n\u00e4ra dig!\",\"inLanguage\":\"sv-SE\"},{\"@type\":\"Person\",\"@id\":\"https:\\\/\\\/wp.kristdemokraterna.se\\\/brannberg\\\/#\\\/schema\\\/person\\\/16c27da76d91de55cd55bdfac6e90bd2\",\"name\":\"brannberg\",\"image\":{\"@type\":\"ImageObject\",\"inLanguage\":\"sv-SE\",\"@id\":\"https:\\\/\\\/secure.gravatar.com\\\/avatar\\\/3065f237d64bcc60246edd2804abb1788848e0a9f187add49e65be41fbadadec?s=96&d=mm&r=g\",\"url\":\"https:\\\/\\\/secure.gravatar.com\\\/avatar\\\/3065f237d64bcc60246edd2804abb1788848e0a9f187add49e65be41fbadadec?s=96&d=mm&r=g\",\"contentUrl\":\"https:\\\/\\\/secure.gravatar.com\\\/avatar\\\/3065f237d64bcc60246edd2804abb1788848e0a9f187add49e65be41fbadadec?s=96&d=mm&r=g\",\"caption\":\"brannberg\"}}]}<\/script>\n<!-- \/ Yoast SEO plugin. -->","yoast_head_json":{"title":"I have a dream - Conny Br\u00e4nnberg","robots":{"index":"index","follow":"follow","max-snippet":"max-snippet:-1","max-image-preview":"max-image-preview:large","max-video-preview":"max-video-preview:-1"},"canonical":"https:\/\/wp.kristdemokraterna.se\/brannberg\/i-have-a-dream\/","og_locale":"sv_SE","og_type":"article","og_title":"I have a dream - Conny Br\u00e4nnberg","og_description":"I dag \u00e4r det m\u00e5nga aktiviteter som uppm\u00e4rksammar Internationella Kvinnodagen. Det \u00e4r en dag d\u00e5 vi reflekterar \u00f6ver m\u00e4nniskov\u00e4rdet och st\u00e4ller oss fr\u00e5gor om j\u00e4mlikhet och j\u00e4mst\u00e4lldhet. F\u00f6r m\u00e5nga av oss som \u00e4r politiskt aktiva \u00e4r kampen om alla m\u00e4nniskors v\u00e4rde ett fundament som vi bygger vidare p\u00e5. Det finns m\u00e5nga krafter som verkar f\u00f6r Read More","og_url":"https:\/\/wp.kristdemokraterna.se\/brannberg\/i-have-a-dream\/","og_site_name":"Conny Br\u00e4nnberg","article_publisher":"https:\/\/www.facebook.com\/connybrannberg","article_published_time":"2017-03-08T05:41:39+00:00","og_image":[{"width":487,"height":270,"url":"https:\/\/wp.kristdemokraterna.se\/brannberg\/files\/2017\/03\/ihaveadraem.jpg","type":"image\/jpeg"}],"author":"brannberg","twitter_card":"summary_large_image","twitter_creator":"@brannberg","twitter_site":"@brannberg","twitter_misc":{"Skriven av":"brannberg","Ber\u00e4knad l\u00e4stid":"2 minuter"},"schema":{"@context":"https:\/\/schema.org","@graph":[{"@type":"Article","@id":"https:\/\/wp.kristdemokraterna.se\/brannberg\/i-have-a-dream\/#article","isPartOf":{"@id":"https:\/\/wp.kristdemokraterna.se\/brannberg\/i-have-a-dream\/"},"author":{"name":"brannberg","@id":"https:\/\/wp.kristdemokraterna.se\/brannberg\/#\/schema\/person\/16c27da76d91de55cd55bdfac6e90bd2"},"headline":"I have a dream","datePublished":"2017-03-08T05:41:39+00:00","mainEntityOfPage":{"@id":"https:\/\/wp.kristdemokraterna.se\/brannberg\/i-have-a-dream\/"},"wordCount":387,"image":{"@id":"https:\/\/wp.kristdemokraterna.se\/brannberg\/i-have-a-dream\/#primaryimage"},"thumbnailUrl":"https:\/\/wp.kristdemokraterna.se\/brannberg\/files\/2017\/03\/ihaveadraem.jpg","inLanguage":"sv-SE"},{"@type":"WebPage","@id":"https:\/\/wp.kristdemokraterna.se\/brannberg\/i-have-a-dream\/","url":"https:\/\/wp.kristdemokraterna.se\/brannberg\/i-have-a-dream\/","name":"I have a dream - Conny Br\u00e4nnberg","isPartOf":{"@id":"https:\/\/wp.kristdemokraterna.se\/brannberg\/#website"},"primaryImageOfPage":{"@id":"https:\/\/wp.kristdemokraterna.se\/brannberg\/i-have-a-dream\/#primaryimage"},"image":{"@id":"https:\/\/wp.kristdemokraterna.se\/brannberg\/i-have-a-dream\/#primaryimage"},"thumbnailUrl":"https:\/\/wp.kristdemokraterna.se\/brannberg\/files\/2017\/03\/ihaveadraem.jpg","datePublished":"2017-03-08T05:41:39+00:00","author":{"@id":"https:\/\/wp.kristdemokraterna.se\/brannberg\/#\/schema\/person\/16c27da76d91de55cd55bdfac6e90bd2"},"breadcrumb":{"@id":"https:\/\/wp.kristdemokraterna.se\/brannberg\/i-have-a-dream\/#breadcrumb"},"inLanguage":"sv-SE","potentialAction":[{"@type":"ReadAction","target":["https:\/\/wp.kristdemokraterna.se\/brannberg\/i-have-a-dream\/"]}]},{"@type":"ImageObject","inLanguage":"sv-SE","@id":"https:\/\/wp.kristdemokraterna.se\/brannberg\/i-have-a-dream\/#primaryimage","url":"https:\/\/wp.kristdemokraterna.se\/brannberg\/files\/2017\/03\/ihaveadraem.jpg","contentUrl":"https:\/\/wp.kristdemokraterna.se\/brannberg\/files\/2017\/03\/ihaveadraem.jpg","width":487,"height":270},{"@type":"BreadcrumbList","@id":"https:\/\/wp.kristdemokraterna.se\/brannberg\/i-have-a-dream\/#breadcrumb","itemListElement":[{"@type":"ListItem","position":1,"name":"Hem","item":"https:\/\/wp.kristdemokraterna.se\/brannberg\/"},{"@type":"ListItem","position":2,"name":"I have a dream"}]},{"@type":"WebSite","@id":"https:\/\/wp.kristdemokraterna.se\/brannberg\/#website","url":"https:\/\/wp.kristdemokraterna.se\/brannberg\/","name":"Conny Br\u00e4nnberg","description":"Trygg v\u00e5rd n\u00e4ra dig!","inLanguage":"sv-SE"},{"@type":"Person","@id":"https:\/\/wp.kristdemokraterna.se\/brannberg\/#\/schema\/person\/16c27da76d91de55cd55bdfac6e90bd2","name":"brannberg","image":{"@type":"ImageObject","inLanguage":"sv-SE","@id":"https:\/\/secure.gravatar.com\/avatar\/3065f237d64bcc60246edd2804abb1788848e0a9f187add49e65be41fbadadec?s=96&d=mm&r=g","url":"https:\/\/secure.gravatar.com\/avatar\/3065f237d64bcc60246edd2804abb1788848e0a9f187add49e65be41fbadadec?s=96&d=mm&r=g","contentUrl":"https:\/\/secure.gravatar.com\/avatar\/3065f237d64bcc60246edd2804abb1788848e0a9f187add49e65be41fbadadec?s=96&d=mm&r=g","caption":"brannberg"}}]}},"_links":{"self":[{"href":"https:\/\/wp.kristdemokraterna.se\/brannberg\/wp-json\/wp\/v2\/posts\/327","targetHints":{"allow":["GET"]}}],"collection":[{"href":"https:\/\/wp.kristdemokraterna.se\/brannberg\/wp-json\/wp\/v2\/posts"}],"about":[{"href":"https:\/\/wp.kristdemokraterna.se\/brannberg\/wp-json\/wp\/v2\/types\/post"}],"author":[{"embeddable":true,"href":"https:\/\/wp.kristdemokraterna.se\/brannberg\/wp-json\/wp\/v2\/users\/744"}],"replies":[{"embeddable":true,"href":"https:\/\/wp.kristdemokraterna.se\/brannberg\/wp-json\/wp\/v2\/comments?post=327"}],"version-history":[{"count":1,"href":"https:\/\/wp.kristdemokraterna.se\/brannberg\/wp-json\/wp\/v2\/posts\/327\/revisions"}],"predecessor-version":[{"id":330,"href":"https:\/\/wp.kristdemokraterna.se\/brannberg\/wp-json\/wp\/v2\/posts\/327\/revisions\/330"}],"wp:featuredmedia":[{"embeddable":true,"href":"https:\/\/wp.kristdemokraterna.se\/brannberg\/wp-json\/wp\/v2\/media\/328"}],"wp:attachment":[{"href":"https:\/\/wp.kristdemokraterna.se\/brannberg\/wp-json\/wp\/v2\/media?parent=327"}],"wp:term":[{"taxonomy":"category","embeddable":true,"href":"https:\/\/wp.kristdemokraterna.se\/brannberg\/wp-json\/wp\/v2\/categories?post=327"},{"taxonomy":"post_tag","embeddable":true,"href":"https:\/\/wp.kristdemokraterna.se\/brannberg\/wp-json\/wp\/v2\/tags?post=327"}],"curies":[{"name":"wp","href":"https:\/\/api.w.org\/{rel}","templated":true}]}}