{"id":783,"date":"2018-06-09T18:58:06","date_gmt":"2018-06-09T16:58:06","guid":{"rendered":"http:\/\/wp.kristdemokraterna.se\/brannberg\/?p=783"},"modified":"2018-06-09T19:02:00","modified_gmt":"2018-06-09T17:02:00","slug":"invigning-i-haverud","status":"publish","type":"post","link":"https:\/\/wp.kristdemokraterna.se\/brannberg\/invigning-i-haverud\/","title":{"rendered":"Invigning i H\u00e5verud"},"content":{"rendered":"<p>I dag var det Arbetslivsmuseernas Dag i H\u00e5verud. Dalslands Kanal fyller i \u00e5r 150 \u00e5r och det firas p\u00e5 m\u00e5nga s\u00e4tt. I dag var det n\u00e5got av en folkfest vid Dalslands Center d\u00e5 m\u00e5nga utst\u00e4llare m\u00f6tte upp och ber\u00e4ttade om verksamheter vid arbetslivsmuseer runt om i regionen. Bengtsfors Musikk\u00e5r ramade in dagen och jag hade f\u00f6rm\u00e5nen att f\u00e5 invigningstala. D\u00e5 lyfte jag fram eldsj\u00e4larna inom kulturarvsomr\u00e5det och gav en eloge till alla som p\u00e5 sin fritid l\u00e4gger ned tid, energi och ofta \u00e4ven pengar, f\u00f6r att kunna ber\u00e4tta om v\u00e5rt gemensamma kulturarv.<\/p>\n<p>M\u00e5nga olika verksamheter fanns p\u00e5 omr\u00e5det och denna dag var \u00e4ven kraftstationen \u00f6ppen. Till jubileet har akvedukten renoverats. Den best\u00e5r av en nitad metallr\u00e4nna som \u00e4r en mycket intressant konstruktion. Nu \u00e4r den \u00e5ter i gott skick och slussarna anv\u00e4nds flitigt inf\u00f6r s\u00e4songen.<\/p>\n<p>Dagen arrangerades av Sk\u00e5lleruds hembygdsf\u00f6rening och NAV. Detta n\u00e4tverk av Arbetslivsmuseer har \u00e5ter tagit fram en karta som finns att h\u00e4mta p\u00e5 turistbyr\u00e5n. Jag rekommenderar att den finns i bilens handskfack och n\u00e4rmare 150 arbetslivsmuseer i regionen tar emot bes\u00f6kare. Kartan finns ocks\u00e5 p\u00e5 www.navivst.se<\/p>\n<p>&nbsp;<\/p>\n","protected":false},"excerpt":{"rendered":"<p>I dag var det Arbetslivsmuseernas Dag i H\u00e5verud. Dalslands Kanal fyller i \u00e5r 150 \u00e5r och det firas p\u00e5 m\u00e5nga s\u00e4tt. I dag var det n\u00e5got av en folkfest vid Dalslands Center d\u00e5 m\u00e5nga utst\u00e4llare m\u00f6tte upp och ber\u00e4ttade om verksamheter vid arbetslivsmuseer runt om i regionen. Bengtsfors Musikk\u00e5r ramade in dagen och jag hade <a class=\"read-more-link\" href=\"https:\/\/wp.kristdemokraterna.se\/brannberg\/invigning-i-haverud\/\">Read More<\/a><\/p>\n","protected":false},"author":744,"featured_media":0,"comment_status":"closed","ping_status":"closed","sticky":false,"template":"","format":"standard","meta":{"_acf_changed":false,"footnotes":""},"categories":[7],"tags":[],"class_list":["post-783","post","type-post","status-publish","format-standard","hentry","category-senaste-handelser"],"acf":[],"yoast_head":"<!-- This site is optimized with the Yoast SEO plugin v27.5 - https:\/\/yoast.com\/product\/yoast-seo-wordpress\/ -->\n<title>Invigning i H\u00e5verud - Conny Br\u00e4nnberg<\/title>\n<meta name=\"robots\" content=\"index, follow, max-snippet:-1, max-image-preview:large, max-video-preview:-1\" \/>\n<link rel=\"canonical\" href=\"https:\/\/wp.kristdemokraterna.se\/brannberg\/invigning-i-haverud\/\" \/>\n<meta property=\"og:locale\" content=\"sv_SE\" \/>\n<meta property=\"og:type\" content=\"article\" \/>\n<meta property=\"og:title\" content=\"Invigning i H\u00e5verud - Conny Br\u00e4nnberg\" \/>\n<meta property=\"og:description\" content=\"I dag var det Arbetslivsmuseernas Dag i H\u00e5verud. Dalslands Kanal fyller i \u00e5r 150 \u00e5r och det firas p\u00e5 m\u00e5nga s\u00e4tt. I dag var det n\u00e5got av en folkfest vid Dalslands Center d\u00e5 m\u00e5nga utst\u00e4llare m\u00f6tte upp och ber\u00e4ttade om verksamheter vid arbetslivsmuseer runt om i regionen. Bengtsfors Musikk\u00e5r ramade in dagen och jag hade Read More\" \/>\n<meta property=\"og:url\" content=\"https:\/\/wp.kristdemokraterna.se\/brannberg\/invigning-i-haverud\/\" \/>\n<meta property=\"og:site_name\" content=\"Conny Br\u00e4nnberg\" \/>\n<meta property=\"article:publisher\" content=\"https:\/\/www.facebook.com\/connybrannberg\" \/>\n<meta property=\"article:published_time\" content=\"2018-06-09T16:58:06+00:00\" \/>\n<meta property=\"article:modified_time\" content=\"2018-06-09T17:02:00+00:00\" \/>\n<meta name=\"author\" content=\"brannberg\" \/>\n<meta name=\"twitter:card\" content=\"summary_large_image\" \/>\n<meta name=\"twitter:creator\" content=\"@brannberg\" \/>\n<meta name=\"twitter:site\" content=\"@brannberg\" \/>\n<meta name=\"twitter:label1\" content=\"Skriven av\" \/>\n\t<meta name=\"twitter:data1\" content=\"brannberg\" \/>\n\t<meta name=\"twitter:label2\" content=\"Ber\u00e4knad l\u00e4stid\" \/>\n\t<meta name=\"twitter:data2\" content=\"1 minut\" \/>\n<script type=\"application\/ld+json\" class=\"yoast-schema-graph\">{\"@context\":\"https:\\\/\\\/schema.org\",\"@graph\":[{\"@type\":\"Article\",\"@id\":\"https:\\\/\\\/wp.kristdemokraterna.se\\\/brannberg\\\/invigning-i-haverud\\\/#article\",\"isPartOf\":{\"@id\":\"https:\\\/\\\/wp.kristdemokraterna.se\\\/brannberg\\\/invigning-i-haverud\\\/\"},\"author\":{\"name\":\"brannberg\",\"@id\":\"https:\\\/\\\/wp.kristdemokraterna.se\\\/brannberg\\\/#\\\/schema\\\/person\\\/16c27da76d91de55cd55bdfac6e90bd2\"},\"headline\":\"Invigning i H\u00e5verud\",\"datePublished\":\"2018-06-09T16:58:06+00:00\",\"dateModified\":\"2018-06-09T17:02:00+00:00\",\"mainEntityOfPage\":{\"@id\":\"https:\\\/\\\/wp.kristdemokraterna.se\\\/brannberg\\\/invigning-i-haverud\\\/\"},\"wordCount\":216,\"articleSection\":[\"Senaste h\u00e4ndelser\"],\"inLanguage\":\"sv-SE\"},{\"@type\":\"WebPage\",\"@id\":\"https:\\\/\\\/wp.kristdemokraterna.se\\\/brannberg\\\/invigning-i-haverud\\\/\",\"url\":\"https:\\\/\\\/wp.kristdemokraterna.se\\\/brannberg\\\/invigning-i-haverud\\\/\",\"name\":\"Invigning i H\u00e5verud - Conny Br\u00e4nnberg\",\"isPartOf\":{\"@id\":\"https:\\\/\\\/wp.kristdemokraterna.se\\\/brannberg\\\/#website\"},\"datePublished\":\"2018-06-09T16:58:06+00:00\",\"dateModified\":\"2018-06-09T17:02:00+00:00\",\"author\":{\"@id\":\"https:\\\/\\\/wp.kristdemokraterna.se\\\/brannberg\\\/#\\\/schema\\\/person\\\/16c27da76d91de55cd55bdfac6e90bd2\"},\"breadcrumb\":{\"@id\":\"https:\\\/\\\/wp.kristdemokraterna.se\\\/brannberg\\\/invigning-i-haverud\\\/#breadcrumb\"},\"inLanguage\":\"sv-SE\",\"potentialAction\":[{\"@type\":\"ReadAction\",\"target\":[\"https:\\\/\\\/wp.kristdemokraterna.se\\\/brannberg\\\/invigning-i-haverud\\\/\"]}]},{\"@type\":\"BreadcrumbList\",\"@id\":\"https:\\\/\\\/wp.kristdemokraterna.se\\\/brannberg\\\/invigning-i-haverud\\\/#breadcrumb\",\"itemListElement\":[{\"@type\":\"ListItem\",\"position\":1,\"name\":\"Hem\",\"item\":\"https:\\\/\\\/wp.kristdemokraterna.se\\\/brannberg\\\/\"},{\"@type\":\"ListItem\",\"position\":2,\"name\":\"Invigning i H\u00e5verud\"}]},{\"@type\":\"WebSite\",\"@id\":\"https:\\\/\\\/wp.kristdemokraterna.se\\\/brannberg\\\/#website\",\"url\":\"https:\\\/\\\/wp.kristdemokraterna.se\\\/brannberg\\\/\",\"name\":\"Conny Br\u00e4nnberg\",\"description\":\"Trygg v\u00e5rd n\u00e4ra dig!\",\"inLanguage\":\"sv-SE\"},{\"@type\":\"Person\",\"@id\":\"https:\\\/\\\/wp.kristdemokraterna.se\\\/brannberg\\\/#\\\/schema\\\/person\\\/16c27da76d91de55cd55bdfac6e90bd2\",\"name\":\"brannberg\",\"image\":{\"@type\":\"ImageObject\",\"inLanguage\":\"sv-SE\",\"@id\":\"https:\\\/\\\/secure.gravatar.com\\\/avatar\\\/3065f237d64bcc60246edd2804abb1788848e0a9f187add49e65be41fbadadec?s=96&d=mm&r=g\",\"url\":\"https:\\\/\\\/secure.gravatar.com\\\/avatar\\\/3065f237d64bcc60246edd2804abb1788848e0a9f187add49e65be41fbadadec?s=96&d=mm&r=g\",\"contentUrl\":\"https:\\\/\\\/secure.gravatar.com\\\/avatar\\\/3065f237d64bcc60246edd2804abb1788848e0a9f187add49e65be41fbadadec?s=96&d=mm&r=g\",\"caption\":\"brannberg\"}}]}<\/script>\n<!-- \/ Yoast SEO plugin. -->","yoast_head_json":{"title":"Invigning i H\u00e5verud - Conny Br\u00e4nnberg","robots":{"index":"index","follow":"follow","max-snippet":"max-snippet:-1","max-image-preview":"max-image-preview:large","max-video-preview":"max-video-preview:-1"},"canonical":"https:\/\/wp.kristdemokraterna.se\/brannberg\/invigning-i-haverud\/","og_locale":"sv_SE","og_type":"article","og_title":"Invigning i H\u00e5verud - Conny Br\u00e4nnberg","og_description":"I dag var det Arbetslivsmuseernas Dag i H\u00e5verud. Dalslands Kanal fyller i \u00e5r 150 \u00e5r och det firas p\u00e5 m\u00e5nga s\u00e4tt. I dag var det n\u00e5got av en folkfest vid Dalslands Center d\u00e5 m\u00e5nga utst\u00e4llare m\u00f6tte upp och ber\u00e4ttade om verksamheter vid arbetslivsmuseer runt om i regionen. Bengtsfors Musikk\u00e5r ramade in dagen och jag hade Read More","og_url":"https:\/\/wp.kristdemokraterna.se\/brannberg\/invigning-i-haverud\/","og_site_name":"Conny Br\u00e4nnberg","article_publisher":"https:\/\/www.facebook.com\/connybrannberg","article_published_time":"2018-06-09T16:58:06+00:00","article_modified_time":"2018-06-09T17:02:00+00:00","author":"brannberg","twitter_card":"summary_large_image","twitter_creator":"@brannberg","twitter_site":"@brannberg","twitter_misc":{"Skriven av":"brannberg","Ber\u00e4knad l\u00e4stid":"1 minut"},"schema":{"@context":"https:\/\/schema.org","@graph":[{"@type":"Article","@id":"https:\/\/wp.kristdemokraterna.se\/brannberg\/invigning-i-haverud\/#article","isPartOf":{"@id":"https:\/\/wp.kristdemokraterna.se\/brannberg\/invigning-i-haverud\/"},"author":{"name":"brannberg","@id":"https:\/\/wp.kristdemokraterna.se\/brannberg\/#\/schema\/person\/16c27da76d91de55cd55bdfac6e90bd2"},"headline":"Invigning i H\u00e5verud","datePublished":"2018-06-09T16:58:06+00:00","dateModified":"2018-06-09T17:02:00+00:00","mainEntityOfPage":{"@id":"https:\/\/wp.kristdemokraterna.se\/brannberg\/invigning-i-haverud\/"},"wordCount":216,"articleSection":["Senaste h\u00e4ndelser"],"inLanguage":"sv-SE"},{"@type":"WebPage","@id":"https:\/\/wp.kristdemokraterna.se\/brannberg\/invigning-i-haverud\/","url":"https:\/\/wp.kristdemokraterna.se\/brannberg\/invigning-i-haverud\/","name":"Invigning i H\u00e5verud - Conny Br\u00e4nnberg","isPartOf":{"@id":"https:\/\/wp.kristdemokraterna.se\/brannberg\/#website"},"datePublished":"2018-06-09T16:58:06+00:00","dateModified":"2018-06-09T17:02:00+00:00","author":{"@id":"https:\/\/wp.kristdemokraterna.se\/brannberg\/#\/schema\/person\/16c27da76d91de55cd55bdfac6e90bd2"},"breadcrumb":{"@id":"https:\/\/wp.kristdemokraterna.se\/brannberg\/invigning-i-haverud\/#breadcrumb"},"inLanguage":"sv-SE","potentialAction":[{"@type":"ReadAction","target":["https:\/\/wp.kristdemokraterna.se\/brannberg\/invigning-i-haverud\/"]}]},{"@type":"BreadcrumbList","@id":"https:\/\/wp.kristdemokraterna.se\/brannberg\/invigning-i-haverud\/#breadcrumb","itemListElement":[{"@type":"ListItem","position":1,"name":"Hem","item":"https:\/\/wp.kristdemokraterna.se\/brannberg\/"},{"@type":"ListItem","position":2,"name":"Invigning i H\u00e5verud"}]},{"@type":"WebSite","@id":"https:\/\/wp.kristdemokraterna.se\/brannberg\/#website","url":"https:\/\/wp.kristdemokraterna.se\/brannberg\/","name":"Conny Br\u00e4nnberg","description":"Trygg v\u00e5rd n\u00e4ra dig!","inLanguage":"sv-SE"},{"@type":"Person","@id":"https:\/\/wp.kristdemokraterna.se\/brannberg\/#\/schema\/person\/16c27da76d91de55cd55bdfac6e90bd2","name":"brannberg","image":{"@type":"ImageObject","inLanguage":"sv-SE","@id":"https:\/\/secure.gravatar.com\/avatar\/3065f237d64bcc60246edd2804abb1788848e0a9f187add49e65be41fbadadec?s=96&d=mm&r=g","url":"https:\/\/secure.gravatar.com\/avatar\/3065f237d64bcc60246edd2804abb1788848e0a9f187add49e65be41fbadadec?s=96&d=mm&r=g","contentUrl":"https:\/\/secure.gravatar.com\/avatar\/3065f237d64bcc60246edd2804abb1788848e0a9f187add49e65be41fbadadec?s=96&d=mm&r=g","caption":"brannberg"}}]}},"_links":{"self":[{"href":"https:\/\/wp.kristdemokraterna.se\/brannberg\/wp-json\/wp\/v2\/posts\/783","targetHints":{"allow":["GET"]}}],"collection":[{"href":"https:\/\/wp.kristdemokraterna.se\/brannberg\/wp-json\/wp\/v2\/posts"}],"about":[{"href":"https:\/\/wp.kristdemokraterna.se\/brannberg\/wp-json\/wp\/v2\/types\/post"}],"author":[{"embeddable":true,"href":"https:\/\/wp.kristdemokraterna.se\/brannberg\/wp-json\/wp\/v2\/users\/744"}],"replies":[{"embeddable":true,"href":"https:\/\/wp.kristdemokraterna.se\/brannberg\/wp-json\/wp\/v2\/comments?post=783"}],"version-history":[{"count":2,"href":"https:\/\/wp.kristdemokraterna.se\/brannberg\/wp-json\/wp\/v2\/posts\/783\/revisions"}],"predecessor-version":[{"id":786,"href":"https:\/\/wp.kristdemokraterna.se\/brannberg\/wp-json\/wp\/v2\/posts\/783\/revisions\/786"}],"wp:attachment":[{"href":"https:\/\/wp.kristdemokraterna.se\/brannberg\/wp-json\/wp\/v2\/media?parent=783"}],"wp:term":[{"taxonomy":"category","embeddable":true,"href":"https:\/\/wp.kristdemokraterna.se\/brannberg\/wp-json\/wp\/v2\/categories?post=783"},{"taxonomy":"post_tag","embeddable":true,"href":"https:\/\/wp.kristdemokraterna.se\/brannberg\/wp-json\/wp\/v2\/tags?post=783"}],"curies":[{"name":"wp","href":"https:\/\/api.w.org\/{rel}","templated":true}]}}