{"id":875,"date":"2018-07-22T22:12:10","date_gmt":"2018-07-22T20:12:10","guid":{"rendered":"http:\/\/wp.kristdemokraterna.se\/brannberg\/?p=875"},"modified":"2018-07-22T22:12:10","modified_gmt":"2018-07-22T20:12:10","slug":"allemansratten-en-fantastisk-tillgang","status":"publish","type":"post","link":"https:\/\/wp.kristdemokraterna.se\/brannberg\/allemansratten-en-fantastisk-tillgang\/","title":{"rendered":"Allemansr\u00e4tten &#8211; en fantastisk tillg\u00e5ng"},"content":{"rendered":"<p>Att kunna vandra\u00a0i skog och mark, att kunna t\u00e4lta i naturen, eller plocka b\u00e4r och svamp. Detta \u00e4r delar av allemansr\u00e4tten som \u00e4r en fantastisk tillg\u00e5ng. Jag har bott i ett annat land d\u00e4r man ofta s\u00e5g skyltar d\u00e4r det stod &#8221;privat&#8221; eller &#8221;tilltr\u00e4de f\u00f6rbjudet&#8221;. Att g\u00e5 i skogen var inte m\u00f6jligt d\u00e5 det betraktades som privat omr\u00e5de. D\u00e4remot fanns det nationalparker eller allm\u00e4nna skogar d\u00e4r det fanns m\u00f6jlighet att vistas, men inte alls som den svenska r\u00e4tten inneb\u00e4r. Ur privatpersonsperspektivet tycker jag att detta \u00e4r en r\u00e4ttighet som ska v\u00e4rnas, men samtidigt anser jag att den som plockar b\u00e4r eller svamp f\u00f6r kommersiella sk\u00e4l b\u00f6r betala en provision till mark\u00e4garen. Att jaga kan man till exempel inte g\u00f6ra inom allemansr\u00e4tten och det b\u00f6r vara likadant f\u00f6r den som anv\u00e4nder n\u00e5gons natur f\u00f6r kommersiella sk\u00e4l. Svensk natur \u00e4r en stor m\u00f6jlighet f\u00f6r turism och det b\u00f6r vara m\u00f6jligt f\u00f6r alla parter att f\u00e5 tj\u00e4na p\u00e5 naturen och d\u00e5 b\u00f6r det ocks\u00e5 inkludera mark\u00e4garna. Idag var jag ute med mitt sex\u00e5riga barnbarn och plockade bl\u00e5b\u00e4r. En h\u00e4rlig k\u00e4nsla att vara ute i skogen tillsammans och det blev d\u00e5 ocks\u00e5 en fundering kring detta med allemansr\u00e4tten.<\/p>\n","protected":false},"excerpt":{"rendered":"<p>Att kunna vandra\u00a0i skog och mark, att kunna t\u00e4lta i naturen, eller plocka b\u00e4r och svamp. Detta \u00e4r delar av allemansr\u00e4tten som \u00e4r en fantastisk tillg\u00e5ng. Jag har bott i ett annat land d\u00e4r man ofta s\u00e5g skyltar d\u00e4r det stod &#8221;privat&#8221; eller &#8221;tilltr\u00e4de f\u00f6rbjudet&#8221;. Att g\u00e5 i skogen var inte m\u00f6jligt d\u00e5 det betraktades <a class=\"read-more-link\" href=\"https:\/\/wp.kristdemokraterna.se\/brannberg\/allemansratten-en-fantastisk-tillgang\/\">Read More<\/a><\/p>\n","protected":false},"author":744,"featured_media":0,"comment_status":"closed","ping_status":"closed","sticky":false,"template":"","format":"standard","meta":{"_acf_changed":false,"footnotes":""},"categories":[7],"tags":[],"class_list":["post-875","post","type-post","status-publish","format-standard","hentry","category-senaste-handelser"],"acf":[],"yoast_head":"<!-- This site is optimized with the Yoast SEO plugin v27.5 - https:\/\/yoast.com\/product\/yoast-seo-wordpress\/ -->\n<title>Allemansr\u00e4tten - en fantastisk tillg\u00e5ng - Conny Br\u00e4nnberg<\/title>\n<meta name=\"robots\" content=\"index, follow, max-snippet:-1, max-image-preview:large, max-video-preview:-1\" \/>\n<link rel=\"canonical\" href=\"https:\/\/wp.kristdemokraterna.se\/brannberg\/allemansratten-en-fantastisk-tillgang\/\" \/>\n<meta property=\"og:locale\" content=\"sv_SE\" \/>\n<meta property=\"og:type\" content=\"article\" \/>\n<meta property=\"og:title\" content=\"Allemansr\u00e4tten - en fantastisk tillg\u00e5ng - Conny Br\u00e4nnberg\" \/>\n<meta property=\"og:description\" content=\"Att kunna vandra\u00a0i skog och mark, att kunna t\u00e4lta i naturen, eller plocka b\u00e4r och svamp. Detta \u00e4r delar av allemansr\u00e4tten som \u00e4r en fantastisk tillg\u00e5ng. Jag har bott i ett annat land d\u00e4r man ofta s\u00e5g skyltar d\u00e4r det stod &#8221;privat&#8221; eller &#8221;tilltr\u00e4de f\u00f6rbjudet&#8221;. Att g\u00e5 i skogen var inte m\u00f6jligt d\u00e5 det betraktades Read More\" \/>\n<meta property=\"og:url\" content=\"https:\/\/wp.kristdemokraterna.se\/brannberg\/allemansratten-en-fantastisk-tillgang\/\" \/>\n<meta property=\"og:site_name\" content=\"Conny Br\u00e4nnberg\" \/>\n<meta property=\"article:publisher\" content=\"https:\/\/www.facebook.com\/connybrannberg\" \/>\n<meta property=\"article:published_time\" content=\"2018-07-22T20:12:10+00:00\" \/>\n<meta name=\"author\" content=\"brannberg\" \/>\n<meta name=\"twitter:card\" content=\"summary_large_image\" \/>\n<meta name=\"twitter:creator\" content=\"@brannberg\" \/>\n<meta name=\"twitter:site\" content=\"@brannberg\" \/>\n<meta name=\"twitter:label1\" content=\"Skriven av\" \/>\n\t<meta name=\"twitter:data1\" content=\"brannberg\" \/>\n\t<meta name=\"twitter:label2\" content=\"Ber\u00e4knad l\u00e4stid\" \/>\n\t<meta name=\"twitter:data2\" content=\"1 minut\" \/>\n<script type=\"application\/ld+json\" class=\"yoast-schema-graph\">{\"@context\":\"https:\\\/\\\/schema.org\",\"@graph\":[{\"@type\":\"Article\",\"@id\":\"https:\\\/\\\/wp.kristdemokraterna.se\\\/brannberg\\\/allemansratten-en-fantastisk-tillgang\\\/#article\",\"isPartOf\":{\"@id\":\"https:\\\/\\\/wp.kristdemokraterna.se\\\/brannberg\\\/allemansratten-en-fantastisk-tillgang\\\/\"},\"author\":{\"name\":\"brannberg\",\"@id\":\"https:\\\/\\\/wp.kristdemokraterna.se\\\/brannberg\\\/#\\\/schema\\\/person\\\/16c27da76d91de55cd55bdfac6e90bd2\"},\"headline\":\"Allemansr\u00e4tten &#8211; en fantastisk tillg\u00e5ng\",\"datePublished\":\"2018-07-22T20:12:10+00:00\",\"mainEntityOfPage\":{\"@id\":\"https:\\\/\\\/wp.kristdemokraterna.se\\\/brannberg\\\/allemansratten-en-fantastisk-tillgang\\\/\"},\"wordCount\":248,\"articleSection\":[\"Senaste h\u00e4ndelser\"],\"inLanguage\":\"sv-SE\"},{\"@type\":\"WebPage\",\"@id\":\"https:\\\/\\\/wp.kristdemokraterna.se\\\/brannberg\\\/allemansratten-en-fantastisk-tillgang\\\/\",\"url\":\"https:\\\/\\\/wp.kristdemokraterna.se\\\/brannberg\\\/allemansratten-en-fantastisk-tillgang\\\/\",\"name\":\"Allemansr\u00e4tten - en fantastisk tillg\u00e5ng - Conny Br\u00e4nnberg\",\"isPartOf\":{\"@id\":\"https:\\\/\\\/wp.kristdemokraterna.se\\\/brannberg\\\/#website\"},\"datePublished\":\"2018-07-22T20:12:10+00:00\",\"author\":{\"@id\":\"https:\\\/\\\/wp.kristdemokraterna.se\\\/brannberg\\\/#\\\/schema\\\/person\\\/16c27da76d91de55cd55bdfac6e90bd2\"},\"breadcrumb\":{\"@id\":\"https:\\\/\\\/wp.kristdemokraterna.se\\\/brannberg\\\/allemansratten-en-fantastisk-tillgang\\\/#breadcrumb\"},\"inLanguage\":\"sv-SE\",\"potentialAction\":[{\"@type\":\"ReadAction\",\"target\":[\"https:\\\/\\\/wp.kristdemokraterna.se\\\/brannberg\\\/allemansratten-en-fantastisk-tillgang\\\/\"]}]},{\"@type\":\"BreadcrumbList\",\"@id\":\"https:\\\/\\\/wp.kristdemokraterna.se\\\/brannberg\\\/allemansratten-en-fantastisk-tillgang\\\/#breadcrumb\",\"itemListElement\":[{\"@type\":\"ListItem\",\"position\":1,\"name\":\"Hem\",\"item\":\"https:\\\/\\\/wp.kristdemokraterna.se\\\/brannberg\\\/\"},{\"@type\":\"ListItem\",\"position\":2,\"name\":\"Allemansr\u00e4tten &#8211; en fantastisk tillg\u00e5ng\"}]},{\"@type\":\"WebSite\",\"@id\":\"https:\\\/\\\/wp.kristdemokraterna.se\\\/brannberg\\\/#website\",\"url\":\"https:\\\/\\\/wp.kristdemokraterna.se\\\/brannberg\\\/\",\"name\":\"Conny Br\u00e4nnberg\",\"description\":\"Trygg v\u00e5rd n\u00e4ra dig!\",\"inLanguage\":\"sv-SE\"},{\"@type\":\"Person\",\"@id\":\"https:\\\/\\\/wp.kristdemokraterna.se\\\/brannberg\\\/#\\\/schema\\\/person\\\/16c27da76d91de55cd55bdfac6e90bd2\",\"name\":\"brannberg\",\"image\":{\"@type\":\"ImageObject\",\"inLanguage\":\"sv-SE\",\"@id\":\"https:\\\/\\\/secure.gravatar.com\\\/avatar\\\/3065f237d64bcc60246edd2804abb1788848e0a9f187add49e65be41fbadadec?s=96&d=mm&r=g\",\"url\":\"https:\\\/\\\/secure.gravatar.com\\\/avatar\\\/3065f237d64bcc60246edd2804abb1788848e0a9f187add49e65be41fbadadec?s=96&d=mm&r=g\",\"contentUrl\":\"https:\\\/\\\/secure.gravatar.com\\\/avatar\\\/3065f237d64bcc60246edd2804abb1788848e0a9f187add49e65be41fbadadec?s=96&d=mm&r=g\",\"caption\":\"brannberg\"}}]}<\/script>\n<!-- \/ Yoast SEO plugin. -->","yoast_head_json":{"title":"Allemansr\u00e4tten - en fantastisk tillg\u00e5ng - Conny Br\u00e4nnberg","robots":{"index":"index","follow":"follow","max-snippet":"max-snippet:-1","max-image-preview":"max-image-preview:large","max-video-preview":"max-video-preview:-1"},"canonical":"https:\/\/wp.kristdemokraterna.se\/brannberg\/allemansratten-en-fantastisk-tillgang\/","og_locale":"sv_SE","og_type":"article","og_title":"Allemansr\u00e4tten - en fantastisk tillg\u00e5ng - Conny Br\u00e4nnberg","og_description":"Att kunna vandra\u00a0i skog och mark, att kunna t\u00e4lta i naturen, eller plocka b\u00e4r och svamp. Detta \u00e4r delar av allemansr\u00e4tten som \u00e4r en fantastisk tillg\u00e5ng. Jag har bott i ett annat land d\u00e4r man ofta s\u00e5g skyltar d\u00e4r det stod &#8221;privat&#8221; eller &#8221;tilltr\u00e4de f\u00f6rbjudet&#8221;. Att g\u00e5 i skogen var inte m\u00f6jligt d\u00e5 det betraktades Read More","og_url":"https:\/\/wp.kristdemokraterna.se\/brannberg\/allemansratten-en-fantastisk-tillgang\/","og_site_name":"Conny Br\u00e4nnberg","article_publisher":"https:\/\/www.facebook.com\/connybrannberg","article_published_time":"2018-07-22T20:12:10+00:00","author":"brannberg","twitter_card":"summary_large_image","twitter_creator":"@brannberg","twitter_site":"@brannberg","twitter_misc":{"Skriven av":"brannberg","Ber\u00e4knad l\u00e4stid":"1 minut"},"schema":{"@context":"https:\/\/schema.org","@graph":[{"@type":"Article","@id":"https:\/\/wp.kristdemokraterna.se\/brannberg\/allemansratten-en-fantastisk-tillgang\/#article","isPartOf":{"@id":"https:\/\/wp.kristdemokraterna.se\/brannberg\/allemansratten-en-fantastisk-tillgang\/"},"author":{"name":"brannberg","@id":"https:\/\/wp.kristdemokraterna.se\/brannberg\/#\/schema\/person\/16c27da76d91de55cd55bdfac6e90bd2"},"headline":"Allemansr\u00e4tten &#8211; en fantastisk tillg\u00e5ng","datePublished":"2018-07-22T20:12:10+00:00","mainEntityOfPage":{"@id":"https:\/\/wp.kristdemokraterna.se\/brannberg\/allemansratten-en-fantastisk-tillgang\/"},"wordCount":248,"articleSection":["Senaste h\u00e4ndelser"],"inLanguage":"sv-SE"},{"@type":"WebPage","@id":"https:\/\/wp.kristdemokraterna.se\/brannberg\/allemansratten-en-fantastisk-tillgang\/","url":"https:\/\/wp.kristdemokraterna.se\/brannberg\/allemansratten-en-fantastisk-tillgang\/","name":"Allemansr\u00e4tten - en fantastisk tillg\u00e5ng - Conny Br\u00e4nnberg","isPartOf":{"@id":"https:\/\/wp.kristdemokraterna.se\/brannberg\/#website"},"datePublished":"2018-07-22T20:12:10+00:00","author":{"@id":"https:\/\/wp.kristdemokraterna.se\/brannberg\/#\/schema\/person\/16c27da76d91de55cd55bdfac6e90bd2"},"breadcrumb":{"@id":"https:\/\/wp.kristdemokraterna.se\/brannberg\/allemansratten-en-fantastisk-tillgang\/#breadcrumb"},"inLanguage":"sv-SE","potentialAction":[{"@type":"ReadAction","target":["https:\/\/wp.kristdemokraterna.se\/brannberg\/allemansratten-en-fantastisk-tillgang\/"]}]},{"@type":"BreadcrumbList","@id":"https:\/\/wp.kristdemokraterna.se\/brannberg\/allemansratten-en-fantastisk-tillgang\/#breadcrumb","itemListElement":[{"@type":"ListItem","position":1,"name":"Hem","item":"https:\/\/wp.kristdemokraterna.se\/brannberg\/"},{"@type":"ListItem","position":2,"name":"Allemansr\u00e4tten &#8211; en fantastisk tillg\u00e5ng"}]},{"@type":"WebSite","@id":"https:\/\/wp.kristdemokraterna.se\/brannberg\/#website","url":"https:\/\/wp.kristdemokraterna.se\/brannberg\/","name":"Conny Br\u00e4nnberg","description":"Trygg v\u00e5rd n\u00e4ra dig!","inLanguage":"sv-SE"},{"@type":"Person","@id":"https:\/\/wp.kristdemokraterna.se\/brannberg\/#\/schema\/person\/16c27da76d91de55cd55bdfac6e90bd2","name":"brannberg","image":{"@type":"ImageObject","inLanguage":"sv-SE","@id":"https:\/\/secure.gravatar.com\/avatar\/3065f237d64bcc60246edd2804abb1788848e0a9f187add49e65be41fbadadec?s=96&d=mm&r=g","url":"https:\/\/secure.gravatar.com\/avatar\/3065f237d64bcc60246edd2804abb1788848e0a9f187add49e65be41fbadadec?s=96&d=mm&r=g","contentUrl":"https:\/\/secure.gravatar.com\/avatar\/3065f237d64bcc60246edd2804abb1788848e0a9f187add49e65be41fbadadec?s=96&d=mm&r=g","caption":"brannberg"}}]}},"_links":{"self":[{"href":"https:\/\/wp.kristdemokraterna.se\/brannberg\/wp-json\/wp\/v2\/posts\/875","targetHints":{"allow":["GET"]}}],"collection":[{"href":"https:\/\/wp.kristdemokraterna.se\/brannberg\/wp-json\/wp\/v2\/posts"}],"about":[{"href":"https:\/\/wp.kristdemokraterna.se\/brannberg\/wp-json\/wp\/v2\/types\/post"}],"author":[{"embeddable":true,"href":"https:\/\/wp.kristdemokraterna.se\/brannberg\/wp-json\/wp\/v2\/users\/744"}],"replies":[{"embeddable":true,"href":"https:\/\/wp.kristdemokraterna.se\/brannberg\/wp-json\/wp\/v2\/comments?post=875"}],"version-history":[{"count":1,"href":"https:\/\/wp.kristdemokraterna.se\/brannberg\/wp-json\/wp\/v2\/posts\/875\/revisions"}],"predecessor-version":[{"id":877,"href":"https:\/\/wp.kristdemokraterna.se\/brannberg\/wp-json\/wp\/v2\/posts\/875\/revisions\/877"}],"wp:attachment":[{"href":"https:\/\/wp.kristdemokraterna.se\/brannberg\/wp-json\/wp\/v2\/media?parent=875"}],"wp:term":[{"taxonomy":"category","embeddable":true,"href":"https:\/\/wp.kristdemokraterna.se\/brannberg\/wp-json\/wp\/v2\/categories?post=875"},{"taxonomy":"post_tag","embeddable":true,"href":"https:\/\/wp.kristdemokraterna.se\/brannberg\/wp-json\/wp\/v2\/tags?post=875"}],"curies":[{"name":"wp","href":"https:\/\/api.w.org\/{rel}","templated":true}]}}