{"id":907,"date":"2018-08-14T06:43:39","date_gmt":"2018-08-14T04:43:39","guid":{"rendered":"http:\/\/wp.kristdemokraterna.se\/brannberg\/?p=907"},"modified":"2018-08-14T06:43:39","modified_gmt":"2018-08-14T04:43:39","slug":"pensionarer-bjod-in-till-samtal","status":"publish","type":"post","link":"https:\/\/wp.kristdemokraterna.se\/brannberg\/pensionarer-bjod-in-till-samtal\/","title":{"rendered":"Pension\u00e4rer bj\u00f6d in till samtal"},"content":{"rendered":"<p>Valr\u00f6relsen \u00e4r i full g\u00e5ng. Det inneb\u00e4r att man m\u00f6ter v\u00e4ldigt m\u00e5nga m\u00e4nniskor. I g\u00e5r var en &#8221;sp\u00e4ckad&#8221; dag med tv\u00e5 debatter. Den f\u00f6rsta handlade om \u00e4ldrefr\u00e5gor. Det var pensions\u00e4rsorganisationen SPF som bj\u00f6d in. Fr\u00e5n Gr\u00f6nBl\u00e5 Samverkan samspelade vi och kompletterade varandra p\u00e5 ett gener\u00f6st s\u00e4tt. Vi \u00e4r ju \u00f6verens om sjukv\u00e5rden i de flesta omr\u00e5den, men varje parti har sina hj\u00e4rtefr\u00e5gor. Jag fick gott om m\u00f6jlighet att utveckla hur kristdemokraterna ser p\u00e5 \u00e4ldre och deras behov av s\u00e5v\u00e4l sjukv\u00e5rd som omsorg. Ibland kan s\u00e5dana h\u00e4r debatter &#8221;hamna lite fel&#8221;, men om det finns en bra debattledare s\u00e5 brukar det bli bra. Denna debatt blev bra. M\u00e5nga fick st\u00e4lla fr\u00e5gor och jag tror att flera av deltagarna gick d\u00e4rifr\u00e5n och var lite mer \u00f6vertygade om hur de skulle r\u00f6sta. Personligen fick jag flera mycket positiva kommentarer efter\u00e5t och s\u00e5dant v\u00e4rmer. Det \u00e4r ibland tufft att svara p\u00e5 sv\u00e5ra fr\u00e5gor, men v\u00e4ljarna har alltid r\u00e4tt till svar. Ibland blir det s\u00e5 att man m\u00e5ste s\u00e4ga att man inte vet svaret, men att f\u00e5 \u00e5terkomma n\u00e4r man pratat med andra i partiet. D\u00e4rf\u00f6r \u00e4r det sk\u00f6nt att veta att mellan M, C, L, KD och MP s\u00e5 finns det st\u00f6d i V\u00e4stra G\u00f6talandsregionen och vi st\u00f6ttar varandra. Samtidigt \u00e4r vi n\u00e5got av &#8221;konkurrenter&#8221; och g\u00e5r in i valr\u00f6relsen f\u00f6r att \u00f6ka v\u00e4ljarst\u00f6det. Men det sker i en god ton.<\/p>\n","protected":false},"excerpt":{"rendered":"<p>Valr\u00f6relsen \u00e4r i full g\u00e5ng. Det inneb\u00e4r att man m\u00f6ter v\u00e4ldigt m\u00e5nga m\u00e4nniskor. I g\u00e5r var en &#8221;sp\u00e4ckad&#8221; dag med tv\u00e5 debatter. Den f\u00f6rsta handlade om \u00e4ldrefr\u00e5gor. Det var pensions\u00e4rsorganisationen SPF som bj\u00f6d in. Fr\u00e5n Gr\u00f6nBl\u00e5 Samverkan samspelade vi och kompletterade varandra p\u00e5 ett gener\u00f6st s\u00e4tt. Vi \u00e4r ju \u00f6verens om sjukv\u00e5rden i de flesta <a class=\"read-more-link\" href=\"https:\/\/wp.kristdemokraterna.se\/brannberg\/pensionarer-bjod-in-till-samtal\/\">Read More<\/a><\/p>\n","protected":false},"author":744,"featured_media":0,"comment_status":"closed","ping_status":"closed","sticky":false,"template":"","format":"standard","meta":{"_acf_changed":false,"footnotes":""},"categories":[7],"tags":[],"class_list":["post-907","post","type-post","status-publish","format-standard","hentry","category-senaste-handelser"],"acf":[],"yoast_head":"<!-- This site is optimized with the Yoast SEO plugin v27.5 - https:\/\/yoast.com\/product\/yoast-seo-wordpress\/ -->\n<title>Pension\u00e4rer bj\u00f6d in till samtal - Conny Br\u00e4nnberg<\/title>\n<meta name=\"robots\" content=\"index, follow, max-snippet:-1, max-image-preview:large, max-video-preview:-1\" \/>\n<link rel=\"canonical\" href=\"https:\/\/wp.kristdemokraterna.se\/brannberg\/pensionarer-bjod-in-till-samtal\/\" \/>\n<meta property=\"og:locale\" content=\"sv_SE\" \/>\n<meta property=\"og:type\" content=\"article\" \/>\n<meta property=\"og:title\" content=\"Pension\u00e4rer bj\u00f6d in till samtal - Conny Br\u00e4nnberg\" \/>\n<meta property=\"og:description\" content=\"Valr\u00f6relsen \u00e4r i full g\u00e5ng. Det inneb\u00e4r att man m\u00f6ter v\u00e4ldigt m\u00e5nga m\u00e4nniskor. I g\u00e5r var en &#8221;sp\u00e4ckad&#8221; dag med tv\u00e5 debatter. Den f\u00f6rsta handlade om \u00e4ldrefr\u00e5gor. Det var pensions\u00e4rsorganisationen SPF som bj\u00f6d in. Fr\u00e5n Gr\u00f6nBl\u00e5 Samverkan samspelade vi och kompletterade varandra p\u00e5 ett gener\u00f6st s\u00e4tt. Vi \u00e4r ju \u00f6verens om sjukv\u00e5rden i de flesta Read More\" \/>\n<meta property=\"og:url\" content=\"https:\/\/wp.kristdemokraterna.se\/brannberg\/pensionarer-bjod-in-till-samtal\/\" \/>\n<meta property=\"og:site_name\" content=\"Conny Br\u00e4nnberg\" \/>\n<meta property=\"article:publisher\" content=\"https:\/\/www.facebook.com\/connybrannberg\" \/>\n<meta property=\"article:published_time\" content=\"2018-08-14T04:43:39+00:00\" \/>\n<meta name=\"author\" content=\"brannberg\" \/>\n<meta name=\"twitter:card\" content=\"summary_large_image\" \/>\n<meta name=\"twitter:creator\" content=\"@brannberg\" \/>\n<meta name=\"twitter:site\" content=\"@brannberg\" \/>\n<meta name=\"twitter:label1\" content=\"Skriven av\" \/>\n\t<meta name=\"twitter:data1\" content=\"brannberg\" \/>\n\t<meta name=\"twitter:label2\" content=\"Ber\u00e4knad l\u00e4stid\" \/>\n\t<meta name=\"twitter:data2\" content=\"1 minut\" \/>\n<script type=\"application\/ld+json\" class=\"yoast-schema-graph\">{\"@context\":\"https:\\\/\\\/schema.org\",\"@graph\":[{\"@type\":\"Article\",\"@id\":\"https:\\\/\\\/wp.kristdemokraterna.se\\\/brannberg\\\/pensionarer-bjod-in-till-samtal\\\/#article\",\"isPartOf\":{\"@id\":\"https:\\\/\\\/wp.kristdemokraterna.se\\\/brannberg\\\/pensionarer-bjod-in-till-samtal\\\/\"},\"author\":{\"name\":\"brannberg\",\"@id\":\"https:\\\/\\\/wp.kristdemokraterna.se\\\/brannberg\\\/#\\\/schema\\\/person\\\/16c27da76d91de55cd55bdfac6e90bd2\"},\"headline\":\"Pension\u00e4rer bj\u00f6d in till samtal\",\"datePublished\":\"2018-08-14T04:43:39+00:00\",\"mainEntityOfPage\":{\"@id\":\"https:\\\/\\\/wp.kristdemokraterna.se\\\/brannberg\\\/pensionarer-bjod-in-till-samtal\\\/\"},\"wordCount\":290,\"articleSection\":[\"Senaste h\u00e4ndelser\"],\"inLanguage\":\"sv-SE\"},{\"@type\":\"WebPage\",\"@id\":\"https:\\\/\\\/wp.kristdemokraterna.se\\\/brannberg\\\/pensionarer-bjod-in-till-samtal\\\/\",\"url\":\"https:\\\/\\\/wp.kristdemokraterna.se\\\/brannberg\\\/pensionarer-bjod-in-till-samtal\\\/\",\"name\":\"Pension\u00e4rer bj\u00f6d in till samtal - Conny Br\u00e4nnberg\",\"isPartOf\":{\"@id\":\"https:\\\/\\\/wp.kristdemokraterna.se\\\/brannberg\\\/#website\"},\"datePublished\":\"2018-08-14T04:43:39+00:00\",\"author\":{\"@id\":\"https:\\\/\\\/wp.kristdemokraterna.se\\\/brannberg\\\/#\\\/schema\\\/person\\\/16c27da76d91de55cd55bdfac6e90bd2\"},\"breadcrumb\":{\"@id\":\"https:\\\/\\\/wp.kristdemokraterna.se\\\/brannberg\\\/pensionarer-bjod-in-till-samtal\\\/#breadcrumb\"},\"inLanguage\":\"sv-SE\",\"potentialAction\":[{\"@type\":\"ReadAction\",\"target\":[\"https:\\\/\\\/wp.kristdemokraterna.se\\\/brannberg\\\/pensionarer-bjod-in-till-samtal\\\/\"]}]},{\"@type\":\"BreadcrumbList\",\"@id\":\"https:\\\/\\\/wp.kristdemokraterna.se\\\/brannberg\\\/pensionarer-bjod-in-till-samtal\\\/#breadcrumb\",\"itemListElement\":[{\"@type\":\"ListItem\",\"position\":1,\"name\":\"Hem\",\"item\":\"https:\\\/\\\/wp.kristdemokraterna.se\\\/brannberg\\\/\"},{\"@type\":\"ListItem\",\"position\":2,\"name\":\"Pension\u00e4rer bj\u00f6d in till samtal\"}]},{\"@type\":\"WebSite\",\"@id\":\"https:\\\/\\\/wp.kristdemokraterna.se\\\/brannberg\\\/#website\",\"url\":\"https:\\\/\\\/wp.kristdemokraterna.se\\\/brannberg\\\/\",\"name\":\"Conny Br\u00e4nnberg\",\"description\":\"Trygg v\u00e5rd n\u00e4ra dig!\",\"inLanguage\":\"sv-SE\"},{\"@type\":\"Person\",\"@id\":\"https:\\\/\\\/wp.kristdemokraterna.se\\\/brannberg\\\/#\\\/schema\\\/person\\\/16c27da76d91de55cd55bdfac6e90bd2\",\"name\":\"brannberg\",\"image\":{\"@type\":\"ImageObject\",\"inLanguage\":\"sv-SE\",\"@id\":\"https:\\\/\\\/secure.gravatar.com\\\/avatar\\\/3065f237d64bcc60246edd2804abb1788848e0a9f187add49e65be41fbadadec?s=96&d=mm&r=g\",\"url\":\"https:\\\/\\\/secure.gravatar.com\\\/avatar\\\/3065f237d64bcc60246edd2804abb1788848e0a9f187add49e65be41fbadadec?s=96&d=mm&r=g\",\"contentUrl\":\"https:\\\/\\\/secure.gravatar.com\\\/avatar\\\/3065f237d64bcc60246edd2804abb1788848e0a9f187add49e65be41fbadadec?s=96&d=mm&r=g\",\"caption\":\"brannberg\"}}]}<\/script>\n<!-- \/ Yoast SEO plugin. -->","yoast_head_json":{"title":"Pension\u00e4rer bj\u00f6d in till samtal - Conny Br\u00e4nnberg","robots":{"index":"index","follow":"follow","max-snippet":"max-snippet:-1","max-image-preview":"max-image-preview:large","max-video-preview":"max-video-preview:-1"},"canonical":"https:\/\/wp.kristdemokraterna.se\/brannberg\/pensionarer-bjod-in-till-samtal\/","og_locale":"sv_SE","og_type":"article","og_title":"Pension\u00e4rer bj\u00f6d in till samtal - Conny Br\u00e4nnberg","og_description":"Valr\u00f6relsen \u00e4r i full g\u00e5ng. Det inneb\u00e4r att man m\u00f6ter v\u00e4ldigt m\u00e5nga m\u00e4nniskor. I g\u00e5r var en &#8221;sp\u00e4ckad&#8221; dag med tv\u00e5 debatter. Den f\u00f6rsta handlade om \u00e4ldrefr\u00e5gor. Det var pensions\u00e4rsorganisationen SPF som bj\u00f6d in. Fr\u00e5n Gr\u00f6nBl\u00e5 Samverkan samspelade vi och kompletterade varandra p\u00e5 ett gener\u00f6st s\u00e4tt. Vi \u00e4r ju \u00f6verens om sjukv\u00e5rden i de flesta Read More","og_url":"https:\/\/wp.kristdemokraterna.se\/brannberg\/pensionarer-bjod-in-till-samtal\/","og_site_name":"Conny Br\u00e4nnberg","article_publisher":"https:\/\/www.facebook.com\/connybrannberg","article_published_time":"2018-08-14T04:43:39+00:00","author":"brannberg","twitter_card":"summary_large_image","twitter_creator":"@brannberg","twitter_site":"@brannberg","twitter_misc":{"Skriven av":"brannberg","Ber\u00e4knad l\u00e4stid":"1 minut"},"schema":{"@context":"https:\/\/schema.org","@graph":[{"@type":"Article","@id":"https:\/\/wp.kristdemokraterna.se\/brannberg\/pensionarer-bjod-in-till-samtal\/#article","isPartOf":{"@id":"https:\/\/wp.kristdemokraterna.se\/brannberg\/pensionarer-bjod-in-till-samtal\/"},"author":{"name":"brannberg","@id":"https:\/\/wp.kristdemokraterna.se\/brannberg\/#\/schema\/person\/16c27da76d91de55cd55bdfac6e90bd2"},"headline":"Pension\u00e4rer bj\u00f6d in till samtal","datePublished":"2018-08-14T04:43:39+00:00","mainEntityOfPage":{"@id":"https:\/\/wp.kristdemokraterna.se\/brannberg\/pensionarer-bjod-in-till-samtal\/"},"wordCount":290,"articleSection":["Senaste h\u00e4ndelser"],"inLanguage":"sv-SE"},{"@type":"WebPage","@id":"https:\/\/wp.kristdemokraterna.se\/brannberg\/pensionarer-bjod-in-till-samtal\/","url":"https:\/\/wp.kristdemokraterna.se\/brannberg\/pensionarer-bjod-in-till-samtal\/","name":"Pension\u00e4rer bj\u00f6d in till samtal - Conny Br\u00e4nnberg","isPartOf":{"@id":"https:\/\/wp.kristdemokraterna.se\/brannberg\/#website"},"datePublished":"2018-08-14T04:43:39+00:00","author":{"@id":"https:\/\/wp.kristdemokraterna.se\/brannberg\/#\/schema\/person\/16c27da76d91de55cd55bdfac6e90bd2"},"breadcrumb":{"@id":"https:\/\/wp.kristdemokraterna.se\/brannberg\/pensionarer-bjod-in-till-samtal\/#breadcrumb"},"inLanguage":"sv-SE","potentialAction":[{"@type":"ReadAction","target":["https:\/\/wp.kristdemokraterna.se\/brannberg\/pensionarer-bjod-in-till-samtal\/"]}]},{"@type":"BreadcrumbList","@id":"https:\/\/wp.kristdemokraterna.se\/brannberg\/pensionarer-bjod-in-till-samtal\/#breadcrumb","itemListElement":[{"@type":"ListItem","position":1,"name":"Hem","item":"https:\/\/wp.kristdemokraterna.se\/brannberg\/"},{"@type":"ListItem","position":2,"name":"Pension\u00e4rer bj\u00f6d in till samtal"}]},{"@type":"WebSite","@id":"https:\/\/wp.kristdemokraterna.se\/brannberg\/#website","url":"https:\/\/wp.kristdemokraterna.se\/brannberg\/","name":"Conny Br\u00e4nnberg","description":"Trygg v\u00e5rd n\u00e4ra dig!","inLanguage":"sv-SE"},{"@type":"Person","@id":"https:\/\/wp.kristdemokraterna.se\/brannberg\/#\/schema\/person\/16c27da76d91de55cd55bdfac6e90bd2","name":"brannberg","image":{"@type":"ImageObject","inLanguage":"sv-SE","@id":"https:\/\/secure.gravatar.com\/avatar\/3065f237d64bcc60246edd2804abb1788848e0a9f187add49e65be41fbadadec?s=96&d=mm&r=g","url":"https:\/\/secure.gravatar.com\/avatar\/3065f237d64bcc60246edd2804abb1788848e0a9f187add49e65be41fbadadec?s=96&d=mm&r=g","contentUrl":"https:\/\/secure.gravatar.com\/avatar\/3065f237d64bcc60246edd2804abb1788848e0a9f187add49e65be41fbadadec?s=96&d=mm&r=g","caption":"brannberg"}}]}},"_links":{"self":[{"href":"https:\/\/wp.kristdemokraterna.se\/brannberg\/wp-json\/wp\/v2\/posts\/907","targetHints":{"allow":["GET"]}}],"collection":[{"href":"https:\/\/wp.kristdemokraterna.se\/brannberg\/wp-json\/wp\/v2\/posts"}],"about":[{"href":"https:\/\/wp.kristdemokraterna.se\/brannberg\/wp-json\/wp\/v2\/types\/post"}],"author":[{"embeddable":true,"href":"https:\/\/wp.kristdemokraterna.se\/brannberg\/wp-json\/wp\/v2\/users\/744"}],"replies":[{"embeddable":true,"href":"https:\/\/wp.kristdemokraterna.se\/brannberg\/wp-json\/wp\/v2\/comments?post=907"}],"version-history":[{"count":1,"href":"https:\/\/wp.kristdemokraterna.se\/brannberg\/wp-json\/wp\/v2\/posts\/907\/revisions"}],"predecessor-version":[{"id":909,"href":"https:\/\/wp.kristdemokraterna.se\/brannberg\/wp-json\/wp\/v2\/posts\/907\/revisions\/909"}],"wp:attachment":[{"href":"https:\/\/wp.kristdemokraterna.se\/brannberg\/wp-json\/wp\/v2\/media?parent=907"}],"wp:term":[{"taxonomy":"category","embeddable":true,"href":"https:\/\/wp.kristdemokraterna.se\/brannberg\/wp-json\/wp\/v2\/categories?post=907"},{"taxonomy":"post_tag","embeddable":true,"href":"https:\/\/wp.kristdemokraterna.se\/brannberg\/wp-json\/wp\/v2\/tags?post=907"}],"curies":[{"name":"wp","href":"https:\/\/api.w.org\/{rel}","templated":true}]}}