{"id":924,"date":"2018-08-19T06:30:37","date_gmt":"2018-08-19T04:30:37","guid":{"rendered":"http:\/\/wp.kristdemokraterna.se\/brannberg\/?p=924"},"modified":"2018-08-19T06:30:37","modified_gmt":"2018-08-19T04:30:37","slug":"nu-ar-det-kampanj-som-galler","status":"publish","type":"post","link":"https:\/\/wp.kristdemokraterna.se\/brannberg\/nu-ar-det-kampanj-som-galler\/","title":{"rendered":"Nu \u00e4r det kampanj som g\u00e4ller"},"content":{"rendered":"<p>Kristdemokraterna \u00f6kar i flera m\u00e4tningar och vi ska synas i alla m\u00f6jliga sammanhang fram\u00f6ver. Nu kommer affischer upp, n\u00e4sta vecka blir det valstugor p\u00e5 Hertig Johans Torg och debattinl\u00e4ggen \u00f6kar i v\u00e5ra tidningar. I \u00e5r har vi valt att g\u00f6ra videofilmer och d\u00e4r kan du lite n\u00e4rmare l\u00e4ra k\u00e4nna oss som kandiderar. Du \u00e4r alltid v\u00e4lkommen att kontakta oss. Kanske vill du bjuda hem n\u00e5gra v\u00e4nner och samtala om politik. D\u00e5 kommer vi g\u00e4rna och ber\u00e4ttar mer.<\/p>\n","protected":false},"excerpt":{"rendered":"<p>Kristdemokraterna \u00f6kar i flera m\u00e4tningar och vi ska synas i alla m\u00f6jliga sammanhang fram\u00f6ver. Nu kommer affischer upp, n\u00e4sta vecka blir det valstugor p\u00e5 Hertig Johans Torg och debattinl\u00e4ggen \u00f6kar i v\u00e5ra tidningar. I \u00e5r har vi valt att g\u00f6ra videofilmer och d\u00e4r kan du lite n\u00e4rmare l\u00e4ra k\u00e4nna oss som kandiderar. Du \u00e4r alltid <a class=\"read-more-link\" href=\"https:\/\/wp.kristdemokraterna.se\/brannberg\/nu-ar-det-kampanj-som-galler\/\">Read More<\/a><\/p>\n","protected":false},"author":744,"featured_media":0,"comment_status":"closed","ping_status":"closed","sticky":false,"template":"","format":"standard","meta":{"_acf_changed":false,"footnotes":""},"categories":[7],"tags":[],"class_list":["post-924","post","type-post","status-publish","format-standard","hentry","category-senaste-handelser"],"acf":[],"yoast_head":"<!-- This site is optimized with the Yoast SEO plugin v27.5 - https:\/\/yoast.com\/product\/yoast-seo-wordpress\/ -->\n<title>Nu \u00e4r det kampanj som g\u00e4ller - Conny Br\u00e4nnberg<\/title>\n<meta name=\"robots\" content=\"index, follow, max-snippet:-1, max-image-preview:large, max-video-preview:-1\" \/>\n<link rel=\"canonical\" href=\"https:\/\/wp.kristdemokraterna.se\/brannberg\/nu-ar-det-kampanj-som-galler\/\" \/>\n<meta property=\"og:locale\" content=\"sv_SE\" \/>\n<meta property=\"og:type\" content=\"article\" \/>\n<meta property=\"og:title\" content=\"Nu \u00e4r det kampanj som g\u00e4ller - Conny Br\u00e4nnberg\" \/>\n<meta property=\"og:description\" content=\"Kristdemokraterna \u00f6kar i flera m\u00e4tningar och vi ska synas i alla m\u00f6jliga sammanhang fram\u00f6ver. Nu kommer affischer upp, n\u00e4sta vecka blir det valstugor p\u00e5 Hertig Johans Torg och debattinl\u00e4ggen \u00f6kar i v\u00e5ra tidningar. I \u00e5r har vi valt att g\u00f6ra videofilmer och d\u00e4r kan du lite n\u00e4rmare l\u00e4ra k\u00e4nna oss som kandiderar. Du \u00e4r alltid Read More\" \/>\n<meta property=\"og:url\" content=\"https:\/\/wp.kristdemokraterna.se\/brannberg\/nu-ar-det-kampanj-som-galler\/\" \/>\n<meta property=\"og:site_name\" content=\"Conny Br\u00e4nnberg\" \/>\n<meta property=\"article:publisher\" content=\"https:\/\/www.facebook.com\/connybrannberg\" \/>\n<meta property=\"article:published_time\" content=\"2018-08-19T04:30:37+00:00\" \/>\n<meta name=\"author\" content=\"brannberg\" \/>\n<meta name=\"twitter:card\" content=\"summary_large_image\" \/>\n<meta name=\"twitter:creator\" content=\"@brannberg\" \/>\n<meta name=\"twitter:site\" content=\"@brannberg\" \/>\n<meta name=\"twitter:label1\" content=\"Skriven av\" \/>\n\t<meta name=\"twitter:data1\" content=\"brannberg\" \/>\n<script type=\"application\/ld+json\" class=\"yoast-schema-graph\">{\"@context\":\"https:\\\/\\\/schema.org\",\"@graph\":[{\"@type\":\"Article\",\"@id\":\"https:\\\/\\\/wp.kristdemokraterna.se\\\/brannberg\\\/nu-ar-det-kampanj-som-galler\\\/#article\",\"isPartOf\":{\"@id\":\"https:\\\/\\\/wp.kristdemokraterna.se\\\/brannberg\\\/nu-ar-det-kampanj-som-galler\\\/\"},\"author\":{\"name\":\"brannberg\",\"@id\":\"https:\\\/\\\/wp.kristdemokraterna.se\\\/brannberg\\\/#\\\/schema\\\/person\\\/16c27da76d91de55cd55bdfac6e90bd2\"},\"headline\":\"Nu \u00e4r det kampanj som g\u00e4ller\",\"datePublished\":\"2018-08-19T04:30:37+00:00\",\"mainEntityOfPage\":{\"@id\":\"https:\\\/\\\/wp.kristdemokraterna.se\\\/brannberg\\\/nu-ar-det-kampanj-som-galler\\\/\"},\"wordCount\":100,\"articleSection\":[\"Senaste h\u00e4ndelser\"],\"inLanguage\":\"sv-SE\"},{\"@type\":\"WebPage\",\"@id\":\"https:\\\/\\\/wp.kristdemokraterna.se\\\/brannberg\\\/nu-ar-det-kampanj-som-galler\\\/\",\"url\":\"https:\\\/\\\/wp.kristdemokraterna.se\\\/brannberg\\\/nu-ar-det-kampanj-som-galler\\\/\",\"name\":\"Nu \u00e4r det kampanj som g\u00e4ller - Conny Br\u00e4nnberg\",\"isPartOf\":{\"@id\":\"https:\\\/\\\/wp.kristdemokraterna.se\\\/brannberg\\\/#website\"},\"datePublished\":\"2018-08-19T04:30:37+00:00\",\"author\":{\"@id\":\"https:\\\/\\\/wp.kristdemokraterna.se\\\/brannberg\\\/#\\\/schema\\\/person\\\/16c27da76d91de55cd55bdfac6e90bd2\"},\"breadcrumb\":{\"@id\":\"https:\\\/\\\/wp.kristdemokraterna.se\\\/brannberg\\\/nu-ar-det-kampanj-som-galler\\\/#breadcrumb\"},\"inLanguage\":\"sv-SE\",\"potentialAction\":[{\"@type\":\"ReadAction\",\"target\":[\"https:\\\/\\\/wp.kristdemokraterna.se\\\/brannberg\\\/nu-ar-det-kampanj-som-galler\\\/\"]}]},{\"@type\":\"BreadcrumbList\",\"@id\":\"https:\\\/\\\/wp.kristdemokraterna.se\\\/brannberg\\\/nu-ar-det-kampanj-som-galler\\\/#breadcrumb\",\"itemListElement\":[{\"@type\":\"ListItem\",\"position\":1,\"name\":\"Hem\",\"item\":\"https:\\\/\\\/wp.kristdemokraterna.se\\\/brannberg\\\/\"},{\"@type\":\"ListItem\",\"position\":2,\"name\":\"Nu \u00e4r det kampanj som g\u00e4ller\"}]},{\"@type\":\"WebSite\",\"@id\":\"https:\\\/\\\/wp.kristdemokraterna.se\\\/brannberg\\\/#website\",\"url\":\"https:\\\/\\\/wp.kristdemokraterna.se\\\/brannberg\\\/\",\"name\":\"Conny Br\u00e4nnberg\",\"description\":\"Trygg v\u00e5rd n\u00e4ra dig!\",\"inLanguage\":\"sv-SE\"},{\"@type\":\"Person\",\"@id\":\"https:\\\/\\\/wp.kristdemokraterna.se\\\/brannberg\\\/#\\\/schema\\\/person\\\/16c27da76d91de55cd55bdfac6e90bd2\",\"name\":\"brannberg\",\"image\":{\"@type\":\"ImageObject\",\"inLanguage\":\"sv-SE\",\"@id\":\"https:\\\/\\\/secure.gravatar.com\\\/avatar\\\/3065f237d64bcc60246edd2804abb1788848e0a9f187add49e65be41fbadadec?s=96&d=mm&r=g\",\"url\":\"https:\\\/\\\/secure.gravatar.com\\\/avatar\\\/3065f237d64bcc60246edd2804abb1788848e0a9f187add49e65be41fbadadec?s=96&d=mm&r=g\",\"contentUrl\":\"https:\\\/\\\/secure.gravatar.com\\\/avatar\\\/3065f237d64bcc60246edd2804abb1788848e0a9f187add49e65be41fbadadec?s=96&d=mm&r=g\",\"caption\":\"brannberg\"}}]}<\/script>\n<!-- \/ Yoast SEO plugin. -->","yoast_head_json":{"title":"Nu \u00e4r det kampanj som g\u00e4ller - Conny Br\u00e4nnberg","robots":{"index":"index","follow":"follow","max-snippet":"max-snippet:-1","max-image-preview":"max-image-preview:large","max-video-preview":"max-video-preview:-1"},"canonical":"https:\/\/wp.kristdemokraterna.se\/brannberg\/nu-ar-det-kampanj-som-galler\/","og_locale":"sv_SE","og_type":"article","og_title":"Nu \u00e4r det kampanj som g\u00e4ller - Conny Br\u00e4nnberg","og_description":"Kristdemokraterna \u00f6kar i flera m\u00e4tningar och vi ska synas i alla m\u00f6jliga sammanhang fram\u00f6ver. Nu kommer affischer upp, n\u00e4sta vecka blir det valstugor p\u00e5 Hertig Johans Torg och debattinl\u00e4ggen \u00f6kar i v\u00e5ra tidningar. I \u00e5r har vi valt att g\u00f6ra videofilmer och d\u00e4r kan du lite n\u00e4rmare l\u00e4ra k\u00e4nna oss som kandiderar. Du \u00e4r alltid Read More","og_url":"https:\/\/wp.kristdemokraterna.se\/brannberg\/nu-ar-det-kampanj-som-galler\/","og_site_name":"Conny Br\u00e4nnberg","article_publisher":"https:\/\/www.facebook.com\/connybrannberg","article_published_time":"2018-08-19T04:30:37+00:00","author":"brannberg","twitter_card":"summary_large_image","twitter_creator":"@brannberg","twitter_site":"@brannberg","twitter_misc":{"Skriven av":"brannberg"},"schema":{"@context":"https:\/\/schema.org","@graph":[{"@type":"Article","@id":"https:\/\/wp.kristdemokraterna.se\/brannberg\/nu-ar-det-kampanj-som-galler\/#article","isPartOf":{"@id":"https:\/\/wp.kristdemokraterna.se\/brannberg\/nu-ar-det-kampanj-som-galler\/"},"author":{"name":"brannberg","@id":"https:\/\/wp.kristdemokraterna.se\/brannberg\/#\/schema\/person\/16c27da76d91de55cd55bdfac6e90bd2"},"headline":"Nu \u00e4r det kampanj som g\u00e4ller","datePublished":"2018-08-19T04:30:37+00:00","mainEntityOfPage":{"@id":"https:\/\/wp.kristdemokraterna.se\/brannberg\/nu-ar-det-kampanj-som-galler\/"},"wordCount":100,"articleSection":["Senaste h\u00e4ndelser"],"inLanguage":"sv-SE"},{"@type":"WebPage","@id":"https:\/\/wp.kristdemokraterna.se\/brannberg\/nu-ar-det-kampanj-som-galler\/","url":"https:\/\/wp.kristdemokraterna.se\/brannberg\/nu-ar-det-kampanj-som-galler\/","name":"Nu \u00e4r det kampanj som g\u00e4ller - Conny Br\u00e4nnberg","isPartOf":{"@id":"https:\/\/wp.kristdemokraterna.se\/brannberg\/#website"},"datePublished":"2018-08-19T04:30:37+00:00","author":{"@id":"https:\/\/wp.kristdemokraterna.se\/brannberg\/#\/schema\/person\/16c27da76d91de55cd55bdfac6e90bd2"},"breadcrumb":{"@id":"https:\/\/wp.kristdemokraterna.se\/brannberg\/nu-ar-det-kampanj-som-galler\/#breadcrumb"},"inLanguage":"sv-SE","potentialAction":[{"@type":"ReadAction","target":["https:\/\/wp.kristdemokraterna.se\/brannberg\/nu-ar-det-kampanj-som-galler\/"]}]},{"@type":"BreadcrumbList","@id":"https:\/\/wp.kristdemokraterna.se\/brannberg\/nu-ar-det-kampanj-som-galler\/#breadcrumb","itemListElement":[{"@type":"ListItem","position":1,"name":"Hem","item":"https:\/\/wp.kristdemokraterna.se\/brannberg\/"},{"@type":"ListItem","position":2,"name":"Nu \u00e4r det kampanj som g\u00e4ller"}]},{"@type":"WebSite","@id":"https:\/\/wp.kristdemokraterna.se\/brannberg\/#website","url":"https:\/\/wp.kristdemokraterna.se\/brannberg\/","name":"Conny Br\u00e4nnberg","description":"Trygg v\u00e5rd n\u00e4ra dig!","inLanguage":"sv-SE"},{"@type":"Person","@id":"https:\/\/wp.kristdemokraterna.se\/brannberg\/#\/schema\/person\/16c27da76d91de55cd55bdfac6e90bd2","name":"brannberg","image":{"@type":"ImageObject","inLanguage":"sv-SE","@id":"https:\/\/secure.gravatar.com\/avatar\/3065f237d64bcc60246edd2804abb1788848e0a9f187add49e65be41fbadadec?s=96&d=mm&r=g","url":"https:\/\/secure.gravatar.com\/avatar\/3065f237d64bcc60246edd2804abb1788848e0a9f187add49e65be41fbadadec?s=96&d=mm&r=g","contentUrl":"https:\/\/secure.gravatar.com\/avatar\/3065f237d64bcc60246edd2804abb1788848e0a9f187add49e65be41fbadadec?s=96&d=mm&r=g","caption":"brannberg"}}]}},"_links":{"self":[{"href":"https:\/\/wp.kristdemokraterna.se\/brannberg\/wp-json\/wp\/v2\/posts\/924","targetHints":{"allow":["GET"]}}],"collection":[{"href":"https:\/\/wp.kristdemokraterna.se\/brannberg\/wp-json\/wp\/v2\/posts"}],"about":[{"href":"https:\/\/wp.kristdemokraterna.se\/brannberg\/wp-json\/wp\/v2\/types\/post"}],"author":[{"embeddable":true,"href":"https:\/\/wp.kristdemokraterna.se\/brannberg\/wp-json\/wp\/v2\/users\/744"}],"replies":[{"embeddable":true,"href":"https:\/\/wp.kristdemokraterna.se\/brannberg\/wp-json\/wp\/v2\/comments?post=924"}],"version-history":[{"count":1,"href":"https:\/\/wp.kristdemokraterna.se\/brannberg\/wp-json\/wp\/v2\/posts\/924\/revisions"}],"predecessor-version":[{"id":926,"href":"https:\/\/wp.kristdemokraterna.se\/brannberg\/wp-json\/wp\/v2\/posts\/924\/revisions\/926"}],"wp:attachment":[{"href":"https:\/\/wp.kristdemokraterna.se\/brannberg\/wp-json\/wp\/v2\/media?parent=924"}],"wp:term":[{"taxonomy":"category","embeddable":true,"href":"https:\/\/wp.kristdemokraterna.se\/brannberg\/wp-json\/wp\/v2\/categories?post=924"},{"taxonomy":"post_tag","embeddable":true,"href":"https:\/\/wp.kristdemokraterna.se\/brannberg\/wp-json\/wp\/v2\/tags?post=924"}],"curies":[{"name":"wp","href":"https:\/\/api.w.org\/{rel}","templated":true}]}}