{"id":988,"date":"2018-10-20T09:47:00","date_gmt":"2018-10-20T07:47:00","guid":{"rendered":"http:\/\/wp.kristdemokraterna.se\/brannberg\/?p=988"},"modified":"2018-10-20T09:47:24","modified_gmt":"2018-10-20T07:47:24","slug":"forhandlingar-pagar","status":"publish","type":"post","link":"https:\/\/wp.kristdemokraterna.se\/brannberg\/forhandlingar-pagar\/","title":{"rendered":"F\u00f6rhandlingar p\u00e5g\u00e5r"},"content":{"rendered":"<p>Efter ett val s\u00e5 sker ett antal f\u00f6rhandlingar. Det \u00e4r vilka poster som ska tilldelas olika personer. V\u00e4ljarna har gjort sitt val och jag vet att jag \u00e4r ledamot av regionfullm\u00e4ktige och kommunfullm\u00e4ktige. F\u00f6rra veckan h\u00f6ll Sk\u00f6vde kommunfullm\u00e4ktige sitt f\u00f6rsta m\u00f6te och jag valdes, enh\u00e4lligt, att bli ordf\u00f6rande f\u00f6r de kommande fyra \u00e5ren. Ett stort f\u00f6rtroende och n\u00e5got jag v\u00e4rdes\u00e4tter.<\/p>\n<p>P\u00e5 tisdag n\u00e4sta vecka (25 okt) har vi f\u00f6rsta regionfullm\u00e4ktige och jag \u00e4r nominerad som regionr\u00e5d. \u00c4nnu ett stort f\u00f6rtroende.<\/p>\n","protected":false},"excerpt":{"rendered":"<p>Efter ett val s\u00e5 sker ett antal f\u00f6rhandlingar. Det \u00e4r vilka poster som ska tilldelas olika personer. V\u00e4ljarna har gjort sitt val och jag vet att jag \u00e4r ledamot av regionfullm\u00e4ktige och kommunfullm\u00e4ktige. F\u00f6rra veckan h\u00f6ll Sk\u00f6vde kommunfullm\u00e4ktige sitt f\u00f6rsta m\u00f6te och jag valdes, enh\u00e4lligt, att bli ordf\u00f6rande f\u00f6r de kommande fyra \u00e5ren. Ett stort <a class=\"read-more-link\" href=\"https:\/\/wp.kristdemokraterna.se\/brannberg\/forhandlingar-pagar\/\">Read More<\/a><\/p>\n","protected":false},"author":744,"featured_media":0,"comment_status":"closed","ping_status":"closed","sticky":false,"template":"","format":"standard","meta":{"_acf_changed":false,"footnotes":""},"categories":[7],"tags":[],"class_list":["post-988","post","type-post","status-publish","format-standard","hentry","category-senaste-handelser"],"acf":[],"yoast_head":"<!-- This site is optimized with the Yoast SEO plugin v27.5 - https:\/\/yoast.com\/product\/yoast-seo-wordpress\/ -->\n<title>F\u00f6rhandlingar p\u00e5g\u00e5r - Conny Br\u00e4nnberg<\/title>\n<meta name=\"robots\" content=\"index, follow, max-snippet:-1, max-image-preview:large, max-video-preview:-1\" \/>\n<link rel=\"canonical\" href=\"https:\/\/wp.kristdemokraterna.se\/brannberg\/forhandlingar-pagar\/\" \/>\n<meta property=\"og:locale\" content=\"sv_SE\" \/>\n<meta property=\"og:type\" content=\"article\" \/>\n<meta property=\"og:title\" content=\"F\u00f6rhandlingar p\u00e5g\u00e5r - Conny Br\u00e4nnberg\" \/>\n<meta property=\"og:description\" content=\"Efter ett val s\u00e5 sker ett antal f\u00f6rhandlingar. Det \u00e4r vilka poster som ska tilldelas olika personer. V\u00e4ljarna har gjort sitt val och jag vet att jag \u00e4r ledamot av regionfullm\u00e4ktige och kommunfullm\u00e4ktige. F\u00f6rra veckan h\u00f6ll Sk\u00f6vde kommunfullm\u00e4ktige sitt f\u00f6rsta m\u00f6te och jag valdes, enh\u00e4lligt, att bli ordf\u00f6rande f\u00f6r de kommande fyra \u00e5ren. Ett stort Read More\" \/>\n<meta property=\"og:url\" content=\"https:\/\/wp.kristdemokraterna.se\/brannberg\/forhandlingar-pagar\/\" \/>\n<meta property=\"og:site_name\" content=\"Conny Br\u00e4nnberg\" \/>\n<meta property=\"article:publisher\" content=\"https:\/\/www.facebook.com\/connybrannberg\" \/>\n<meta property=\"article:published_time\" content=\"2018-10-20T07:47:00+00:00\" \/>\n<meta property=\"article:modified_time\" content=\"2018-10-20T07:47:24+00:00\" \/>\n<meta name=\"author\" content=\"brannberg\" \/>\n<meta name=\"twitter:card\" content=\"summary_large_image\" \/>\n<meta name=\"twitter:creator\" content=\"@brannberg\" \/>\n<meta name=\"twitter:site\" content=\"@brannberg\" \/>\n<meta name=\"twitter:label1\" content=\"Skriven av\" \/>\n\t<meta name=\"twitter:data1\" content=\"brannberg\" \/>\n\t<meta name=\"twitter:label2\" content=\"Ber\u00e4knad l\u00e4stid\" \/>\n\t<meta name=\"twitter:data2\" content=\"1 minut\" \/>\n<script type=\"application\/ld+json\" class=\"yoast-schema-graph\">{\"@context\":\"https:\\\/\\\/schema.org\",\"@graph\":[{\"@type\":\"Article\",\"@id\":\"https:\\\/\\\/wp.kristdemokraterna.se\\\/brannberg\\\/forhandlingar-pagar\\\/#article\",\"isPartOf\":{\"@id\":\"https:\\\/\\\/wp.kristdemokraterna.se\\\/brannberg\\\/forhandlingar-pagar\\\/\"},\"author\":{\"name\":\"brannberg\",\"@id\":\"https:\\\/\\\/wp.kristdemokraterna.se\\\/brannberg\\\/#\\\/schema\\\/person\\\/16c27da76d91de55cd55bdfac6e90bd2\"},\"headline\":\"F\u00f6rhandlingar p\u00e5g\u00e5r\",\"datePublished\":\"2018-10-20T07:47:00+00:00\",\"dateModified\":\"2018-10-20T07:47:24+00:00\",\"mainEntityOfPage\":{\"@id\":\"https:\\\/\\\/wp.kristdemokraterna.se\\\/brannberg\\\/forhandlingar-pagar\\\/\"},\"wordCount\":106,\"articleSection\":[\"Senaste h\u00e4ndelser\"],\"inLanguage\":\"sv-SE\"},{\"@type\":\"WebPage\",\"@id\":\"https:\\\/\\\/wp.kristdemokraterna.se\\\/brannberg\\\/forhandlingar-pagar\\\/\",\"url\":\"https:\\\/\\\/wp.kristdemokraterna.se\\\/brannberg\\\/forhandlingar-pagar\\\/\",\"name\":\"F\u00f6rhandlingar p\u00e5g\u00e5r - Conny Br\u00e4nnberg\",\"isPartOf\":{\"@id\":\"https:\\\/\\\/wp.kristdemokraterna.se\\\/brannberg\\\/#website\"},\"datePublished\":\"2018-10-20T07:47:00+00:00\",\"dateModified\":\"2018-10-20T07:47:24+00:00\",\"author\":{\"@id\":\"https:\\\/\\\/wp.kristdemokraterna.se\\\/brannberg\\\/#\\\/schema\\\/person\\\/16c27da76d91de55cd55bdfac6e90bd2\"},\"breadcrumb\":{\"@id\":\"https:\\\/\\\/wp.kristdemokraterna.se\\\/brannberg\\\/forhandlingar-pagar\\\/#breadcrumb\"},\"inLanguage\":\"sv-SE\",\"potentialAction\":[{\"@type\":\"ReadAction\",\"target\":[\"https:\\\/\\\/wp.kristdemokraterna.se\\\/brannberg\\\/forhandlingar-pagar\\\/\"]}]},{\"@type\":\"BreadcrumbList\",\"@id\":\"https:\\\/\\\/wp.kristdemokraterna.se\\\/brannberg\\\/forhandlingar-pagar\\\/#breadcrumb\",\"itemListElement\":[{\"@type\":\"ListItem\",\"position\":1,\"name\":\"Hem\",\"item\":\"https:\\\/\\\/wp.kristdemokraterna.se\\\/brannberg\\\/\"},{\"@type\":\"ListItem\",\"position\":2,\"name\":\"F\u00f6rhandlingar p\u00e5g\u00e5r\"}]},{\"@type\":\"WebSite\",\"@id\":\"https:\\\/\\\/wp.kristdemokraterna.se\\\/brannberg\\\/#website\",\"url\":\"https:\\\/\\\/wp.kristdemokraterna.se\\\/brannberg\\\/\",\"name\":\"Conny Br\u00e4nnberg\",\"description\":\"Trygg v\u00e5rd n\u00e4ra dig!\",\"inLanguage\":\"sv-SE\"},{\"@type\":\"Person\",\"@id\":\"https:\\\/\\\/wp.kristdemokraterna.se\\\/brannberg\\\/#\\\/schema\\\/person\\\/16c27da76d91de55cd55bdfac6e90bd2\",\"name\":\"brannberg\",\"image\":{\"@type\":\"ImageObject\",\"inLanguage\":\"sv-SE\",\"@id\":\"https:\\\/\\\/secure.gravatar.com\\\/avatar\\\/3065f237d64bcc60246edd2804abb1788848e0a9f187add49e65be41fbadadec?s=96&d=mm&r=g\",\"url\":\"https:\\\/\\\/secure.gravatar.com\\\/avatar\\\/3065f237d64bcc60246edd2804abb1788848e0a9f187add49e65be41fbadadec?s=96&d=mm&r=g\",\"contentUrl\":\"https:\\\/\\\/secure.gravatar.com\\\/avatar\\\/3065f237d64bcc60246edd2804abb1788848e0a9f187add49e65be41fbadadec?s=96&d=mm&r=g\",\"caption\":\"brannberg\"}}]}<\/script>\n<!-- \/ Yoast SEO plugin. -->","yoast_head_json":{"title":"F\u00f6rhandlingar p\u00e5g\u00e5r - Conny Br\u00e4nnberg","robots":{"index":"index","follow":"follow","max-snippet":"max-snippet:-1","max-image-preview":"max-image-preview:large","max-video-preview":"max-video-preview:-1"},"canonical":"https:\/\/wp.kristdemokraterna.se\/brannberg\/forhandlingar-pagar\/","og_locale":"sv_SE","og_type":"article","og_title":"F\u00f6rhandlingar p\u00e5g\u00e5r - Conny Br\u00e4nnberg","og_description":"Efter ett val s\u00e5 sker ett antal f\u00f6rhandlingar. Det \u00e4r vilka poster som ska tilldelas olika personer. V\u00e4ljarna har gjort sitt val och jag vet att jag \u00e4r ledamot av regionfullm\u00e4ktige och kommunfullm\u00e4ktige. F\u00f6rra veckan h\u00f6ll Sk\u00f6vde kommunfullm\u00e4ktige sitt f\u00f6rsta m\u00f6te och jag valdes, enh\u00e4lligt, att bli ordf\u00f6rande f\u00f6r de kommande fyra \u00e5ren. Ett stort Read More","og_url":"https:\/\/wp.kristdemokraterna.se\/brannberg\/forhandlingar-pagar\/","og_site_name":"Conny Br\u00e4nnberg","article_publisher":"https:\/\/www.facebook.com\/connybrannberg","article_published_time":"2018-10-20T07:47:00+00:00","article_modified_time":"2018-10-20T07:47:24+00:00","author":"brannberg","twitter_card":"summary_large_image","twitter_creator":"@brannberg","twitter_site":"@brannberg","twitter_misc":{"Skriven av":"brannberg","Ber\u00e4knad l\u00e4stid":"1 minut"},"schema":{"@context":"https:\/\/schema.org","@graph":[{"@type":"Article","@id":"https:\/\/wp.kristdemokraterna.se\/brannberg\/forhandlingar-pagar\/#article","isPartOf":{"@id":"https:\/\/wp.kristdemokraterna.se\/brannberg\/forhandlingar-pagar\/"},"author":{"name":"brannberg","@id":"https:\/\/wp.kristdemokraterna.se\/brannberg\/#\/schema\/person\/16c27da76d91de55cd55bdfac6e90bd2"},"headline":"F\u00f6rhandlingar p\u00e5g\u00e5r","datePublished":"2018-10-20T07:47:00+00:00","dateModified":"2018-10-20T07:47:24+00:00","mainEntityOfPage":{"@id":"https:\/\/wp.kristdemokraterna.se\/brannberg\/forhandlingar-pagar\/"},"wordCount":106,"articleSection":["Senaste h\u00e4ndelser"],"inLanguage":"sv-SE"},{"@type":"WebPage","@id":"https:\/\/wp.kristdemokraterna.se\/brannberg\/forhandlingar-pagar\/","url":"https:\/\/wp.kristdemokraterna.se\/brannberg\/forhandlingar-pagar\/","name":"F\u00f6rhandlingar p\u00e5g\u00e5r - Conny Br\u00e4nnberg","isPartOf":{"@id":"https:\/\/wp.kristdemokraterna.se\/brannberg\/#website"},"datePublished":"2018-10-20T07:47:00+00:00","dateModified":"2018-10-20T07:47:24+00:00","author":{"@id":"https:\/\/wp.kristdemokraterna.se\/brannberg\/#\/schema\/person\/16c27da76d91de55cd55bdfac6e90bd2"},"breadcrumb":{"@id":"https:\/\/wp.kristdemokraterna.se\/brannberg\/forhandlingar-pagar\/#breadcrumb"},"inLanguage":"sv-SE","potentialAction":[{"@type":"ReadAction","target":["https:\/\/wp.kristdemokraterna.se\/brannberg\/forhandlingar-pagar\/"]}]},{"@type":"BreadcrumbList","@id":"https:\/\/wp.kristdemokraterna.se\/brannberg\/forhandlingar-pagar\/#breadcrumb","itemListElement":[{"@type":"ListItem","position":1,"name":"Hem","item":"https:\/\/wp.kristdemokraterna.se\/brannberg\/"},{"@type":"ListItem","position":2,"name":"F\u00f6rhandlingar p\u00e5g\u00e5r"}]},{"@type":"WebSite","@id":"https:\/\/wp.kristdemokraterna.se\/brannberg\/#website","url":"https:\/\/wp.kristdemokraterna.se\/brannberg\/","name":"Conny Br\u00e4nnberg","description":"Trygg v\u00e5rd n\u00e4ra dig!","inLanguage":"sv-SE"},{"@type":"Person","@id":"https:\/\/wp.kristdemokraterna.se\/brannberg\/#\/schema\/person\/16c27da76d91de55cd55bdfac6e90bd2","name":"brannberg","image":{"@type":"ImageObject","inLanguage":"sv-SE","@id":"https:\/\/secure.gravatar.com\/avatar\/3065f237d64bcc60246edd2804abb1788848e0a9f187add49e65be41fbadadec?s=96&d=mm&r=g","url":"https:\/\/secure.gravatar.com\/avatar\/3065f237d64bcc60246edd2804abb1788848e0a9f187add49e65be41fbadadec?s=96&d=mm&r=g","contentUrl":"https:\/\/secure.gravatar.com\/avatar\/3065f237d64bcc60246edd2804abb1788848e0a9f187add49e65be41fbadadec?s=96&d=mm&r=g","caption":"brannberg"}}]}},"_links":{"self":[{"href":"https:\/\/wp.kristdemokraterna.se\/brannberg\/wp-json\/wp\/v2\/posts\/988","targetHints":{"allow":["GET"]}}],"collection":[{"href":"https:\/\/wp.kristdemokraterna.se\/brannberg\/wp-json\/wp\/v2\/posts"}],"about":[{"href":"https:\/\/wp.kristdemokraterna.se\/brannberg\/wp-json\/wp\/v2\/types\/post"}],"author":[{"embeddable":true,"href":"https:\/\/wp.kristdemokraterna.se\/brannberg\/wp-json\/wp\/v2\/users\/744"}],"replies":[{"embeddable":true,"href":"https:\/\/wp.kristdemokraterna.se\/brannberg\/wp-json\/wp\/v2\/comments?post=988"}],"version-history":[{"count":1,"href":"https:\/\/wp.kristdemokraterna.se\/brannberg\/wp-json\/wp\/v2\/posts\/988\/revisions"}],"predecessor-version":[{"id":989,"href":"https:\/\/wp.kristdemokraterna.se\/brannberg\/wp-json\/wp\/v2\/posts\/988\/revisions\/989"}],"wp:attachment":[{"href":"https:\/\/wp.kristdemokraterna.se\/brannberg\/wp-json\/wp\/v2\/media?parent=988"}],"wp:term":[{"taxonomy":"category","embeddable":true,"href":"https:\/\/wp.kristdemokraterna.se\/brannberg\/wp-json\/wp\/v2\/categories?post=988"},{"taxonomy":"post_tag","embeddable":true,"href":"https:\/\/wp.kristdemokraterna.se\/brannberg\/wp-json\/wp\/v2\/tags?post=988"}],"curies":[{"name":"wp","href":"https:\/\/api.w.org\/{rel}","templated":true}]}}