{"id":1007,"date":"2024-01-29T10:35:42","date_gmt":"2024-01-29T09:35:42","guid":{"rendered":"https:\/\/wp.kristdemokraterna.se\/dalarna\/?p=1007"},"modified":"2025-02-07T10:36:06","modified_gmt":"2025-02-07T09:36:06","slug":"sms-livraddare-i-dalarna-men-m-amp-sd-rostade-nej","status":"publish","type":"post","link":"https:\/\/wp.kristdemokraterna.se\/dalarna\/sms-livraddare-i-dalarna-men-m-amp-sd-rostade-nej\/","title":{"rendered":"Sms-livr\u00e4ddare i Dalarna, men M &amp; SD r\u00f6stade nej"},"content":{"rendered":"<p style=\"font-weight: 400\">\u00c4ntligen har vi, Samling f\u00f6r Dalarna, beslutat om att inf\u00f6ra Sms-livr\u00e4ddare \u2013 en tj\u00e4nst som inneb\u00e4r att frivilliga med kunskap inom hj\u00e4rt-lungr\u00e4ddning (HLR) larmas via en app och griper in vid hj\u00e4rtstopp. Uppseendev\u00e4ckande \u00e4r det att b\u00e5de Moderaterna (M) och Sverigedemokraterna (SD) yrkade avslag och reserverade sig mot beslutet.<\/p>\n<p style=\"font-weight: 400\">\n<p style=\"font-weight: 400\">Varje \u00e5r drabbas runt 200 personer i Dalarna av hj\u00e4rtstopp utanf\u00f6r sjukhus. F\u00f6r att \u00f6verleva kr\u00e4vs br\u00f6stkompressioner och inbl\u00e5sningar, helst inom en minut, och i en tredjedel av fallen \u00e4ven defibrillering en hj\u00e4rtstartare, helst inom fem minuter. Hj\u00e4lpen dr\u00f6jer dock oftast f\u00f6r l\u00e4nge \u2013 enbart cirka 12 procent \u00f6verlever. D\u00e4rf\u00f6r m\u00e5ste medborgarna involveras i tidig HLR, innan sjukv\u00e5rden tar vid.<\/p>\n<p style=\"font-weight: 400\">\n<p style=\"font-weight: 400\">Om tidig HLR ges f\u00f6rdubblas chansen till \u00f6verlevnad, och frivilliga kan i flera fall hinna fram f\u00f6re ambulansen. Enligt en studie fr\u00e5n Karolinska Institutet \u00f6kar 30-dagars\u00f6verlevnaden med 28 procent n\u00e4r frivilliga kallas, vilket i Dalarna inneb\u00e4r att 5-6 liv skulle kunna r\u00e4ddas \u00e5rligen. \u00c4ven annan ny forskning p\u00e5visar \u00f6kad \u00f6verlevnad med anv\u00e4ndning av Sms-livr\u00e4ddare.<\/p>\n<p style=\"font-weight: 400\">\n<p style=\"font-weight: 400\">Trots detta yrkade, tyv\u00e4rr, M och SD allts\u00e5 avslag. Ist\u00e4llet f\u00f6r Sms-livr\u00e4ddare, som de menar \u00e4r ineffektivt, vill de inhandla hj\u00e4rtstartare. Fler hj\u00e4rtstartare \u00e4r f\u00f6rst\u00e5s \u00f6nskv\u00e4rt, men redan idag finns ett tillr\u00e4ckligt stort antal hj\u00e4rtstartare \u2013 \u00f6ver 700 \u2013 f\u00f6r att Sms-livr\u00e4ddare ska kunna bidra till \u00f6kad \u00f6verlevnad, enligt regionens utredning.<\/p>\n<p style=\"font-weight: 400\">\n<p style=\"font-weight: 400\">Dessutom \u00e4r det mest tidsk\u00e4nsliga vid hj\u00e4rtstopp att HLR p\u00e5b\u00f6rjas, och det b\u00e4sta \u00e4r om det utf\u00f6rs av n\u00e5gon med en HLR-utbildning. I Dalarna finns redan 2 200 personer som har registrerat sig i appen och som genomf\u00f6rt en utbildning. Utifr\u00e5n detta f\u00f6rst\u00e5r vi inte hur man kan vara emot ett inf\u00f6rande av Sms-livr\u00e4ddare. Regionens fr\u00e4msta uppdrag menar vi \u00e4r att r\u00e4dda liv.<\/p>\n<p style=\"font-weight: 400\">\n<p style=\"font-weight: 400\">De politiska besluten \u00e4r \u2013 tack och lov \u2013 fattade. Tj\u00e4nsten kommer att vara ig\u00e5ng inom n\u00e5gra m\u00e5nader, senast den 1 juni. D\u00e4rf\u00f6r vill vi nu \u00e5terigen uppmuntra fler att l\u00e4ra sig HLR och registrera sig i appen. D\u00e5 bidrar man inte bara till \u00f6verlevnaden vid hj\u00e4rtstopp utan ocks\u00e5 till mer trygghet och en h\u00f6gre beredskap i samh\u00e4llet.<\/p>\n<p style=\"font-weight: 400\">\n<p style=\"font-weight: 400\"><strong>Birgitta Sacr\u00e9deus (KD), regionr\u00e5d<\/strong><\/p>\n","protected":false},"excerpt":{"rendered":"<p>\u00c4ntligen har vi, Samling f\u00f6r Dalarna, beslutat om att inf\u00f6ra Sms-livr\u00e4ddare \u2013 en tj\u00e4nst som inneb\u00e4r att frivilliga med kunskap inom hj\u00e4rt-lungr\u00e4ddning (HLR) larmas via en app och griper in vid hj\u00e4rtstopp. Uppseendev\u00e4ckande \u00e4r det att b\u00e5de Moderaterna (M) och Sverigedemokraterna (SD) yrkade avslag och reserverade sig mot beslutet. Varje \u00e5r drabbas runt 200 personer <a class=\"read-more-link\" href=\"https:\/\/wp.kristdemokraterna.se\/dalarna\/sms-livraddare-i-dalarna-men-m-amp-sd-rostade-nej\/\">Read More<\/a><\/p>\n","protected":false},"author":958,"featured_media":0,"comment_status":"closed","ping_status":"closed","sticky":false,"template":"","format":"standard","meta":{"_acf_changed":false,"footnotes":""},"categories":[12],"tags":[],"class_list":["post-1007","post","type-post","status-publish","format-standard","hentry","category-nyheter"],"acf":[],"yoast_head":"<!-- This site is optimized with the Yoast SEO plugin v27.5 - https:\/\/yoast.com\/product\/yoast-seo-wordpress\/ -->\n<title>Sms-livr\u00e4ddare i Dalarna, men M &amp; SD r\u00f6stade nej - Kristdemokraterna Dalarna<\/title>\n<meta name=\"robots\" content=\"index, follow, max-snippet:-1, max-image-preview:large, max-video-preview:-1\" \/>\n<link rel=\"canonical\" href=\"https:\/\/wp.kristdemokraterna.se\/dalarna\/sms-livraddare-i-dalarna-men-m-amp-sd-rostade-nej\/\" \/>\n<meta property=\"og:locale\" content=\"sv_SE\" \/>\n<meta property=\"og:type\" content=\"article\" \/>\n<meta property=\"og:title\" content=\"Sms-livr\u00e4ddare i Dalarna, men M &amp; SD r\u00f6stade nej - Kristdemokraterna Dalarna\" \/>\n<meta property=\"og:description\" content=\"\u00c4ntligen har vi, Samling f\u00f6r Dalarna, beslutat om att inf\u00f6ra Sms-livr\u00e4ddare \u2013 en tj\u00e4nst som inneb\u00e4r att frivilliga med kunskap inom hj\u00e4rt-lungr\u00e4ddning (HLR) larmas via en app och griper in vid hj\u00e4rtstopp. Uppseendev\u00e4ckande \u00e4r det att b\u00e5de Moderaterna (M) och Sverigedemokraterna (SD) yrkade avslag och reserverade sig mot beslutet. Varje \u00e5r drabbas runt 200 personer Read More\" \/>\n<meta property=\"og:url\" content=\"https:\/\/wp.kristdemokraterna.se\/dalarna\/sms-livraddare-i-dalarna-men-m-amp-sd-rostade-nej\/\" \/>\n<meta property=\"og:site_name\" content=\"Kristdemokraterna Dalarna\" \/>\n<meta property=\"article:published_time\" content=\"2024-01-29T09:35:42+00:00\" \/>\n<meta property=\"article:modified_time\" content=\"2025-02-07T09:36:06+00:00\" \/>\n<meta name=\"author\" content=\"oliver\" \/>\n<meta name=\"twitter:card\" content=\"summary_large_image\" \/>\n<meta name=\"twitter:label1\" content=\"Skriven av\" \/>\n\t<meta name=\"twitter:data1\" content=\"oliver\" \/>\n\t<meta name=\"twitter:label2\" content=\"Ber\u00e4knad l\u00e4stid\" \/>\n\t<meta name=\"twitter:data2\" content=\"2 minuter\" \/>\n<script type=\"application\/ld+json\" class=\"yoast-schema-graph\">{\"@context\":\"https:\\\/\\\/schema.org\",\"@graph\":[{\"@type\":\"Article\",\"@id\":\"https:\\\/\\\/wp.kristdemokraterna.se\\\/dalarna\\\/sms-livraddare-i-dalarna-men-m-amp-sd-rostade-nej\\\/#article\",\"isPartOf\":{\"@id\":\"https:\\\/\\\/wp.kristdemokraterna.se\\\/dalarna\\\/sms-livraddare-i-dalarna-men-m-amp-sd-rostade-nej\\\/\"},\"author\":{\"name\":\"oliver\",\"@id\":\"https:\\\/\\\/wp.kristdemokraterna.se\\\/dalarna\\\/#\\\/schema\\\/person\\\/7611175eb955130b2fc127e0992fdffc\"},\"headline\":\"Sms-livr\u00e4ddare i Dalarna, men M &amp; SD r\u00f6stade nej\",\"datePublished\":\"2024-01-29T09:35:42+00:00\",\"dateModified\":\"2025-02-07T09:36:06+00:00\",\"mainEntityOfPage\":{\"@id\":\"https:\\\/\\\/wp.kristdemokraterna.se\\\/dalarna\\\/sms-livraddare-i-dalarna-men-m-amp-sd-rostade-nej\\\/\"},\"wordCount\":412,\"publisher\":{\"@id\":\"https:\\\/\\\/wp.kristdemokraterna.se\\\/dalarna\\\/#organization\"},\"articleSection\":[\"Nyheter\"],\"inLanguage\":\"sv-SE\"},{\"@type\":\"WebPage\",\"@id\":\"https:\\\/\\\/wp.kristdemokraterna.se\\\/dalarna\\\/sms-livraddare-i-dalarna-men-m-amp-sd-rostade-nej\\\/\",\"url\":\"https:\\\/\\\/wp.kristdemokraterna.se\\\/dalarna\\\/sms-livraddare-i-dalarna-men-m-amp-sd-rostade-nej\\\/\",\"name\":\"Sms-livr\u00e4ddare i Dalarna, men M &amp; SD r\u00f6stade nej - Kristdemokraterna Dalarna\",\"isPartOf\":{\"@id\":\"https:\\\/\\\/wp.kristdemokraterna.se\\\/dalarna\\\/#website\"},\"datePublished\":\"2024-01-29T09:35:42+00:00\",\"dateModified\":\"2025-02-07T09:36:06+00:00\",\"breadcrumb\":{\"@id\":\"https:\\\/\\\/wp.kristdemokraterna.se\\\/dalarna\\\/sms-livraddare-i-dalarna-men-m-amp-sd-rostade-nej\\\/#breadcrumb\"},\"inLanguage\":\"sv-SE\",\"potentialAction\":[{\"@type\":\"ReadAction\",\"target\":[\"https:\\\/\\\/wp.kristdemokraterna.se\\\/dalarna\\\/sms-livraddare-i-dalarna-men-m-amp-sd-rostade-nej\\\/\"]}]},{\"@type\":\"BreadcrumbList\",\"@id\":\"https:\\\/\\\/wp.kristdemokraterna.se\\\/dalarna\\\/sms-livraddare-i-dalarna-men-m-amp-sd-rostade-nej\\\/#breadcrumb\",\"itemListElement\":[{\"@type\":\"ListItem\",\"position\":1,\"name\":\"Hem\",\"item\":\"https:\\\/\\\/wp.kristdemokraterna.se\\\/dalarna\\\/\"},{\"@type\":\"ListItem\",\"position\":2,\"name\":\"Sms-livr\u00e4ddare i Dalarna, men M &amp; SD r\u00f6stade nej\"}]},{\"@type\":\"WebSite\",\"@id\":\"https:\\\/\\\/wp.kristdemokraterna.se\\\/dalarna\\\/#website\",\"url\":\"https:\\\/\\\/wp.kristdemokraterna.se\\\/dalarna\\\/\",\"name\":\"Kristdemokraterna Dalarna\",\"description\":\"\",\"publisher\":{\"@id\":\"https:\\\/\\\/wp.kristdemokraterna.se\\\/dalarna\\\/#organization\"},\"inLanguage\":\"sv-SE\"},{\"@type\":\"Organization\",\"@id\":\"https:\\\/\\\/wp.kristdemokraterna.se\\\/dalarna\\\/#organization\",\"name\":\"Kristdemokraterna Dalarna\",\"url\":\"https:\\\/\\\/wp.kristdemokraterna.se\\\/dalarna\\\/\",\"logo\":{\"@type\":\"ImageObject\",\"inLanguage\":\"sv-SE\",\"@id\":\"https:\\\/\\\/wp.kristdemokraterna.se\\\/dalarna\\\/#\\\/schema\\\/logo\\\/image\\\/\",\"url\":\"https:\\\/\\\/wp.kristdemokraterna.se\\\/dalarna\\\/files\\\/2022\\\/08\\\/dalarna-sida-bla-300dpi.png\",\"contentUrl\":\"https:\\\/\\\/wp.kristdemokraterna.se\\\/dalarna\\\/files\\\/2022\\\/08\\\/dalarna-sida-bla-300dpi.png\",\"width\":1477,\"height\":681,\"caption\":\"Kristdemokraterna Dalarna\"},\"image\":{\"@id\":\"https:\\\/\\\/wp.kristdemokraterna.se\\\/dalarna\\\/#\\\/schema\\\/logo\\\/image\\\/\"}},{\"@type\":\"Person\",\"@id\":\"https:\\\/\\\/wp.kristdemokraterna.se\\\/dalarna\\\/#\\\/schema\\\/person\\\/7611175eb955130b2fc127e0992fdffc\",\"name\":\"oliver\",\"image\":{\"@type\":\"ImageObject\",\"inLanguage\":\"sv-SE\",\"@id\":\"https:\\\/\\\/secure.gravatar.com\\\/avatar\\\/bf91bfa2870e8b9c37378dca6b35b68f39af1750e31e39ac91e8ffb52bcdde21?s=96&r=g\",\"url\":\"https:\\\/\\\/secure.gravatar.com\\\/avatar\\\/bf91bfa2870e8b9c37378dca6b35b68f39af1750e31e39ac91e8ffb52bcdde21?s=96&r=g\",\"contentUrl\":\"https:\\\/\\\/secure.gravatar.com\\\/avatar\\\/bf91bfa2870e8b9c37378dca6b35b68f39af1750e31e39ac91e8ffb52bcdde21?s=96&r=g\",\"caption\":\"oliver\"},\"url\":\"https:\\\/\\\/wp.kristdemokraterna.se\\\/dalarna\\\/author\\\/oliver\\\/\"}]}<\/script>\n<!-- \/ Yoast SEO plugin. -->","yoast_head_json":{"title":"Sms-livr\u00e4ddare i Dalarna, men M &amp; SD r\u00f6stade nej - Kristdemokraterna Dalarna","robots":{"index":"index","follow":"follow","max-snippet":"max-snippet:-1","max-image-preview":"max-image-preview:large","max-video-preview":"max-video-preview:-1"},"canonical":"https:\/\/wp.kristdemokraterna.se\/dalarna\/sms-livraddare-i-dalarna-men-m-amp-sd-rostade-nej\/","og_locale":"sv_SE","og_type":"article","og_title":"Sms-livr\u00e4ddare i Dalarna, men M &amp; SD r\u00f6stade nej - Kristdemokraterna Dalarna","og_description":"\u00c4ntligen har vi, Samling f\u00f6r Dalarna, beslutat om att inf\u00f6ra Sms-livr\u00e4ddare \u2013 en tj\u00e4nst som inneb\u00e4r att frivilliga med kunskap inom hj\u00e4rt-lungr\u00e4ddning (HLR) larmas via en app och griper in vid hj\u00e4rtstopp. Uppseendev\u00e4ckande \u00e4r det att b\u00e5de Moderaterna (M) och Sverigedemokraterna (SD) yrkade avslag och reserverade sig mot beslutet. Varje \u00e5r drabbas runt 200 personer Read More","og_url":"https:\/\/wp.kristdemokraterna.se\/dalarna\/sms-livraddare-i-dalarna-men-m-amp-sd-rostade-nej\/","og_site_name":"Kristdemokraterna Dalarna","article_published_time":"2024-01-29T09:35:42+00:00","article_modified_time":"2025-02-07T09:36:06+00:00","author":"oliver","twitter_card":"summary_large_image","twitter_misc":{"Skriven av":"oliver","Ber\u00e4knad l\u00e4stid":"2 minuter"},"schema":{"@context":"https:\/\/schema.org","@graph":[{"@type":"Article","@id":"https:\/\/wp.kristdemokraterna.se\/dalarna\/sms-livraddare-i-dalarna-men-m-amp-sd-rostade-nej\/#article","isPartOf":{"@id":"https:\/\/wp.kristdemokraterna.se\/dalarna\/sms-livraddare-i-dalarna-men-m-amp-sd-rostade-nej\/"},"author":{"name":"oliver","@id":"https:\/\/wp.kristdemokraterna.se\/dalarna\/#\/schema\/person\/7611175eb955130b2fc127e0992fdffc"},"headline":"Sms-livr\u00e4ddare i Dalarna, men M &amp; SD r\u00f6stade nej","datePublished":"2024-01-29T09:35:42+00:00","dateModified":"2025-02-07T09:36:06+00:00","mainEntityOfPage":{"@id":"https:\/\/wp.kristdemokraterna.se\/dalarna\/sms-livraddare-i-dalarna-men-m-amp-sd-rostade-nej\/"},"wordCount":412,"publisher":{"@id":"https:\/\/wp.kristdemokraterna.se\/dalarna\/#organization"},"articleSection":["Nyheter"],"inLanguage":"sv-SE"},{"@type":"WebPage","@id":"https:\/\/wp.kristdemokraterna.se\/dalarna\/sms-livraddare-i-dalarna-men-m-amp-sd-rostade-nej\/","url":"https:\/\/wp.kristdemokraterna.se\/dalarna\/sms-livraddare-i-dalarna-men-m-amp-sd-rostade-nej\/","name":"Sms-livr\u00e4ddare i Dalarna, men M &amp; SD r\u00f6stade nej - Kristdemokraterna Dalarna","isPartOf":{"@id":"https:\/\/wp.kristdemokraterna.se\/dalarna\/#website"},"datePublished":"2024-01-29T09:35:42+00:00","dateModified":"2025-02-07T09:36:06+00:00","breadcrumb":{"@id":"https:\/\/wp.kristdemokraterna.se\/dalarna\/sms-livraddare-i-dalarna-men-m-amp-sd-rostade-nej\/#breadcrumb"},"inLanguage":"sv-SE","potentialAction":[{"@type":"ReadAction","target":["https:\/\/wp.kristdemokraterna.se\/dalarna\/sms-livraddare-i-dalarna-men-m-amp-sd-rostade-nej\/"]}]},{"@type":"BreadcrumbList","@id":"https:\/\/wp.kristdemokraterna.se\/dalarna\/sms-livraddare-i-dalarna-men-m-amp-sd-rostade-nej\/#breadcrumb","itemListElement":[{"@type":"ListItem","position":1,"name":"Hem","item":"https:\/\/wp.kristdemokraterna.se\/dalarna\/"},{"@type":"ListItem","position":2,"name":"Sms-livr\u00e4ddare i Dalarna, men M &amp; SD r\u00f6stade nej"}]},{"@type":"WebSite","@id":"https:\/\/wp.kristdemokraterna.se\/dalarna\/#website","url":"https:\/\/wp.kristdemokraterna.se\/dalarna\/","name":"Kristdemokraterna Dalarna","description":"","publisher":{"@id":"https:\/\/wp.kristdemokraterna.se\/dalarna\/#organization"},"inLanguage":"sv-SE"},{"@type":"Organization","@id":"https:\/\/wp.kristdemokraterna.se\/dalarna\/#organization","name":"Kristdemokraterna Dalarna","url":"https:\/\/wp.kristdemokraterna.se\/dalarna\/","logo":{"@type":"ImageObject","inLanguage":"sv-SE","@id":"https:\/\/wp.kristdemokraterna.se\/dalarna\/#\/schema\/logo\/image\/","url":"https:\/\/wp.kristdemokraterna.se\/dalarna\/files\/2022\/08\/dalarna-sida-bla-300dpi.png","contentUrl":"https:\/\/wp.kristdemokraterna.se\/dalarna\/files\/2022\/08\/dalarna-sida-bla-300dpi.png","width":1477,"height":681,"caption":"Kristdemokraterna Dalarna"},"image":{"@id":"https:\/\/wp.kristdemokraterna.se\/dalarna\/#\/schema\/logo\/image\/"}},{"@type":"Person","@id":"https:\/\/wp.kristdemokraterna.se\/dalarna\/#\/schema\/person\/7611175eb955130b2fc127e0992fdffc","name":"oliver","image":{"@type":"ImageObject","inLanguage":"sv-SE","@id":"https:\/\/secure.gravatar.com\/avatar\/bf91bfa2870e8b9c37378dca6b35b68f39af1750e31e39ac91e8ffb52bcdde21?s=96&r=g","url":"https:\/\/secure.gravatar.com\/avatar\/bf91bfa2870e8b9c37378dca6b35b68f39af1750e31e39ac91e8ffb52bcdde21?s=96&r=g","contentUrl":"https:\/\/secure.gravatar.com\/avatar\/bf91bfa2870e8b9c37378dca6b35b68f39af1750e31e39ac91e8ffb52bcdde21?s=96&r=g","caption":"oliver"},"url":"https:\/\/wp.kristdemokraterna.se\/dalarna\/author\/oliver\/"}]}},"_links":{"self":[{"href":"https:\/\/wp.kristdemokraterna.se\/dalarna\/wp-json\/wp\/v2\/posts\/1007","targetHints":{"allow":["GET"]}}],"collection":[{"href":"https:\/\/wp.kristdemokraterna.se\/dalarna\/wp-json\/wp\/v2\/posts"}],"about":[{"href":"https:\/\/wp.kristdemokraterna.se\/dalarna\/wp-json\/wp\/v2\/types\/post"}],"author":[{"embeddable":true,"href":"https:\/\/wp.kristdemokraterna.se\/dalarna\/wp-json\/wp\/v2\/users\/958"}],"replies":[{"embeddable":true,"href":"https:\/\/wp.kristdemokraterna.se\/dalarna\/wp-json\/wp\/v2\/comments?post=1007"}],"version-history":[{"count":1,"href":"https:\/\/wp.kristdemokraterna.se\/dalarna\/wp-json\/wp\/v2\/posts\/1007\/revisions"}],"predecessor-version":[{"id":1008,"href":"https:\/\/wp.kristdemokraterna.se\/dalarna\/wp-json\/wp\/v2\/posts\/1007\/revisions\/1008"}],"wp:attachment":[{"href":"https:\/\/wp.kristdemokraterna.se\/dalarna\/wp-json\/wp\/v2\/media?parent=1007"}],"wp:term":[{"taxonomy":"category","embeddable":true,"href":"https:\/\/wp.kristdemokraterna.se\/dalarna\/wp-json\/wp\/v2\/categories?post=1007"},{"taxonomy":"post_tag","embeddable":true,"href":"https:\/\/wp.kristdemokraterna.se\/dalarna\/wp-json\/wp\/v2\/tags?post=1007"}],"curies":[{"name":"wp","href":"https:\/\/api.w.org\/{rel}","templated":true}]}}