{"id":1009,"date":"2024-01-29T10:36:14","date_gmt":"2024-01-29T09:36:14","guid":{"rendered":"https:\/\/wp.kristdemokraterna.se\/dalarna\/?p=1009"},"modified":"2025-02-07T10:36:45","modified_gmt":"2025-02-07T09:36:45","slug":"kd-fel-att-eu-hojer-aldersgransen-for-epa","status":"publish","type":"post","link":"https:\/\/wp.kristdemokraterna.se\/dalarna\/kd-fel-att-eu-hojer-aldersgransen-for-epa\/","title":{"rendered":"KD: Fel att EU h\u00f6jer \u00e5ldersgr\u00e4nsen f\u00f6r EPA"},"content":{"rendered":"<p style=\"font-weight: 400\">Europaparlamentet har i veckan r\u00f6stat om att h\u00f6ja \u00e5ldersgr\u00e4nsen f\u00f6r A-traktor fr\u00e5n 15 till 16 \u00e5r. KD och den kristdemokratiska partigruppen r\u00f6stade emot detta, men f\u00f6rslaget om h\u00f6jd \u00e5ldersgr\u00e4ns gick \u00e4nd\u00e5 igenom. Det \u00e4r mycket beklagligt och ett tydligt exempel p\u00e5 n\u00e4r det svenska perspektivet inte har f\u00e5tt ta plats i EU.<\/p>\n<p style=\"font-weight: 400\">\n<p style=\"font-weight: 400\">Hela Sverige m\u00e5ste fungera, och A-traktorn \u00e4r otroligt viktig f\u00f6r m\u00e5nga ungdomar, s\u00e4rskilt p\u00e5 landsbygden. Den beh\u00f6vs som f\u00e4rdmedel f\u00f6r att unga ska kunna ta sig till skolan, jobbet och sina fritidsaktiviteter. Den inneb\u00e4r ocks\u00e5 en frihet \u2013 en frihet som EU inte borde till\u00e5tas att begr\u00e4nsa.<\/p>\n<p style=\"font-weight: 400\">\n<p style=\"font-weight: 400\">Samtliga svenska europaparlamentariker, f\u00f6rutom de fr\u00e5n V och MP, r\u00f6stade f\u00f6rst f\u00f6r en l\u00e4gre \u00e5ldersgr\u00e4ns p\u00e5 15 \u00e5r i delvoteringen. Merparten av den socialdemokratiska, den gr\u00f6na och den liberala europeiska partigruppen r\u00f6stade dock f\u00f6r en h\u00f6jd \u00e5ldersgr\u00e4ns, vilket \u00e4ven de svenska ledam\u00f6terna fr\u00e5n S, MP och L m\u00e4rkligt nog gjorde i slutvoteringen. KD, M och SD var de enda som i alla omr\u00f6stningar sa nej.<\/p>\n<p style=\"font-weight: 400\">\n<p style=\"font-weight: 400\">\u00c4n \u00e4r fr\u00e5gan dock inte helt avgjord. F\u00f6rslaget ska nu f\u00f6rhandlas med EU-l\u00e4ndernas regeringar. Tidigare under mandatperioden var ett totalt f\u00f6rbud av A-traktorn p\u00e5 bordet. D\u00e5 var det v\u00e5r infrastrukturminister Andreas Carlson (KD) som i f\u00f6rhandlingar lyckades r\u00e4dda A-traktorn. Sj\u00e4lvfallet kommer KD och regeringen \u00e4ven denna g\u00e5ng arbeta h\u00e5rt f\u00f6r att det h\u00e4r f\u00f6rslaget ska f\u00f6r\u00e4ndras.<\/p>\n<p style=\"font-weight: 400\">\n<p style=\"font-weight: 400\">EU ska inte g\u00f6ra livet sv\u00e5rare f\u00f6r v\u00e5ra ungdomar p\u00e5 landsbygden. A-traktorn \u00e4r viktig, och vi m\u00e5ste f\u00f6rsvara v\u00e5ra svenska best\u00e4mmelser och vara tydliga med vad vi inte tycker att EU ska best\u00e4mma \u00f6ver. Det \u00e4r en central utg\u00e5ngspunkt f\u00f6r oss kristdemokrater inf\u00f6r det stundande EU-valet den 9 juni.<\/p>\n<p style=\"font-weight: 400\">\n<p style=\"font-weight: 400\">Birgitta Sacr\u00e9deus (KD), regionr\u00e5d och kandidat till Europaparlamentet<\/p>\n","protected":false},"excerpt":{"rendered":"<p>Europaparlamentet har i veckan r\u00f6stat om att h\u00f6ja \u00e5ldersgr\u00e4nsen f\u00f6r A-traktor fr\u00e5n 15 till 16 \u00e5r. KD och den kristdemokratiska partigruppen r\u00f6stade emot detta, men f\u00f6rslaget om h\u00f6jd \u00e5ldersgr\u00e4ns gick \u00e4nd\u00e5 igenom. Det \u00e4r mycket beklagligt och ett tydligt exempel p\u00e5 n\u00e4r det svenska perspektivet inte har f\u00e5tt ta plats i EU. Hela Sverige m\u00e5ste <a class=\"read-more-link\" href=\"https:\/\/wp.kristdemokraterna.se\/dalarna\/kd-fel-att-eu-hojer-aldersgransen-for-epa\/\">Read More<\/a><\/p>\n","protected":false},"author":958,"featured_media":0,"comment_status":"closed","ping_status":"closed","sticky":false,"template":"","format":"standard","meta":{"_acf_changed":false,"footnotes":""},"categories":[12],"tags":[],"class_list":["post-1009","post","type-post","status-publish","format-standard","hentry","category-nyheter"],"acf":[],"yoast_head":"<!-- This site is optimized with the Yoast SEO plugin v27.5 - https:\/\/yoast.com\/product\/yoast-seo-wordpress\/ -->\n<title>KD: Fel att EU h\u00f6jer \u00e5ldersgr\u00e4nsen f\u00f6r EPA - Kristdemokraterna Dalarna<\/title>\n<meta name=\"robots\" content=\"index, follow, max-snippet:-1, max-image-preview:large, max-video-preview:-1\" \/>\n<link rel=\"canonical\" href=\"https:\/\/wp.kristdemokraterna.se\/dalarna\/kd-fel-att-eu-hojer-aldersgransen-for-epa\/\" \/>\n<meta property=\"og:locale\" content=\"sv_SE\" \/>\n<meta property=\"og:type\" content=\"article\" \/>\n<meta property=\"og:title\" content=\"KD: Fel att EU h\u00f6jer \u00e5ldersgr\u00e4nsen f\u00f6r EPA - Kristdemokraterna Dalarna\" \/>\n<meta property=\"og:description\" content=\"Europaparlamentet har i veckan r\u00f6stat om att h\u00f6ja \u00e5ldersgr\u00e4nsen f\u00f6r A-traktor fr\u00e5n 15 till 16 \u00e5r. KD och den kristdemokratiska partigruppen r\u00f6stade emot detta, men f\u00f6rslaget om h\u00f6jd \u00e5ldersgr\u00e4ns gick \u00e4nd\u00e5 igenom. Det \u00e4r mycket beklagligt och ett tydligt exempel p\u00e5 n\u00e4r det svenska perspektivet inte har f\u00e5tt ta plats i EU. Hela Sverige m\u00e5ste Read More\" \/>\n<meta property=\"og:url\" content=\"https:\/\/wp.kristdemokraterna.se\/dalarna\/kd-fel-att-eu-hojer-aldersgransen-for-epa\/\" \/>\n<meta property=\"og:site_name\" content=\"Kristdemokraterna Dalarna\" \/>\n<meta property=\"article:published_time\" content=\"2024-01-29T09:36:14+00:00\" \/>\n<meta property=\"article:modified_time\" content=\"2025-02-07T09:36:45+00:00\" \/>\n<meta name=\"author\" content=\"oliver\" \/>\n<meta name=\"twitter:card\" content=\"summary_large_image\" \/>\n<meta name=\"twitter:label1\" content=\"Skriven av\" \/>\n\t<meta name=\"twitter:data1\" content=\"oliver\" \/>\n\t<meta name=\"twitter:label2\" content=\"Ber\u00e4knad l\u00e4stid\" \/>\n\t<meta name=\"twitter:data2\" content=\"2 minuter\" \/>\n<script type=\"application\/ld+json\" class=\"yoast-schema-graph\">{\"@context\":\"https:\\\/\\\/schema.org\",\"@graph\":[{\"@type\":\"Article\",\"@id\":\"https:\\\/\\\/wp.kristdemokraterna.se\\\/dalarna\\\/kd-fel-att-eu-hojer-aldersgransen-for-epa\\\/#article\",\"isPartOf\":{\"@id\":\"https:\\\/\\\/wp.kristdemokraterna.se\\\/dalarna\\\/kd-fel-att-eu-hojer-aldersgransen-for-epa\\\/\"},\"author\":{\"name\":\"oliver\",\"@id\":\"https:\\\/\\\/wp.kristdemokraterna.se\\\/dalarna\\\/#\\\/schema\\\/person\\\/7611175eb955130b2fc127e0992fdffc\"},\"headline\":\"KD: Fel att EU h\u00f6jer \u00e5ldersgr\u00e4nsen f\u00f6r EPA\",\"datePublished\":\"2024-01-29T09:36:14+00:00\",\"dateModified\":\"2025-02-07T09:36:45+00:00\",\"mainEntityOfPage\":{\"@id\":\"https:\\\/\\\/wp.kristdemokraterna.se\\\/dalarna\\\/kd-fel-att-eu-hojer-aldersgransen-for-epa\\\/\"},\"wordCount\":350,\"publisher\":{\"@id\":\"https:\\\/\\\/wp.kristdemokraterna.se\\\/dalarna\\\/#organization\"},\"articleSection\":[\"Nyheter\"],\"inLanguage\":\"sv-SE\"},{\"@type\":\"WebPage\",\"@id\":\"https:\\\/\\\/wp.kristdemokraterna.se\\\/dalarna\\\/kd-fel-att-eu-hojer-aldersgransen-for-epa\\\/\",\"url\":\"https:\\\/\\\/wp.kristdemokraterna.se\\\/dalarna\\\/kd-fel-att-eu-hojer-aldersgransen-for-epa\\\/\",\"name\":\"KD: Fel att EU h\u00f6jer \u00e5ldersgr\u00e4nsen f\u00f6r EPA - Kristdemokraterna Dalarna\",\"isPartOf\":{\"@id\":\"https:\\\/\\\/wp.kristdemokraterna.se\\\/dalarna\\\/#website\"},\"datePublished\":\"2024-01-29T09:36:14+00:00\",\"dateModified\":\"2025-02-07T09:36:45+00:00\",\"breadcrumb\":{\"@id\":\"https:\\\/\\\/wp.kristdemokraterna.se\\\/dalarna\\\/kd-fel-att-eu-hojer-aldersgransen-for-epa\\\/#breadcrumb\"},\"inLanguage\":\"sv-SE\",\"potentialAction\":[{\"@type\":\"ReadAction\",\"target\":[\"https:\\\/\\\/wp.kristdemokraterna.se\\\/dalarna\\\/kd-fel-att-eu-hojer-aldersgransen-for-epa\\\/\"]}]},{\"@type\":\"BreadcrumbList\",\"@id\":\"https:\\\/\\\/wp.kristdemokraterna.se\\\/dalarna\\\/kd-fel-att-eu-hojer-aldersgransen-for-epa\\\/#breadcrumb\",\"itemListElement\":[{\"@type\":\"ListItem\",\"position\":1,\"name\":\"Hem\",\"item\":\"https:\\\/\\\/wp.kristdemokraterna.se\\\/dalarna\\\/\"},{\"@type\":\"ListItem\",\"position\":2,\"name\":\"KD: Fel att EU h\u00f6jer \u00e5ldersgr\u00e4nsen f\u00f6r EPA\"}]},{\"@type\":\"WebSite\",\"@id\":\"https:\\\/\\\/wp.kristdemokraterna.se\\\/dalarna\\\/#website\",\"url\":\"https:\\\/\\\/wp.kristdemokraterna.se\\\/dalarna\\\/\",\"name\":\"Kristdemokraterna Dalarna\",\"description\":\"\",\"publisher\":{\"@id\":\"https:\\\/\\\/wp.kristdemokraterna.se\\\/dalarna\\\/#organization\"},\"inLanguage\":\"sv-SE\"},{\"@type\":\"Organization\",\"@id\":\"https:\\\/\\\/wp.kristdemokraterna.se\\\/dalarna\\\/#organization\",\"name\":\"Kristdemokraterna Dalarna\",\"url\":\"https:\\\/\\\/wp.kristdemokraterna.se\\\/dalarna\\\/\",\"logo\":{\"@type\":\"ImageObject\",\"inLanguage\":\"sv-SE\",\"@id\":\"https:\\\/\\\/wp.kristdemokraterna.se\\\/dalarna\\\/#\\\/schema\\\/logo\\\/image\\\/\",\"url\":\"https:\\\/\\\/wp.kristdemokraterna.se\\\/dalarna\\\/files\\\/2022\\\/08\\\/dalarna-sida-bla-300dpi.png\",\"contentUrl\":\"https:\\\/\\\/wp.kristdemokraterna.se\\\/dalarna\\\/files\\\/2022\\\/08\\\/dalarna-sida-bla-300dpi.png\",\"width\":1477,\"height\":681,\"caption\":\"Kristdemokraterna Dalarna\"},\"image\":{\"@id\":\"https:\\\/\\\/wp.kristdemokraterna.se\\\/dalarna\\\/#\\\/schema\\\/logo\\\/image\\\/\"}},{\"@type\":\"Person\",\"@id\":\"https:\\\/\\\/wp.kristdemokraterna.se\\\/dalarna\\\/#\\\/schema\\\/person\\\/7611175eb955130b2fc127e0992fdffc\",\"name\":\"oliver\",\"image\":{\"@type\":\"ImageObject\",\"inLanguage\":\"sv-SE\",\"@id\":\"https:\\\/\\\/secure.gravatar.com\\\/avatar\\\/bf91bfa2870e8b9c37378dca6b35b68f39af1750e31e39ac91e8ffb52bcdde21?s=96&r=g\",\"url\":\"https:\\\/\\\/secure.gravatar.com\\\/avatar\\\/bf91bfa2870e8b9c37378dca6b35b68f39af1750e31e39ac91e8ffb52bcdde21?s=96&r=g\",\"contentUrl\":\"https:\\\/\\\/secure.gravatar.com\\\/avatar\\\/bf91bfa2870e8b9c37378dca6b35b68f39af1750e31e39ac91e8ffb52bcdde21?s=96&r=g\",\"caption\":\"oliver\"},\"url\":\"https:\\\/\\\/wp.kristdemokraterna.se\\\/dalarna\\\/author\\\/oliver\\\/\"}]}<\/script>\n<!-- \/ Yoast SEO plugin. -->","yoast_head_json":{"title":"KD: Fel att EU h\u00f6jer \u00e5ldersgr\u00e4nsen f\u00f6r EPA - Kristdemokraterna Dalarna","robots":{"index":"index","follow":"follow","max-snippet":"max-snippet:-1","max-image-preview":"max-image-preview:large","max-video-preview":"max-video-preview:-1"},"canonical":"https:\/\/wp.kristdemokraterna.se\/dalarna\/kd-fel-att-eu-hojer-aldersgransen-for-epa\/","og_locale":"sv_SE","og_type":"article","og_title":"KD: Fel att EU h\u00f6jer \u00e5ldersgr\u00e4nsen f\u00f6r EPA - Kristdemokraterna Dalarna","og_description":"Europaparlamentet har i veckan r\u00f6stat om att h\u00f6ja \u00e5ldersgr\u00e4nsen f\u00f6r A-traktor fr\u00e5n 15 till 16 \u00e5r. KD och den kristdemokratiska partigruppen r\u00f6stade emot detta, men f\u00f6rslaget om h\u00f6jd \u00e5ldersgr\u00e4ns gick \u00e4nd\u00e5 igenom. Det \u00e4r mycket beklagligt och ett tydligt exempel p\u00e5 n\u00e4r det svenska perspektivet inte har f\u00e5tt ta plats i EU. Hela Sverige m\u00e5ste Read More","og_url":"https:\/\/wp.kristdemokraterna.se\/dalarna\/kd-fel-att-eu-hojer-aldersgransen-for-epa\/","og_site_name":"Kristdemokraterna Dalarna","article_published_time":"2024-01-29T09:36:14+00:00","article_modified_time":"2025-02-07T09:36:45+00:00","author":"oliver","twitter_card":"summary_large_image","twitter_misc":{"Skriven av":"oliver","Ber\u00e4knad l\u00e4stid":"2 minuter"},"schema":{"@context":"https:\/\/schema.org","@graph":[{"@type":"Article","@id":"https:\/\/wp.kristdemokraterna.se\/dalarna\/kd-fel-att-eu-hojer-aldersgransen-for-epa\/#article","isPartOf":{"@id":"https:\/\/wp.kristdemokraterna.se\/dalarna\/kd-fel-att-eu-hojer-aldersgransen-for-epa\/"},"author":{"name":"oliver","@id":"https:\/\/wp.kristdemokraterna.se\/dalarna\/#\/schema\/person\/7611175eb955130b2fc127e0992fdffc"},"headline":"KD: Fel att EU h\u00f6jer \u00e5ldersgr\u00e4nsen f\u00f6r EPA","datePublished":"2024-01-29T09:36:14+00:00","dateModified":"2025-02-07T09:36:45+00:00","mainEntityOfPage":{"@id":"https:\/\/wp.kristdemokraterna.se\/dalarna\/kd-fel-att-eu-hojer-aldersgransen-for-epa\/"},"wordCount":350,"publisher":{"@id":"https:\/\/wp.kristdemokraterna.se\/dalarna\/#organization"},"articleSection":["Nyheter"],"inLanguage":"sv-SE"},{"@type":"WebPage","@id":"https:\/\/wp.kristdemokraterna.se\/dalarna\/kd-fel-att-eu-hojer-aldersgransen-for-epa\/","url":"https:\/\/wp.kristdemokraterna.se\/dalarna\/kd-fel-att-eu-hojer-aldersgransen-for-epa\/","name":"KD: Fel att EU h\u00f6jer \u00e5ldersgr\u00e4nsen f\u00f6r EPA - Kristdemokraterna Dalarna","isPartOf":{"@id":"https:\/\/wp.kristdemokraterna.se\/dalarna\/#website"},"datePublished":"2024-01-29T09:36:14+00:00","dateModified":"2025-02-07T09:36:45+00:00","breadcrumb":{"@id":"https:\/\/wp.kristdemokraterna.se\/dalarna\/kd-fel-att-eu-hojer-aldersgransen-for-epa\/#breadcrumb"},"inLanguage":"sv-SE","potentialAction":[{"@type":"ReadAction","target":["https:\/\/wp.kristdemokraterna.se\/dalarna\/kd-fel-att-eu-hojer-aldersgransen-for-epa\/"]}]},{"@type":"BreadcrumbList","@id":"https:\/\/wp.kristdemokraterna.se\/dalarna\/kd-fel-att-eu-hojer-aldersgransen-for-epa\/#breadcrumb","itemListElement":[{"@type":"ListItem","position":1,"name":"Hem","item":"https:\/\/wp.kristdemokraterna.se\/dalarna\/"},{"@type":"ListItem","position":2,"name":"KD: Fel att EU h\u00f6jer \u00e5ldersgr\u00e4nsen f\u00f6r EPA"}]},{"@type":"WebSite","@id":"https:\/\/wp.kristdemokraterna.se\/dalarna\/#website","url":"https:\/\/wp.kristdemokraterna.se\/dalarna\/","name":"Kristdemokraterna Dalarna","description":"","publisher":{"@id":"https:\/\/wp.kristdemokraterna.se\/dalarna\/#organization"},"inLanguage":"sv-SE"},{"@type":"Organization","@id":"https:\/\/wp.kristdemokraterna.se\/dalarna\/#organization","name":"Kristdemokraterna Dalarna","url":"https:\/\/wp.kristdemokraterna.se\/dalarna\/","logo":{"@type":"ImageObject","inLanguage":"sv-SE","@id":"https:\/\/wp.kristdemokraterna.se\/dalarna\/#\/schema\/logo\/image\/","url":"https:\/\/wp.kristdemokraterna.se\/dalarna\/files\/2022\/08\/dalarna-sida-bla-300dpi.png","contentUrl":"https:\/\/wp.kristdemokraterna.se\/dalarna\/files\/2022\/08\/dalarna-sida-bla-300dpi.png","width":1477,"height":681,"caption":"Kristdemokraterna Dalarna"},"image":{"@id":"https:\/\/wp.kristdemokraterna.se\/dalarna\/#\/schema\/logo\/image\/"}},{"@type":"Person","@id":"https:\/\/wp.kristdemokraterna.se\/dalarna\/#\/schema\/person\/7611175eb955130b2fc127e0992fdffc","name":"oliver","image":{"@type":"ImageObject","inLanguage":"sv-SE","@id":"https:\/\/secure.gravatar.com\/avatar\/bf91bfa2870e8b9c37378dca6b35b68f39af1750e31e39ac91e8ffb52bcdde21?s=96&r=g","url":"https:\/\/secure.gravatar.com\/avatar\/bf91bfa2870e8b9c37378dca6b35b68f39af1750e31e39ac91e8ffb52bcdde21?s=96&r=g","contentUrl":"https:\/\/secure.gravatar.com\/avatar\/bf91bfa2870e8b9c37378dca6b35b68f39af1750e31e39ac91e8ffb52bcdde21?s=96&r=g","caption":"oliver"},"url":"https:\/\/wp.kristdemokraterna.se\/dalarna\/author\/oliver\/"}]}},"_links":{"self":[{"href":"https:\/\/wp.kristdemokraterna.se\/dalarna\/wp-json\/wp\/v2\/posts\/1009","targetHints":{"allow":["GET"]}}],"collection":[{"href":"https:\/\/wp.kristdemokraterna.se\/dalarna\/wp-json\/wp\/v2\/posts"}],"about":[{"href":"https:\/\/wp.kristdemokraterna.se\/dalarna\/wp-json\/wp\/v2\/types\/post"}],"author":[{"embeddable":true,"href":"https:\/\/wp.kristdemokraterna.se\/dalarna\/wp-json\/wp\/v2\/users\/958"}],"replies":[{"embeddable":true,"href":"https:\/\/wp.kristdemokraterna.se\/dalarna\/wp-json\/wp\/v2\/comments?post=1009"}],"version-history":[{"count":1,"href":"https:\/\/wp.kristdemokraterna.se\/dalarna\/wp-json\/wp\/v2\/posts\/1009\/revisions"}],"predecessor-version":[{"id":1010,"href":"https:\/\/wp.kristdemokraterna.se\/dalarna\/wp-json\/wp\/v2\/posts\/1009\/revisions\/1010"}],"wp:attachment":[{"href":"https:\/\/wp.kristdemokraterna.se\/dalarna\/wp-json\/wp\/v2\/media?parent=1009"}],"wp:term":[{"taxonomy":"category","embeddable":true,"href":"https:\/\/wp.kristdemokraterna.se\/dalarna\/wp-json\/wp\/v2\/categories?post=1009"},{"taxonomy":"post_tag","embeddable":true,"href":"https:\/\/wp.kristdemokraterna.se\/dalarna\/wp-json\/wp\/v2\/tags?post=1009"}],"curies":[{"name":"wp","href":"https:\/\/api.w.org\/{rel}","templated":true}]}}