{"id":1011,"date":"2024-05-20T10:36:59","date_gmt":"2024-05-20T08:36:59","guid":{"rendered":"https:\/\/wp.kristdemokraterna.se\/dalarna\/?p=1011"},"modified":"2025-02-07T10:37:37","modified_gmt":"2025-02-07T09:37:37","slug":"nu-ar-det-dags-att-bli-sms-livraddare-i-dalarna","status":"publish","type":"post","link":"https:\/\/wp.kristdemokraterna.se\/dalarna\/nu-ar-det-dags-att-bli-sms-livraddare-i-dalarna\/","title":{"rendered":"Nu \u00e4r det dags att bli Sms-livr\u00e4ddare i Dalarna"},"content":{"rendered":"<p style=\"font-weight: 400\">Den 23 maj ansluter sig Region Dalarna till systemet Sms-livr\u00e4ddare \u2013 som den fjortonde regionen i landet. D\u00e5 kommer frivilliga med kunskap inom hj\u00e4rt-lungr\u00e4ddning (HLR) kunna gripa in vid hj\u00e4rtstopp runtom i l\u00e4net, med hj\u00e4lp av en app, och fler liv kommer att kunna r\u00e4ddas.<\/p>\n<p style=\"font-weight: 400\">\n<p style=\"font-weight: 400\">Det \u00e4r med ett utbristande \u201d\u00e4ntligen\u201d vi v\u00e4lkomnar detta. Efter att ha drivit fr\u00e5gan i flera \u00e5rs tid blir det nu verklighet \u2013 Sms-livr\u00e4ddare inf\u00f6rs i Dalarna. Detta tack vare en \u00f6verenskommelse som vi kristdemokrater har lyckats n\u00e5 med v\u00e5ra samarbetspartier i Samling f\u00f6r Dalarna.<\/p>\n<p style=\"font-weight: 400\">\n<p style=\"font-weight: 400\">Varje \u00e5r drabbas runt 200 personer i Dalarna av hj\u00e4rtstopp utanf\u00f6r sjukhus. D\u00e5 hj\u00e4lpen oftast dr\u00f6jer f\u00f6r l\u00e4nge \u00f6verlever enbart 10-15 procent. Med tanke p\u00e5 detta, och de l\u00e5nga avst\u00e5nden i v\u00e5rt glesbefolkade l\u00e4n, \u00e4r det en sj\u00e4lvklarhet att medborgarna beh\u00f6ver involveras i tidig HLR.<\/p>\n<p style=\"font-weight: 400\">\n<p style=\"font-weight: 400\">Om tidig HLR ges f\u00f6rdubblas chansen till \u00f6verlevnad, och det har visat sig att frivilliga ofta kan hinna fram f\u00f6re ambulansen. Enligt en studie fr\u00e5n Karolinska Institutet \u00f6kar 30-dagars\u00f6verlevnaden med 28 procent n\u00e4r frivilliga kallas, vilket i Dalarna inneb\u00e4r att ytterligare 5-6 liv skulle kunna r\u00e4ddas varje \u00e5r.<\/p>\n<p style=\"font-weight: 400\">\n<p style=\"font-weight: 400\">Sms-livr\u00e4ddare fungerar i samverkan med SOS Alarm. Efter samtal till 112 larmas frivilliga i n\u00e4rheten via en app, som visar en karta till den drabbade och till n\u00e4rmaste hj\u00e4rtstartare. I Dalarna finns \u00f6ver 700 hj\u00e4rtstartare, och redan har 2 200 personer i l\u00e4net registrerat sig i appen \u2013 trots att tj\u00e4nsten inte har inf\u00f6rts \u00e4nnu.<\/p>\n<p style=\"font-weight: 400\">\n<p style=\"font-weight: 400\">Vi vill nu passa p\u00e5 att uppmuntra \u00e4nnu fler att bli livr\u00e4ddare \u2013 l\u00e4ra sig HLR och registrera sig i appen Sms-livr\u00e4ddare. P\u00e5 s\u00e5 vis kan vi b\u00e5de r\u00e4dda fler liv i Dalarna, \u00f6ka tryggheten f\u00f6r medborgarna och h\u00f6ja beredskapen inf\u00f6r samh\u00e4llskriser. Kunskap inom HLR \u00e4r n\u00e4mligen h\u00f6gst v\u00e4sentligt b\u00e5de i fredstid och under krissituationer.<\/p>\n<p style=\"font-weight: 400\">\n<p style=\"font-weight: 400\">Genom att nu inf\u00f6ra Sms-livr\u00e4ddare den 23 maj ger vi f\u00f6ruts\u00e4ttningar f\u00f6r frivilliga att hj\u00e4lpa sina medm\u00e4nniskor. Vi g\u00f6r detta och hoppas att det kan leda till en v\u00e5g av godhet i Dalarna, med fler frivilliga, och att de regioner som kvarst\u00e5r ocks\u00e5 v\u00e4ljer att ansluta sig. Tillsammans kan vi r\u00e4dda liv.<\/p>\n<p style=\"font-weight: 400\">\n<p style=\"font-weight: 400\"><strong>Birgitta Sacr\u00e9deus (KD), regionr\u00e5d<\/strong><\/p>\n","protected":false},"excerpt":{"rendered":"<p>Den 23 maj ansluter sig Region Dalarna till systemet Sms-livr\u00e4ddare \u2013 som den fjortonde regionen i landet. D\u00e5 kommer frivilliga med kunskap inom hj\u00e4rt-lungr\u00e4ddning (HLR) kunna gripa in vid hj\u00e4rtstopp runtom i l\u00e4net, med hj\u00e4lp av en app, och fler liv kommer att kunna r\u00e4ddas. Det \u00e4r med ett utbristande \u201d\u00e4ntligen\u201d vi v\u00e4lkomnar detta. Efter <a class=\"read-more-link\" href=\"https:\/\/wp.kristdemokraterna.se\/dalarna\/nu-ar-det-dags-att-bli-sms-livraddare-i-dalarna\/\">Read More<\/a><\/p>\n","protected":false},"author":958,"featured_media":0,"comment_status":"closed","ping_status":"closed","sticky":false,"template":"","format":"standard","meta":{"_acf_changed":false,"footnotes":""},"categories":[12],"tags":[],"class_list":["post-1011","post","type-post","status-publish","format-standard","hentry","category-nyheter"],"acf":[],"yoast_head":"<!-- This site is optimized with the Yoast SEO plugin v27.5 - https:\/\/yoast.com\/product\/yoast-seo-wordpress\/ -->\n<title>Nu \u00e4r det dags att bli Sms-livr\u00e4ddare i Dalarna - Kristdemokraterna Dalarna<\/title>\n<meta name=\"robots\" content=\"index, follow, max-snippet:-1, max-image-preview:large, max-video-preview:-1\" \/>\n<link rel=\"canonical\" href=\"https:\/\/wp.kristdemokraterna.se\/dalarna\/nu-ar-det-dags-att-bli-sms-livraddare-i-dalarna\/\" \/>\n<meta property=\"og:locale\" content=\"sv_SE\" \/>\n<meta property=\"og:type\" content=\"article\" \/>\n<meta property=\"og:title\" content=\"Nu \u00e4r det dags att bli Sms-livr\u00e4ddare i Dalarna - Kristdemokraterna Dalarna\" \/>\n<meta property=\"og:description\" content=\"Den 23 maj ansluter sig Region Dalarna till systemet Sms-livr\u00e4ddare \u2013 som den fjortonde regionen i landet. D\u00e5 kommer frivilliga med kunskap inom hj\u00e4rt-lungr\u00e4ddning (HLR) kunna gripa in vid hj\u00e4rtstopp runtom i l\u00e4net, med hj\u00e4lp av en app, och fler liv kommer att kunna r\u00e4ddas. Det \u00e4r med ett utbristande \u201d\u00e4ntligen\u201d vi v\u00e4lkomnar detta. Efter Read More\" \/>\n<meta property=\"og:url\" content=\"https:\/\/wp.kristdemokraterna.se\/dalarna\/nu-ar-det-dags-att-bli-sms-livraddare-i-dalarna\/\" \/>\n<meta property=\"og:site_name\" content=\"Kristdemokraterna Dalarna\" \/>\n<meta property=\"article:published_time\" content=\"2024-05-20T08:36:59+00:00\" \/>\n<meta property=\"article:modified_time\" content=\"2025-02-07T09:37:37+00:00\" \/>\n<meta name=\"author\" content=\"oliver\" \/>\n<meta name=\"twitter:card\" content=\"summary_large_image\" \/>\n<meta name=\"twitter:label1\" content=\"Skriven av\" \/>\n\t<meta name=\"twitter:data1\" content=\"oliver\" \/>\n\t<meta name=\"twitter:label2\" content=\"Ber\u00e4knad l\u00e4stid\" \/>\n\t<meta name=\"twitter:data2\" content=\"2 minuter\" \/>\n<script type=\"application\/ld+json\" class=\"yoast-schema-graph\">{\"@context\":\"https:\\\/\\\/schema.org\",\"@graph\":[{\"@type\":\"Article\",\"@id\":\"https:\\\/\\\/wp.kristdemokraterna.se\\\/dalarna\\\/nu-ar-det-dags-att-bli-sms-livraddare-i-dalarna\\\/#article\",\"isPartOf\":{\"@id\":\"https:\\\/\\\/wp.kristdemokraterna.se\\\/dalarna\\\/nu-ar-det-dags-att-bli-sms-livraddare-i-dalarna\\\/\"},\"author\":{\"name\":\"oliver\",\"@id\":\"https:\\\/\\\/wp.kristdemokraterna.se\\\/dalarna\\\/#\\\/schema\\\/person\\\/7611175eb955130b2fc127e0992fdffc\"},\"headline\":\"Nu \u00e4r det dags att bli Sms-livr\u00e4ddare i Dalarna\",\"datePublished\":\"2024-05-20T08:36:59+00:00\",\"dateModified\":\"2025-02-07T09:37:37+00:00\",\"mainEntityOfPage\":{\"@id\":\"https:\\\/\\\/wp.kristdemokraterna.se\\\/dalarna\\\/nu-ar-det-dags-att-bli-sms-livraddare-i-dalarna\\\/\"},\"wordCount\":414,\"publisher\":{\"@id\":\"https:\\\/\\\/wp.kristdemokraterna.se\\\/dalarna\\\/#organization\"},\"articleSection\":[\"Nyheter\"],\"inLanguage\":\"sv-SE\"},{\"@type\":\"WebPage\",\"@id\":\"https:\\\/\\\/wp.kristdemokraterna.se\\\/dalarna\\\/nu-ar-det-dags-att-bli-sms-livraddare-i-dalarna\\\/\",\"url\":\"https:\\\/\\\/wp.kristdemokraterna.se\\\/dalarna\\\/nu-ar-det-dags-att-bli-sms-livraddare-i-dalarna\\\/\",\"name\":\"Nu \u00e4r det dags att bli Sms-livr\u00e4ddare i Dalarna - Kristdemokraterna Dalarna\",\"isPartOf\":{\"@id\":\"https:\\\/\\\/wp.kristdemokraterna.se\\\/dalarna\\\/#website\"},\"datePublished\":\"2024-05-20T08:36:59+00:00\",\"dateModified\":\"2025-02-07T09:37:37+00:00\",\"breadcrumb\":{\"@id\":\"https:\\\/\\\/wp.kristdemokraterna.se\\\/dalarna\\\/nu-ar-det-dags-att-bli-sms-livraddare-i-dalarna\\\/#breadcrumb\"},\"inLanguage\":\"sv-SE\",\"potentialAction\":[{\"@type\":\"ReadAction\",\"target\":[\"https:\\\/\\\/wp.kristdemokraterna.se\\\/dalarna\\\/nu-ar-det-dags-att-bli-sms-livraddare-i-dalarna\\\/\"]}]},{\"@type\":\"BreadcrumbList\",\"@id\":\"https:\\\/\\\/wp.kristdemokraterna.se\\\/dalarna\\\/nu-ar-det-dags-att-bli-sms-livraddare-i-dalarna\\\/#breadcrumb\",\"itemListElement\":[{\"@type\":\"ListItem\",\"position\":1,\"name\":\"Hem\",\"item\":\"https:\\\/\\\/wp.kristdemokraterna.se\\\/dalarna\\\/\"},{\"@type\":\"ListItem\",\"position\":2,\"name\":\"Nu \u00e4r det dags att bli Sms-livr\u00e4ddare i Dalarna\"}]},{\"@type\":\"WebSite\",\"@id\":\"https:\\\/\\\/wp.kristdemokraterna.se\\\/dalarna\\\/#website\",\"url\":\"https:\\\/\\\/wp.kristdemokraterna.se\\\/dalarna\\\/\",\"name\":\"Kristdemokraterna Dalarna\",\"description\":\"\",\"publisher\":{\"@id\":\"https:\\\/\\\/wp.kristdemokraterna.se\\\/dalarna\\\/#organization\"},\"inLanguage\":\"sv-SE\"},{\"@type\":\"Organization\",\"@id\":\"https:\\\/\\\/wp.kristdemokraterna.se\\\/dalarna\\\/#organization\",\"name\":\"Kristdemokraterna Dalarna\",\"url\":\"https:\\\/\\\/wp.kristdemokraterna.se\\\/dalarna\\\/\",\"logo\":{\"@type\":\"ImageObject\",\"inLanguage\":\"sv-SE\",\"@id\":\"https:\\\/\\\/wp.kristdemokraterna.se\\\/dalarna\\\/#\\\/schema\\\/logo\\\/image\\\/\",\"url\":\"https:\\\/\\\/wp.kristdemokraterna.se\\\/dalarna\\\/files\\\/2022\\\/08\\\/dalarna-sida-bla-300dpi.png\",\"contentUrl\":\"https:\\\/\\\/wp.kristdemokraterna.se\\\/dalarna\\\/files\\\/2022\\\/08\\\/dalarna-sida-bla-300dpi.png\",\"width\":1477,\"height\":681,\"caption\":\"Kristdemokraterna Dalarna\"},\"image\":{\"@id\":\"https:\\\/\\\/wp.kristdemokraterna.se\\\/dalarna\\\/#\\\/schema\\\/logo\\\/image\\\/\"}},{\"@type\":\"Person\",\"@id\":\"https:\\\/\\\/wp.kristdemokraterna.se\\\/dalarna\\\/#\\\/schema\\\/person\\\/7611175eb955130b2fc127e0992fdffc\",\"name\":\"oliver\",\"image\":{\"@type\":\"ImageObject\",\"inLanguage\":\"sv-SE\",\"@id\":\"https:\\\/\\\/secure.gravatar.com\\\/avatar\\\/bf91bfa2870e8b9c37378dca6b35b68f39af1750e31e39ac91e8ffb52bcdde21?s=96&r=g\",\"url\":\"https:\\\/\\\/secure.gravatar.com\\\/avatar\\\/bf91bfa2870e8b9c37378dca6b35b68f39af1750e31e39ac91e8ffb52bcdde21?s=96&r=g\",\"contentUrl\":\"https:\\\/\\\/secure.gravatar.com\\\/avatar\\\/bf91bfa2870e8b9c37378dca6b35b68f39af1750e31e39ac91e8ffb52bcdde21?s=96&r=g\",\"caption\":\"oliver\"},\"url\":\"https:\\\/\\\/wp.kristdemokraterna.se\\\/dalarna\\\/author\\\/oliver\\\/\"}]}<\/script>\n<!-- \/ Yoast SEO plugin. -->","yoast_head_json":{"title":"Nu \u00e4r det dags att bli Sms-livr\u00e4ddare i Dalarna - Kristdemokraterna Dalarna","robots":{"index":"index","follow":"follow","max-snippet":"max-snippet:-1","max-image-preview":"max-image-preview:large","max-video-preview":"max-video-preview:-1"},"canonical":"https:\/\/wp.kristdemokraterna.se\/dalarna\/nu-ar-det-dags-att-bli-sms-livraddare-i-dalarna\/","og_locale":"sv_SE","og_type":"article","og_title":"Nu \u00e4r det dags att bli Sms-livr\u00e4ddare i Dalarna - Kristdemokraterna Dalarna","og_description":"Den 23 maj ansluter sig Region Dalarna till systemet Sms-livr\u00e4ddare \u2013 som den fjortonde regionen i landet. D\u00e5 kommer frivilliga med kunskap inom hj\u00e4rt-lungr\u00e4ddning (HLR) kunna gripa in vid hj\u00e4rtstopp runtom i l\u00e4net, med hj\u00e4lp av en app, och fler liv kommer att kunna r\u00e4ddas. Det \u00e4r med ett utbristande \u201d\u00e4ntligen\u201d vi v\u00e4lkomnar detta. Efter Read More","og_url":"https:\/\/wp.kristdemokraterna.se\/dalarna\/nu-ar-det-dags-att-bli-sms-livraddare-i-dalarna\/","og_site_name":"Kristdemokraterna Dalarna","article_published_time":"2024-05-20T08:36:59+00:00","article_modified_time":"2025-02-07T09:37:37+00:00","author":"oliver","twitter_card":"summary_large_image","twitter_misc":{"Skriven av":"oliver","Ber\u00e4knad l\u00e4stid":"2 minuter"},"schema":{"@context":"https:\/\/schema.org","@graph":[{"@type":"Article","@id":"https:\/\/wp.kristdemokraterna.se\/dalarna\/nu-ar-det-dags-att-bli-sms-livraddare-i-dalarna\/#article","isPartOf":{"@id":"https:\/\/wp.kristdemokraterna.se\/dalarna\/nu-ar-det-dags-att-bli-sms-livraddare-i-dalarna\/"},"author":{"name":"oliver","@id":"https:\/\/wp.kristdemokraterna.se\/dalarna\/#\/schema\/person\/7611175eb955130b2fc127e0992fdffc"},"headline":"Nu \u00e4r det dags att bli Sms-livr\u00e4ddare i Dalarna","datePublished":"2024-05-20T08:36:59+00:00","dateModified":"2025-02-07T09:37:37+00:00","mainEntityOfPage":{"@id":"https:\/\/wp.kristdemokraterna.se\/dalarna\/nu-ar-det-dags-att-bli-sms-livraddare-i-dalarna\/"},"wordCount":414,"publisher":{"@id":"https:\/\/wp.kristdemokraterna.se\/dalarna\/#organization"},"articleSection":["Nyheter"],"inLanguage":"sv-SE"},{"@type":"WebPage","@id":"https:\/\/wp.kristdemokraterna.se\/dalarna\/nu-ar-det-dags-att-bli-sms-livraddare-i-dalarna\/","url":"https:\/\/wp.kristdemokraterna.se\/dalarna\/nu-ar-det-dags-att-bli-sms-livraddare-i-dalarna\/","name":"Nu \u00e4r det dags att bli Sms-livr\u00e4ddare i Dalarna - Kristdemokraterna Dalarna","isPartOf":{"@id":"https:\/\/wp.kristdemokraterna.se\/dalarna\/#website"},"datePublished":"2024-05-20T08:36:59+00:00","dateModified":"2025-02-07T09:37:37+00:00","breadcrumb":{"@id":"https:\/\/wp.kristdemokraterna.se\/dalarna\/nu-ar-det-dags-att-bli-sms-livraddare-i-dalarna\/#breadcrumb"},"inLanguage":"sv-SE","potentialAction":[{"@type":"ReadAction","target":["https:\/\/wp.kristdemokraterna.se\/dalarna\/nu-ar-det-dags-att-bli-sms-livraddare-i-dalarna\/"]}]},{"@type":"BreadcrumbList","@id":"https:\/\/wp.kristdemokraterna.se\/dalarna\/nu-ar-det-dags-att-bli-sms-livraddare-i-dalarna\/#breadcrumb","itemListElement":[{"@type":"ListItem","position":1,"name":"Hem","item":"https:\/\/wp.kristdemokraterna.se\/dalarna\/"},{"@type":"ListItem","position":2,"name":"Nu \u00e4r det dags att bli Sms-livr\u00e4ddare i Dalarna"}]},{"@type":"WebSite","@id":"https:\/\/wp.kristdemokraterna.se\/dalarna\/#website","url":"https:\/\/wp.kristdemokraterna.se\/dalarna\/","name":"Kristdemokraterna Dalarna","description":"","publisher":{"@id":"https:\/\/wp.kristdemokraterna.se\/dalarna\/#organization"},"inLanguage":"sv-SE"},{"@type":"Organization","@id":"https:\/\/wp.kristdemokraterna.se\/dalarna\/#organization","name":"Kristdemokraterna Dalarna","url":"https:\/\/wp.kristdemokraterna.se\/dalarna\/","logo":{"@type":"ImageObject","inLanguage":"sv-SE","@id":"https:\/\/wp.kristdemokraterna.se\/dalarna\/#\/schema\/logo\/image\/","url":"https:\/\/wp.kristdemokraterna.se\/dalarna\/files\/2022\/08\/dalarna-sida-bla-300dpi.png","contentUrl":"https:\/\/wp.kristdemokraterna.se\/dalarna\/files\/2022\/08\/dalarna-sida-bla-300dpi.png","width":1477,"height":681,"caption":"Kristdemokraterna Dalarna"},"image":{"@id":"https:\/\/wp.kristdemokraterna.se\/dalarna\/#\/schema\/logo\/image\/"}},{"@type":"Person","@id":"https:\/\/wp.kristdemokraterna.se\/dalarna\/#\/schema\/person\/7611175eb955130b2fc127e0992fdffc","name":"oliver","image":{"@type":"ImageObject","inLanguage":"sv-SE","@id":"https:\/\/secure.gravatar.com\/avatar\/bf91bfa2870e8b9c37378dca6b35b68f39af1750e31e39ac91e8ffb52bcdde21?s=96&r=g","url":"https:\/\/secure.gravatar.com\/avatar\/bf91bfa2870e8b9c37378dca6b35b68f39af1750e31e39ac91e8ffb52bcdde21?s=96&r=g","contentUrl":"https:\/\/secure.gravatar.com\/avatar\/bf91bfa2870e8b9c37378dca6b35b68f39af1750e31e39ac91e8ffb52bcdde21?s=96&r=g","caption":"oliver"},"url":"https:\/\/wp.kristdemokraterna.se\/dalarna\/author\/oliver\/"}]}},"_links":{"self":[{"href":"https:\/\/wp.kristdemokraterna.se\/dalarna\/wp-json\/wp\/v2\/posts\/1011","targetHints":{"allow":["GET"]}}],"collection":[{"href":"https:\/\/wp.kristdemokraterna.se\/dalarna\/wp-json\/wp\/v2\/posts"}],"about":[{"href":"https:\/\/wp.kristdemokraterna.se\/dalarna\/wp-json\/wp\/v2\/types\/post"}],"author":[{"embeddable":true,"href":"https:\/\/wp.kristdemokraterna.se\/dalarna\/wp-json\/wp\/v2\/users\/958"}],"replies":[{"embeddable":true,"href":"https:\/\/wp.kristdemokraterna.se\/dalarna\/wp-json\/wp\/v2\/comments?post=1011"}],"version-history":[{"count":1,"href":"https:\/\/wp.kristdemokraterna.se\/dalarna\/wp-json\/wp\/v2\/posts\/1011\/revisions"}],"predecessor-version":[{"id":1013,"href":"https:\/\/wp.kristdemokraterna.se\/dalarna\/wp-json\/wp\/v2\/posts\/1011\/revisions\/1013"}],"wp:attachment":[{"href":"https:\/\/wp.kristdemokraterna.se\/dalarna\/wp-json\/wp\/v2\/media?parent=1011"}],"wp:term":[{"taxonomy":"category","embeddable":true,"href":"https:\/\/wp.kristdemokraterna.se\/dalarna\/wp-json\/wp\/v2\/categories?post=1011"},{"taxonomy":"post_tag","embeddable":true,"href":"https:\/\/wp.kristdemokraterna.se\/dalarna\/wp-json\/wp\/v2\/tags?post=1011"}],"curies":[{"name":"wp","href":"https:\/\/api.w.org\/{rel}","templated":true}]}}