{"id":1014,"date":"2024-06-30T10:37:43","date_gmt":"2024-06-30T08:37:43","guid":{"rendered":"https:\/\/wp.kristdemokraterna.se\/dalarna\/?p=1014"},"modified":"2025-02-07T10:38:05","modified_gmt":"2025-02-07T09:38:05","slug":"nu-kan-aven-morfar-vara-foraldraledig-tack-vare-kd","status":"publish","type":"post","link":"https:\/\/wp.kristdemokraterna.se\/dalarna\/nu-kan-aven-morfar-vara-foraldraledig-tack-vare-kd\/","title":{"rendered":"Nu kan \u00e4ven morfar vara f\u00f6r\u00e4ldraledig \u2013 tack vare KD"},"content":{"rendered":"<p style=\"font-weight: 400\">\u00c4ntligen! Den 1 juli tr\u00e4der nya regler i kraft f\u00f6r f\u00f6r\u00e4ldraf\u00f6rs\u00e4kringen. F\u00f6r\u00e4ldrar ges m\u00f6jlighet att \u00f6verl\u00e5ta 45 f\u00f6r\u00e4ldradagar vardera, 90 f\u00f6r den med ensam v\u00e5rdnad, till exempelvis en n\u00e4ra anh\u00f6rig. Och antalet dubbeldagar f\u00f6rdubblas fr\u00e5n 30 till 60. Detta tack vare familjepartiet Kristdemokraterna.<\/p>\n<p style=\"font-weight: 400\">\n<p style=\"font-weight: 400\">KD har l\u00e4nge varit p\u00e5drivande f\u00f6r en mer modern och flexibel f\u00f6r\u00e4ldraf\u00f6rs\u00e4kring. Och nu genomf\u00f6r regeringen allts\u00e5 en f\u00f6rsta reformering, som bland annat inneb\u00e4r att f\u00f6r\u00e4ldrar kan \u00f6verl\u00e5ta dagar med f\u00f6r\u00e4ldrapenning till en annan n\u00e4ra vuxen i barnets liv.<\/p>\n<p style=\"font-weight: 400\">\n<p style=\"font-weight: 400\">I och med detta beh\u00f6ver inte allt h\u00e4nga p\u00e5 mamman och pappan, utan fler kan hj\u00e4lpa till med familjepusslet. Det g\u00f6r att f\u00f6r\u00e4ldrar, inte minst sm\u00e5f\u00f6retagare som har sv\u00e5rt att l\u00e4mna sitt jobb, f\u00e5r det l\u00e4ttare att f\u00f6rena arbetsliv med familjeliv.<\/p>\n<p style=\"font-weight: 400\">\n<p style=\"font-weight: 400\">Att kunna \u00f6verl\u00e5ta dagar blir antagligen s\u00e4rskilt viktigt f\u00f6r f\u00f6r\u00e4ldrar med ensam v\u00e5rdnad, ofta kvinnor, och i familjer d\u00e4r f\u00f6r\u00e4ldraskapet av olika anledningar sviktar. En far- eller morf\u00f6r\u00e4lder, till exempel, f\u00e5r st\u00f6rre m\u00f6jligheter att hj\u00e4lpa till och samtidigt st\u00e4rka sina band till barnet.<\/p>\n<p style=\"font-weight: 400\">\n<p style=\"font-weight: 400\">F\u00f6rutom detta f\u00f6rdubblas \u00e4ven antalet dubbeldagar, det vill s\u00e4ga dagar som b\u00e5da f\u00f6r\u00e4ldrarna kan vara lediga tillsammans. Det blir ocks\u00e5 m\u00f6jligt att anv\u00e4nda dessa fram till att barnet \u00e4r 15 m\u00e5nader, j\u00e4mf\u00f6rt med 12 m\u00e5nader som det var tidigare.<\/p>\n<p style=\"font-weight: 400\">\n<p style=\"font-weight: 400\">Dubbeldagar har visat sig s\u00e4nka tr\u00f6sklar f\u00f6r pappor att vara f\u00f6r\u00e4ldralediga, st\u00e4rka barnets anknytning till b\u00e5da f\u00f6r\u00e4ldrarna och f\u00f6rb\u00e4ttra mammors h\u00e4lsa. Man ser ett minskat uttag av \u00e5ngestd\u00e4mpande medicin, st\u00f6rre m\u00f6jligheter att upps\u00f6ka efterv\u00e5rden och ett \u00f6kat v\u00e4lm\u00e5ende hos kvinnor, som effekter av just dubbeldagarna.<\/p>\n<p style=\"font-weight: 400\">\n<p style=\"font-weight: 400\">M\u00e5let f\u00f6r KD \u00e4r en helt fri f\u00f6r\u00e4ldraf\u00f6rs\u00e4kring, utan kvotering, d\u00e4r f\u00f6r\u00e4ldrar fritt kan \u00f6verl\u00e5ta sina dagar till varandra eller till andra, och d\u00e4r samtliga dagar kan anv\u00e4ndas som dubbeldagar. Det \u00e4r f\u00f6r\u00e4ldrar \u2013 inte politiker \u2013 som b\u00e4st avg\u00f6r hur f\u00f6r\u00e4ldraledigheten ska l\u00e4ggas upp, menar vi.<\/p>\n<p style=\"font-weight: 400\">\n<p style=\"font-weight: 400\">Det h\u00e4r \u00e4r ett viktigt steg p\u00e5 v\u00e4gen som st\u00e4rker f\u00f6r\u00e4ldrars makt att utforma sina egna liv och som \u00f6kar barnets anknytning till b\u00e5da f\u00f6r\u00e4ldrarna, eller andra n\u00e4rst\u00e5ende. Allt f\u00f6r barnets, och familjens, b\u00e4sta.<\/p>\n<p style=\"font-weight: 400\">\n<p style=\"font-weight: 400\">Birgitta Sacr\u00e9deus (KD), mormor\/farmor och ledamot i partistyrelsen, Mora<\/p>\n<p style=\"font-weight: 400\">Elin \u00c5hman (KD), mamma och ordf\u00f6rande i partidistriktet, Borl\u00e4nge<\/p>\n<p style=\"font-weight: 400\">Oliver Rolands (KD), sm\u00e5barnspappa och styrelseledamot i partiavdelningen, Leksand<\/p>\n","protected":false},"excerpt":{"rendered":"<p>\u00c4ntligen! Den 1 juli tr\u00e4der nya regler i kraft f\u00f6r f\u00f6r\u00e4ldraf\u00f6rs\u00e4kringen. F\u00f6r\u00e4ldrar ges m\u00f6jlighet att \u00f6verl\u00e5ta 45 f\u00f6r\u00e4ldradagar vardera, 90 f\u00f6r den med ensam v\u00e5rdnad, till exempelvis en n\u00e4ra anh\u00f6rig. Och antalet dubbeldagar f\u00f6rdubblas fr\u00e5n 30 till 60. Detta tack vare familjepartiet Kristdemokraterna. KD har l\u00e4nge varit p\u00e5drivande f\u00f6r en mer modern och flexibel f\u00f6r\u00e4ldraf\u00f6rs\u00e4kring. <a class=\"read-more-link\" href=\"https:\/\/wp.kristdemokraterna.se\/dalarna\/nu-kan-aven-morfar-vara-foraldraledig-tack-vare-kd\/\">Read More<\/a><\/p>\n","protected":false},"author":958,"featured_media":0,"comment_status":"closed","ping_status":"closed","sticky":false,"template":"","format":"standard","meta":{"_acf_changed":false,"footnotes":""},"categories":[12],"tags":[],"class_list":["post-1014","post","type-post","status-publish","format-standard","hentry","category-nyheter"],"acf":[],"yoast_head":"<!-- This site is optimized with the Yoast SEO plugin v27.5 - https:\/\/yoast.com\/product\/yoast-seo-wordpress\/ -->\n<title>Nu kan \u00e4ven morfar vara f\u00f6r\u00e4ldraledig \u2013 tack vare KD - Kristdemokraterna Dalarna<\/title>\n<meta name=\"robots\" content=\"index, follow, max-snippet:-1, max-image-preview:large, max-video-preview:-1\" \/>\n<link rel=\"canonical\" href=\"https:\/\/wp.kristdemokraterna.se\/dalarna\/nu-kan-aven-morfar-vara-foraldraledig-tack-vare-kd\/\" \/>\n<meta property=\"og:locale\" content=\"sv_SE\" \/>\n<meta property=\"og:type\" content=\"article\" \/>\n<meta property=\"og:title\" content=\"Nu kan \u00e4ven morfar vara f\u00f6r\u00e4ldraledig \u2013 tack vare KD - Kristdemokraterna Dalarna\" \/>\n<meta property=\"og:description\" content=\"\u00c4ntligen! Den 1 juli tr\u00e4der nya regler i kraft f\u00f6r f\u00f6r\u00e4ldraf\u00f6rs\u00e4kringen. F\u00f6r\u00e4ldrar ges m\u00f6jlighet att \u00f6verl\u00e5ta 45 f\u00f6r\u00e4ldradagar vardera, 90 f\u00f6r den med ensam v\u00e5rdnad, till exempelvis en n\u00e4ra anh\u00f6rig. Och antalet dubbeldagar f\u00f6rdubblas fr\u00e5n 30 till 60. Detta tack vare familjepartiet Kristdemokraterna. KD har l\u00e4nge varit p\u00e5drivande f\u00f6r en mer modern och flexibel f\u00f6r\u00e4ldraf\u00f6rs\u00e4kring. Read More\" \/>\n<meta property=\"og:url\" content=\"https:\/\/wp.kristdemokraterna.se\/dalarna\/nu-kan-aven-morfar-vara-foraldraledig-tack-vare-kd\/\" \/>\n<meta property=\"og:site_name\" content=\"Kristdemokraterna Dalarna\" \/>\n<meta property=\"article:published_time\" content=\"2024-06-30T08:37:43+00:00\" \/>\n<meta property=\"article:modified_time\" content=\"2025-02-07T09:38:05+00:00\" \/>\n<meta name=\"author\" content=\"oliver\" \/>\n<meta name=\"twitter:card\" content=\"summary_large_image\" \/>\n<meta name=\"twitter:label1\" content=\"Skriven av\" \/>\n\t<meta name=\"twitter:data1\" content=\"oliver\" \/>\n\t<meta name=\"twitter:label2\" content=\"Ber\u00e4knad l\u00e4stid\" \/>\n\t<meta name=\"twitter:data2\" content=\"2 minuter\" \/>\n<script type=\"application\/ld+json\" class=\"yoast-schema-graph\">{\"@context\":\"https:\\\/\\\/schema.org\",\"@graph\":[{\"@type\":\"Article\",\"@id\":\"https:\\\/\\\/wp.kristdemokraterna.se\\\/dalarna\\\/nu-kan-aven-morfar-vara-foraldraledig-tack-vare-kd\\\/#article\",\"isPartOf\":{\"@id\":\"https:\\\/\\\/wp.kristdemokraterna.se\\\/dalarna\\\/nu-kan-aven-morfar-vara-foraldraledig-tack-vare-kd\\\/\"},\"author\":{\"name\":\"oliver\",\"@id\":\"https:\\\/\\\/wp.kristdemokraterna.se\\\/dalarna\\\/#\\\/schema\\\/person\\\/7611175eb955130b2fc127e0992fdffc\"},\"headline\":\"Nu kan \u00e4ven morfar vara f\u00f6r\u00e4ldraledig \u2013 tack vare KD\",\"datePublished\":\"2024-06-30T08:37:43+00:00\",\"dateModified\":\"2025-02-07T09:38:05+00:00\",\"mainEntityOfPage\":{\"@id\":\"https:\\\/\\\/wp.kristdemokraterna.se\\\/dalarna\\\/nu-kan-aven-morfar-vara-foraldraledig-tack-vare-kd\\\/\"},\"wordCount\":490,\"publisher\":{\"@id\":\"https:\\\/\\\/wp.kristdemokraterna.se\\\/dalarna\\\/#organization\"},\"articleSection\":[\"Nyheter\"],\"inLanguage\":\"sv-SE\"},{\"@type\":\"WebPage\",\"@id\":\"https:\\\/\\\/wp.kristdemokraterna.se\\\/dalarna\\\/nu-kan-aven-morfar-vara-foraldraledig-tack-vare-kd\\\/\",\"url\":\"https:\\\/\\\/wp.kristdemokraterna.se\\\/dalarna\\\/nu-kan-aven-morfar-vara-foraldraledig-tack-vare-kd\\\/\",\"name\":\"Nu kan \u00e4ven morfar vara f\u00f6r\u00e4ldraledig \u2013 tack vare KD - Kristdemokraterna Dalarna\",\"isPartOf\":{\"@id\":\"https:\\\/\\\/wp.kristdemokraterna.se\\\/dalarna\\\/#website\"},\"datePublished\":\"2024-06-30T08:37:43+00:00\",\"dateModified\":\"2025-02-07T09:38:05+00:00\",\"breadcrumb\":{\"@id\":\"https:\\\/\\\/wp.kristdemokraterna.se\\\/dalarna\\\/nu-kan-aven-morfar-vara-foraldraledig-tack-vare-kd\\\/#breadcrumb\"},\"inLanguage\":\"sv-SE\",\"potentialAction\":[{\"@type\":\"ReadAction\",\"target\":[\"https:\\\/\\\/wp.kristdemokraterna.se\\\/dalarna\\\/nu-kan-aven-morfar-vara-foraldraledig-tack-vare-kd\\\/\"]}]},{\"@type\":\"BreadcrumbList\",\"@id\":\"https:\\\/\\\/wp.kristdemokraterna.se\\\/dalarna\\\/nu-kan-aven-morfar-vara-foraldraledig-tack-vare-kd\\\/#breadcrumb\",\"itemListElement\":[{\"@type\":\"ListItem\",\"position\":1,\"name\":\"Hem\",\"item\":\"https:\\\/\\\/wp.kristdemokraterna.se\\\/dalarna\\\/\"},{\"@type\":\"ListItem\",\"position\":2,\"name\":\"Nu kan \u00e4ven morfar vara f\u00f6r\u00e4ldraledig \u2013 tack vare KD\"}]},{\"@type\":\"WebSite\",\"@id\":\"https:\\\/\\\/wp.kristdemokraterna.se\\\/dalarna\\\/#website\",\"url\":\"https:\\\/\\\/wp.kristdemokraterna.se\\\/dalarna\\\/\",\"name\":\"Kristdemokraterna Dalarna\",\"description\":\"\",\"publisher\":{\"@id\":\"https:\\\/\\\/wp.kristdemokraterna.se\\\/dalarna\\\/#organization\"},\"inLanguage\":\"sv-SE\"},{\"@type\":\"Organization\",\"@id\":\"https:\\\/\\\/wp.kristdemokraterna.se\\\/dalarna\\\/#organization\",\"name\":\"Kristdemokraterna Dalarna\",\"url\":\"https:\\\/\\\/wp.kristdemokraterna.se\\\/dalarna\\\/\",\"logo\":{\"@type\":\"ImageObject\",\"inLanguage\":\"sv-SE\",\"@id\":\"https:\\\/\\\/wp.kristdemokraterna.se\\\/dalarna\\\/#\\\/schema\\\/logo\\\/image\\\/\",\"url\":\"https:\\\/\\\/wp.kristdemokraterna.se\\\/dalarna\\\/files\\\/2022\\\/08\\\/dalarna-sida-bla-300dpi.png\",\"contentUrl\":\"https:\\\/\\\/wp.kristdemokraterna.se\\\/dalarna\\\/files\\\/2022\\\/08\\\/dalarna-sida-bla-300dpi.png\",\"width\":1477,\"height\":681,\"caption\":\"Kristdemokraterna Dalarna\"},\"image\":{\"@id\":\"https:\\\/\\\/wp.kristdemokraterna.se\\\/dalarna\\\/#\\\/schema\\\/logo\\\/image\\\/\"}},{\"@type\":\"Person\",\"@id\":\"https:\\\/\\\/wp.kristdemokraterna.se\\\/dalarna\\\/#\\\/schema\\\/person\\\/7611175eb955130b2fc127e0992fdffc\",\"name\":\"oliver\",\"image\":{\"@type\":\"ImageObject\",\"inLanguage\":\"sv-SE\",\"@id\":\"https:\\\/\\\/secure.gravatar.com\\\/avatar\\\/bf91bfa2870e8b9c37378dca6b35b68f39af1750e31e39ac91e8ffb52bcdde21?s=96&r=g\",\"url\":\"https:\\\/\\\/secure.gravatar.com\\\/avatar\\\/bf91bfa2870e8b9c37378dca6b35b68f39af1750e31e39ac91e8ffb52bcdde21?s=96&r=g\",\"contentUrl\":\"https:\\\/\\\/secure.gravatar.com\\\/avatar\\\/bf91bfa2870e8b9c37378dca6b35b68f39af1750e31e39ac91e8ffb52bcdde21?s=96&r=g\",\"caption\":\"oliver\"},\"url\":\"https:\\\/\\\/wp.kristdemokraterna.se\\\/dalarna\\\/author\\\/oliver\\\/\"}]}<\/script>\n<!-- \/ Yoast SEO plugin. -->","yoast_head_json":{"title":"Nu kan \u00e4ven morfar vara f\u00f6r\u00e4ldraledig \u2013 tack vare KD - Kristdemokraterna Dalarna","robots":{"index":"index","follow":"follow","max-snippet":"max-snippet:-1","max-image-preview":"max-image-preview:large","max-video-preview":"max-video-preview:-1"},"canonical":"https:\/\/wp.kristdemokraterna.se\/dalarna\/nu-kan-aven-morfar-vara-foraldraledig-tack-vare-kd\/","og_locale":"sv_SE","og_type":"article","og_title":"Nu kan \u00e4ven morfar vara f\u00f6r\u00e4ldraledig \u2013 tack vare KD - Kristdemokraterna Dalarna","og_description":"\u00c4ntligen! Den 1 juli tr\u00e4der nya regler i kraft f\u00f6r f\u00f6r\u00e4ldraf\u00f6rs\u00e4kringen. F\u00f6r\u00e4ldrar ges m\u00f6jlighet att \u00f6verl\u00e5ta 45 f\u00f6r\u00e4ldradagar vardera, 90 f\u00f6r den med ensam v\u00e5rdnad, till exempelvis en n\u00e4ra anh\u00f6rig. Och antalet dubbeldagar f\u00f6rdubblas fr\u00e5n 30 till 60. Detta tack vare familjepartiet Kristdemokraterna. KD har l\u00e4nge varit p\u00e5drivande f\u00f6r en mer modern och flexibel f\u00f6r\u00e4ldraf\u00f6rs\u00e4kring. Read More","og_url":"https:\/\/wp.kristdemokraterna.se\/dalarna\/nu-kan-aven-morfar-vara-foraldraledig-tack-vare-kd\/","og_site_name":"Kristdemokraterna Dalarna","article_published_time":"2024-06-30T08:37:43+00:00","article_modified_time":"2025-02-07T09:38:05+00:00","author":"oliver","twitter_card":"summary_large_image","twitter_misc":{"Skriven av":"oliver","Ber\u00e4knad l\u00e4stid":"2 minuter"},"schema":{"@context":"https:\/\/schema.org","@graph":[{"@type":"Article","@id":"https:\/\/wp.kristdemokraterna.se\/dalarna\/nu-kan-aven-morfar-vara-foraldraledig-tack-vare-kd\/#article","isPartOf":{"@id":"https:\/\/wp.kristdemokraterna.se\/dalarna\/nu-kan-aven-morfar-vara-foraldraledig-tack-vare-kd\/"},"author":{"name":"oliver","@id":"https:\/\/wp.kristdemokraterna.se\/dalarna\/#\/schema\/person\/7611175eb955130b2fc127e0992fdffc"},"headline":"Nu kan \u00e4ven morfar vara f\u00f6r\u00e4ldraledig \u2013 tack vare KD","datePublished":"2024-06-30T08:37:43+00:00","dateModified":"2025-02-07T09:38:05+00:00","mainEntityOfPage":{"@id":"https:\/\/wp.kristdemokraterna.se\/dalarna\/nu-kan-aven-morfar-vara-foraldraledig-tack-vare-kd\/"},"wordCount":490,"publisher":{"@id":"https:\/\/wp.kristdemokraterna.se\/dalarna\/#organization"},"articleSection":["Nyheter"],"inLanguage":"sv-SE"},{"@type":"WebPage","@id":"https:\/\/wp.kristdemokraterna.se\/dalarna\/nu-kan-aven-morfar-vara-foraldraledig-tack-vare-kd\/","url":"https:\/\/wp.kristdemokraterna.se\/dalarna\/nu-kan-aven-morfar-vara-foraldraledig-tack-vare-kd\/","name":"Nu kan \u00e4ven morfar vara f\u00f6r\u00e4ldraledig \u2013 tack vare KD - Kristdemokraterna Dalarna","isPartOf":{"@id":"https:\/\/wp.kristdemokraterna.se\/dalarna\/#website"},"datePublished":"2024-06-30T08:37:43+00:00","dateModified":"2025-02-07T09:38:05+00:00","breadcrumb":{"@id":"https:\/\/wp.kristdemokraterna.se\/dalarna\/nu-kan-aven-morfar-vara-foraldraledig-tack-vare-kd\/#breadcrumb"},"inLanguage":"sv-SE","potentialAction":[{"@type":"ReadAction","target":["https:\/\/wp.kristdemokraterna.se\/dalarna\/nu-kan-aven-morfar-vara-foraldraledig-tack-vare-kd\/"]}]},{"@type":"BreadcrumbList","@id":"https:\/\/wp.kristdemokraterna.se\/dalarna\/nu-kan-aven-morfar-vara-foraldraledig-tack-vare-kd\/#breadcrumb","itemListElement":[{"@type":"ListItem","position":1,"name":"Hem","item":"https:\/\/wp.kristdemokraterna.se\/dalarna\/"},{"@type":"ListItem","position":2,"name":"Nu kan \u00e4ven morfar vara f\u00f6r\u00e4ldraledig \u2013 tack vare KD"}]},{"@type":"WebSite","@id":"https:\/\/wp.kristdemokraterna.se\/dalarna\/#website","url":"https:\/\/wp.kristdemokraterna.se\/dalarna\/","name":"Kristdemokraterna Dalarna","description":"","publisher":{"@id":"https:\/\/wp.kristdemokraterna.se\/dalarna\/#organization"},"inLanguage":"sv-SE"},{"@type":"Organization","@id":"https:\/\/wp.kristdemokraterna.se\/dalarna\/#organization","name":"Kristdemokraterna Dalarna","url":"https:\/\/wp.kristdemokraterna.se\/dalarna\/","logo":{"@type":"ImageObject","inLanguage":"sv-SE","@id":"https:\/\/wp.kristdemokraterna.se\/dalarna\/#\/schema\/logo\/image\/","url":"https:\/\/wp.kristdemokraterna.se\/dalarna\/files\/2022\/08\/dalarna-sida-bla-300dpi.png","contentUrl":"https:\/\/wp.kristdemokraterna.se\/dalarna\/files\/2022\/08\/dalarna-sida-bla-300dpi.png","width":1477,"height":681,"caption":"Kristdemokraterna Dalarna"},"image":{"@id":"https:\/\/wp.kristdemokraterna.se\/dalarna\/#\/schema\/logo\/image\/"}},{"@type":"Person","@id":"https:\/\/wp.kristdemokraterna.se\/dalarna\/#\/schema\/person\/7611175eb955130b2fc127e0992fdffc","name":"oliver","image":{"@type":"ImageObject","inLanguage":"sv-SE","@id":"https:\/\/secure.gravatar.com\/avatar\/bf91bfa2870e8b9c37378dca6b35b68f39af1750e31e39ac91e8ffb52bcdde21?s=96&r=g","url":"https:\/\/secure.gravatar.com\/avatar\/bf91bfa2870e8b9c37378dca6b35b68f39af1750e31e39ac91e8ffb52bcdde21?s=96&r=g","contentUrl":"https:\/\/secure.gravatar.com\/avatar\/bf91bfa2870e8b9c37378dca6b35b68f39af1750e31e39ac91e8ffb52bcdde21?s=96&r=g","caption":"oliver"},"url":"https:\/\/wp.kristdemokraterna.se\/dalarna\/author\/oliver\/"}]}},"_links":{"self":[{"href":"https:\/\/wp.kristdemokraterna.se\/dalarna\/wp-json\/wp\/v2\/posts\/1014","targetHints":{"allow":["GET"]}}],"collection":[{"href":"https:\/\/wp.kristdemokraterna.se\/dalarna\/wp-json\/wp\/v2\/posts"}],"about":[{"href":"https:\/\/wp.kristdemokraterna.se\/dalarna\/wp-json\/wp\/v2\/types\/post"}],"author":[{"embeddable":true,"href":"https:\/\/wp.kristdemokraterna.se\/dalarna\/wp-json\/wp\/v2\/users\/958"}],"replies":[{"embeddable":true,"href":"https:\/\/wp.kristdemokraterna.se\/dalarna\/wp-json\/wp\/v2\/comments?post=1014"}],"version-history":[{"count":1,"href":"https:\/\/wp.kristdemokraterna.se\/dalarna\/wp-json\/wp\/v2\/posts\/1014\/revisions"}],"predecessor-version":[{"id":1015,"href":"https:\/\/wp.kristdemokraterna.se\/dalarna\/wp-json\/wp\/v2\/posts\/1014\/revisions\/1015"}],"wp:attachment":[{"href":"https:\/\/wp.kristdemokraterna.se\/dalarna\/wp-json\/wp\/v2\/media?parent=1014"}],"wp:term":[{"taxonomy":"category","embeddable":true,"href":"https:\/\/wp.kristdemokraterna.se\/dalarna\/wp-json\/wp\/v2\/categories?post=1014"},{"taxonomy":"post_tag","embeddable":true,"href":"https:\/\/wp.kristdemokraterna.se\/dalarna\/wp-json\/wp\/v2\/tags?post=1014"}],"curies":[{"name":"wp","href":"https:\/\/api.w.org\/{rel}","templated":true}]}}