{"id":1016,"date":"2024-05-29T10:38:11","date_gmt":"2024-05-29T08:38:11","guid":{"rendered":"https:\/\/wp.kristdemokraterna.se\/dalarna\/?p=1016"},"modified":"2025-02-07T10:38:56","modified_gmt":"2025-02-07T09:38:56","slug":"vi-maste-satta-grans-for-eu-s-makt-over-den-svenska-skogen","status":"publish","type":"post","link":"https:\/\/wp.kristdemokraterna.se\/dalarna\/vi-maste-satta-grans-for-eu-s-makt-over-den-svenska-skogen\/","title":{"rendered":"Vi m\u00e5ste s\u00e4tta gr\u00e4ns f\u00f6r EU:s makt \u00f6ver den svenska skogen"},"content":{"rendered":"<p style=\"font-weight: 400\">Vi m\u00e5ste s\u00e4tta gr\u00e4nser f\u00f6r vad EU ska besluta om &#8211; och inte. Skogsbruket i Dalarna \u00e4r ett exempel p\u00e5 ett omr\u00e5de d\u00e4r maktf\u00f6rskjutningen till Bryssel riskerar att f\u00e5 kostsamma konsekvenser. Vi kristdemokrater kommer i EU att k\u00e4mpa f\u00f6r att makten \u00f6ver Dalarnas skog ska \u00e5tertas till Sverige. B\u00e5de f\u00f6r v\u00e5ra mark\u00e4gares, jobbens och tillv\u00e4xtens skull.<\/p>\n<p style=\"font-weight: 400\">\n<p style=\"font-weight: 400\">Den svenska skogen, och i viss m\u00e5n \u00e4ven den finska, \u00e4r unik i Europa. Skogsn\u00e4ringen st\u00e5r f\u00f6r tio procent av Sveriges totala varuexport. Vi \u00e4r v\u00e4rldens fj\u00e4rde st\u00f6rsta export\u00f6r av massa, papper och s\u00e5gade tr\u00e4varor och 70 procent av Sveriges yta \u00e4r t\u00e4ckt av skog. S\u00e5 ser det inte ut i resten av Europa \u2013 och d\u00e4rf\u00f6r fungerar\u00a0lagar som p\u00e5 EU-niv\u00e5 reglerar skogsbruket v\u00e4ldigt d\u00e5ligt i svensk kontext.<\/p>\n<p style=\"font-weight: 400\">\n<p style=\"font-weight: 400\">Cirka 120\u202f000 svenskar \u00e4r sysselsatta i skogsn\u00e4ringen och totalt hade skogsindustrin\u00a0ett exportv\u00e4rde p\u00e5 186 miljarder \u00e5r 2022. Detta hotas nu fr\u00e4mst av diverse milj\u00f6p\u00e5lagor som f\u00f6rhindrar avverkningen av skog, som \u00e4r en f\u00f6ruts\u00e4ttning f\u00f6r v\u00e5rt v\u00e4lst\u00e5nd i Sverige och en viktig del i den gr\u00f6na omst\u00e4llningen. Att europeiska politiker, fr\u00e5n l\u00e4nder utan betydande skogsbruk, g\u00e4rna ser att den svenska skogen ska anv\u00e4ndas f\u00f6r att uppfylla olika klimatm\u00e5l, kan man f\u00f6rst\u00e5. Men att svenska politiker vill detsamma, \u00e4r desto mer obegripligt.<\/p>\n<p style=\"font-weight: 400\">\n<p style=\"font-weight: 400\">Vi kristdemokrater har bland annat r\u00f6stat nej till den s\u00e5 kallade Lulucf-f\u00f6rordningen som inneb\u00e4r att skogen i h\u00f6gre utstr\u00e4ckning \u00e4n tidigare ska anv\u00e4ndas f\u00f6r att binda koldioxid. Problemet \u00e4r att det hindrar svenska skogs\u00e4gare fr\u00e5n att bruka sin skog, vilket i f\u00f6rl\u00e4ngningen kommer f\u00f6rhindra skogens bidrag i den gr\u00f6na omst\u00e4llningen och sl\u00e5 h\u00e5rt mot v\u00e5r export och v\u00e5rt v\u00e4lst\u00e5nd. Regeringen r\u00f6stade d\u00e4rf\u00f6r nej i r\u00e5det till f\u00f6rordningen, men i parlamentet r\u00f6stade svenska parlamentariker f\u00f6r, fr\u00e5n Milj\u00f6partiet till Moderaterna. N\u00e4sta mandatperiod kommer vi att verka f\u00f6r att revidera f\u00f6rordningen. Dessutom b\u00f6r tr\u00e4produkter, som \u00e4r betydligt mer klimatsmarta som substitut f\u00f6r exempelvis plast och betong, f\u00e5 r\u00e4knas in i Sveriges totala klimat\u00e5tagande. S\u00e5 \u00e4r det inte idag och det \u00e4r fel.<\/p>\n<p style=\"font-weight: 400\">\n<p style=\"font-weight: 400\">Att den svenska skogspolitiken b\u00f6r best\u00e4mmas i Sverige och inte i EU \u00e4r en principiell fr\u00e5ga, det \u00e4r en fr\u00e5ga om \u00e4gander\u00e4tten. Men det \u00e4r ocks\u00e5 en ekonomisk fr\u00e5ga. De partier som avser att forts\u00e4tta r\u00f6sta f\u00f6r att Sverige ska bli hela Europas nationalpark \u00e4r skyldiga de svenska medborgarna ett svar: Vilka miljarder fr\u00e5n v\u00e4lf\u00e4rden \u00e4r de beredda att offra? F\u00f6r det blir resultatet n\u00e4r vi inte s\u00e4tter en gr\u00e4ns f\u00f6r Bryssels makt \u00f6ver den svenska skogen.<\/p>\n<p style=\"font-weight: 400\">\n<p style=\"font-weight: 400\"><strong>Birgitta Sacr\u00e9deus (KD) fr\u00e5n Mora, regionr\u00e5d och kandidat i EU-valet<\/strong><\/p>\n<p style=\"font-weight: 400\"><strong>Mathias Bengtsson (KD) fr\u00e5n Gagnef, riksdagsledamot och kandidat i EU-valet<\/strong><\/p>\n","protected":false},"excerpt":{"rendered":"<p>Vi m\u00e5ste s\u00e4tta gr\u00e4nser f\u00f6r vad EU ska besluta om &#8211; och inte. Skogsbruket i Dalarna \u00e4r ett exempel p\u00e5 ett omr\u00e5de d\u00e4r maktf\u00f6rskjutningen till Bryssel riskerar att f\u00e5 kostsamma konsekvenser. Vi kristdemokrater kommer i EU att k\u00e4mpa f\u00f6r att makten \u00f6ver Dalarnas skog ska \u00e5tertas till Sverige. B\u00e5de f\u00f6r v\u00e5ra mark\u00e4gares, jobbens och tillv\u00e4xtens <a class=\"read-more-link\" href=\"https:\/\/wp.kristdemokraterna.se\/dalarna\/vi-maste-satta-grans-for-eu-s-makt-over-den-svenska-skogen\/\">Read More<\/a><\/p>\n","protected":false},"author":958,"featured_media":0,"comment_status":"closed","ping_status":"closed","sticky":false,"template":"","format":"standard","meta":{"_acf_changed":false,"footnotes":""},"categories":[12],"tags":[],"class_list":["post-1016","post","type-post","status-publish","format-standard","hentry","category-nyheter"],"acf":[],"yoast_head":"<!-- This site is optimized with the Yoast SEO plugin v27.5 - https:\/\/yoast.com\/product\/yoast-seo-wordpress\/ -->\n<title>Vi m\u00e5ste s\u00e4tta gr\u00e4ns f\u00f6r EU:s makt \u00f6ver den svenska skogen - Kristdemokraterna Dalarna<\/title>\n<meta name=\"robots\" content=\"index, follow, max-snippet:-1, max-image-preview:large, max-video-preview:-1\" \/>\n<link rel=\"canonical\" href=\"https:\/\/wp.kristdemokraterna.se\/dalarna\/vi-maste-satta-grans-for-eu-s-makt-over-den-svenska-skogen\/\" \/>\n<meta property=\"og:locale\" content=\"sv_SE\" \/>\n<meta property=\"og:type\" content=\"article\" \/>\n<meta property=\"og:title\" content=\"Vi m\u00e5ste s\u00e4tta gr\u00e4ns f\u00f6r EU:s makt \u00f6ver den svenska skogen - Kristdemokraterna Dalarna\" \/>\n<meta property=\"og:description\" content=\"Vi m\u00e5ste s\u00e4tta gr\u00e4nser f\u00f6r vad EU ska besluta om &#8211; och inte. Skogsbruket i Dalarna \u00e4r ett exempel p\u00e5 ett omr\u00e5de d\u00e4r maktf\u00f6rskjutningen till Bryssel riskerar att f\u00e5 kostsamma konsekvenser. Vi kristdemokrater kommer i EU att k\u00e4mpa f\u00f6r att makten \u00f6ver Dalarnas skog ska \u00e5tertas till Sverige. B\u00e5de f\u00f6r v\u00e5ra mark\u00e4gares, jobbens och tillv\u00e4xtens Read More\" \/>\n<meta property=\"og:url\" content=\"https:\/\/wp.kristdemokraterna.se\/dalarna\/vi-maste-satta-grans-for-eu-s-makt-over-den-svenska-skogen\/\" \/>\n<meta property=\"og:site_name\" content=\"Kristdemokraterna Dalarna\" \/>\n<meta property=\"article:published_time\" content=\"2024-05-29T08:38:11+00:00\" \/>\n<meta property=\"article:modified_time\" content=\"2025-02-07T09:38:56+00:00\" \/>\n<meta name=\"author\" content=\"oliver\" \/>\n<meta name=\"twitter:card\" content=\"summary_large_image\" \/>\n<meta name=\"twitter:label1\" content=\"Skriven av\" \/>\n\t<meta name=\"twitter:data1\" content=\"oliver\" \/>\n\t<meta name=\"twitter:label2\" content=\"Ber\u00e4knad l\u00e4stid\" \/>\n\t<meta name=\"twitter:data2\" content=\"3 minuter\" \/>\n<script type=\"application\/ld+json\" class=\"yoast-schema-graph\">{\"@context\":\"https:\\\/\\\/schema.org\",\"@graph\":[{\"@type\":\"Article\",\"@id\":\"https:\\\/\\\/wp.kristdemokraterna.se\\\/dalarna\\\/vi-maste-satta-grans-for-eu-s-makt-over-den-svenska-skogen\\\/#article\",\"isPartOf\":{\"@id\":\"https:\\\/\\\/wp.kristdemokraterna.se\\\/dalarna\\\/vi-maste-satta-grans-for-eu-s-makt-over-den-svenska-skogen\\\/\"},\"author\":{\"name\":\"oliver\",\"@id\":\"https:\\\/\\\/wp.kristdemokraterna.se\\\/dalarna\\\/#\\\/schema\\\/person\\\/7611175eb955130b2fc127e0992fdffc\"},\"headline\":\"Vi m\u00e5ste s\u00e4tta gr\u00e4ns f\u00f6r EU:s makt \u00f6ver den svenska skogen\",\"datePublished\":\"2024-05-29T08:38:11+00:00\",\"dateModified\":\"2025-02-07T09:38:56+00:00\",\"mainEntityOfPage\":{\"@id\":\"https:\\\/\\\/wp.kristdemokraterna.se\\\/dalarna\\\/vi-maste-satta-grans-for-eu-s-makt-over-den-svenska-skogen\\\/\"},\"wordCount\":540,\"publisher\":{\"@id\":\"https:\\\/\\\/wp.kristdemokraterna.se\\\/dalarna\\\/#organization\"},\"articleSection\":[\"Nyheter\"],\"inLanguage\":\"sv-SE\"},{\"@type\":\"WebPage\",\"@id\":\"https:\\\/\\\/wp.kristdemokraterna.se\\\/dalarna\\\/vi-maste-satta-grans-for-eu-s-makt-over-den-svenska-skogen\\\/\",\"url\":\"https:\\\/\\\/wp.kristdemokraterna.se\\\/dalarna\\\/vi-maste-satta-grans-for-eu-s-makt-over-den-svenska-skogen\\\/\",\"name\":\"Vi m\u00e5ste s\u00e4tta gr\u00e4ns f\u00f6r EU:s makt \u00f6ver den svenska skogen - Kristdemokraterna Dalarna\",\"isPartOf\":{\"@id\":\"https:\\\/\\\/wp.kristdemokraterna.se\\\/dalarna\\\/#website\"},\"datePublished\":\"2024-05-29T08:38:11+00:00\",\"dateModified\":\"2025-02-07T09:38:56+00:00\",\"breadcrumb\":{\"@id\":\"https:\\\/\\\/wp.kristdemokraterna.se\\\/dalarna\\\/vi-maste-satta-grans-for-eu-s-makt-over-den-svenska-skogen\\\/#breadcrumb\"},\"inLanguage\":\"sv-SE\",\"potentialAction\":[{\"@type\":\"ReadAction\",\"target\":[\"https:\\\/\\\/wp.kristdemokraterna.se\\\/dalarna\\\/vi-maste-satta-grans-for-eu-s-makt-over-den-svenska-skogen\\\/\"]}]},{\"@type\":\"BreadcrumbList\",\"@id\":\"https:\\\/\\\/wp.kristdemokraterna.se\\\/dalarna\\\/vi-maste-satta-grans-for-eu-s-makt-over-den-svenska-skogen\\\/#breadcrumb\",\"itemListElement\":[{\"@type\":\"ListItem\",\"position\":1,\"name\":\"Hem\",\"item\":\"https:\\\/\\\/wp.kristdemokraterna.se\\\/dalarna\\\/\"},{\"@type\":\"ListItem\",\"position\":2,\"name\":\"Vi m\u00e5ste s\u00e4tta gr\u00e4ns f\u00f6r EU:s makt \u00f6ver den svenska skogen\"}]},{\"@type\":\"WebSite\",\"@id\":\"https:\\\/\\\/wp.kristdemokraterna.se\\\/dalarna\\\/#website\",\"url\":\"https:\\\/\\\/wp.kristdemokraterna.se\\\/dalarna\\\/\",\"name\":\"Kristdemokraterna Dalarna\",\"description\":\"\",\"publisher\":{\"@id\":\"https:\\\/\\\/wp.kristdemokraterna.se\\\/dalarna\\\/#organization\"},\"inLanguage\":\"sv-SE\"},{\"@type\":\"Organization\",\"@id\":\"https:\\\/\\\/wp.kristdemokraterna.se\\\/dalarna\\\/#organization\",\"name\":\"Kristdemokraterna Dalarna\",\"url\":\"https:\\\/\\\/wp.kristdemokraterna.se\\\/dalarna\\\/\",\"logo\":{\"@type\":\"ImageObject\",\"inLanguage\":\"sv-SE\",\"@id\":\"https:\\\/\\\/wp.kristdemokraterna.se\\\/dalarna\\\/#\\\/schema\\\/logo\\\/image\\\/\",\"url\":\"https:\\\/\\\/wp.kristdemokraterna.se\\\/dalarna\\\/files\\\/2022\\\/08\\\/dalarna-sida-bla-300dpi.png\",\"contentUrl\":\"https:\\\/\\\/wp.kristdemokraterna.se\\\/dalarna\\\/files\\\/2022\\\/08\\\/dalarna-sida-bla-300dpi.png\",\"width\":1477,\"height\":681,\"caption\":\"Kristdemokraterna Dalarna\"},\"image\":{\"@id\":\"https:\\\/\\\/wp.kristdemokraterna.se\\\/dalarna\\\/#\\\/schema\\\/logo\\\/image\\\/\"}},{\"@type\":\"Person\",\"@id\":\"https:\\\/\\\/wp.kristdemokraterna.se\\\/dalarna\\\/#\\\/schema\\\/person\\\/7611175eb955130b2fc127e0992fdffc\",\"name\":\"oliver\",\"image\":{\"@type\":\"ImageObject\",\"inLanguage\":\"sv-SE\",\"@id\":\"https:\\\/\\\/secure.gravatar.com\\\/avatar\\\/bf91bfa2870e8b9c37378dca6b35b68f39af1750e31e39ac91e8ffb52bcdde21?s=96&r=g\",\"url\":\"https:\\\/\\\/secure.gravatar.com\\\/avatar\\\/bf91bfa2870e8b9c37378dca6b35b68f39af1750e31e39ac91e8ffb52bcdde21?s=96&r=g\",\"contentUrl\":\"https:\\\/\\\/secure.gravatar.com\\\/avatar\\\/bf91bfa2870e8b9c37378dca6b35b68f39af1750e31e39ac91e8ffb52bcdde21?s=96&r=g\",\"caption\":\"oliver\"},\"url\":\"https:\\\/\\\/wp.kristdemokraterna.se\\\/dalarna\\\/author\\\/oliver\\\/\"}]}<\/script>\n<!-- \/ Yoast SEO plugin. -->","yoast_head_json":{"title":"Vi m\u00e5ste s\u00e4tta gr\u00e4ns f\u00f6r EU:s makt \u00f6ver den svenska skogen - Kristdemokraterna Dalarna","robots":{"index":"index","follow":"follow","max-snippet":"max-snippet:-1","max-image-preview":"max-image-preview:large","max-video-preview":"max-video-preview:-1"},"canonical":"https:\/\/wp.kristdemokraterna.se\/dalarna\/vi-maste-satta-grans-for-eu-s-makt-over-den-svenska-skogen\/","og_locale":"sv_SE","og_type":"article","og_title":"Vi m\u00e5ste s\u00e4tta gr\u00e4ns f\u00f6r EU:s makt \u00f6ver den svenska skogen - Kristdemokraterna Dalarna","og_description":"Vi m\u00e5ste s\u00e4tta gr\u00e4nser f\u00f6r vad EU ska besluta om &#8211; och inte. Skogsbruket i Dalarna \u00e4r ett exempel p\u00e5 ett omr\u00e5de d\u00e4r maktf\u00f6rskjutningen till Bryssel riskerar att f\u00e5 kostsamma konsekvenser. Vi kristdemokrater kommer i EU att k\u00e4mpa f\u00f6r att makten \u00f6ver Dalarnas skog ska \u00e5tertas till Sverige. B\u00e5de f\u00f6r v\u00e5ra mark\u00e4gares, jobbens och tillv\u00e4xtens Read More","og_url":"https:\/\/wp.kristdemokraterna.se\/dalarna\/vi-maste-satta-grans-for-eu-s-makt-over-den-svenska-skogen\/","og_site_name":"Kristdemokraterna Dalarna","article_published_time":"2024-05-29T08:38:11+00:00","article_modified_time":"2025-02-07T09:38:56+00:00","author":"oliver","twitter_card":"summary_large_image","twitter_misc":{"Skriven av":"oliver","Ber\u00e4knad l\u00e4stid":"3 minuter"},"schema":{"@context":"https:\/\/schema.org","@graph":[{"@type":"Article","@id":"https:\/\/wp.kristdemokraterna.se\/dalarna\/vi-maste-satta-grans-for-eu-s-makt-over-den-svenska-skogen\/#article","isPartOf":{"@id":"https:\/\/wp.kristdemokraterna.se\/dalarna\/vi-maste-satta-grans-for-eu-s-makt-over-den-svenska-skogen\/"},"author":{"name":"oliver","@id":"https:\/\/wp.kristdemokraterna.se\/dalarna\/#\/schema\/person\/7611175eb955130b2fc127e0992fdffc"},"headline":"Vi m\u00e5ste s\u00e4tta gr\u00e4ns f\u00f6r EU:s makt \u00f6ver den svenska skogen","datePublished":"2024-05-29T08:38:11+00:00","dateModified":"2025-02-07T09:38:56+00:00","mainEntityOfPage":{"@id":"https:\/\/wp.kristdemokraterna.se\/dalarna\/vi-maste-satta-grans-for-eu-s-makt-over-den-svenska-skogen\/"},"wordCount":540,"publisher":{"@id":"https:\/\/wp.kristdemokraterna.se\/dalarna\/#organization"},"articleSection":["Nyheter"],"inLanguage":"sv-SE"},{"@type":"WebPage","@id":"https:\/\/wp.kristdemokraterna.se\/dalarna\/vi-maste-satta-grans-for-eu-s-makt-over-den-svenska-skogen\/","url":"https:\/\/wp.kristdemokraterna.se\/dalarna\/vi-maste-satta-grans-for-eu-s-makt-over-den-svenska-skogen\/","name":"Vi m\u00e5ste s\u00e4tta gr\u00e4ns f\u00f6r EU:s makt \u00f6ver den svenska skogen - Kristdemokraterna Dalarna","isPartOf":{"@id":"https:\/\/wp.kristdemokraterna.se\/dalarna\/#website"},"datePublished":"2024-05-29T08:38:11+00:00","dateModified":"2025-02-07T09:38:56+00:00","breadcrumb":{"@id":"https:\/\/wp.kristdemokraterna.se\/dalarna\/vi-maste-satta-grans-for-eu-s-makt-over-den-svenska-skogen\/#breadcrumb"},"inLanguage":"sv-SE","potentialAction":[{"@type":"ReadAction","target":["https:\/\/wp.kristdemokraterna.se\/dalarna\/vi-maste-satta-grans-for-eu-s-makt-over-den-svenska-skogen\/"]}]},{"@type":"BreadcrumbList","@id":"https:\/\/wp.kristdemokraterna.se\/dalarna\/vi-maste-satta-grans-for-eu-s-makt-over-den-svenska-skogen\/#breadcrumb","itemListElement":[{"@type":"ListItem","position":1,"name":"Hem","item":"https:\/\/wp.kristdemokraterna.se\/dalarna\/"},{"@type":"ListItem","position":2,"name":"Vi m\u00e5ste s\u00e4tta gr\u00e4ns f\u00f6r EU:s makt \u00f6ver den svenska skogen"}]},{"@type":"WebSite","@id":"https:\/\/wp.kristdemokraterna.se\/dalarna\/#website","url":"https:\/\/wp.kristdemokraterna.se\/dalarna\/","name":"Kristdemokraterna Dalarna","description":"","publisher":{"@id":"https:\/\/wp.kristdemokraterna.se\/dalarna\/#organization"},"inLanguage":"sv-SE"},{"@type":"Organization","@id":"https:\/\/wp.kristdemokraterna.se\/dalarna\/#organization","name":"Kristdemokraterna Dalarna","url":"https:\/\/wp.kristdemokraterna.se\/dalarna\/","logo":{"@type":"ImageObject","inLanguage":"sv-SE","@id":"https:\/\/wp.kristdemokraterna.se\/dalarna\/#\/schema\/logo\/image\/","url":"https:\/\/wp.kristdemokraterna.se\/dalarna\/files\/2022\/08\/dalarna-sida-bla-300dpi.png","contentUrl":"https:\/\/wp.kristdemokraterna.se\/dalarna\/files\/2022\/08\/dalarna-sida-bla-300dpi.png","width":1477,"height":681,"caption":"Kristdemokraterna Dalarna"},"image":{"@id":"https:\/\/wp.kristdemokraterna.se\/dalarna\/#\/schema\/logo\/image\/"}},{"@type":"Person","@id":"https:\/\/wp.kristdemokraterna.se\/dalarna\/#\/schema\/person\/7611175eb955130b2fc127e0992fdffc","name":"oliver","image":{"@type":"ImageObject","inLanguage":"sv-SE","@id":"https:\/\/secure.gravatar.com\/avatar\/bf91bfa2870e8b9c37378dca6b35b68f39af1750e31e39ac91e8ffb52bcdde21?s=96&r=g","url":"https:\/\/secure.gravatar.com\/avatar\/bf91bfa2870e8b9c37378dca6b35b68f39af1750e31e39ac91e8ffb52bcdde21?s=96&r=g","contentUrl":"https:\/\/secure.gravatar.com\/avatar\/bf91bfa2870e8b9c37378dca6b35b68f39af1750e31e39ac91e8ffb52bcdde21?s=96&r=g","caption":"oliver"},"url":"https:\/\/wp.kristdemokraterna.se\/dalarna\/author\/oliver\/"}]}},"_links":{"self":[{"href":"https:\/\/wp.kristdemokraterna.se\/dalarna\/wp-json\/wp\/v2\/posts\/1016","targetHints":{"allow":["GET"]}}],"collection":[{"href":"https:\/\/wp.kristdemokraterna.se\/dalarna\/wp-json\/wp\/v2\/posts"}],"about":[{"href":"https:\/\/wp.kristdemokraterna.se\/dalarna\/wp-json\/wp\/v2\/types\/post"}],"author":[{"embeddable":true,"href":"https:\/\/wp.kristdemokraterna.se\/dalarna\/wp-json\/wp\/v2\/users\/958"}],"replies":[{"embeddable":true,"href":"https:\/\/wp.kristdemokraterna.se\/dalarna\/wp-json\/wp\/v2\/comments?post=1016"}],"version-history":[{"count":1,"href":"https:\/\/wp.kristdemokraterna.se\/dalarna\/wp-json\/wp\/v2\/posts\/1016\/revisions"}],"predecessor-version":[{"id":1018,"href":"https:\/\/wp.kristdemokraterna.se\/dalarna\/wp-json\/wp\/v2\/posts\/1016\/revisions\/1018"}],"wp:attachment":[{"href":"https:\/\/wp.kristdemokraterna.se\/dalarna\/wp-json\/wp\/v2\/media?parent=1016"}],"wp:term":[{"taxonomy":"category","embeddable":true,"href":"https:\/\/wp.kristdemokraterna.se\/dalarna\/wp-json\/wp\/v2\/categories?post=1016"},{"taxonomy":"post_tag","embeddable":true,"href":"https:\/\/wp.kristdemokraterna.se\/dalarna\/wp-json\/wp\/v2\/tags?post=1016"}],"curies":[{"name":"wp","href":"https:\/\/api.w.org\/{rel}","templated":true}]}}