{"id":1019,"date":"2024-08-12T10:39:02","date_gmt":"2024-08-12T08:39:02","guid":{"rendered":"https:\/\/wp.kristdemokraterna.se\/dalarna\/?p=1019"},"modified":"2025-02-07T10:39:40","modified_gmt":"2025-02-07T09:39:40","slug":"dags-att-utrota-livmoderhalscancer-i-dalarna","status":"publish","type":"post","link":"https:\/\/wp.kristdemokraterna.se\/dalarna\/dags-att-utrota-livmoderhalscancer-i-dalarna\/","title":{"rendered":"Dags att utrota livmoderhalscancer i Dalarna"},"content":{"rendered":"<p style=\"font-weight: 400\">Varje \u00e5r drabbas 500 svenska kvinnor av livmoderhalscancer, varav cirka 20 \u00e5terfinns i Dalarna. M\u00f6jligheten att utpl\u00e5na sjukdomen finns, men det f\u00f6ruts\u00e4tter att fler v\u00e4ljer att vaccinera sig mot HPV. Just nu p\u00e5g\u00e5r en nationell vaccinationskampanj i vilken alla kvinnor i \u00e5ldern 24\u201329 \u00e5r erbjuds gratis vaccin.<\/p>\n<p style=\"font-weight: 400\">\n<p style=\"font-weight: 400\">Livmoderhalscancer \u00e4r en allvarlig sjukdom \u2013 enbart 80 procent \u00f6verlever fem \u00e5r. HPV-viruset ligger bakom i stort sett alla fall, och \u00e5r 2020 beslutade V\u00e4rldsh\u00e4lsoorganisationen om ett gemensamt m\u00e5l att utrota sjukdomen. Detta genom screening och HPV-vaccin, vilket ger ett 90-procentigt skydd.<\/p>\n<p style=\"font-weight: 400\">\n<p style=\"font-weight: 400\">Sverige ligger v\u00e4l till i ett globalt perspektiv och kan bli f\u00f6rst i v\u00e4rlden att utrota en hel cancerform. En utmaning \u00e4r att kvinnor som idag \u00e4r vuxna inte fick m\u00f6jlighet att vaccinera sig i skolan. D\u00e4rf\u00f6r erbjuds nu kvinnor som \u00e4r f\u00f6dda 1994\u20131999 kostnadsfri catch-up-vaccination mot HPV, som del av en nationell kampanj.<\/p>\n<p style=\"font-weight: 400\">\n<p style=\"font-weight: 400\">M\u00e5let \u00e4r att utrota cancersjukdomen till 2027 och f\u00f6r att lyckas m\u00e5ste 70 procent av kvinnorna f\u00f6dda 1994\u20131999 vaccinera sig i \u00e5r. Flera regioner riskerar dock att misslyckas med detta, d\u00e4ribland Dalarna. I juni hade enbart 25 procent av dala-kvinnorna i \u00e5ldersgruppen vaccinerat sig, vilket \u00e4r n\u00e4st s\u00e4mst i landet.<\/p>\n<p style=\"font-weight: 400\">\n<p style=\"font-weight: 400\">F\u00f6r att p\u00e5skynda vaccinationen presenterade sjukv\u00e5rdsminister Acko Ankarberg Johansson (KD) nyligen att regeringen avs\u00e4tter ytterligare fyra miljoner kronor till Regionala cancercentrum i samverkan. Detta till deras arbete med Cancerfonden f\u00f6r att fr\u00e4mja en h\u00f6g och j\u00e4mlik vaccinationst\u00e4ckningsgrad och f\u00f6r att st\u00f6dja regionerna. En v\u00e4lkommen och v\u00e4lbeh\u00f6vlig satsning.<\/p>\n<p style=\"font-weight: 400\">\n<p style=\"font-weight: 400\">Erbjudandet om gratis vaccination g\u00e4ller alla folkbokf\u00f6rda kvinnor i Dalarnas l\u00e4n som \u00e4r f\u00f6dda 1994\u20131999 och skickas ut med ordinarie kallelse till cellprov, som sker vart tredje \u00e5r. Erbjudandet g\u00e4ller \u00e4ven de som tidigare \u00e4r vaccinerade mot HPV eftersom det nya vaccinet ger ett mer effektivt skydd.<\/p>\n<p style=\"font-weight: 400\">\n<p style=\"font-weight: 400\">S\u00e5 h\u00e4r kommer en uppmaning: Var med och utrota livmoderhalscancer i Dalarna, Sverige och v\u00e4rlden. Ta sticket mot HPV. P\u00e5 s\u00e5 vis kan vi hj\u00e4lpas \u00e5t att r\u00e4dda m\u00e5nga liv och mycket on\u00f6digt lidande, f\u00f6r l\u00e5ng tid fram\u00f6ver. Region Dalarna och regeringen visar vilja och handlingskraft. G\u00f6r s\u00e5 du ocks\u00e5.<\/p>\n<p style=\"font-weight: 400\">\n<p style=\"font-weight: 400\">Birgitta Sacr\u00e9deus (KD), regionr\u00e5d i Dalarna<\/p>\n","protected":false},"excerpt":{"rendered":"<p>Varje \u00e5r drabbas 500 svenska kvinnor av livmoderhalscancer, varav cirka 20 \u00e5terfinns i Dalarna. M\u00f6jligheten att utpl\u00e5na sjukdomen finns, men det f\u00f6ruts\u00e4tter att fler v\u00e4ljer att vaccinera sig mot HPV. Just nu p\u00e5g\u00e5r en nationell vaccinationskampanj i vilken alla kvinnor i \u00e5ldern 24\u201329 \u00e5r erbjuds gratis vaccin. Livmoderhalscancer \u00e4r en allvarlig sjukdom \u2013 enbart 80 <a class=\"read-more-link\" href=\"https:\/\/wp.kristdemokraterna.se\/dalarna\/dags-att-utrota-livmoderhalscancer-i-dalarna\/\">Read More<\/a><\/p>\n","protected":false},"author":958,"featured_media":0,"comment_status":"closed","ping_status":"closed","sticky":false,"template":"","format":"standard","meta":{"_acf_changed":false,"footnotes":""},"categories":[12],"tags":[],"class_list":["post-1019","post","type-post","status-publish","format-standard","hentry","category-nyheter"],"acf":[],"yoast_head":"<!-- This site is optimized with the Yoast SEO plugin v27.5 - https:\/\/yoast.com\/product\/yoast-seo-wordpress\/ -->\n<title>Dags att utrota livmoderhalscancer i Dalarna - Kristdemokraterna Dalarna<\/title>\n<meta name=\"robots\" content=\"index, follow, max-snippet:-1, max-image-preview:large, max-video-preview:-1\" \/>\n<link rel=\"canonical\" href=\"https:\/\/wp.kristdemokraterna.se\/dalarna\/dags-att-utrota-livmoderhalscancer-i-dalarna\/\" \/>\n<meta property=\"og:locale\" content=\"sv_SE\" \/>\n<meta property=\"og:type\" content=\"article\" \/>\n<meta property=\"og:title\" content=\"Dags att utrota livmoderhalscancer i Dalarna - Kristdemokraterna Dalarna\" \/>\n<meta property=\"og:description\" content=\"Varje \u00e5r drabbas 500 svenska kvinnor av livmoderhalscancer, varav cirka 20 \u00e5terfinns i Dalarna. M\u00f6jligheten att utpl\u00e5na sjukdomen finns, men det f\u00f6ruts\u00e4tter att fler v\u00e4ljer att vaccinera sig mot HPV. Just nu p\u00e5g\u00e5r en nationell vaccinationskampanj i vilken alla kvinnor i \u00e5ldern 24\u201329 \u00e5r erbjuds gratis vaccin. Livmoderhalscancer \u00e4r en allvarlig sjukdom \u2013 enbart 80 Read More\" \/>\n<meta property=\"og:url\" content=\"https:\/\/wp.kristdemokraterna.se\/dalarna\/dags-att-utrota-livmoderhalscancer-i-dalarna\/\" \/>\n<meta property=\"og:site_name\" content=\"Kristdemokraterna Dalarna\" \/>\n<meta property=\"article:published_time\" content=\"2024-08-12T08:39:02+00:00\" \/>\n<meta property=\"article:modified_time\" content=\"2025-02-07T09:39:40+00:00\" \/>\n<meta name=\"author\" content=\"oliver\" \/>\n<meta name=\"twitter:card\" content=\"summary_large_image\" \/>\n<meta name=\"twitter:label1\" content=\"Skriven av\" \/>\n\t<meta name=\"twitter:data1\" content=\"oliver\" \/>\n\t<meta name=\"twitter:label2\" content=\"Ber\u00e4knad l\u00e4stid\" \/>\n\t<meta name=\"twitter:data2\" content=\"2 minuter\" \/>\n<script type=\"application\/ld+json\" class=\"yoast-schema-graph\">{\"@context\":\"https:\\\/\\\/schema.org\",\"@graph\":[{\"@type\":\"Article\",\"@id\":\"https:\\\/\\\/wp.kristdemokraterna.se\\\/dalarna\\\/dags-att-utrota-livmoderhalscancer-i-dalarna\\\/#article\",\"isPartOf\":{\"@id\":\"https:\\\/\\\/wp.kristdemokraterna.se\\\/dalarna\\\/dags-att-utrota-livmoderhalscancer-i-dalarna\\\/\"},\"author\":{\"name\":\"oliver\",\"@id\":\"https:\\\/\\\/wp.kristdemokraterna.se\\\/dalarna\\\/#\\\/schema\\\/person\\\/7611175eb955130b2fc127e0992fdffc\"},\"headline\":\"Dags att utrota livmoderhalscancer i Dalarna\",\"datePublished\":\"2024-08-12T08:39:02+00:00\",\"dateModified\":\"2025-02-07T09:39:40+00:00\",\"mainEntityOfPage\":{\"@id\":\"https:\\\/\\\/wp.kristdemokraterna.se\\\/dalarna\\\/dags-att-utrota-livmoderhalscancer-i-dalarna\\\/\"},\"wordCount\":392,\"publisher\":{\"@id\":\"https:\\\/\\\/wp.kristdemokraterna.se\\\/dalarna\\\/#organization\"},\"articleSection\":[\"Nyheter\"],\"inLanguage\":\"sv-SE\"},{\"@type\":\"WebPage\",\"@id\":\"https:\\\/\\\/wp.kristdemokraterna.se\\\/dalarna\\\/dags-att-utrota-livmoderhalscancer-i-dalarna\\\/\",\"url\":\"https:\\\/\\\/wp.kristdemokraterna.se\\\/dalarna\\\/dags-att-utrota-livmoderhalscancer-i-dalarna\\\/\",\"name\":\"Dags att utrota livmoderhalscancer i Dalarna - Kristdemokraterna Dalarna\",\"isPartOf\":{\"@id\":\"https:\\\/\\\/wp.kristdemokraterna.se\\\/dalarna\\\/#website\"},\"datePublished\":\"2024-08-12T08:39:02+00:00\",\"dateModified\":\"2025-02-07T09:39:40+00:00\",\"breadcrumb\":{\"@id\":\"https:\\\/\\\/wp.kristdemokraterna.se\\\/dalarna\\\/dags-att-utrota-livmoderhalscancer-i-dalarna\\\/#breadcrumb\"},\"inLanguage\":\"sv-SE\",\"potentialAction\":[{\"@type\":\"ReadAction\",\"target\":[\"https:\\\/\\\/wp.kristdemokraterna.se\\\/dalarna\\\/dags-att-utrota-livmoderhalscancer-i-dalarna\\\/\"]}]},{\"@type\":\"BreadcrumbList\",\"@id\":\"https:\\\/\\\/wp.kristdemokraterna.se\\\/dalarna\\\/dags-att-utrota-livmoderhalscancer-i-dalarna\\\/#breadcrumb\",\"itemListElement\":[{\"@type\":\"ListItem\",\"position\":1,\"name\":\"Hem\",\"item\":\"https:\\\/\\\/wp.kristdemokraterna.se\\\/dalarna\\\/\"},{\"@type\":\"ListItem\",\"position\":2,\"name\":\"Dags att utrota livmoderhalscancer i Dalarna\"}]},{\"@type\":\"WebSite\",\"@id\":\"https:\\\/\\\/wp.kristdemokraterna.se\\\/dalarna\\\/#website\",\"url\":\"https:\\\/\\\/wp.kristdemokraterna.se\\\/dalarna\\\/\",\"name\":\"Kristdemokraterna Dalarna\",\"description\":\"\",\"publisher\":{\"@id\":\"https:\\\/\\\/wp.kristdemokraterna.se\\\/dalarna\\\/#organization\"},\"inLanguage\":\"sv-SE\"},{\"@type\":\"Organization\",\"@id\":\"https:\\\/\\\/wp.kristdemokraterna.se\\\/dalarna\\\/#organization\",\"name\":\"Kristdemokraterna Dalarna\",\"url\":\"https:\\\/\\\/wp.kristdemokraterna.se\\\/dalarna\\\/\",\"logo\":{\"@type\":\"ImageObject\",\"inLanguage\":\"sv-SE\",\"@id\":\"https:\\\/\\\/wp.kristdemokraterna.se\\\/dalarna\\\/#\\\/schema\\\/logo\\\/image\\\/\",\"url\":\"https:\\\/\\\/wp.kristdemokraterna.se\\\/dalarna\\\/files\\\/2022\\\/08\\\/dalarna-sida-bla-300dpi.png\",\"contentUrl\":\"https:\\\/\\\/wp.kristdemokraterna.se\\\/dalarna\\\/files\\\/2022\\\/08\\\/dalarna-sida-bla-300dpi.png\",\"width\":1477,\"height\":681,\"caption\":\"Kristdemokraterna Dalarna\"},\"image\":{\"@id\":\"https:\\\/\\\/wp.kristdemokraterna.se\\\/dalarna\\\/#\\\/schema\\\/logo\\\/image\\\/\"}},{\"@type\":\"Person\",\"@id\":\"https:\\\/\\\/wp.kristdemokraterna.se\\\/dalarna\\\/#\\\/schema\\\/person\\\/7611175eb955130b2fc127e0992fdffc\",\"name\":\"oliver\",\"image\":{\"@type\":\"ImageObject\",\"inLanguage\":\"sv-SE\",\"@id\":\"https:\\\/\\\/secure.gravatar.com\\\/avatar\\\/bf91bfa2870e8b9c37378dca6b35b68f39af1750e31e39ac91e8ffb52bcdde21?s=96&r=g\",\"url\":\"https:\\\/\\\/secure.gravatar.com\\\/avatar\\\/bf91bfa2870e8b9c37378dca6b35b68f39af1750e31e39ac91e8ffb52bcdde21?s=96&r=g\",\"contentUrl\":\"https:\\\/\\\/secure.gravatar.com\\\/avatar\\\/bf91bfa2870e8b9c37378dca6b35b68f39af1750e31e39ac91e8ffb52bcdde21?s=96&r=g\",\"caption\":\"oliver\"},\"url\":\"https:\\\/\\\/wp.kristdemokraterna.se\\\/dalarna\\\/author\\\/oliver\\\/\"}]}<\/script>\n<!-- \/ Yoast SEO plugin. -->","yoast_head_json":{"title":"Dags att utrota livmoderhalscancer i Dalarna - Kristdemokraterna Dalarna","robots":{"index":"index","follow":"follow","max-snippet":"max-snippet:-1","max-image-preview":"max-image-preview:large","max-video-preview":"max-video-preview:-1"},"canonical":"https:\/\/wp.kristdemokraterna.se\/dalarna\/dags-att-utrota-livmoderhalscancer-i-dalarna\/","og_locale":"sv_SE","og_type":"article","og_title":"Dags att utrota livmoderhalscancer i Dalarna - Kristdemokraterna Dalarna","og_description":"Varje \u00e5r drabbas 500 svenska kvinnor av livmoderhalscancer, varav cirka 20 \u00e5terfinns i Dalarna. M\u00f6jligheten att utpl\u00e5na sjukdomen finns, men det f\u00f6ruts\u00e4tter att fler v\u00e4ljer att vaccinera sig mot HPV. Just nu p\u00e5g\u00e5r en nationell vaccinationskampanj i vilken alla kvinnor i \u00e5ldern 24\u201329 \u00e5r erbjuds gratis vaccin. Livmoderhalscancer \u00e4r en allvarlig sjukdom \u2013 enbart 80 Read More","og_url":"https:\/\/wp.kristdemokraterna.se\/dalarna\/dags-att-utrota-livmoderhalscancer-i-dalarna\/","og_site_name":"Kristdemokraterna Dalarna","article_published_time":"2024-08-12T08:39:02+00:00","article_modified_time":"2025-02-07T09:39:40+00:00","author":"oliver","twitter_card":"summary_large_image","twitter_misc":{"Skriven av":"oliver","Ber\u00e4knad l\u00e4stid":"2 minuter"},"schema":{"@context":"https:\/\/schema.org","@graph":[{"@type":"Article","@id":"https:\/\/wp.kristdemokraterna.se\/dalarna\/dags-att-utrota-livmoderhalscancer-i-dalarna\/#article","isPartOf":{"@id":"https:\/\/wp.kristdemokraterna.se\/dalarna\/dags-att-utrota-livmoderhalscancer-i-dalarna\/"},"author":{"name":"oliver","@id":"https:\/\/wp.kristdemokraterna.se\/dalarna\/#\/schema\/person\/7611175eb955130b2fc127e0992fdffc"},"headline":"Dags att utrota livmoderhalscancer i Dalarna","datePublished":"2024-08-12T08:39:02+00:00","dateModified":"2025-02-07T09:39:40+00:00","mainEntityOfPage":{"@id":"https:\/\/wp.kristdemokraterna.se\/dalarna\/dags-att-utrota-livmoderhalscancer-i-dalarna\/"},"wordCount":392,"publisher":{"@id":"https:\/\/wp.kristdemokraterna.se\/dalarna\/#organization"},"articleSection":["Nyheter"],"inLanguage":"sv-SE"},{"@type":"WebPage","@id":"https:\/\/wp.kristdemokraterna.se\/dalarna\/dags-att-utrota-livmoderhalscancer-i-dalarna\/","url":"https:\/\/wp.kristdemokraterna.se\/dalarna\/dags-att-utrota-livmoderhalscancer-i-dalarna\/","name":"Dags att utrota livmoderhalscancer i Dalarna - Kristdemokraterna Dalarna","isPartOf":{"@id":"https:\/\/wp.kristdemokraterna.se\/dalarna\/#website"},"datePublished":"2024-08-12T08:39:02+00:00","dateModified":"2025-02-07T09:39:40+00:00","breadcrumb":{"@id":"https:\/\/wp.kristdemokraterna.se\/dalarna\/dags-att-utrota-livmoderhalscancer-i-dalarna\/#breadcrumb"},"inLanguage":"sv-SE","potentialAction":[{"@type":"ReadAction","target":["https:\/\/wp.kristdemokraterna.se\/dalarna\/dags-att-utrota-livmoderhalscancer-i-dalarna\/"]}]},{"@type":"BreadcrumbList","@id":"https:\/\/wp.kristdemokraterna.se\/dalarna\/dags-att-utrota-livmoderhalscancer-i-dalarna\/#breadcrumb","itemListElement":[{"@type":"ListItem","position":1,"name":"Hem","item":"https:\/\/wp.kristdemokraterna.se\/dalarna\/"},{"@type":"ListItem","position":2,"name":"Dags att utrota livmoderhalscancer i Dalarna"}]},{"@type":"WebSite","@id":"https:\/\/wp.kristdemokraterna.se\/dalarna\/#website","url":"https:\/\/wp.kristdemokraterna.se\/dalarna\/","name":"Kristdemokraterna Dalarna","description":"","publisher":{"@id":"https:\/\/wp.kristdemokraterna.se\/dalarna\/#organization"},"inLanguage":"sv-SE"},{"@type":"Organization","@id":"https:\/\/wp.kristdemokraterna.se\/dalarna\/#organization","name":"Kristdemokraterna Dalarna","url":"https:\/\/wp.kristdemokraterna.se\/dalarna\/","logo":{"@type":"ImageObject","inLanguage":"sv-SE","@id":"https:\/\/wp.kristdemokraterna.se\/dalarna\/#\/schema\/logo\/image\/","url":"https:\/\/wp.kristdemokraterna.se\/dalarna\/files\/2022\/08\/dalarna-sida-bla-300dpi.png","contentUrl":"https:\/\/wp.kristdemokraterna.se\/dalarna\/files\/2022\/08\/dalarna-sida-bla-300dpi.png","width":1477,"height":681,"caption":"Kristdemokraterna Dalarna"},"image":{"@id":"https:\/\/wp.kristdemokraterna.se\/dalarna\/#\/schema\/logo\/image\/"}},{"@type":"Person","@id":"https:\/\/wp.kristdemokraterna.se\/dalarna\/#\/schema\/person\/7611175eb955130b2fc127e0992fdffc","name":"oliver","image":{"@type":"ImageObject","inLanguage":"sv-SE","@id":"https:\/\/secure.gravatar.com\/avatar\/bf91bfa2870e8b9c37378dca6b35b68f39af1750e31e39ac91e8ffb52bcdde21?s=96&r=g","url":"https:\/\/secure.gravatar.com\/avatar\/bf91bfa2870e8b9c37378dca6b35b68f39af1750e31e39ac91e8ffb52bcdde21?s=96&r=g","contentUrl":"https:\/\/secure.gravatar.com\/avatar\/bf91bfa2870e8b9c37378dca6b35b68f39af1750e31e39ac91e8ffb52bcdde21?s=96&r=g","caption":"oliver"},"url":"https:\/\/wp.kristdemokraterna.se\/dalarna\/author\/oliver\/"}]}},"_links":{"self":[{"href":"https:\/\/wp.kristdemokraterna.se\/dalarna\/wp-json\/wp\/v2\/posts\/1019","targetHints":{"allow":["GET"]}}],"collection":[{"href":"https:\/\/wp.kristdemokraterna.se\/dalarna\/wp-json\/wp\/v2\/posts"}],"about":[{"href":"https:\/\/wp.kristdemokraterna.se\/dalarna\/wp-json\/wp\/v2\/types\/post"}],"author":[{"embeddable":true,"href":"https:\/\/wp.kristdemokraterna.se\/dalarna\/wp-json\/wp\/v2\/users\/958"}],"replies":[{"embeddable":true,"href":"https:\/\/wp.kristdemokraterna.se\/dalarna\/wp-json\/wp\/v2\/comments?post=1019"}],"version-history":[{"count":1,"href":"https:\/\/wp.kristdemokraterna.se\/dalarna\/wp-json\/wp\/v2\/posts\/1019\/revisions"}],"predecessor-version":[{"id":1020,"href":"https:\/\/wp.kristdemokraterna.se\/dalarna\/wp-json\/wp\/v2\/posts\/1019\/revisions\/1020"}],"wp:attachment":[{"href":"https:\/\/wp.kristdemokraterna.se\/dalarna\/wp-json\/wp\/v2\/media?parent=1019"}],"wp:term":[{"taxonomy":"category","embeddable":true,"href":"https:\/\/wp.kristdemokraterna.se\/dalarna\/wp-json\/wp\/v2\/categories?post=1019"},{"taxonomy":"post_tag","embeddable":true,"href":"https:\/\/wp.kristdemokraterna.se\/dalarna\/wp-json\/wp\/v2\/tags?post=1019"}],"curies":[{"name":"wp","href":"https:\/\/api.w.org\/{rel}","templated":true}]}}