{"id":814,"date":"2023-01-13T13:54:11","date_gmt":"2023-01-13T12:54:11","guid":{"rendered":"https:\/\/wp.kristdemokraterna.se\/dalarna\/?p=814"},"modified":"2023-01-26T14:04:58","modified_gmt":"2023-01-26T13:04:58","slug":"miljonsatsning-pa-ambulanssjukvarden-i-dalarna","status":"publish","type":"post","link":"https:\/\/wp.kristdemokraterna.se\/dalarna\/miljonsatsning-pa-ambulanssjukvarden-i-dalarna\/","title":{"rendered":"Miljonsatsning p\u00e5 ambulanssjukv\u00e5rden i Dalarna"},"content":{"rendered":"<p>Nu f\u00f6resl\u00e5r Kristdemokraterna, som en del av Samling f\u00f6r Dalarna, h\u00f6jda grundl\u00f6ner f\u00f6r sjuksk\u00f6terskor inom ambulanssjukv\u00e5rden.<\/p>\n<p>P\u00e5 grund av en tidigare sjuksk\u00f6terskesatsning och avvecklingen av 24\/7-till\u00e4get har sjuksk\u00f6terskor inom ambulanssjukv\u00e5rden idag l\u00e4gre l\u00f6n \u00e4n sjuksk\u00f6terskor inom slutenv\u00e5rden. I syfte att \u00e5tg\u00e4rda l\u00f6neglappet och underl\u00e4tta rekryteringen f\u00f6resl\u00e5s d\u00e4rf\u00f6r grundl\u00f6ne\u00f6kningar inom ambulansen.<\/p>\n<p>Enligt f\u00f6rslaget, som l\u00e4ggs fram f\u00f6r beslut i regionstyrelsen 6 februari, f\u00e5r en grundutbildad sjuksk\u00f6terska erh\u00e5lla 1000 kr mer i grundl\u00f6n per m\u00e5nad och en vidareutbildad sjuksk\u00f6terska 2500 kr. Beslutet kommer g\u00e4lla fr\u00e5n och med 1 januari, med utbetalningar senast i april, och ber\u00e4knas kosta 8,5 miljoner kr \u00e5rligen.<\/p>\n<p>&#8211; Det \u00e4r s\u00e5klart en v\u00e4lkommen satsning, f\u00f6r vi har ett tufft l\u00e4ge att rekrytera och bemanna v\u00e5ra ambulanser, kommenterar Fredrik Forselius verksamhetschef ambulanssjukv\u00e5rden<\/p>\n","protected":false},"excerpt":{"rendered":"<p>Nu f\u00f6resl\u00e5r Kristdemokraterna, som en del av Samling f\u00f6r Dalarna, h\u00f6jda grundl\u00f6ner f\u00f6r sjuksk\u00f6terskor inom ambulanssjukv\u00e5rden. P\u00e5 grund av en tidigare sjuksk\u00f6terskesatsning och avvecklingen av 24\/7-till\u00e4get har sjuksk\u00f6terskor inom ambulanssjukv\u00e5rden idag l\u00e4gre l\u00f6n \u00e4n sjuksk\u00f6terskor inom slutenv\u00e5rden. I syfte att \u00e5tg\u00e4rda l\u00f6neglappet och underl\u00e4tta rekryteringen f\u00f6resl\u00e5s d\u00e4rf\u00f6r grundl\u00f6ne\u00f6kningar inom ambulansen. Enligt f\u00f6rslaget, som l\u00e4ggs fram <a class=\"read-more-link\" href=\"https:\/\/wp.kristdemokraterna.se\/dalarna\/miljonsatsning-pa-ambulanssjukvarden-i-dalarna\/\">Read More<\/a><\/p>\n","protected":false},"author":958,"featured_media":0,"comment_status":"closed","ping_status":"closed","sticky":false,"template":"","format":"standard","meta":{"_acf_changed":false,"footnotes":""},"categories":[12],"tags":[],"class_list":["post-814","post","type-post","status-publish","format-standard","hentry","category-nyheter"],"acf":[],"yoast_head":"<!-- This site is optimized with the Yoast SEO plugin v27.5 - https:\/\/yoast.com\/product\/yoast-seo-wordpress\/ -->\n<title>Miljonsatsning p\u00e5 ambulanssjukv\u00e5rden i Dalarna - Kristdemokraterna Dalarna<\/title>\n<meta name=\"robots\" content=\"index, follow, max-snippet:-1, max-image-preview:large, max-video-preview:-1\" \/>\n<link rel=\"canonical\" href=\"https:\/\/wp.kristdemokraterna.se\/dalarna\/miljonsatsning-pa-ambulanssjukvarden-i-dalarna\/\" \/>\n<meta property=\"og:locale\" content=\"sv_SE\" \/>\n<meta property=\"og:type\" content=\"article\" \/>\n<meta property=\"og:title\" content=\"Miljonsatsning p\u00e5 ambulanssjukv\u00e5rden i Dalarna - Kristdemokraterna Dalarna\" \/>\n<meta property=\"og:description\" content=\"Nu f\u00f6resl\u00e5r Kristdemokraterna, som en del av Samling f\u00f6r Dalarna, h\u00f6jda grundl\u00f6ner f\u00f6r sjuksk\u00f6terskor inom ambulanssjukv\u00e5rden. P\u00e5 grund av en tidigare sjuksk\u00f6terskesatsning och avvecklingen av 24\/7-till\u00e4get har sjuksk\u00f6terskor inom ambulanssjukv\u00e5rden idag l\u00e4gre l\u00f6n \u00e4n sjuksk\u00f6terskor inom slutenv\u00e5rden. I syfte att \u00e5tg\u00e4rda l\u00f6neglappet och underl\u00e4tta rekryteringen f\u00f6resl\u00e5s d\u00e4rf\u00f6r grundl\u00f6ne\u00f6kningar inom ambulansen. Enligt f\u00f6rslaget, som l\u00e4ggs fram Read More\" \/>\n<meta property=\"og:url\" content=\"https:\/\/wp.kristdemokraterna.se\/dalarna\/miljonsatsning-pa-ambulanssjukvarden-i-dalarna\/\" \/>\n<meta property=\"og:site_name\" content=\"Kristdemokraterna Dalarna\" \/>\n<meta property=\"article:published_time\" content=\"2023-01-13T12:54:11+00:00\" \/>\n<meta property=\"article:modified_time\" content=\"2023-01-26T13:04:58+00:00\" \/>\n<meta name=\"author\" content=\"oliver\" \/>\n<meta name=\"twitter:card\" content=\"summary_large_image\" \/>\n<meta name=\"twitter:label1\" content=\"Skriven av\" \/>\n\t<meta name=\"twitter:data1\" content=\"oliver\" \/>\n\t<meta name=\"twitter:label2\" content=\"Ber\u00e4knad l\u00e4stid\" \/>\n\t<meta name=\"twitter:data2\" content=\"1 minut\" \/>\n<script type=\"application\/ld+json\" class=\"yoast-schema-graph\">{\"@context\":\"https:\\\/\\\/schema.org\",\"@graph\":[{\"@type\":\"Article\",\"@id\":\"https:\\\/\\\/wp.kristdemokraterna.se\\\/dalarna\\\/miljonsatsning-pa-ambulanssjukvarden-i-dalarna\\\/#article\",\"isPartOf\":{\"@id\":\"https:\\\/\\\/wp.kristdemokraterna.se\\\/dalarna\\\/miljonsatsning-pa-ambulanssjukvarden-i-dalarna\\\/\"},\"author\":{\"name\":\"oliver\",\"@id\":\"https:\\\/\\\/wp.kristdemokraterna.se\\\/dalarna\\\/#\\\/schema\\\/person\\\/7611175eb955130b2fc127e0992fdffc\"},\"headline\":\"Miljonsatsning p\u00e5 ambulanssjukv\u00e5rden i Dalarna\",\"datePublished\":\"2023-01-13T12:54:11+00:00\",\"dateModified\":\"2023-01-26T13:04:58+00:00\",\"mainEntityOfPage\":{\"@id\":\"https:\\\/\\\/wp.kristdemokraterna.se\\\/dalarna\\\/miljonsatsning-pa-ambulanssjukvarden-i-dalarna\\\/\"},\"wordCount\":167,\"publisher\":{\"@id\":\"https:\\\/\\\/wp.kristdemokraterna.se\\\/dalarna\\\/#organization\"},\"articleSection\":[\"Nyheter\"],\"inLanguage\":\"sv-SE\"},{\"@type\":\"WebPage\",\"@id\":\"https:\\\/\\\/wp.kristdemokraterna.se\\\/dalarna\\\/miljonsatsning-pa-ambulanssjukvarden-i-dalarna\\\/\",\"url\":\"https:\\\/\\\/wp.kristdemokraterna.se\\\/dalarna\\\/miljonsatsning-pa-ambulanssjukvarden-i-dalarna\\\/\",\"name\":\"Miljonsatsning p\u00e5 ambulanssjukv\u00e5rden i Dalarna - Kristdemokraterna Dalarna\",\"isPartOf\":{\"@id\":\"https:\\\/\\\/wp.kristdemokraterna.se\\\/dalarna\\\/#website\"},\"datePublished\":\"2023-01-13T12:54:11+00:00\",\"dateModified\":\"2023-01-26T13:04:58+00:00\",\"breadcrumb\":{\"@id\":\"https:\\\/\\\/wp.kristdemokraterna.se\\\/dalarna\\\/miljonsatsning-pa-ambulanssjukvarden-i-dalarna\\\/#breadcrumb\"},\"inLanguage\":\"sv-SE\",\"potentialAction\":[{\"@type\":\"ReadAction\",\"target\":[\"https:\\\/\\\/wp.kristdemokraterna.se\\\/dalarna\\\/miljonsatsning-pa-ambulanssjukvarden-i-dalarna\\\/\"]}]},{\"@type\":\"BreadcrumbList\",\"@id\":\"https:\\\/\\\/wp.kristdemokraterna.se\\\/dalarna\\\/miljonsatsning-pa-ambulanssjukvarden-i-dalarna\\\/#breadcrumb\",\"itemListElement\":[{\"@type\":\"ListItem\",\"position\":1,\"name\":\"Hem\",\"item\":\"https:\\\/\\\/wp.kristdemokraterna.se\\\/dalarna\\\/\"},{\"@type\":\"ListItem\",\"position\":2,\"name\":\"Miljonsatsning p\u00e5 ambulanssjukv\u00e5rden i Dalarna\"}]},{\"@type\":\"WebSite\",\"@id\":\"https:\\\/\\\/wp.kristdemokraterna.se\\\/dalarna\\\/#website\",\"url\":\"https:\\\/\\\/wp.kristdemokraterna.se\\\/dalarna\\\/\",\"name\":\"Kristdemokraterna Dalarna\",\"description\":\"\",\"publisher\":{\"@id\":\"https:\\\/\\\/wp.kristdemokraterna.se\\\/dalarna\\\/#organization\"},\"inLanguage\":\"sv-SE\"},{\"@type\":\"Organization\",\"@id\":\"https:\\\/\\\/wp.kristdemokraterna.se\\\/dalarna\\\/#organization\",\"name\":\"Kristdemokraterna Dalarna\",\"url\":\"https:\\\/\\\/wp.kristdemokraterna.se\\\/dalarna\\\/\",\"logo\":{\"@type\":\"ImageObject\",\"inLanguage\":\"sv-SE\",\"@id\":\"https:\\\/\\\/wp.kristdemokraterna.se\\\/dalarna\\\/#\\\/schema\\\/logo\\\/image\\\/\",\"url\":\"https:\\\/\\\/wp.kristdemokraterna.se\\\/dalarna\\\/files\\\/2022\\\/08\\\/dalarna-sida-bla-300dpi.png\",\"contentUrl\":\"https:\\\/\\\/wp.kristdemokraterna.se\\\/dalarna\\\/files\\\/2022\\\/08\\\/dalarna-sida-bla-300dpi.png\",\"width\":1477,\"height\":681,\"caption\":\"Kristdemokraterna Dalarna\"},\"image\":{\"@id\":\"https:\\\/\\\/wp.kristdemokraterna.se\\\/dalarna\\\/#\\\/schema\\\/logo\\\/image\\\/\"}},{\"@type\":\"Person\",\"@id\":\"https:\\\/\\\/wp.kristdemokraterna.se\\\/dalarna\\\/#\\\/schema\\\/person\\\/7611175eb955130b2fc127e0992fdffc\",\"name\":\"oliver\",\"image\":{\"@type\":\"ImageObject\",\"inLanguage\":\"sv-SE\",\"@id\":\"https:\\\/\\\/secure.gravatar.com\\\/avatar\\\/bf91bfa2870e8b9c37378dca6b35b68f39af1750e31e39ac91e8ffb52bcdde21?s=96&r=g\",\"url\":\"https:\\\/\\\/secure.gravatar.com\\\/avatar\\\/bf91bfa2870e8b9c37378dca6b35b68f39af1750e31e39ac91e8ffb52bcdde21?s=96&r=g\",\"contentUrl\":\"https:\\\/\\\/secure.gravatar.com\\\/avatar\\\/bf91bfa2870e8b9c37378dca6b35b68f39af1750e31e39ac91e8ffb52bcdde21?s=96&r=g\",\"caption\":\"oliver\"},\"url\":\"https:\\\/\\\/wp.kristdemokraterna.se\\\/dalarna\\\/author\\\/oliver\\\/\"}]}<\/script>\n<!-- \/ Yoast SEO plugin. -->","yoast_head_json":{"title":"Miljonsatsning p\u00e5 ambulanssjukv\u00e5rden i Dalarna - Kristdemokraterna Dalarna","robots":{"index":"index","follow":"follow","max-snippet":"max-snippet:-1","max-image-preview":"max-image-preview:large","max-video-preview":"max-video-preview:-1"},"canonical":"https:\/\/wp.kristdemokraterna.se\/dalarna\/miljonsatsning-pa-ambulanssjukvarden-i-dalarna\/","og_locale":"sv_SE","og_type":"article","og_title":"Miljonsatsning p\u00e5 ambulanssjukv\u00e5rden i Dalarna - Kristdemokraterna Dalarna","og_description":"Nu f\u00f6resl\u00e5r Kristdemokraterna, som en del av Samling f\u00f6r Dalarna, h\u00f6jda grundl\u00f6ner f\u00f6r sjuksk\u00f6terskor inom ambulanssjukv\u00e5rden. P\u00e5 grund av en tidigare sjuksk\u00f6terskesatsning och avvecklingen av 24\/7-till\u00e4get har sjuksk\u00f6terskor inom ambulanssjukv\u00e5rden idag l\u00e4gre l\u00f6n \u00e4n sjuksk\u00f6terskor inom slutenv\u00e5rden. I syfte att \u00e5tg\u00e4rda l\u00f6neglappet och underl\u00e4tta rekryteringen f\u00f6resl\u00e5s d\u00e4rf\u00f6r grundl\u00f6ne\u00f6kningar inom ambulansen. Enligt f\u00f6rslaget, som l\u00e4ggs fram Read More","og_url":"https:\/\/wp.kristdemokraterna.se\/dalarna\/miljonsatsning-pa-ambulanssjukvarden-i-dalarna\/","og_site_name":"Kristdemokraterna Dalarna","article_published_time":"2023-01-13T12:54:11+00:00","article_modified_time":"2023-01-26T13:04:58+00:00","author":"oliver","twitter_card":"summary_large_image","twitter_misc":{"Skriven av":"oliver","Ber\u00e4knad l\u00e4stid":"1 minut"},"schema":{"@context":"https:\/\/schema.org","@graph":[{"@type":"Article","@id":"https:\/\/wp.kristdemokraterna.se\/dalarna\/miljonsatsning-pa-ambulanssjukvarden-i-dalarna\/#article","isPartOf":{"@id":"https:\/\/wp.kristdemokraterna.se\/dalarna\/miljonsatsning-pa-ambulanssjukvarden-i-dalarna\/"},"author":{"name":"oliver","@id":"https:\/\/wp.kristdemokraterna.se\/dalarna\/#\/schema\/person\/7611175eb955130b2fc127e0992fdffc"},"headline":"Miljonsatsning p\u00e5 ambulanssjukv\u00e5rden i Dalarna","datePublished":"2023-01-13T12:54:11+00:00","dateModified":"2023-01-26T13:04:58+00:00","mainEntityOfPage":{"@id":"https:\/\/wp.kristdemokraterna.se\/dalarna\/miljonsatsning-pa-ambulanssjukvarden-i-dalarna\/"},"wordCount":167,"publisher":{"@id":"https:\/\/wp.kristdemokraterna.se\/dalarna\/#organization"},"articleSection":["Nyheter"],"inLanguage":"sv-SE"},{"@type":"WebPage","@id":"https:\/\/wp.kristdemokraterna.se\/dalarna\/miljonsatsning-pa-ambulanssjukvarden-i-dalarna\/","url":"https:\/\/wp.kristdemokraterna.se\/dalarna\/miljonsatsning-pa-ambulanssjukvarden-i-dalarna\/","name":"Miljonsatsning p\u00e5 ambulanssjukv\u00e5rden i Dalarna - Kristdemokraterna Dalarna","isPartOf":{"@id":"https:\/\/wp.kristdemokraterna.se\/dalarna\/#website"},"datePublished":"2023-01-13T12:54:11+00:00","dateModified":"2023-01-26T13:04:58+00:00","breadcrumb":{"@id":"https:\/\/wp.kristdemokraterna.se\/dalarna\/miljonsatsning-pa-ambulanssjukvarden-i-dalarna\/#breadcrumb"},"inLanguage":"sv-SE","potentialAction":[{"@type":"ReadAction","target":["https:\/\/wp.kristdemokraterna.se\/dalarna\/miljonsatsning-pa-ambulanssjukvarden-i-dalarna\/"]}]},{"@type":"BreadcrumbList","@id":"https:\/\/wp.kristdemokraterna.se\/dalarna\/miljonsatsning-pa-ambulanssjukvarden-i-dalarna\/#breadcrumb","itemListElement":[{"@type":"ListItem","position":1,"name":"Hem","item":"https:\/\/wp.kristdemokraterna.se\/dalarna\/"},{"@type":"ListItem","position":2,"name":"Miljonsatsning p\u00e5 ambulanssjukv\u00e5rden i Dalarna"}]},{"@type":"WebSite","@id":"https:\/\/wp.kristdemokraterna.se\/dalarna\/#website","url":"https:\/\/wp.kristdemokraterna.se\/dalarna\/","name":"Kristdemokraterna Dalarna","description":"","publisher":{"@id":"https:\/\/wp.kristdemokraterna.se\/dalarna\/#organization"},"inLanguage":"sv-SE"},{"@type":"Organization","@id":"https:\/\/wp.kristdemokraterna.se\/dalarna\/#organization","name":"Kristdemokraterna Dalarna","url":"https:\/\/wp.kristdemokraterna.se\/dalarna\/","logo":{"@type":"ImageObject","inLanguage":"sv-SE","@id":"https:\/\/wp.kristdemokraterna.se\/dalarna\/#\/schema\/logo\/image\/","url":"https:\/\/wp.kristdemokraterna.se\/dalarna\/files\/2022\/08\/dalarna-sida-bla-300dpi.png","contentUrl":"https:\/\/wp.kristdemokraterna.se\/dalarna\/files\/2022\/08\/dalarna-sida-bla-300dpi.png","width":1477,"height":681,"caption":"Kristdemokraterna Dalarna"},"image":{"@id":"https:\/\/wp.kristdemokraterna.se\/dalarna\/#\/schema\/logo\/image\/"}},{"@type":"Person","@id":"https:\/\/wp.kristdemokraterna.se\/dalarna\/#\/schema\/person\/7611175eb955130b2fc127e0992fdffc","name":"oliver","image":{"@type":"ImageObject","inLanguage":"sv-SE","@id":"https:\/\/secure.gravatar.com\/avatar\/bf91bfa2870e8b9c37378dca6b35b68f39af1750e31e39ac91e8ffb52bcdde21?s=96&r=g","url":"https:\/\/secure.gravatar.com\/avatar\/bf91bfa2870e8b9c37378dca6b35b68f39af1750e31e39ac91e8ffb52bcdde21?s=96&r=g","contentUrl":"https:\/\/secure.gravatar.com\/avatar\/bf91bfa2870e8b9c37378dca6b35b68f39af1750e31e39ac91e8ffb52bcdde21?s=96&r=g","caption":"oliver"},"url":"https:\/\/wp.kristdemokraterna.se\/dalarna\/author\/oliver\/"}]}},"_links":{"self":[{"href":"https:\/\/wp.kristdemokraterna.se\/dalarna\/wp-json\/wp\/v2\/posts\/814","targetHints":{"allow":["GET"]}}],"collection":[{"href":"https:\/\/wp.kristdemokraterna.se\/dalarna\/wp-json\/wp\/v2\/posts"}],"about":[{"href":"https:\/\/wp.kristdemokraterna.se\/dalarna\/wp-json\/wp\/v2\/types\/post"}],"author":[{"embeddable":true,"href":"https:\/\/wp.kristdemokraterna.se\/dalarna\/wp-json\/wp\/v2\/users\/958"}],"replies":[{"embeddable":true,"href":"https:\/\/wp.kristdemokraterna.se\/dalarna\/wp-json\/wp\/v2\/comments?post=814"}],"version-history":[{"count":1,"href":"https:\/\/wp.kristdemokraterna.se\/dalarna\/wp-json\/wp\/v2\/posts\/814\/revisions"}],"predecessor-version":[{"id":819,"href":"https:\/\/wp.kristdemokraterna.se\/dalarna\/wp-json\/wp\/v2\/posts\/814\/revisions\/819"}],"wp:attachment":[{"href":"https:\/\/wp.kristdemokraterna.se\/dalarna\/wp-json\/wp\/v2\/media?parent=814"}],"wp:term":[{"taxonomy":"category","embeddable":true,"href":"https:\/\/wp.kristdemokraterna.se\/dalarna\/wp-json\/wp\/v2\/categories?post=814"},{"taxonomy":"post_tag","embeddable":true,"href":"https:\/\/wp.kristdemokraterna.se\/dalarna\/wp-json\/wp\/v2\/tags?post=814"}],"curies":[{"name":"wp","href":"https:\/\/api.w.org\/{rel}","templated":true}]}}