{"id":826,"date":"2023-02-20T19:39:50","date_gmt":"2023-02-20T18:39:50","guid":{"rendered":"https:\/\/wp.kristdemokraterna.se\/dalarna\/?p=826"},"modified":"2023-02-26T18:48:33","modified_gmt":"2023-02-26T17:48:33","slug":"storsatsning-pa-mora-lasarett","status":"publish","type":"post","link":"https:\/\/wp.kristdemokraterna.se\/dalarna\/storsatsning-pa-mora-lasarett\/","title":{"rendered":"Nytt operationshus vid Mora lasarett"},"content":{"rendered":"<div class=\"x11i5rnm xat24cr x1mh8g0r x1vvkbs xdj266r x126k92a\">\n<p dir=\"auto\">F\u00f6r att m\u00f6ta framtidens v\u00e5rdbehov beslutas om en ny storsatsning p\u00e5 Mora lasarett under m\u00e5ndagens fullm\u00e4ktigem\u00f6te den 20 februari. En investering p\u00e5 850 miljoner kronor m\u00f6jligg\u00f6r byggandet av ett nytt operationshus vid lasarettet. Detta kommer att st\u00e4rka Mora lasarett som ett akutsjukhus och s\u00e4kerst\u00e4lla en fortsatt god och n\u00e4ra v\u00e5rd \u2013 i hela regionen.<\/p>\n<p dir=\"auto\">Norra Dalarna visar idag p\u00e5 stor utvecklingskraft genom nybyggnationer och ett snabbt v\u00e4xande n\u00e4ringsliv. Samtidigt f\u00f6rv\u00e4ntas antalet inv\u00e5nare \u00f6ver 75 \u00e5r \u00f6ka med 35 procent till \u00e5r 2050, vilket inneb\u00e4r ett kraftigt \u00f6kat behov av v\u00e5rd. Med anledning av detta kommer Mora lasarett, som redan har en central roll som akutsjukhus i l\u00e4nets norra delar, bli \u00e4nnu viktigare i framtiden.<\/p>\n<p dir=\"auto\">F\u00f6r att Mora lasarett ska kunna m\u00f6ta de tilltagande behoven och s\u00e4kra en v\u00e4lfungerande operationsverksamhet beh\u00f6vs ett nytt operationshus. Befintliga lokaler \u00e4r f\u00f6r sm\u00e5 och uppfyller inte kraven p\u00e5 god arbetsmilj\u00f6, v\u00e5rdhygien eller patients\u00e4kerhet. Nya lokaler ska l\u00f6sa dessa utmaningar och \u00e4ven bidra till en modernisering av verksamheten. Ungef\u00e4r 2 000 fler operationer kommer kunna genomf\u00f6ras varje \u00e5r. Dessutom \u00e4r f\u00f6rhoppningen att mer trivsamma lokaler och en b\u00e4ttre fysisk arbetsmilj\u00f6 ska underl\u00e4tta kompetensf\u00f6rs\u00f6rjningen.<\/p>\n<p dir=\"auto\">Regionen st\u00e5r inf\u00f6r stora utmaningar och m\u00e5ste rusta f\u00f6r ett allt st\u00f6rre v\u00e5rdbehov. Med denna satsning p\u00e5 operation och kirurgi tryggas akutsjukv\u00e5rden p\u00e5 Mora lasarett under \u00f6versk\u00e5dlig tid, vilket b\u00e4ddar f\u00f6r en god och n\u00e4ra v\u00e5rd i l\u00e4nets norra delar. P\u00e5 s\u00e5 s\u00e4tt n\u00e4rmar vi oss ocks\u00e5 v\u00e5r gemensamma ambition: ett h\u00e5llbart Dalarna med utvecklingskraft i l\u00e4nets alla delar.<\/p>\n<p dir=\"auto\"><strong>Birgitta Sacr\u00e9deus<\/strong><\/p>\n<\/div>\n","protected":false},"excerpt":{"rendered":"<p>F\u00f6r att m\u00f6ta framtidens v\u00e5rdbehov beslutas om en ny storsatsning p\u00e5 Mora lasarett under m\u00e5ndagens fullm\u00e4ktigem\u00f6te den 20 februari. En investering p\u00e5 850 miljoner kronor m\u00f6jligg\u00f6r byggandet av ett nytt operationshus vid lasarettet. Detta kommer att st\u00e4rka Mora lasarett som ett akutsjukhus och s\u00e4kerst\u00e4lla en fortsatt god och n\u00e4ra v\u00e5rd \u2013 i hela regionen. Norra <a class=\"read-more-link\" href=\"https:\/\/wp.kristdemokraterna.se\/dalarna\/storsatsning-pa-mora-lasarett\/\">Read More<\/a><\/p>\n","protected":false},"author":958,"featured_media":0,"comment_status":"closed","ping_status":"closed","sticky":false,"template":"","format":"standard","meta":{"_acf_changed":false,"footnotes":""},"categories":[12],"tags":[],"class_list":["post-826","post","type-post","status-publish","format-standard","hentry","category-nyheter"],"acf":[],"yoast_head":"<!-- This site is optimized with the Yoast SEO plugin v27.5 - https:\/\/yoast.com\/product\/yoast-seo-wordpress\/ -->\n<title>Nytt operationshus vid Mora lasarett - Kristdemokraterna Dalarna<\/title>\n<meta name=\"robots\" content=\"index, follow, max-snippet:-1, max-image-preview:large, max-video-preview:-1\" \/>\n<link rel=\"canonical\" href=\"https:\/\/wp.kristdemokraterna.se\/dalarna\/storsatsning-pa-mora-lasarett\/\" \/>\n<meta property=\"og:locale\" content=\"sv_SE\" \/>\n<meta property=\"og:type\" content=\"article\" \/>\n<meta property=\"og:title\" content=\"Nytt operationshus vid Mora lasarett - Kristdemokraterna Dalarna\" \/>\n<meta property=\"og:description\" content=\"F\u00f6r att m\u00f6ta framtidens v\u00e5rdbehov beslutas om en ny storsatsning p\u00e5 Mora lasarett under m\u00e5ndagens fullm\u00e4ktigem\u00f6te den 20 februari. En investering p\u00e5 850 miljoner kronor m\u00f6jligg\u00f6r byggandet av ett nytt operationshus vid lasarettet. Detta kommer att st\u00e4rka Mora lasarett som ett akutsjukhus och s\u00e4kerst\u00e4lla en fortsatt god och n\u00e4ra v\u00e5rd \u2013 i hela regionen. Norra Read More\" \/>\n<meta property=\"og:url\" content=\"https:\/\/wp.kristdemokraterna.se\/dalarna\/storsatsning-pa-mora-lasarett\/\" \/>\n<meta property=\"og:site_name\" content=\"Kristdemokraterna Dalarna\" \/>\n<meta property=\"article:published_time\" content=\"2023-02-20T18:39:50+00:00\" \/>\n<meta property=\"article:modified_time\" content=\"2023-02-26T17:48:33+00:00\" \/>\n<meta name=\"author\" content=\"oliver\" \/>\n<meta name=\"twitter:card\" content=\"summary_large_image\" \/>\n<meta name=\"twitter:label1\" content=\"Skriven av\" \/>\n\t<meta name=\"twitter:data1\" content=\"oliver\" \/>\n\t<meta name=\"twitter:label2\" content=\"Ber\u00e4knad l\u00e4stid\" \/>\n\t<meta name=\"twitter:data2\" content=\"2 minuter\" \/>\n<script type=\"application\/ld+json\" class=\"yoast-schema-graph\">{\"@context\":\"https:\\\/\\\/schema.org\",\"@graph\":[{\"@type\":\"Article\",\"@id\":\"https:\\\/\\\/wp.kristdemokraterna.se\\\/dalarna\\\/storsatsning-pa-mora-lasarett\\\/#article\",\"isPartOf\":{\"@id\":\"https:\\\/\\\/wp.kristdemokraterna.se\\\/dalarna\\\/storsatsning-pa-mora-lasarett\\\/\"},\"author\":{\"name\":\"oliver\",\"@id\":\"https:\\\/\\\/wp.kristdemokraterna.se\\\/dalarna\\\/#\\\/schema\\\/person\\\/7611175eb955130b2fc127e0992fdffc\"},\"headline\":\"Nytt operationshus vid Mora lasarett\",\"datePublished\":\"2023-02-20T18:39:50+00:00\",\"dateModified\":\"2023-02-26T17:48:33+00:00\",\"mainEntityOfPage\":{\"@id\":\"https:\\\/\\\/wp.kristdemokraterna.se\\\/dalarna\\\/storsatsning-pa-mora-lasarett\\\/\"},\"wordCount\":301,\"publisher\":{\"@id\":\"https:\\\/\\\/wp.kristdemokraterna.se\\\/dalarna\\\/#organization\"},\"articleSection\":[\"Nyheter\"],\"inLanguage\":\"sv-SE\"},{\"@type\":\"WebPage\",\"@id\":\"https:\\\/\\\/wp.kristdemokraterna.se\\\/dalarna\\\/storsatsning-pa-mora-lasarett\\\/\",\"url\":\"https:\\\/\\\/wp.kristdemokraterna.se\\\/dalarna\\\/storsatsning-pa-mora-lasarett\\\/\",\"name\":\"Nytt operationshus vid Mora lasarett - Kristdemokraterna Dalarna\",\"isPartOf\":{\"@id\":\"https:\\\/\\\/wp.kristdemokraterna.se\\\/dalarna\\\/#website\"},\"datePublished\":\"2023-02-20T18:39:50+00:00\",\"dateModified\":\"2023-02-26T17:48:33+00:00\",\"breadcrumb\":{\"@id\":\"https:\\\/\\\/wp.kristdemokraterna.se\\\/dalarna\\\/storsatsning-pa-mora-lasarett\\\/#breadcrumb\"},\"inLanguage\":\"sv-SE\",\"potentialAction\":[{\"@type\":\"ReadAction\",\"target\":[\"https:\\\/\\\/wp.kristdemokraterna.se\\\/dalarna\\\/storsatsning-pa-mora-lasarett\\\/\"]}]},{\"@type\":\"BreadcrumbList\",\"@id\":\"https:\\\/\\\/wp.kristdemokraterna.se\\\/dalarna\\\/storsatsning-pa-mora-lasarett\\\/#breadcrumb\",\"itemListElement\":[{\"@type\":\"ListItem\",\"position\":1,\"name\":\"Hem\",\"item\":\"https:\\\/\\\/wp.kristdemokraterna.se\\\/dalarna\\\/\"},{\"@type\":\"ListItem\",\"position\":2,\"name\":\"Nytt operationshus vid Mora lasarett\"}]},{\"@type\":\"WebSite\",\"@id\":\"https:\\\/\\\/wp.kristdemokraterna.se\\\/dalarna\\\/#website\",\"url\":\"https:\\\/\\\/wp.kristdemokraterna.se\\\/dalarna\\\/\",\"name\":\"Kristdemokraterna Dalarna\",\"description\":\"\",\"publisher\":{\"@id\":\"https:\\\/\\\/wp.kristdemokraterna.se\\\/dalarna\\\/#organization\"},\"inLanguage\":\"sv-SE\"},{\"@type\":\"Organization\",\"@id\":\"https:\\\/\\\/wp.kristdemokraterna.se\\\/dalarna\\\/#organization\",\"name\":\"Kristdemokraterna Dalarna\",\"url\":\"https:\\\/\\\/wp.kristdemokraterna.se\\\/dalarna\\\/\",\"logo\":{\"@type\":\"ImageObject\",\"inLanguage\":\"sv-SE\",\"@id\":\"https:\\\/\\\/wp.kristdemokraterna.se\\\/dalarna\\\/#\\\/schema\\\/logo\\\/image\\\/\",\"url\":\"https:\\\/\\\/wp.kristdemokraterna.se\\\/dalarna\\\/files\\\/2022\\\/08\\\/dalarna-sida-bla-300dpi.png\",\"contentUrl\":\"https:\\\/\\\/wp.kristdemokraterna.se\\\/dalarna\\\/files\\\/2022\\\/08\\\/dalarna-sida-bla-300dpi.png\",\"width\":1477,\"height\":681,\"caption\":\"Kristdemokraterna Dalarna\"},\"image\":{\"@id\":\"https:\\\/\\\/wp.kristdemokraterna.se\\\/dalarna\\\/#\\\/schema\\\/logo\\\/image\\\/\"}},{\"@type\":\"Person\",\"@id\":\"https:\\\/\\\/wp.kristdemokraterna.se\\\/dalarna\\\/#\\\/schema\\\/person\\\/7611175eb955130b2fc127e0992fdffc\",\"name\":\"oliver\",\"image\":{\"@type\":\"ImageObject\",\"inLanguage\":\"sv-SE\",\"@id\":\"https:\\\/\\\/secure.gravatar.com\\\/avatar\\\/bf91bfa2870e8b9c37378dca6b35b68f39af1750e31e39ac91e8ffb52bcdde21?s=96&r=g\",\"url\":\"https:\\\/\\\/secure.gravatar.com\\\/avatar\\\/bf91bfa2870e8b9c37378dca6b35b68f39af1750e31e39ac91e8ffb52bcdde21?s=96&r=g\",\"contentUrl\":\"https:\\\/\\\/secure.gravatar.com\\\/avatar\\\/bf91bfa2870e8b9c37378dca6b35b68f39af1750e31e39ac91e8ffb52bcdde21?s=96&r=g\",\"caption\":\"oliver\"},\"url\":\"https:\\\/\\\/wp.kristdemokraterna.se\\\/dalarna\\\/author\\\/oliver\\\/\"}]}<\/script>\n<!-- \/ Yoast SEO plugin. -->","yoast_head_json":{"title":"Nytt operationshus vid Mora lasarett - Kristdemokraterna Dalarna","robots":{"index":"index","follow":"follow","max-snippet":"max-snippet:-1","max-image-preview":"max-image-preview:large","max-video-preview":"max-video-preview:-1"},"canonical":"https:\/\/wp.kristdemokraterna.se\/dalarna\/storsatsning-pa-mora-lasarett\/","og_locale":"sv_SE","og_type":"article","og_title":"Nytt operationshus vid Mora lasarett - Kristdemokraterna Dalarna","og_description":"F\u00f6r att m\u00f6ta framtidens v\u00e5rdbehov beslutas om en ny storsatsning p\u00e5 Mora lasarett under m\u00e5ndagens fullm\u00e4ktigem\u00f6te den 20 februari. En investering p\u00e5 850 miljoner kronor m\u00f6jligg\u00f6r byggandet av ett nytt operationshus vid lasarettet. Detta kommer att st\u00e4rka Mora lasarett som ett akutsjukhus och s\u00e4kerst\u00e4lla en fortsatt god och n\u00e4ra v\u00e5rd \u2013 i hela regionen. Norra Read More","og_url":"https:\/\/wp.kristdemokraterna.se\/dalarna\/storsatsning-pa-mora-lasarett\/","og_site_name":"Kristdemokraterna Dalarna","article_published_time":"2023-02-20T18:39:50+00:00","article_modified_time":"2023-02-26T17:48:33+00:00","author":"oliver","twitter_card":"summary_large_image","twitter_misc":{"Skriven av":"oliver","Ber\u00e4knad l\u00e4stid":"2 minuter"},"schema":{"@context":"https:\/\/schema.org","@graph":[{"@type":"Article","@id":"https:\/\/wp.kristdemokraterna.se\/dalarna\/storsatsning-pa-mora-lasarett\/#article","isPartOf":{"@id":"https:\/\/wp.kristdemokraterna.se\/dalarna\/storsatsning-pa-mora-lasarett\/"},"author":{"name":"oliver","@id":"https:\/\/wp.kristdemokraterna.se\/dalarna\/#\/schema\/person\/7611175eb955130b2fc127e0992fdffc"},"headline":"Nytt operationshus vid Mora lasarett","datePublished":"2023-02-20T18:39:50+00:00","dateModified":"2023-02-26T17:48:33+00:00","mainEntityOfPage":{"@id":"https:\/\/wp.kristdemokraterna.se\/dalarna\/storsatsning-pa-mora-lasarett\/"},"wordCount":301,"publisher":{"@id":"https:\/\/wp.kristdemokraterna.se\/dalarna\/#organization"},"articleSection":["Nyheter"],"inLanguage":"sv-SE"},{"@type":"WebPage","@id":"https:\/\/wp.kristdemokraterna.se\/dalarna\/storsatsning-pa-mora-lasarett\/","url":"https:\/\/wp.kristdemokraterna.se\/dalarna\/storsatsning-pa-mora-lasarett\/","name":"Nytt operationshus vid Mora lasarett - Kristdemokraterna Dalarna","isPartOf":{"@id":"https:\/\/wp.kristdemokraterna.se\/dalarna\/#website"},"datePublished":"2023-02-20T18:39:50+00:00","dateModified":"2023-02-26T17:48:33+00:00","breadcrumb":{"@id":"https:\/\/wp.kristdemokraterna.se\/dalarna\/storsatsning-pa-mora-lasarett\/#breadcrumb"},"inLanguage":"sv-SE","potentialAction":[{"@type":"ReadAction","target":["https:\/\/wp.kristdemokraterna.se\/dalarna\/storsatsning-pa-mora-lasarett\/"]}]},{"@type":"BreadcrumbList","@id":"https:\/\/wp.kristdemokraterna.se\/dalarna\/storsatsning-pa-mora-lasarett\/#breadcrumb","itemListElement":[{"@type":"ListItem","position":1,"name":"Hem","item":"https:\/\/wp.kristdemokraterna.se\/dalarna\/"},{"@type":"ListItem","position":2,"name":"Nytt operationshus vid Mora lasarett"}]},{"@type":"WebSite","@id":"https:\/\/wp.kristdemokraterna.se\/dalarna\/#website","url":"https:\/\/wp.kristdemokraterna.se\/dalarna\/","name":"Kristdemokraterna Dalarna","description":"","publisher":{"@id":"https:\/\/wp.kristdemokraterna.se\/dalarna\/#organization"},"inLanguage":"sv-SE"},{"@type":"Organization","@id":"https:\/\/wp.kristdemokraterna.se\/dalarna\/#organization","name":"Kristdemokraterna Dalarna","url":"https:\/\/wp.kristdemokraterna.se\/dalarna\/","logo":{"@type":"ImageObject","inLanguage":"sv-SE","@id":"https:\/\/wp.kristdemokraterna.se\/dalarna\/#\/schema\/logo\/image\/","url":"https:\/\/wp.kristdemokraterna.se\/dalarna\/files\/2022\/08\/dalarna-sida-bla-300dpi.png","contentUrl":"https:\/\/wp.kristdemokraterna.se\/dalarna\/files\/2022\/08\/dalarna-sida-bla-300dpi.png","width":1477,"height":681,"caption":"Kristdemokraterna Dalarna"},"image":{"@id":"https:\/\/wp.kristdemokraterna.se\/dalarna\/#\/schema\/logo\/image\/"}},{"@type":"Person","@id":"https:\/\/wp.kristdemokraterna.se\/dalarna\/#\/schema\/person\/7611175eb955130b2fc127e0992fdffc","name":"oliver","image":{"@type":"ImageObject","inLanguage":"sv-SE","@id":"https:\/\/secure.gravatar.com\/avatar\/bf91bfa2870e8b9c37378dca6b35b68f39af1750e31e39ac91e8ffb52bcdde21?s=96&r=g","url":"https:\/\/secure.gravatar.com\/avatar\/bf91bfa2870e8b9c37378dca6b35b68f39af1750e31e39ac91e8ffb52bcdde21?s=96&r=g","contentUrl":"https:\/\/secure.gravatar.com\/avatar\/bf91bfa2870e8b9c37378dca6b35b68f39af1750e31e39ac91e8ffb52bcdde21?s=96&r=g","caption":"oliver"},"url":"https:\/\/wp.kristdemokraterna.se\/dalarna\/author\/oliver\/"}]}},"_links":{"self":[{"href":"https:\/\/wp.kristdemokraterna.se\/dalarna\/wp-json\/wp\/v2\/posts\/826","targetHints":{"allow":["GET"]}}],"collection":[{"href":"https:\/\/wp.kristdemokraterna.se\/dalarna\/wp-json\/wp\/v2\/posts"}],"about":[{"href":"https:\/\/wp.kristdemokraterna.se\/dalarna\/wp-json\/wp\/v2\/types\/post"}],"author":[{"embeddable":true,"href":"https:\/\/wp.kristdemokraterna.se\/dalarna\/wp-json\/wp\/v2\/users\/958"}],"replies":[{"embeddable":true,"href":"https:\/\/wp.kristdemokraterna.se\/dalarna\/wp-json\/wp\/v2\/comments?post=826"}],"version-history":[{"count":8,"href":"https:\/\/wp.kristdemokraterna.se\/dalarna\/wp-json\/wp\/v2\/posts\/826\/revisions"}],"predecessor-version":[{"id":839,"href":"https:\/\/wp.kristdemokraterna.se\/dalarna\/wp-json\/wp\/v2\/posts\/826\/revisions\/839"}],"wp:attachment":[{"href":"https:\/\/wp.kristdemokraterna.se\/dalarna\/wp-json\/wp\/v2\/media?parent=826"}],"wp:term":[{"taxonomy":"category","embeddable":true,"href":"https:\/\/wp.kristdemokraterna.se\/dalarna\/wp-json\/wp\/v2\/categories?post=826"},{"taxonomy":"post_tag","embeddable":true,"href":"https:\/\/wp.kristdemokraterna.se\/dalarna\/wp-json\/wp\/v2\/tags?post=826"}],"curies":[{"name":"wp","href":"https:\/\/api.w.org\/{rel}","templated":true}]}}