{"id":853,"date":"2023-03-25T13:25:20","date_gmt":"2023-03-25T12:25:20","guid":{"rendered":"https:\/\/wp.kristdemokraterna.se\/dalarna\/?p=853"},"modified":"2023-04-04T13:27:47","modified_gmt":"2023-04-04T11:27:47","slug":"besok-av-nike-orbrink-pa-temat-framtidens-aldreomsorg","status":"publish","type":"post","link":"https:\/\/wp.kristdemokraterna.se\/dalarna\/besok-av-nike-orbrink-pa-temat-framtidens-aldreomsorg\/","title":{"rendered":"Bes\u00f6k av Nike \u00d6rbrink p\u00e5 temat framtidens \u00e4ldreomsorg"},"content":{"rendered":"<div class=\"x11i5rnm xat24cr x1mh8g0r x1vvkbs xdj266r x126k92a\">\n<div dir=\"auto\">F\u00f6r att s\u00e4kra framtidens \u00e4ldreomsorg beh\u00f6vs innovativ v\u00e4lf\u00e4rdsteknik. D\u00e4rf\u00f6r har vi kristdemokrater bes\u00f6kt H\u00f6gskolan Dalarna och det nya v\u00e5rd- och omsorgsboendet Slottet i Falun f\u00f6r att l\u00e4ra oss mer.<\/div>\n<div dir=\"auto\"><\/div>\n<\/div>\n<div class=\"x11i5rnm xat24cr x1mh8g0r x1vvkbs xtlvy1s x126k92a\">\n<div dir=\"auto\">P\u00e5 h\u00f6gskolan fick vi inblick i ett forskningsprojekt om digitala tvillingar inom hemtj\u00e4nsten, n\u00e5got som ska \u00f6ka livskvaliteten f\u00f6r \u00e4ldre. Vi fick \u00e4ven h\u00f6ra om satsningen Smartare hem. Smarta produkter i \u00e4ldres boenden \u00e4r ett s\u00e4tt att skapa b\u00e5de trygghet och f\u00f6rb\u00e4ttrad h\u00e4lsa.<\/div>\n<div dir=\"auto\"><\/div>\n<\/div>\n<div class=\"x11i5rnm xat24cr x1mh8g0r x1vvkbs xtlvy1s x126k92a\">\n<div dir=\"auto\">P\u00e5 Slottet, som \u00e4r ett nybyggt boende i tr\u00e4, fick vi se de moderna lokalerna och h\u00f6ra om deras lyckade v\u00e5rdn\u00e4ra teamarbete. Den fantastiska personalen i omv\u00e5rdnad och service har verkligen skapat n\u00e5got att vara stolt \u00f6ver.<\/div>\n<div dir=\"auto\"><\/div>\n<\/div>\n<div class=\"x11i5rnm xat24cr x1mh8g0r x1vvkbs xtlvy1s x126k92a\">\n<div dir=\"auto\">Tack f\u00f6r m\u00f6jligheten att f\u00e5 l\u00e4ra mer och ta del av goda exempel!<\/div>\n<\/div>\n","protected":false},"excerpt":{"rendered":"<p>F\u00f6r att s\u00e4kra framtidens \u00e4ldreomsorg beh\u00f6vs innovativ v\u00e4lf\u00e4rdsteknik. D\u00e4rf\u00f6r har vi kristdemokrater bes\u00f6kt H\u00f6gskolan Dalarna och det nya v\u00e5rd- och omsorgsboendet Slottet i Falun f\u00f6r att l\u00e4ra oss mer. P\u00e5 h\u00f6gskolan fick vi inblick i ett forskningsprojekt om digitala tvillingar inom hemtj\u00e4nsten, n\u00e5got som ska \u00f6ka livskvaliteten f\u00f6r \u00e4ldre. Vi fick \u00e4ven h\u00f6ra om satsningen <a class=\"read-more-link\" href=\"https:\/\/wp.kristdemokraterna.se\/dalarna\/besok-av-nike-orbrink-pa-temat-framtidens-aldreomsorg\/\">Read More<\/a><\/p>\n","protected":false},"author":958,"featured_media":0,"comment_status":"closed","ping_status":"closed","sticky":false,"template":"","format":"standard","meta":{"_acf_changed":false,"footnotes":""},"categories":[12],"tags":[],"class_list":["post-853","post","type-post","status-publish","format-standard","hentry","category-nyheter"],"acf":[],"yoast_head":"<!-- This site is optimized with the Yoast SEO plugin v27.5 - https:\/\/yoast.com\/product\/yoast-seo-wordpress\/ -->\n<title>Bes\u00f6k av Nike \u00d6rbrink p\u00e5 temat framtidens \u00e4ldreomsorg - Kristdemokraterna Dalarna<\/title>\n<meta name=\"robots\" content=\"index, follow, max-snippet:-1, max-image-preview:large, max-video-preview:-1\" \/>\n<link rel=\"canonical\" href=\"https:\/\/wp.kristdemokraterna.se\/dalarna\/besok-av-nike-orbrink-pa-temat-framtidens-aldreomsorg\/\" \/>\n<meta property=\"og:locale\" content=\"sv_SE\" \/>\n<meta property=\"og:type\" content=\"article\" \/>\n<meta property=\"og:title\" content=\"Bes\u00f6k av Nike \u00d6rbrink p\u00e5 temat framtidens \u00e4ldreomsorg - Kristdemokraterna Dalarna\" \/>\n<meta property=\"og:description\" content=\"F\u00f6r att s\u00e4kra framtidens \u00e4ldreomsorg beh\u00f6vs innovativ v\u00e4lf\u00e4rdsteknik. D\u00e4rf\u00f6r har vi kristdemokrater bes\u00f6kt H\u00f6gskolan Dalarna och det nya v\u00e5rd- och omsorgsboendet Slottet i Falun f\u00f6r att l\u00e4ra oss mer. P\u00e5 h\u00f6gskolan fick vi inblick i ett forskningsprojekt om digitala tvillingar inom hemtj\u00e4nsten, n\u00e5got som ska \u00f6ka livskvaliteten f\u00f6r \u00e4ldre. Vi fick \u00e4ven h\u00f6ra om satsningen Read More\" \/>\n<meta property=\"og:url\" content=\"https:\/\/wp.kristdemokraterna.se\/dalarna\/besok-av-nike-orbrink-pa-temat-framtidens-aldreomsorg\/\" \/>\n<meta property=\"og:site_name\" content=\"Kristdemokraterna Dalarna\" \/>\n<meta property=\"article:published_time\" content=\"2023-03-25T12:25:20+00:00\" \/>\n<meta property=\"article:modified_time\" content=\"2023-04-04T11:27:47+00:00\" \/>\n<meta name=\"author\" content=\"oliver\" \/>\n<meta name=\"twitter:card\" content=\"summary_large_image\" \/>\n<meta name=\"twitter:label1\" content=\"Skriven av\" \/>\n\t<meta name=\"twitter:data1\" content=\"oliver\" \/>\n\t<meta name=\"twitter:label2\" content=\"Ber\u00e4knad l\u00e4stid\" \/>\n\t<meta name=\"twitter:data2\" content=\"1 minut\" \/>\n<script type=\"application\/ld+json\" class=\"yoast-schema-graph\">{\"@context\":\"https:\\\/\\\/schema.org\",\"@graph\":[{\"@type\":\"Article\",\"@id\":\"https:\\\/\\\/wp.kristdemokraterna.se\\\/dalarna\\\/besok-av-nike-orbrink-pa-temat-framtidens-aldreomsorg\\\/#article\",\"isPartOf\":{\"@id\":\"https:\\\/\\\/wp.kristdemokraterna.se\\\/dalarna\\\/besok-av-nike-orbrink-pa-temat-framtidens-aldreomsorg\\\/\"},\"author\":{\"name\":\"oliver\",\"@id\":\"https:\\\/\\\/wp.kristdemokraterna.se\\\/dalarna\\\/#\\\/schema\\\/person\\\/7611175eb955130b2fc127e0992fdffc\"},\"headline\":\"Bes\u00f6k av Nike \u00d6rbrink p\u00e5 temat framtidens \u00e4ldreomsorg\",\"datePublished\":\"2023-03-25T12:25:20+00:00\",\"dateModified\":\"2023-04-04T11:27:47+00:00\",\"mainEntityOfPage\":{\"@id\":\"https:\\\/\\\/wp.kristdemokraterna.se\\\/dalarna\\\/besok-av-nike-orbrink-pa-temat-framtidens-aldreomsorg\\\/\"},\"wordCount\":161,\"publisher\":{\"@id\":\"https:\\\/\\\/wp.kristdemokraterna.se\\\/dalarna\\\/#organization\"},\"articleSection\":[\"Nyheter\"],\"inLanguage\":\"sv-SE\"},{\"@type\":\"WebPage\",\"@id\":\"https:\\\/\\\/wp.kristdemokraterna.se\\\/dalarna\\\/besok-av-nike-orbrink-pa-temat-framtidens-aldreomsorg\\\/\",\"url\":\"https:\\\/\\\/wp.kristdemokraterna.se\\\/dalarna\\\/besok-av-nike-orbrink-pa-temat-framtidens-aldreomsorg\\\/\",\"name\":\"Bes\u00f6k av Nike \u00d6rbrink p\u00e5 temat framtidens \u00e4ldreomsorg - Kristdemokraterna Dalarna\",\"isPartOf\":{\"@id\":\"https:\\\/\\\/wp.kristdemokraterna.se\\\/dalarna\\\/#website\"},\"datePublished\":\"2023-03-25T12:25:20+00:00\",\"dateModified\":\"2023-04-04T11:27:47+00:00\",\"breadcrumb\":{\"@id\":\"https:\\\/\\\/wp.kristdemokraterna.se\\\/dalarna\\\/besok-av-nike-orbrink-pa-temat-framtidens-aldreomsorg\\\/#breadcrumb\"},\"inLanguage\":\"sv-SE\",\"potentialAction\":[{\"@type\":\"ReadAction\",\"target\":[\"https:\\\/\\\/wp.kristdemokraterna.se\\\/dalarna\\\/besok-av-nike-orbrink-pa-temat-framtidens-aldreomsorg\\\/\"]}]},{\"@type\":\"BreadcrumbList\",\"@id\":\"https:\\\/\\\/wp.kristdemokraterna.se\\\/dalarna\\\/besok-av-nike-orbrink-pa-temat-framtidens-aldreomsorg\\\/#breadcrumb\",\"itemListElement\":[{\"@type\":\"ListItem\",\"position\":1,\"name\":\"Hem\",\"item\":\"https:\\\/\\\/wp.kristdemokraterna.se\\\/dalarna\\\/\"},{\"@type\":\"ListItem\",\"position\":2,\"name\":\"Bes\u00f6k av Nike \u00d6rbrink p\u00e5 temat framtidens \u00e4ldreomsorg\"}]},{\"@type\":\"WebSite\",\"@id\":\"https:\\\/\\\/wp.kristdemokraterna.se\\\/dalarna\\\/#website\",\"url\":\"https:\\\/\\\/wp.kristdemokraterna.se\\\/dalarna\\\/\",\"name\":\"Kristdemokraterna Dalarna\",\"description\":\"\",\"publisher\":{\"@id\":\"https:\\\/\\\/wp.kristdemokraterna.se\\\/dalarna\\\/#organization\"},\"inLanguage\":\"sv-SE\"},{\"@type\":\"Organization\",\"@id\":\"https:\\\/\\\/wp.kristdemokraterna.se\\\/dalarna\\\/#organization\",\"name\":\"Kristdemokraterna Dalarna\",\"url\":\"https:\\\/\\\/wp.kristdemokraterna.se\\\/dalarna\\\/\",\"logo\":{\"@type\":\"ImageObject\",\"inLanguage\":\"sv-SE\",\"@id\":\"https:\\\/\\\/wp.kristdemokraterna.se\\\/dalarna\\\/#\\\/schema\\\/logo\\\/image\\\/\",\"url\":\"https:\\\/\\\/wp.kristdemokraterna.se\\\/dalarna\\\/files\\\/2022\\\/08\\\/dalarna-sida-bla-300dpi.png\",\"contentUrl\":\"https:\\\/\\\/wp.kristdemokraterna.se\\\/dalarna\\\/files\\\/2022\\\/08\\\/dalarna-sida-bla-300dpi.png\",\"width\":1477,\"height\":681,\"caption\":\"Kristdemokraterna Dalarna\"},\"image\":{\"@id\":\"https:\\\/\\\/wp.kristdemokraterna.se\\\/dalarna\\\/#\\\/schema\\\/logo\\\/image\\\/\"}},{\"@type\":\"Person\",\"@id\":\"https:\\\/\\\/wp.kristdemokraterna.se\\\/dalarna\\\/#\\\/schema\\\/person\\\/7611175eb955130b2fc127e0992fdffc\",\"name\":\"oliver\",\"image\":{\"@type\":\"ImageObject\",\"inLanguage\":\"sv-SE\",\"@id\":\"https:\\\/\\\/secure.gravatar.com\\\/avatar\\\/bf91bfa2870e8b9c37378dca6b35b68f39af1750e31e39ac91e8ffb52bcdde21?s=96&r=g\",\"url\":\"https:\\\/\\\/secure.gravatar.com\\\/avatar\\\/bf91bfa2870e8b9c37378dca6b35b68f39af1750e31e39ac91e8ffb52bcdde21?s=96&r=g\",\"contentUrl\":\"https:\\\/\\\/secure.gravatar.com\\\/avatar\\\/bf91bfa2870e8b9c37378dca6b35b68f39af1750e31e39ac91e8ffb52bcdde21?s=96&r=g\",\"caption\":\"oliver\"},\"url\":\"https:\\\/\\\/wp.kristdemokraterna.se\\\/dalarna\\\/author\\\/oliver\\\/\"}]}<\/script>\n<!-- \/ Yoast SEO plugin. -->","yoast_head_json":{"title":"Bes\u00f6k av Nike \u00d6rbrink p\u00e5 temat framtidens \u00e4ldreomsorg - Kristdemokraterna Dalarna","robots":{"index":"index","follow":"follow","max-snippet":"max-snippet:-1","max-image-preview":"max-image-preview:large","max-video-preview":"max-video-preview:-1"},"canonical":"https:\/\/wp.kristdemokraterna.se\/dalarna\/besok-av-nike-orbrink-pa-temat-framtidens-aldreomsorg\/","og_locale":"sv_SE","og_type":"article","og_title":"Bes\u00f6k av Nike \u00d6rbrink p\u00e5 temat framtidens \u00e4ldreomsorg - Kristdemokraterna Dalarna","og_description":"F\u00f6r att s\u00e4kra framtidens \u00e4ldreomsorg beh\u00f6vs innovativ v\u00e4lf\u00e4rdsteknik. D\u00e4rf\u00f6r har vi kristdemokrater bes\u00f6kt H\u00f6gskolan Dalarna och det nya v\u00e5rd- och omsorgsboendet Slottet i Falun f\u00f6r att l\u00e4ra oss mer. P\u00e5 h\u00f6gskolan fick vi inblick i ett forskningsprojekt om digitala tvillingar inom hemtj\u00e4nsten, n\u00e5got som ska \u00f6ka livskvaliteten f\u00f6r \u00e4ldre. Vi fick \u00e4ven h\u00f6ra om satsningen Read More","og_url":"https:\/\/wp.kristdemokraterna.se\/dalarna\/besok-av-nike-orbrink-pa-temat-framtidens-aldreomsorg\/","og_site_name":"Kristdemokraterna Dalarna","article_published_time":"2023-03-25T12:25:20+00:00","article_modified_time":"2023-04-04T11:27:47+00:00","author":"oliver","twitter_card":"summary_large_image","twitter_misc":{"Skriven av":"oliver","Ber\u00e4knad l\u00e4stid":"1 minut"},"schema":{"@context":"https:\/\/schema.org","@graph":[{"@type":"Article","@id":"https:\/\/wp.kristdemokraterna.se\/dalarna\/besok-av-nike-orbrink-pa-temat-framtidens-aldreomsorg\/#article","isPartOf":{"@id":"https:\/\/wp.kristdemokraterna.se\/dalarna\/besok-av-nike-orbrink-pa-temat-framtidens-aldreomsorg\/"},"author":{"name":"oliver","@id":"https:\/\/wp.kristdemokraterna.se\/dalarna\/#\/schema\/person\/7611175eb955130b2fc127e0992fdffc"},"headline":"Bes\u00f6k av Nike \u00d6rbrink p\u00e5 temat framtidens \u00e4ldreomsorg","datePublished":"2023-03-25T12:25:20+00:00","dateModified":"2023-04-04T11:27:47+00:00","mainEntityOfPage":{"@id":"https:\/\/wp.kristdemokraterna.se\/dalarna\/besok-av-nike-orbrink-pa-temat-framtidens-aldreomsorg\/"},"wordCount":161,"publisher":{"@id":"https:\/\/wp.kristdemokraterna.se\/dalarna\/#organization"},"articleSection":["Nyheter"],"inLanguage":"sv-SE"},{"@type":"WebPage","@id":"https:\/\/wp.kristdemokraterna.se\/dalarna\/besok-av-nike-orbrink-pa-temat-framtidens-aldreomsorg\/","url":"https:\/\/wp.kristdemokraterna.se\/dalarna\/besok-av-nike-orbrink-pa-temat-framtidens-aldreomsorg\/","name":"Bes\u00f6k av Nike \u00d6rbrink p\u00e5 temat framtidens \u00e4ldreomsorg - Kristdemokraterna Dalarna","isPartOf":{"@id":"https:\/\/wp.kristdemokraterna.se\/dalarna\/#website"},"datePublished":"2023-03-25T12:25:20+00:00","dateModified":"2023-04-04T11:27:47+00:00","breadcrumb":{"@id":"https:\/\/wp.kristdemokraterna.se\/dalarna\/besok-av-nike-orbrink-pa-temat-framtidens-aldreomsorg\/#breadcrumb"},"inLanguage":"sv-SE","potentialAction":[{"@type":"ReadAction","target":["https:\/\/wp.kristdemokraterna.se\/dalarna\/besok-av-nike-orbrink-pa-temat-framtidens-aldreomsorg\/"]}]},{"@type":"BreadcrumbList","@id":"https:\/\/wp.kristdemokraterna.se\/dalarna\/besok-av-nike-orbrink-pa-temat-framtidens-aldreomsorg\/#breadcrumb","itemListElement":[{"@type":"ListItem","position":1,"name":"Hem","item":"https:\/\/wp.kristdemokraterna.se\/dalarna\/"},{"@type":"ListItem","position":2,"name":"Bes\u00f6k av Nike \u00d6rbrink p\u00e5 temat framtidens \u00e4ldreomsorg"}]},{"@type":"WebSite","@id":"https:\/\/wp.kristdemokraterna.se\/dalarna\/#website","url":"https:\/\/wp.kristdemokraterna.se\/dalarna\/","name":"Kristdemokraterna Dalarna","description":"","publisher":{"@id":"https:\/\/wp.kristdemokraterna.se\/dalarna\/#organization"},"inLanguage":"sv-SE"},{"@type":"Organization","@id":"https:\/\/wp.kristdemokraterna.se\/dalarna\/#organization","name":"Kristdemokraterna Dalarna","url":"https:\/\/wp.kristdemokraterna.se\/dalarna\/","logo":{"@type":"ImageObject","inLanguage":"sv-SE","@id":"https:\/\/wp.kristdemokraterna.se\/dalarna\/#\/schema\/logo\/image\/","url":"https:\/\/wp.kristdemokraterna.se\/dalarna\/files\/2022\/08\/dalarna-sida-bla-300dpi.png","contentUrl":"https:\/\/wp.kristdemokraterna.se\/dalarna\/files\/2022\/08\/dalarna-sida-bla-300dpi.png","width":1477,"height":681,"caption":"Kristdemokraterna Dalarna"},"image":{"@id":"https:\/\/wp.kristdemokraterna.se\/dalarna\/#\/schema\/logo\/image\/"}},{"@type":"Person","@id":"https:\/\/wp.kristdemokraterna.se\/dalarna\/#\/schema\/person\/7611175eb955130b2fc127e0992fdffc","name":"oliver","image":{"@type":"ImageObject","inLanguage":"sv-SE","@id":"https:\/\/secure.gravatar.com\/avatar\/bf91bfa2870e8b9c37378dca6b35b68f39af1750e31e39ac91e8ffb52bcdde21?s=96&r=g","url":"https:\/\/secure.gravatar.com\/avatar\/bf91bfa2870e8b9c37378dca6b35b68f39af1750e31e39ac91e8ffb52bcdde21?s=96&r=g","contentUrl":"https:\/\/secure.gravatar.com\/avatar\/bf91bfa2870e8b9c37378dca6b35b68f39af1750e31e39ac91e8ffb52bcdde21?s=96&r=g","caption":"oliver"},"url":"https:\/\/wp.kristdemokraterna.se\/dalarna\/author\/oliver\/"}]}},"_links":{"self":[{"href":"https:\/\/wp.kristdemokraterna.se\/dalarna\/wp-json\/wp\/v2\/posts\/853","targetHints":{"allow":["GET"]}}],"collection":[{"href":"https:\/\/wp.kristdemokraterna.se\/dalarna\/wp-json\/wp\/v2\/posts"}],"about":[{"href":"https:\/\/wp.kristdemokraterna.se\/dalarna\/wp-json\/wp\/v2\/types\/post"}],"author":[{"embeddable":true,"href":"https:\/\/wp.kristdemokraterna.se\/dalarna\/wp-json\/wp\/v2\/users\/958"}],"replies":[{"embeddable":true,"href":"https:\/\/wp.kristdemokraterna.se\/dalarna\/wp-json\/wp\/v2\/comments?post=853"}],"version-history":[{"count":1,"href":"https:\/\/wp.kristdemokraterna.se\/dalarna\/wp-json\/wp\/v2\/posts\/853\/revisions"}],"predecessor-version":[{"id":855,"href":"https:\/\/wp.kristdemokraterna.se\/dalarna\/wp-json\/wp\/v2\/posts\/853\/revisions\/855"}],"wp:attachment":[{"href":"https:\/\/wp.kristdemokraterna.se\/dalarna\/wp-json\/wp\/v2\/media?parent=853"}],"wp:term":[{"taxonomy":"category","embeddable":true,"href":"https:\/\/wp.kristdemokraterna.se\/dalarna\/wp-json\/wp\/v2\/categories?post=853"},{"taxonomy":"post_tag","embeddable":true,"href":"https:\/\/wp.kristdemokraterna.se\/dalarna\/wp-json\/wp\/v2\/tags?post=853"}],"curies":[{"name":"wp","href":"https:\/\/api.w.org\/{rel}","templated":true}]}}