{"id":856,"date":"2023-03-25T13:27:58","date_gmt":"2023-03-25T12:27:58","guid":{"rendered":"https:\/\/wp.kristdemokraterna.se\/dalarna\/?p=856"},"modified":"2023-04-04T13:30:18","modified_gmt":"2023-04-04T11:30:18","slug":"dalarnas-kristdemokrater-haller-arsmote-fokus-pa-midsommarfiranden-som-hotas-av-vagavgifter","status":"publish","type":"post","link":"https:\/\/wp.kristdemokraterna.se\/dalarna\/dalarnas-kristdemokrater-haller-arsmote-fokus-pa-midsommarfiranden-som-hotas-av-vagavgifter\/","title":{"rendered":"Dalarnas kristdemokrater h\u00e5ller \u00e5rsm\u00f6te \u2013 fokus p\u00e5 midsommarfiranden som hotas av v\u00e4gavgifter"},"content":{"rendered":"<div class=\"x11i5rnm xat24cr x1mh8g0r x1vvkbs xdj266r x126k92a\">\n<div dir=\"auto\">L\u00f6rdagen den 25 mars genomf\u00f6rde Kristdemokraterna i Dalarna sitt partidistrikts\u00e5rsm\u00f6te. Ikl\u00e4dd R\u00e4ttviksdr\u00e4kt h\u00e4lsade Per M\u00e5rthans, gruppledare f\u00f6r Kristdemokraterna i R\u00e4ttvik, ett femtiotal partiv\u00e4nner v\u00e4lkomna till f\u00f6rsamlingshemmet i R\u00e4ttvik. D\u00e4refter h\u00f6lls tal bland annat av partiledare Ebba Busch p\u00e5 video och riksdagsman Kjell-Arne Ottosson.<\/div>\n<div dir=\"auto\"><\/div>\n<\/div>\n<div class=\"x11i5rnm xat24cr x1mh8g0r x1vvkbs xtlvy1s x126k92a\">\n<div dir=\"auto\">Elin \u00c5hman fr\u00e5n Borl\u00e4nge omvaldes till partidistriktsordf\u00f6rande, Birgitta Sacr\u00e9deus fr\u00e5n Mora till 1:e vice ordf\u00f6rande och Mathias Bengtsson fr\u00e5n Gagnef som 2:e vice ordf\u00f6rande. I \u00f6vrigt omvaldes Per M\u00e5rthans fr\u00e5n R\u00e4ttvik, Helena V\u00e5deg\u00e5rd fr\u00e5n S\u00e4ter och Roy Uppg\u00e5rd fr\u00e5n Avesta som ledam\u00f6ter i partidistriktsstyrelsen. Nyvald till styrelsen blev Veronica Zetterberg fr\u00e5n Falun.<\/div>\n<div dir=\"auto\"><\/div>\n<\/div>\n<div class=\"x11i5rnm xat24cr x1mh8g0r x1vvkbs xtlvy1s x126k92a\">\n<div dir=\"auto\">&#8211; Vi tackar f\u00f6r fortsatt f\u00f6rtroende och ser fram emot arbetet som ligger framf\u00f6r. Med regionr\u00e5d Birgitta Sacr\u00e9deus och riksdagsman Mathias Bengtsson som vice ordf\u00f6randen har vi i presidiet koppling b\u00e5de till den regionala och nationella niv\u00e5n, vilket \u00e4r mycket positivt, s\u00e4ger ordf\u00f6rande Elin \u00c5hman.<\/div>\n<div dir=\"auto\"><\/div>\n<\/div>\n<div class=\"x11i5rnm xat24cr x1mh8g0r x1vvkbs xtlvy1s x126k92a\">\n<div dir=\"auto\">P\u00e5 \u00e5rsm\u00f6tet behandlades ett stort antal motioner inf\u00f6r partiets riksting i h\u00f6st. Bland annat antogs en motion om att midsommarfiranden och idrottst\u00e4vlingar som p\u00e5verkar statlig v\u00e4g inte ska riskeras stoppas av Trafikverket.<\/div>\n<div dir=\"auto\"><\/div>\n<\/div>\n<div class=\"x11i5rnm xat24cr x1mh8g0r x1vvkbs xtlvy1s x126k92a\">\n<div dir=\"auto\">&#8211; Runtom i landet brottas hembygdsf\u00f6reningar och idrottsklubbar med nya v\u00e4gavgifter fr\u00e5n Trafikverket. Att arrangera ett traditionellt midsommarfirande l\u00e4ngs statlig v\u00e4g eller st\u00e4nga av en l\u00e4nsv\u00e4g f\u00f6r ett skidlopp kostar numera tiotusentals kronor. Detta med anledning av att Trafikverket har \u201dslutat se mellan fingrarna\u201d och sk\u00e4rpt reglerna kring skyltning och vakter, n\u00e5got som f\u00f6reningarna har sk\u00f6tt p\u00e5 egen hand tidigare, s\u00e4ger motion\u00e4r Lennart Sacr\u00e9deus.<\/div>\n<div dir=\"auto\"><\/div>\n<\/div>\n<div class=\"x11i5rnm xat24cr x1mh8g0r x1vvkbs xtlvy1s x126k92a\">\n<div dir=\"auto\">\u00c5rsm\u00f6tet f\u00f6resl\u00e5r att partiet nationellt ska verka f\u00f6r att Trafikverket agerar p\u00e5 ett smidigt och praktiskt s\u00e4tt vad g\u00e4ller f\u00f6reningars arrangemang som under kort tid p\u00e5verkar statlig v\u00e4g. Trafikverket ska inte ge obefogade v\u00e4gavgifter eller hindra att f\u00f6reningar sj\u00e4lva sk\u00f6ter skyltning, v\u00e4gvisning och trafikomledning.<\/div>\n<div dir=\"auto\"><\/div>\n<\/div>\n<div class=\"x11i5rnm xat24cr x1mh8g0r x1vvkbs xtlvy1s x126k92a\">\n<div dir=\"auto\">&#8211; Civilsamh\u00e4llets insatser \u00e4r omistliga och borde st\u00f6djas ist\u00e4llet f\u00f6r att stj\u00e4lpas \u2013 f\u00f6r tradition, trygghet och fram\u00e5tanda, avslutar Lennart Sacr\u00e9deus.<\/div>\n<div dir=\"auto\"><\/div>\n<\/div>\n<div class=\"x11i5rnm xat24cr x1mh8g0r x1vvkbs xtlvy1s x126k92a\">\n<div dir=\"auto\">Denna motion, med flera andra, kommer att behandlas p\u00e5 Kristdemokraternas riksting i november.<\/div>\n<\/div>\n","protected":false},"excerpt":{"rendered":"<p>L\u00f6rdagen den 25 mars genomf\u00f6rde Kristdemokraterna i Dalarna sitt partidistrikts\u00e5rsm\u00f6te. Ikl\u00e4dd R\u00e4ttviksdr\u00e4kt h\u00e4lsade Per M\u00e5rthans, gruppledare f\u00f6r Kristdemokraterna i R\u00e4ttvik, ett femtiotal partiv\u00e4nner v\u00e4lkomna till f\u00f6rsamlingshemmet i R\u00e4ttvik. D\u00e4refter h\u00f6lls tal bland annat av partiledare Ebba Busch p\u00e5 video och riksdagsman Kjell-Arne Ottosson. Elin \u00c5hman fr\u00e5n Borl\u00e4nge omvaldes till partidistriktsordf\u00f6rande, Birgitta Sacr\u00e9deus fr\u00e5n Mora till <a class=\"read-more-link\" href=\"https:\/\/wp.kristdemokraterna.se\/dalarna\/dalarnas-kristdemokrater-haller-arsmote-fokus-pa-midsommarfiranden-som-hotas-av-vagavgifter\/\">Read More<\/a><\/p>\n","protected":false},"author":958,"featured_media":0,"comment_status":"closed","ping_status":"closed","sticky":false,"template":"","format":"standard","meta":{"_acf_changed":false,"footnotes":""},"categories":[12],"tags":[],"class_list":["post-856","post","type-post","status-publish","format-standard","hentry","category-nyheter"],"acf":[],"yoast_head":"<!-- This site is optimized with the Yoast SEO plugin v27.5 - https:\/\/yoast.com\/product\/yoast-seo-wordpress\/ -->\n<title>Dalarnas kristdemokrater h\u00e5ller \u00e5rsm\u00f6te \u2013 fokus p\u00e5 midsommarfiranden som hotas av v\u00e4gavgifter - Kristdemokraterna Dalarna<\/title>\n<meta name=\"robots\" content=\"index, follow, max-snippet:-1, max-image-preview:large, max-video-preview:-1\" \/>\n<link rel=\"canonical\" href=\"https:\/\/wp.kristdemokraterna.se\/dalarna\/dalarnas-kristdemokrater-haller-arsmote-fokus-pa-midsommarfiranden-som-hotas-av-vagavgifter\/\" \/>\n<meta property=\"og:locale\" content=\"sv_SE\" \/>\n<meta property=\"og:type\" content=\"article\" \/>\n<meta property=\"og:title\" content=\"Dalarnas kristdemokrater h\u00e5ller \u00e5rsm\u00f6te \u2013 fokus p\u00e5 midsommarfiranden som hotas av v\u00e4gavgifter - Kristdemokraterna Dalarna\" \/>\n<meta property=\"og:description\" content=\"L\u00f6rdagen den 25 mars genomf\u00f6rde Kristdemokraterna i Dalarna sitt partidistrikts\u00e5rsm\u00f6te. Ikl\u00e4dd R\u00e4ttviksdr\u00e4kt h\u00e4lsade Per M\u00e5rthans, gruppledare f\u00f6r Kristdemokraterna i R\u00e4ttvik, ett femtiotal partiv\u00e4nner v\u00e4lkomna till f\u00f6rsamlingshemmet i R\u00e4ttvik. D\u00e4refter h\u00f6lls tal bland annat av partiledare Ebba Busch p\u00e5 video och riksdagsman Kjell-Arne Ottosson. Elin \u00c5hman fr\u00e5n Borl\u00e4nge omvaldes till partidistriktsordf\u00f6rande, Birgitta Sacr\u00e9deus fr\u00e5n Mora till Read More\" \/>\n<meta property=\"og:url\" content=\"https:\/\/wp.kristdemokraterna.se\/dalarna\/dalarnas-kristdemokrater-haller-arsmote-fokus-pa-midsommarfiranden-som-hotas-av-vagavgifter\/\" \/>\n<meta property=\"og:site_name\" content=\"Kristdemokraterna Dalarna\" \/>\n<meta property=\"article:published_time\" content=\"2023-03-25T12:27:58+00:00\" \/>\n<meta property=\"article:modified_time\" content=\"2023-04-04T11:30:18+00:00\" \/>\n<meta name=\"author\" content=\"oliver\" \/>\n<meta name=\"twitter:card\" content=\"summary_large_image\" \/>\n<meta name=\"twitter:label1\" content=\"Skriven av\" \/>\n\t<meta name=\"twitter:data1\" content=\"oliver\" \/>\n\t<meta name=\"twitter:label2\" content=\"Ber\u00e4knad l\u00e4stid\" \/>\n\t<meta name=\"twitter:data2\" content=\"2 minuter\" \/>\n<script type=\"application\/ld+json\" class=\"yoast-schema-graph\">{\"@context\":\"https:\\\/\\\/schema.org\",\"@graph\":[{\"@type\":\"Article\",\"@id\":\"https:\\\/\\\/wp.kristdemokraterna.se\\\/dalarna\\\/dalarnas-kristdemokrater-haller-arsmote-fokus-pa-midsommarfiranden-som-hotas-av-vagavgifter\\\/#article\",\"isPartOf\":{\"@id\":\"https:\\\/\\\/wp.kristdemokraterna.se\\\/dalarna\\\/dalarnas-kristdemokrater-haller-arsmote-fokus-pa-midsommarfiranden-som-hotas-av-vagavgifter\\\/\"},\"author\":{\"name\":\"oliver\",\"@id\":\"https:\\\/\\\/wp.kristdemokraterna.se\\\/dalarna\\\/#\\\/schema\\\/person\\\/7611175eb955130b2fc127e0992fdffc\"},\"headline\":\"Dalarnas kristdemokrater h\u00e5ller \u00e5rsm\u00f6te \u2013 fokus p\u00e5 midsommarfiranden som hotas av v\u00e4gavgifter\",\"datePublished\":\"2023-03-25T12:27:58+00:00\",\"dateModified\":\"2023-04-04T11:30:18+00:00\",\"mainEntityOfPage\":{\"@id\":\"https:\\\/\\\/wp.kristdemokraterna.se\\\/dalarna\\\/dalarnas-kristdemokrater-haller-arsmote-fokus-pa-midsommarfiranden-som-hotas-av-vagavgifter\\\/\"},\"wordCount\":416,\"publisher\":{\"@id\":\"https:\\\/\\\/wp.kristdemokraterna.se\\\/dalarna\\\/#organization\"},\"articleSection\":[\"Nyheter\"],\"inLanguage\":\"sv-SE\"},{\"@type\":\"WebPage\",\"@id\":\"https:\\\/\\\/wp.kristdemokraterna.se\\\/dalarna\\\/dalarnas-kristdemokrater-haller-arsmote-fokus-pa-midsommarfiranden-som-hotas-av-vagavgifter\\\/\",\"url\":\"https:\\\/\\\/wp.kristdemokraterna.se\\\/dalarna\\\/dalarnas-kristdemokrater-haller-arsmote-fokus-pa-midsommarfiranden-som-hotas-av-vagavgifter\\\/\",\"name\":\"Dalarnas kristdemokrater h\u00e5ller \u00e5rsm\u00f6te \u2013 fokus p\u00e5 midsommarfiranden som hotas av v\u00e4gavgifter - Kristdemokraterna Dalarna\",\"isPartOf\":{\"@id\":\"https:\\\/\\\/wp.kristdemokraterna.se\\\/dalarna\\\/#website\"},\"datePublished\":\"2023-03-25T12:27:58+00:00\",\"dateModified\":\"2023-04-04T11:30:18+00:00\",\"breadcrumb\":{\"@id\":\"https:\\\/\\\/wp.kristdemokraterna.se\\\/dalarna\\\/dalarnas-kristdemokrater-haller-arsmote-fokus-pa-midsommarfiranden-som-hotas-av-vagavgifter\\\/#breadcrumb\"},\"inLanguage\":\"sv-SE\",\"potentialAction\":[{\"@type\":\"ReadAction\",\"target\":[\"https:\\\/\\\/wp.kristdemokraterna.se\\\/dalarna\\\/dalarnas-kristdemokrater-haller-arsmote-fokus-pa-midsommarfiranden-som-hotas-av-vagavgifter\\\/\"]}]},{\"@type\":\"BreadcrumbList\",\"@id\":\"https:\\\/\\\/wp.kristdemokraterna.se\\\/dalarna\\\/dalarnas-kristdemokrater-haller-arsmote-fokus-pa-midsommarfiranden-som-hotas-av-vagavgifter\\\/#breadcrumb\",\"itemListElement\":[{\"@type\":\"ListItem\",\"position\":1,\"name\":\"Hem\",\"item\":\"https:\\\/\\\/wp.kristdemokraterna.se\\\/dalarna\\\/\"},{\"@type\":\"ListItem\",\"position\":2,\"name\":\"Dalarnas kristdemokrater h\u00e5ller \u00e5rsm\u00f6te \u2013 fokus p\u00e5 midsommarfiranden som hotas av v\u00e4gavgifter\"}]},{\"@type\":\"WebSite\",\"@id\":\"https:\\\/\\\/wp.kristdemokraterna.se\\\/dalarna\\\/#website\",\"url\":\"https:\\\/\\\/wp.kristdemokraterna.se\\\/dalarna\\\/\",\"name\":\"Kristdemokraterna Dalarna\",\"description\":\"\",\"publisher\":{\"@id\":\"https:\\\/\\\/wp.kristdemokraterna.se\\\/dalarna\\\/#organization\"},\"inLanguage\":\"sv-SE\"},{\"@type\":\"Organization\",\"@id\":\"https:\\\/\\\/wp.kristdemokraterna.se\\\/dalarna\\\/#organization\",\"name\":\"Kristdemokraterna Dalarna\",\"url\":\"https:\\\/\\\/wp.kristdemokraterna.se\\\/dalarna\\\/\",\"logo\":{\"@type\":\"ImageObject\",\"inLanguage\":\"sv-SE\",\"@id\":\"https:\\\/\\\/wp.kristdemokraterna.se\\\/dalarna\\\/#\\\/schema\\\/logo\\\/image\\\/\",\"url\":\"https:\\\/\\\/wp.kristdemokraterna.se\\\/dalarna\\\/files\\\/2022\\\/08\\\/dalarna-sida-bla-300dpi.png\",\"contentUrl\":\"https:\\\/\\\/wp.kristdemokraterna.se\\\/dalarna\\\/files\\\/2022\\\/08\\\/dalarna-sida-bla-300dpi.png\",\"width\":1477,\"height\":681,\"caption\":\"Kristdemokraterna Dalarna\"},\"image\":{\"@id\":\"https:\\\/\\\/wp.kristdemokraterna.se\\\/dalarna\\\/#\\\/schema\\\/logo\\\/image\\\/\"}},{\"@type\":\"Person\",\"@id\":\"https:\\\/\\\/wp.kristdemokraterna.se\\\/dalarna\\\/#\\\/schema\\\/person\\\/7611175eb955130b2fc127e0992fdffc\",\"name\":\"oliver\",\"image\":{\"@type\":\"ImageObject\",\"inLanguage\":\"sv-SE\",\"@id\":\"https:\\\/\\\/secure.gravatar.com\\\/avatar\\\/bf91bfa2870e8b9c37378dca6b35b68f39af1750e31e39ac91e8ffb52bcdde21?s=96&r=g\",\"url\":\"https:\\\/\\\/secure.gravatar.com\\\/avatar\\\/bf91bfa2870e8b9c37378dca6b35b68f39af1750e31e39ac91e8ffb52bcdde21?s=96&r=g\",\"contentUrl\":\"https:\\\/\\\/secure.gravatar.com\\\/avatar\\\/bf91bfa2870e8b9c37378dca6b35b68f39af1750e31e39ac91e8ffb52bcdde21?s=96&r=g\",\"caption\":\"oliver\"},\"url\":\"https:\\\/\\\/wp.kristdemokraterna.se\\\/dalarna\\\/author\\\/oliver\\\/\"}]}<\/script>\n<!-- \/ Yoast SEO plugin. -->","yoast_head_json":{"title":"Dalarnas kristdemokrater h\u00e5ller \u00e5rsm\u00f6te \u2013 fokus p\u00e5 midsommarfiranden som hotas av v\u00e4gavgifter - Kristdemokraterna Dalarna","robots":{"index":"index","follow":"follow","max-snippet":"max-snippet:-1","max-image-preview":"max-image-preview:large","max-video-preview":"max-video-preview:-1"},"canonical":"https:\/\/wp.kristdemokraterna.se\/dalarna\/dalarnas-kristdemokrater-haller-arsmote-fokus-pa-midsommarfiranden-som-hotas-av-vagavgifter\/","og_locale":"sv_SE","og_type":"article","og_title":"Dalarnas kristdemokrater h\u00e5ller \u00e5rsm\u00f6te \u2013 fokus p\u00e5 midsommarfiranden som hotas av v\u00e4gavgifter - Kristdemokraterna Dalarna","og_description":"L\u00f6rdagen den 25 mars genomf\u00f6rde Kristdemokraterna i Dalarna sitt partidistrikts\u00e5rsm\u00f6te. Ikl\u00e4dd R\u00e4ttviksdr\u00e4kt h\u00e4lsade Per M\u00e5rthans, gruppledare f\u00f6r Kristdemokraterna i R\u00e4ttvik, ett femtiotal partiv\u00e4nner v\u00e4lkomna till f\u00f6rsamlingshemmet i R\u00e4ttvik. D\u00e4refter h\u00f6lls tal bland annat av partiledare Ebba Busch p\u00e5 video och riksdagsman Kjell-Arne Ottosson. Elin \u00c5hman fr\u00e5n Borl\u00e4nge omvaldes till partidistriktsordf\u00f6rande, Birgitta Sacr\u00e9deus fr\u00e5n Mora till Read More","og_url":"https:\/\/wp.kristdemokraterna.se\/dalarna\/dalarnas-kristdemokrater-haller-arsmote-fokus-pa-midsommarfiranden-som-hotas-av-vagavgifter\/","og_site_name":"Kristdemokraterna Dalarna","article_published_time":"2023-03-25T12:27:58+00:00","article_modified_time":"2023-04-04T11:30:18+00:00","author":"oliver","twitter_card":"summary_large_image","twitter_misc":{"Skriven av":"oliver","Ber\u00e4knad l\u00e4stid":"2 minuter"},"schema":{"@context":"https:\/\/schema.org","@graph":[{"@type":"Article","@id":"https:\/\/wp.kristdemokraterna.se\/dalarna\/dalarnas-kristdemokrater-haller-arsmote-fokus-pa-midsommarfiranden-som-hotas-av-vagavgifter\/#article","isPartOf":{"@id":"https:\/\/wp.kristdemokraterna.se\/dalarna\/dalarnas-kristdemokrater-haller-arsmote-fokus-pa-midsommarfiranden-som-hotas-av-vagavgifter\/"},"author":{"name":"oliver","@id":"https:\/\/wp.kristdemokraterna.se\/dalarna\/#\/schema\/person\/7611175eb955130b2fc127e0992fdffc"},"headline":"Dalarnas kristdemokrater h\u00e5ller \u00e5rsm\u00f6te \u2013 fokus p\u00e5 midsommarfiranden som hotas av v\u00e4gavgifter","datePublished":"2023-03-25T12:27:58+00:00","dateModified":"2023-04-04T11:30:18+00:00","mainEntityOfPage":{"@id":"https:\/\/wp.kristdemokraterna.se\/dalarna\/dalarnas-kristdemokrater-haller-arsmote-fokus-pa-midsommarfiranden-som-hotas-av-vagavgifter\/"},"wordCount":416,"publisher":{"@id":"https:\/\/wp.kristdemokraterna.se\/dalarna\/#organization"},"articleSection":["Nyheter"],"inLanguage":"sv-SE"},{"@type":"WebPage","@id":"https:\/\/wp.kristdemokraterna.se\/dalarna\/dalarnas-kristdemokrater-haller-arsmote-fokus-pa-midsommarfiranden-som-hotas-av-vagavgifter\/","url":"https:\/\/wp.kristdemokraterna.se\/dalarna\/dalarnas-kristdemokrater-haller-arsmote-fokus-pa-midsommarfiranden-som-hotas-av-vagavgifter\/","name":"Dalarnas kristdemokrater h\u00e5ller \u00e5rsm\u00f6te \u2013 fokus p\u00e5 midsommarfiranden som hotas av v\u00e4gavgifter - Kristdemokraterna Dalarna","isPartOf":{"@id":"https:\/\/wp.kristdemokraterna.se\/dalarna\/#website"},"datePublished":"2023-03-25T12:27:58+00:00","dateModified":"2023-04-04T11:30:18+00:00","breadcrumb":{"@id":"https:\/\/wp.kristdemokraterna.se\/dalarna\/dalarnas-kristdemokrater-haller-arsmote-fokus-pa-midsommarfiranden-som-hotas-av-vagavgifter\/#breadcrumb"},"inLanguage":"sv-SE","potentialAction":[{"@type":"ReadAction","target":["https:\/\/wp.kristdemokraterna.se\/dalarna\/dalarnas-kristdemokrater-haller-arsmote-fokus-pa-midsommarfiranden-som-hotas-av-vagavgifter\/"]}]},{"@type":"BreadcrumbList","@id":"https:\/\/wp.kristdemokraterna.se\/dalarna\/dalarnas-kristdemokrater-haller-arsmote-fokus-pa-midsommarfiranden-som-hotas-av-vagavgifter\/#breadcrumb","itemListElement":[{"@type":"ListItem","position":1,"name":"Hem","item":"https:\/\/wp.kristdemokraterna.se\/dalarna\/"},{"@type":"ListItem","position":2,"name":"Dalarnas kristdemokrater h\u00e5ller \u00e5rsm\u00f6te \u2013 fokus p\u00e5 midsommarfiranden som hotas av v\u00e4gavgifter"}]},{"@type":"WebSite","@id":"https:\/\/wp.kristdemokraterna.se\/dalarna\/#website","url":"https:\/\/wp.kristdemokraterna.se\/dalarna\/","name":"Kristdemokraterna Dalarna","description":"","publisher":{"@id":"https:\/\/wp.kristdemokraterna.se\/dalarna\/#organization"},"inLanguage":"sv-SE"},{"@type":"Organization","@id":"https:\/\/wp.kristdemokraterna.se\/dalarna\/#organization","name":"Kristdemokraterna Dalarna","url":"https:\/\/wp.kristdemokraterna.se\/dalarna\/","logo":{"@type":"ImageObject","inLanguage":"sv-SE","@id":"https:\/\/wp.kristdemokraterna.se\/dalarna\/#\/schema\/logo\/image\/","url":"https:\/\/wp.kristdemokraterna.se\/dalarna\/files\/2022\/08\/dalarna-sida-bla-300dpi.png","contentUrl":"https:\/\/wp.kristdemokraterna.se\/dalarna\/files\/2022\/08\/dalarna-sida-bla-300dpi.png","width":1477,"height":681,"caption":"Kristdemokraterna Dalarna"},"image":{"@id":"https:\/\/wp.kristdemokraterna.se\/dalarna\/#\/schema\/logo\/image\/"}},{"@type":"Person","@id":"https:\/\/wp.kristdemokraterna.se\/dalarna\/#\/schema\/person\/7611175eb955130b2fc127e0992fdffc","name":"oliver","image":{"@type":"ImageObject","inLanguage":"sv-SE","@id":"https:\/\/secure.gravatar.com\/avatar\/bf91bfa2870e8b9c37378dca6b35b68f39af1750e31e39ac91e8ffb52bcdde21?s=96&r=g","url":"https:\/\/secure.gravatar.com\/avatar\/bf91bfa2870e8b9c37378dca6b35b68f39af1750e31e39ac91e8ffb52bcdde21?s=96&r=g","contentUrl":"https:\/\/secure.gravatar.com\/avatar\/bf91bfa2870e8b9c37378dca6b35b68f39af1750e31e39ac91e8ffb52bcdde21?s=96&r=g","caption":"oliver"},"url":"https:\/\/wp.kristdemokraterna.se\/dalarna\/author\/oliver\/"}]}},"_links":{"self":[{"href":"https:\/\/wp.kristdemokraterna.se\/dalarna\/wp-json\/wp\/v2\/posts\/856","targetHints":{"allow":["GET"]}}],"collection":[{"href":"https:\/\/wp.kristdemokraterna.se\/dalarna\/wp-json\/wp\/v2\/posts"}],"about":[{"href":"https:\/\/wp.kristdemokraterna.se\/dalarna\/wp-json\/wp\/v2\/types\/post"}],"author":[{"embeddable":true,"href":"https:\/\/wp.kristdemokraterna.se\/dalarna\/wp-json\/wp\/v2\/users\/958"}],"replies":[{"embeddable":true,"href":"https:\/\/wp.kristdemokraterna.se\/dalarna\/wp-json\/wp\/v2\/comments?post=856"}],"version-history":[{"count":1,"href":"https:\/\/wp.kristdemokraterna.se\/dalarna\/wp-json\/wp\/v2\/posts\/856\/revisions"}],"predecessor-version":[{"id":858,"href":"https:\/\/wp.kristdemokraterna.se\/dalarna\/wp-json\/wp\/v2\/posts\/856\/revisions\/858"}],"wp:attachment":[{"href":"https:\/\/wp.kristdemokraterna.se\/dalarna\/wp-json\/wp\/v2\/media?parent=856"}],"wp:term":[{"taxonomy":"category","embeddable":true,"href":"https:\/\/wp.kristdemokraterna.se\/dalarna\/wp-json\/wp\/v2\/categories?post=856"},{"taxonomy":"post_tag","embeddable":true,"href":"https:\/\/wp.kristdemokraterna.se\/dalarna\/wp-json\/wp\/v2\/tags?post=856"}],"curies":[{"name":"wp","href":"https:\/\/api.w.org\/{rel}","templated":true}]}}