{"id":868,"date":"2023-04-04T13:36:51","date_gmt":"2023-04-04T11:36:51","guid":{"rendered":"https:\/\/wp.kristdemokraterna.se\/dalarna\/?p=868"},"modified":"2023-04-04T13:36:51","modified_gmt":"2023-04-04T11:36:51","slug":"nu-byggs-nytt-akademiskt-tandvardshus-i-falun","status":"publish","type":"post","link":"https:\/\/wp.kristdemokraterna.se\/dalarna\/nu-byggs-nytt-akademiskt-tandvardshus-i-falun\/","title":{"rendered":"Nu byggs nytt Akademiskt Tandv\u00e5rdshus i Falun"},"content":{"rendered":"<div class=\"x11i5rnm xat24cr x1mh8g0r x1vvkbs xdj266r x126k92a\">\n<div dir=\"auto\">Regionstyrelsen har beslutat att byggnationen av det Akademiska Tandv\u00e5rdshuset ska forts\u00e4tta enligt plan. Huset ska inneh\u00e5lla s\u00e5v\u00e4l praktik, forskning och utbildning \u2013 vilket blir en attraktiv arbetsplats som ska st\u00e4rka regionens tandv\u00e5rd fram\u00e5t.<\/div>\n<div dir=\"auto\"><\/div>\n<\/div>\n<div class=\"x11i5rnm xat24cr x1mh8g0r x1vvkbs xtlvy1s x126k92a\">\n<div dir=\"auto\">Inr\u00e4ttandet av ett Akademiskt Tandv\u00e5rdshus inneb\u00e4r att Faluns centrala allm\u00e4ntandv\u00e5rdskliniker, specialisttandv\u00e5rd, tandtekniskt laboratorium och Folkh\u00e4lsofunktionen kommer att rymmas i samma lokaler. Ut\u00f6ver det kommer ett nytt centrum f\u00f6r forskning, utveckling och utbildning av tandl\u00e4kare och tandhygienister att inr\u00e4ttas. Inflytt ber\u00e4knas ske under 2025.<\/div>\n<div dir=\"auto\"><\/div>\n<\/div>\n<div class=\"x11i5rnm xat24cr x1mh8g0r x1vvkbs xtlvy1s x126k92a\">\n<div dir=\"auto\">Under byggprojektet kommer h\u00e5llbarhetsaspekten att beaktas genom optimerad energianv\u00e4ndning och anv\u00e4ndning av n\u00e4rproducerat material. Placeringen i kvarteret R\u00f6dbro i Falun, i n\u00e4rheten av Knutpunkten, m\u00f6jligg\u00f6r kommunalt resande f\u00f6r b\u00e5de patienter och medarbetare.<\/div>\n<div dir=\"auto\"><\/div>\n<\/div>\n<div class=\"x11i5rnm xat24cr x1mh8g0r x1vvkbs xtlvy1s x126k92a\">\n<div dir=\"auto\">L\u00e4s mer h\u00e4r:<\/div>\n<div dir=\"auto\"><a href=\"https:\/\/www.regiondalarna.se\/press\/nyheter-och-pressmeddelanden\/nu-byggs-nytt-akademiskt-tandvardshus-i-falun-\/?fbclid=IwAR2qRrjsh5UKq0aVty5lPbHw-T1vYKRDUQ8sYZFPOI3obiEJzuS3eDt5RHk\">https:\/\/www.regiondalarna.se\/press\/nyheter-och-pressmeddelanden\/nu-byggs-nytt-akademiskt-tandvardshus-i-falun-\/?fbclid=IwAR2qRrjsh5UKq0aVty5lPbHw-T1vYKRDUQ8sYZFPOI3obiEJzuS3eDt5RHk<\/a><\/div>\n<\/div>\n","protected":false},"excerpt":{"rendered":"<p>Regionstyrelsen har beslutat att byggnationen av det Akademiska Tandv\u00e5rdshuset ska forts\u00e4tta enligt plan. Huset ska inneh\u00e5lla s\u00e5v\u00e4l praktik, forskning och utbildning \u2013 vilket blir en attraktiv arbetsplats som ska st\u00e4rka regionens tandv\u00e5rd fram\u00e5t. Inr\u00e4ttandet av ett Akademiskt Tandv\u00e5rdshus inneb\u00e4r att Faluns centrala allm\u00e4ntandv\u00e5rdskliniker, specialisttandv\u00e5rd, tandtekniskt laboratorium och Folkh\u00e4lsofunktionen kommer att rymmas i samma lokaler. Ut\u00f6ver <a class=\"read-more-link\" href=\"https:\/\/wp.kristdemokraterna.se\/dalarna\/nu-byggs-nytt-akademiskt-tandvardshus-i-falun\/\">Read More<\/a><\/p>\n","protected":false},"author":958,"featured_media":0,"comment_status":"closed","ping_status":"closed","sticky":false,"template":"","format":"standard","meta":{"_acf_changed":false,"footnotes":""},"categories":[12],"tags":[],"class_list":["post-868","post","type-post","status-publish","format-standard","hentry","category-nyheter"],"acf":[],"yoast_head":"<!-- This site is optimized with the Yoast SEO plugin v27.5 - https:\/\/yoast.com\/product\/yoast-seo-wordpress\/ -->\n<title>Nu byggs nytt Akademiskt Tandv\u00e5rdshus i Falun - Kristdemokraterna Dalarna<\/title>\n<meta name=\"robots\" content=\"index, follow, max-snippet:-1, max-image-preview:large, max-video-preview:-1\" \/>\n<link rel=\"canonical\" href=\"https:\/\/wp.kristdemokraterna.se\/dalarna\/nu-byggs-nytt-akademiskt-tandvardshus-i-falun\/\" \/>\n<meta property=\"og:locale\" content=\"sv_SE\" \/>\n<meta property=\"og:type\" content=\"article\" \/>\n<meta property=\"og:title\" content=\"Nu byggs nytt Akademiskt Tandv\u00e5rdshus i Falun - Kristdemokraterna Dalarna\" \/>\n<meta property=\"og:description\" content=\"Regionstyrelsen har beslutat att byggnationen av det Akademiska Tandv\u00e5rdshuset ska forts\u00e4tta enligt plan. Huset ska inneh\u00e5lla s\u00e5v\u00e4l praktik, forskning och utbildning \u2013 vilket blir en attraktiv arbetsplats som ska st\u00e4rka regionens tandv\u00e5rd fram\u00e5t. Inr\u00e4ttandet av ett Akademiskt Tandv\u00e5rdshus inneb\u00e4r att Faluns centrala allm\u00e4ntandv\u00e5rdskliniker, specialisttandv\u00e5rd, tandtekniskt laboratorium och Folkh\u00e4lsofunktionen kommer att rymmas i samma lokaler. Ut\u00f6ver Read More\" \/>\n<meta property=\"og:url\" content=\"https:\/\/wp.kristdemokraterna.se\/dalarna\/nu-byggs-nytt-akademiskt-tandvardshus-i-falun\/\" \/>\n<meta property=\"og:site_name\" content=\"Kristdemokraterna Dalarna\" \/>\n<meta property=\"article:published_time\" content=\"2023-04-04T11:36:51+00:00\" \/>\n<meta name=\"author\" content=\"oliver\" \/>\n<meta name=\"twitter:card\" content=\"summary_large_image\" \/>\n<meta name=\"twitter:label1\" content=\"Skriven av\" \/>\n\t<meta name=\"twitter:data1\" content=\"oliver\" \/>\n\t<meta name=\"twitter:label2\" content=\"Ber\u00e4knad l\u00e4stid\" \/>\n\t<meta name=\"twitter:data2\" content=\"1 minut\" \/>\n<script type=\"application\/ld+json\" class=\"yoast-schema-graph\">{\"@context\":\"https:\\\/\\\/schema.org\",\"@graph\":[{\"@type\":\"Article\",\"@id\":\"https:\\\/\\\/wp.kristdemokraterna.se\\\/dalarna\\\/nu-byggs-nytt-akademiskt-tandvardshus-i-falun\\\/#article\",\"isPartOf\":{\"@id\":\"https:\\\/\\\/wp.kristdemokraterna.se\\\/dalarna\\\/nu-byggs-nytt-akademiskt-tandvardshus-i-falun\\\/\"},\"author\":{\"name\":\"oliver\",\"@id\":\"https:\\\/\\\/wp.kristdemokraterna.se\\\/dalarna\\\/#\\\/schema\\\/person\\\/7611175eb955130b2fc127e0992fdffc\"},\"headline\":\"Nu byggs nytt Akademiskt Tandv\u00e5rdshus i Falun\",\"datePublished\":\"2023-04-04T11:36:51+00:00\",\"mainEntityOfPage\":{\"@id\":\"https:\\\/\\\/wp.kristdemokraterna.se\\\/dalarna\\\/nu-byggs-nytt-akademiskt-tandvardshus-i-falun\\\/\"},\"wordCount\":167,\"publisher\":{\"@id\":\"https:\\\/\\\/wp.kristdemokraterna.se\\\/dalarna\\\/#organization\"},\"articleSection\":[\"Nyheter\"],\"inLanguage\":\"sv-SE\"},{\"@type\":\"WebPage\",\"@id\":\"https:\\\/\\\/wp.kristdemokraterna.se\\\/dalarna\\\/nu-byggs-nytt-akademiskt-tandvardshus-i-falun\\\/\",\"url\":\"https:\\\/\\\/wp.kristdemokraterna.se\\\/dalarna\\\/nu-byggs-nytt-akademiskt-tandvardshus-i-falun\\\/\",\"name\":\"Nu byggs nytt Akademiskt Tandv\u00e5rdshus i Falun - Kristdemokraterna Dalarna\",\"isPartOf\":{\"@id\":\"https:\\\/\\\/wp.kristdemokraterna.se\\\/dalarna\\\/#website\"},\"datePublished\":\"2023-04-04T11:36:51+00:00\",\"breadcrumb\":{\"@id\":\"https:\\\/\\\/wp.kristdemokraterna.se\\\/dalarna\\\/nu-byggs-nytt-akademiskt-tandvardshus-i-falun\\\/#breadcrumb\"},\"inLanguage\":\"sv-SE\",\"potentialAction\":[{\"@type\":\"ReadAction\",\"target\":[\"https:\\\/\\\/wp.kristdemokraterna.se\\\/dalarna\\\/nu-byggs-nytt-akademiskt-tandvardshus-i-falun\\\/\"]}]},{\"@type\":\"BreadcrumbList\",\"@id\":\"https:\\\/\\\/wp.kristdemokraterna.se\\\/dalarna\\\/nu-byggs-nytt-akademiskt-tandvardshus-i-falun\\\/#breadcrumb\",\"itemListElement\":[{\"@type\":\"ListItem\",\"position\":1,\"name\":\"Hem\",\"item\":\"https:\\\/\\\/wp.kristdemokraterna.se\\\/dalarna\\\/\"},{\"@type\":\"ListItem\",\"position\":2,\"name\":\"Nu byggs nytt Akademiskt Tandv\u00e5rdshus i Falun\"}]},{\"@type\":\"WebSite\",\"@id\":\"https:\\\/\\\/wp.kristdemokraterna.se\\\/dalarna\\\/#website\",\"url\":\"https:\\\/\\\/wp.kristdemokraterna.se\\\/dalarna\\\/\",\"name\":\"Kristdemokraterna Dalarna\",\"description\":\"\",\"publisher\":{\"@id\":\"https:\\\/\\\/wp.kristdemokraterna.se\\\/dalarna\\\/#organization\"},\"inLanguage\":\"sv-SE\"},{\"@type\":\"Organization\",\"@id\":\"https:\\\/\\\/wp.kristdemokraterna.se\\\/dalarna\\\/#organization\",\"name\":\"Kristdemokraterna Dalarna\",\"url\":\"https:\\\/\\\/wp.kristdemokraterna.se\\\/dalarna\\\/\",\"logo\":{\"@type\":\"ImageObject\",\"inLanguage\":\"sv-SE\",\"@id\":\"https:\\\/\\\/wp.kristdemokraterna.se\\\/dalarna\\\/#\\\/schema\\\/logo\\\/image\\\/\",\"url\":\"https:\\\/\\\/wp.kristdemokraterna.se\\\/dalarna\\\/files\\\/2022\\\/08\\\/dalarna-sida-bla-300dpi.png\",\"contentUrl\":\"https:\\\/\\\/wp.kristdemokraterna.se\\\/dalarna\\\/files\\\/2022\\\/08\\\/dalarna-sida-bla-300dpi.png\",\"width\":1477,\"height\":681,\"caption\":\"Kristdemokraterna Dalarna\"},\"image\":{\"@id\":\"https:\\\/\\\/wp.kristdemokraterna.se\\\/dalarna\\\/#\\\/schema\\\/logo\\\/image\\\/\"}},{\"@type\":\"Person\",\"@id\":\"https:\\\/\\\/wp.kristdemokraterna.se\\\/dalarna\\\/#\\\/schema\\\/person\\\/7611175eb955130b2fc127e0992fdffc\",\"name\":\"oliver\",\"image\":{\"@type\":\"ImageObject\",\"inLanguage\":\"sv-SE\",\"@id\":\"https:\\\/\\\/secure.gravatar.com\\\/avatar\\\/bf91bfa2870e8b9c37378dca6b35b68f39af1750e31e39ac91e8ffb52bcdde21?s=96&r=g\",\"url\":\"https:\\\/\\\/secure.gravatar.com\\\/avatar\\\/bf91bfa2870e8b9c37378dca6b35b68f39af1750e31e39ac91e8ffb52bcdde21?s=96&r=g\",\"contentUrl\":\"https:\\\/\\\/secure.gravatar.com\\\/avatar\\\/bf91bfa2870e8b9c37378dca6b35b68f39af1750e31e39ac91e8ffb52bcdde21?s=96&r=g\",\"caption\":\"oliver\"},\"url\":\"https:\\\/\\\/wp.kristdemokraterna.se\\\/dalarna\\\/author\\\/oliver\\\/\"}]}<\/script>\n<!-- \/ Yoast SEO plugin. -->","yoast_head_json":{"title":"Nu byggs nytt Akademiskt Tandv\u00e5rdshus i Falun - Kristdemokraterna Dalarna","robots":{"index":"index","follow":"follow","max-snippet":"max-snippet:-1","max-image-preview":"max-image-preview:large","max-video-preview":"max-video-preview:-1"},"canonical":"https:\/\/wp.kristdemokraterna.se\/dalarna\/nu-byggs-nytt-akademiskt-tandvardshus-i-falun\/","og_locale":"sv_SE","og_type":"article","og_title":"Nu byggs nytt Akademiskt Tandv\u00e5rdshus i Falun - Kristdemokraterna Dalarna","og_description":"Regionstyrelsen har beslutat att byggnationen av det Akademiska Tandv\u00e5rdshuset ska forts\u00e4tta enligt plan. Huset ska inneh\u00e5lla s\u00e5v\u00e4l praktik, forskning och utbildning \u2013 vilket blir en attraktiv arbetsplats som ska st\u00e4rka regionens tandv\u00e5rd fram\u00e5t. Inr\u00e4ttandet av ett Akademiskt Tandv\u00e5rdshus inneb\u00e4r att Faluns centrala allm\u00e4ntandv\u00e5rdskliniker, specialisttandv\u00e5rd, tandtekniskt laboratorium och Folkh\u00e4lsofunktionen kommer att rymmas i samma lokaler. Ut\u00f6ver Read More","og_url":"https:\/\/wp.kristdemokraterna.se\/dalarna\/nu-byggs-nytt-akademiskt-tandvardshus-i-falun\/","og_site_name":"Kristdemokraterna Dalarna","article_published_time":"2023-04-04T11:36:51+00:00","author":"oliver","twitter_card":"summary_large_image","twitter_misc":{"Skriven av":"oliver","Ber\u00e4knad l\u00e4stid":"1 minut"},"schema":{"@context":"https:\/\/schema.org","@graph":[{"@type":"Article","@id":"https:\/\/wp.kristdemokraterna.se\/dalarna\/nu-byggs-nytt-akademiskt-tandvardshus-i-falun\/#article","isPartOf":{"@id":"https:\/\/wp.kristdemokraterna.se\/dalarna\/nu-byggs-nytt-akademiskt-tandvardshus-i-falun\/"},"author":{"name":"oliver","@id":"https:\/\/wp.kristdemokraterna.se\/dalarna\/#\/schema\/person\/7611175eb955130b2fc127e0992fdffc"},"headline":"Nu byggs nytt Akademiskt Tandv\u00e5rdshus i Falun","datePublished":"2023-04-04T11:36:51+00:00","mainEntityOfPage":{"@id":"https:\/\/wp.kristdemokraterna.se\/dalarna\/nu-byggs-nytt-akademiskt-tandvardshus-i-falun\/"},"wordCount":167,"publisher":{"@id":"https:\/\/wp.kristdemokraterna.se\/dalarna\/#organization"},"articleSection":["Nyheter"],"inLanguage":"sv-SE"},{"@type":"WebPage","@id":"https:\/\/wp.kristdemokraterna.se\/dalarna\/nu-byggs-nytt-akademiskt-tandvardshus-i-falun\/","url":"https:\/\/wp.kristdemokraterna.se\/dalarna\/nu-byggs-nytt-akademiskt-tandvardshus-i-falun\/","name":"Nu byggs nytt Akademiskt Tandv\u00e5rdshus i Falun - Kristdemokraterna Dalarna","isPartOf":{"@id":"https:\/\/wp.kristdemokraterna.se\/dalarna\/#website"},"datePublished":"2023-04-04T11:36:51+00:00","breadcrumb":{"@id":"https:\/\/wp.kristdemokraterna.se\/dalarna\/nu-byggs-nytt-akademiskt-tandvardshus-i-falun\/#breadcrumb"},"inLanguage":"sv-SE","potentialAction":[{"@type":"ReadAction","target":["https:\/\/wp.kristdemokraterna.se\/dalarna\/nu-byggs-nytt-akademiskt-tandvardshus-i-falun\/"]}]},{"@type":"BreadcrumbList","@id":"https:\/\/wp.kristdemokraterna.se\/dalarna\/nu-byggs-nytt-akademiskt-tandvardshus-i-falun\/#breadcrumb","itemListElement":[{"@type":"ListItem","position":1,"name":"Hem","item":"https:\/\/wp.kristdemokraterna.se\/dalarna\/"},{"@type":"ListItem","position":2,"name":"Nu byggs nytt Akademiskt Tandv\u00e5rdshus i Falun"}]},{"@type":"WebSite","@id":"https:\/\/wp.kristdemokraterna.se\/dalarna\/#website","url":"https:\/\/wp.kristdemokraterna.se\/dalarna\/","name":"Kristdemokraterna Dalarna","description":"","publisher":{"@id":"https:\/\/wp.kristdemokraterna.se\/dalarna\/#organization"},"inLanguage":"sv-SE"},{"@type":"Organization","@id":"https:\/\/wp.kristdemokraterna.se\/dalarna\/#organization","name":"Kristdemokraterna Dalarna","url":"https:\/\/wp.kristdemokraterna.se\/dalarna\/","logo":{"@type":"ImageObject","inLanguage":"sv-SE","@id":"https:\/\/wp.kristdemokraterna.se\/dalarna\/#\/schema\/logo\/image\/","url":"https:\/\/wp.kristdemokraterna.se\/dalarna\/files\/2022\/08\/dalarna-sida-bla-300dpi.png","contentUrl":"https:\/\/wp.kristdemokraterna.se\/dalarna\/files\/2022\/08\/dalarna-sida-bla-300dpi.png","width":1477,"height":681,"caption":"Kristdemokraterna Dalarna"},"image":{"@id":"https:\/\/wp.kristdemokraterna.se\/dalarna\/#\/schema\/logo\/image\/"}},{"@type":"Person","@id":"https:\/\/wp.kristdemokraterna.se\/dalarna\/#\/schema\/person\/7611175eb955130b2fc127e0992fdffc","name":"oliver","image":{"@type":"ImageObject","inLanguage":"sv-SE","@id":"https:\/\/secure.gravatar.com\/avatar\/bf91bfa2870e8b9c37378dca6b35b68f39af1750e31e39ac91e8ffb52bcdde21?s=96&r=g","url":"https:\/\/secure.gravatar.com\/avatar\/bf91bfa2870e8b9c37378dca6b35b68f39af1750e31e39ac91e8ffb52bcdde21?s=96&r=g","contentUrl":"https:\/\/secure.gravatar.com\/avatar\/bf91bfa2870e8b9c37378dca6b35b68f39af1750e31e39ac91e8ffb52bcdde21?s=96&r=g","caption":"oliver"},"url":"https:\/\/wp.kristdemokraterna.se\/dalarna\/author\/oliver\/"}]}},"_links":{"self":[{"href":"https:\/\/wp.kristdemokraterna.se\/dalarna\/wp-json\/wp\/v2\/posts\/868","targetHints":{"allow":["GET"]}}],"collection":[{"href":"https:\/\/wp.kristdemokraterna.se\/dalarna\/wp-json\/wp\/v2\/posts"}],"about":[{"href":"https:\/\/wp.kristdemokraterna.se\/dalarna\/wp-json\/wp\/v2\/types\/post"}],"author":[{"embeddable":true,"href":"https:\/\/wp.kristdemokraterna.se\/dalarna\/wp-json\/wp\/v2\/users\/958"}],"replies":[{"embeddable":true,"href":"https:\/\/wp.kristdemokraterna.se\/dalarna\/wp-json\/wp\/v2\/comments?post=868"}],"version-history":[{"count":1,"href":"https:\/\/wp.kristdemokraterna.se\/dalarna\/wp-json\/wp\/v2\/posts\/868\/revisions"}],"predecessor-version":[{"id":870,"href":"https:\/\/wp.kristdemokraterna.se\/dalarna\/wp-json\/wp\/v2\/posts\/868\/revisions\/870"}],"wp:attachment":[{"href":"https:\/\/wp.kristdemokraterna.se\/dalarna\/wp-json\/wp\/v2\/media?parent=868"}],"wp:term":[{"taxonomy":"category","embeddable":true,"href":"https:\/\/wp.kristdemokraterna.se\/dalarna\/wp-json\/wp\/v2\/categories?post=868"},{"taxonomy":"post_tag","embeddable":true,"href":"https:\/\/wp.kristdemokraterna.se\/dalarna\/wp-json\/wp\/v2\/tags?post=868"}],"curies":[{"name":"wp","href":"https:\/\/api.w.org\/{rel}","templated":true}]}}