{"id":887,"date":"2023-05-13T14:42:43","date_gmt":"2023-05-13T12:42:43","guid":{"rendered":"https:\/\/wp.kristdemokraterna.se\/dalarna\/?p=887"},"modified":"2023-05-17T14:44:19","modified_gmt":"2023-05-17T12:44:19","slug":"dalarnas-kristdemokrater-pa-besok-i-riksdagen","status":"publish","type":"post","link":"https:\/\/wp.kristdemokraterna.se\/dalarna\/dalarnas-kristdemokrater-pa-besok-i-riksdagen\/","title":{"rendered":"Dalarnas kristdemokrater p\u00e5 bes\u00f6k i riksdagen"},"content":{"rendered":"<p>Ett 40-tal glada dalapolitiker har idag bes\u00f6kt riksdagen och v\u00e5r riksdagsman Mathias Bengtsson. F\u00f6rutom att f\u00e5 en rundvandring i huset och lyssna till Mathias om hans arbete f\u00f6r Dalarna fick vi ocks\u00e5 samtala med civilminister Erik Slottner om KD:s avtryck i regeringen. En mycket givande dag med andra ord! Stort tack till alla som deltog och s\u00e4rskilt Mathias som bj\u00f6d in till detta.<\/p>\n","protected":false},"excerpt":{"rendered":"<p>Ett 40-tal glada dalapolitiker har idag bes\u00f6kt riksdagen och v\u00e5r riksdagsman Mathias Bengtsson. F\u00f6rutom att f\u00e5 en rundvandring i huset och lyssna till Mathias om hans arbete f\u00f6r Dalarna fick vi ocks\u00e5 samtala med civilminister Erik Slottner om KD:s avtryck i regeringen. En mycket givande dag med andra ord! Stort tack till alla som deltog <a class=\"read-more-link\" href=\"https:\/\/wp.kristdemokraterna.se\/dalarna\/dalarnas-kristdemokrater-pa-besok-i-riksdagen\/\">Read More<\/a><\/p>\n","protected":false},"author":958,"featured_media":0,"comment_status":"closed","ping_status":"closed","sticky":false,"template":"","format":"standard","meta":{"_acf_changed":false,"footnotes":""},"categories":[12],"tags":[],"class_list":["post-887","post","type-post","status-publish","format-standard","hentry","category-nyheter"],"acf":[],"yoast_head":"<!-- This site is optimized with the Yoast SEO plugin v27.5 - https:\/\/yoast.com\/product\/yoast-seo-wordpress\/ -->\n<title>Dalarnas kristdemokrater p\u00e5 bes\u00f6k i riksdagen - Kristdemokraterna Dalarna<\/title>\n<meta name=\"robots\" content=\"index, follow, max-snippet:-1, max-image-preview:large, max-video-preview:-1\" \/>\n<link rel=\"canonical\" href=\"https:\/\/wp.kristdemokraterna.se\/dalarna\/dalarnas-kristdemokrater-pa-besok-i-riksdagen\/\" \/>\n<meta property=\"og:locale\" content=\"sv_SE\" \/>\n<meta property=\"og:type\" content=\"article\" \/>\n<meta property=\"og:title\" content=\"Dalarnas kristdemokrater p\u00e5 bes\u00f6k i riksdagen - Kristdemokraterna Dalarna\" \/>\n<meta property=\"og:description\" content=\"Ett 40-tal glada dalapolitiker har idag bes\u00f6kt riksdagen och v\u00e5r riksdagsman Mathias Bengtsson. F\u00f6rutom att f\u00e5 en rundvandring i huset och lyssna till Mathias om hans arbete f\u00f6r Dalarna fick vi ocks\u00e5 samtala med civilminister Erik Slottner om KD:s avtryck i regeringen. En mycket givande dag med andra ord! Stort tack till alla som deltog Read More\" \/>\n<meta property=\"og:url\" content=\"https:\/\/wp.kristdemokraterna.se\/dalarna\/dalarnas-kristdemokrater-pa-besok-i-riksdagen\/\" \/>\n<meta property=\"og:site_name\" content=\"Kristdemokraterna Dalarna\" \/>\n<meta property=\"article:published_time\" content=\"2023-05-13T12:42:43+00:00\" \/>\n<meta property=\"article:modified_time\" content=\"2023-05-17T12:44:19+00:00\" \/>\n<meta name=\"author\" content=\"oliver\" \/>\n<meta name=\"twitter:card\" content=\"summary_large_image\" \/>\n<meta name=\"twitter:label1\" content=\"Skriven av\" \/>\n\t<meta name=\"twitter:data1\" content=\"oliver\" \/>\n\t<meta name=\"twitter:label2\" content=\"Ber\u00e4knad l\u00e4stid\" \/>\n\t<meta name=\"twitter:data2\" content=\"1 minut\" \/>\n<script type=\"application\/ld+json\" class=\"yoast-schema-graph\">{\"@context\":\"https:\\\/\\\/schema.org\",\"@graph\":[{\"@type\":\"Article\",\"@id\":\"https:\\\/\\\/wp.kristdemokraterna.se\\\/dalarna\\\/dalarnas-kristdemokrater-pa-besok-i-riksdagen\\\/#article\",\"isPartOf\":{\"@id\":\"https:\\\/\\\/wp.kristdemokraterna.se\\\/dalarna\\\/dalarnas-kristdemokrater-pa-besok-i-riksdagen\\\/\"},\"author\":{\"name\":\"oliver\",\"@id\":\"https:\\\/\\\/wp.kristdemokraterna.se\\\/dalarna\\\/#\\\/schema\\\/person\\\/7611175eb955130b2fc127e0992fdffc\"},\"headline\":\"Dalarnas kristdemokrater p\u00e5 bes\u00f6k i riksdagen\",\"datePublished\":\"2023-05-13T12:42:43+00:00\",\"dateModified\":\"2023-05-17T12:44:19+00:00\",\"mainEntityOfPage\":{\"@id\":\"https:\\\/\\\/wp.kristdemokraterna.se\\\/dalarna\\\/dalarnas-kristdemokrater-pa-besok-i-riksdagen\\\/\"},\"wordCount\":77,\"publisher\":{\"@id\":\"https:\\\/\\\/wp.kristdemokraterna.se\\\/dalarna\\\/#organization\"},\"articleSection\":[\"Nyheter\"],\"inLanguage\":\"sv-SE\"},{\"@type\":\"WebPage\",\"@id\":\"https:\\\/\\\/wp.kristdemokraterna.se\\\/dalarna\\\/dalarnas-kristdemokrater-pa-besok-i-riksdagen\\\/\",\"url\":\"https:\\\/\\\/wp.kristdemokraterna.se\\\/dalarna\\\/dalarnas-kristdemokrater-pa-besok-i-riksdagen\\\/\",\"name\":\"Dalarnas kristdemokrater p\u00e5 bes\u00f6k i riksdagen - Kristdemokraterna Dalarna\",\"isPartOf\":{\"@id\":\"https:\\\/\\\/wp.kristdemokraterna.se\\\/dalarna\\\/#website\"},\"datePublished\":\"2023-05-13T12:42:43+00:00\",\"dateModified\":\"2023-05-17T12:44:19+00:00\",\"breadcrumb\":{\"@id\":\"https:\\\/\\\/wp.kristdemokraterna.se\\\/dalarna\\\/dalarnas-kristdemokrater-pa-besok-i-riksdagen\\\/#breadcrumb\"},\"inLanguage\":\"sv-SE\",\"potentialAction\":[{\"@type\":\"ReadAction\",\"target\":[\"https:\\\/\\\/wp.kristdemokraterna.se\\\/dalarna\\\/dalarnas-kristdemokrater-pa-besok-i-riksdagen\\\/\"]}]},{\"@type\":\"BreadcrumbList\",\"@id\":\"https:\\\/\\\/wp.kristdemokraterna.se\\\/dalarna\\\/dalarnas-kristdemokrater-pa-besok-i-riksdagen\\\/#breadcrumb\",\"itemListElement\":[{\"@type\":\"ListItem\",\"position\":1,\"name\":\"Hem\",\"item\":\"https:\\\/\\\/wp.kristdemokraterna.se\\\/dalarna\\\/\"},{\"@type\":\"ListItem\",\"position\":2,\"name\":\"Dalarnas kristdemokrater p\u00e5 bes\u00f6k i riksdagen\"}]},{\"@type\":\"WebSite\",\"@id\":\"https:\\\/\\\/wp.kristdemokraterna.se\\\/dalarna\\\/#website\",\"url\":\"https:\\\/\\\/wp.kristdemokraterna.se\\\/dalarna\\\/\",\"name\":\"Kristdemokraterna Dalarna\",\"description\":\"\",\"publisher\":{\"@id\":\"https:\\\/\\\/wp.kristdemokraterna.se\\\/dalarna\\\/#organization\"},\"inLanguage\":\"sv-SE\"},{\"@type\":\"Organization\",\"@id\":\"https:\\\/\\\/wp.kristdemokraterna.se\\\/dalarna\\\/#organization\",\"name\":\"Kristdemokraterna Dalarna\",\"url\":\"https:\\\/\\\/wp.kristdemokraterna.se\\\/dalarna\\\/\",\"logo\":{\"@type\":\"ImageObject\",\"inLanguage\":\"sv-SE\",\"@id\":\"https:\\\/\\\/wp.kristdemokraterna.se\\\/dalarna\\\/#\\\/schema\\\/logo\\\/image\\\/\",\"url\":\"https:\\\/\\\/wp.kristdemokraterna.se\\\/dalarna\\\/files\\\/2022\\\/08\\\/dalarna-sida-bla-300dpi.png\",\"contentUrl\":\"https:\\\/\\\/wp.kristdemokraterna.se\\\/dalarna\\\/files\\\/2022\\\/08\\\/dalarna-sida-bla-300dpi.png\",\"width\":1477,\"height\":681,\"caption\":\"Kristdemokraterna Dalarna\"},\"image\":{\"@id\":\"https:\\\/\\\/wp.kristdemokraterna.se\\\/dalarna\\\/#\\\/schema\\\/logo\\\/image\\\/\"}},{\"@type\":\"Person\",\"@id\":\"https:\\\/\\\/wp.kristdemokraterna.se\\\/dalarna\\\/#\\\/schema\\\/person\\\/7611175eb955130b2fc127e0992fdffc\",\"name\":\"oliver\",\"image\":{\"@type\":\"ImageObject\",\"inLanguage\":\"sv-SE\",\"@id\":\"https:\\\/\\\/secure.gravatar.com\\\/avatar\\\/bf91bfa2870e8b9c37378dca6b35b68f39af1750e31e39ac91e8ffb52bcdde21?s=96&r=g\",\"url\":\"https:\\\/\\\/secure.gravatar.com\\\/avatar\\\/bf91bfa2870e8b9c37378dca6b35b68f39af1750e31e39ac91e8ffb52bcdde21?s=96&r=g\",\"contentUrl\":\"https:\\\/\\\/secure.gravatar.com\\\/avatar\\\/bf91bfa2870e8b9c37378dca6b35b68f39af1750e31e39ac91e8ffb52bcdde21?s=96&r=g\",\"caption\":\"oliver\"},\"url\":\"https:\\\/\\\/wp.kristdemokraterna.se\\\/dalarna\\\/author\\\/oliver\\\/\"}]}<\/script>\n<!-- \/ Yoast SEO plugin. -->","yoast_head_json":{"title":"Dalarnas kristdemokrater p\u00e5 bes\u00f6k i riksdagen - Kristdemokraterna Dalarna","robots":{"index":"index","follow":"follow","max-snippet":"max-snippet:-1","max-image-preview":"max-image-preview:large","max-video-preview":"max-video-preview:-1"},"canonical":"https:\/\/wp.kristdemokraterna.se\/dalarna\/dalarnas-kristdemokrater-pa-besok-i-riksdagen\/","og_locale":"sv_SE","og_type":"article","og_title":"Dalarnas kristdemokrater p\u00e5 bes\u00f6k i riksdagen - Kristdemokraterna Dalarna","og_description":"Ett 40-tal glada dalapolitiker har idag bes\u00f6kt riksdagen och v\u00e5r riksdagsman Mathias Bengtsson. F\u00f6rutom att f\u00e5 en rundvandring i huset och lyssna till Mathias om hans arbete f\u00f6r Dalarna fick vi ocks\u00e5 samtala med civilminister Erik Slottner om KD:s avtryck i regeringen. En mycket givande dag med andra ord! Stort tack till alla som deltog Read More","og_url":"https:\/\/wp.kristdemokraterna.se\/dalarna\/dalarnas-kristdemokrater-pa-besok-i-riksdagen\/","og_site_name":"Kristdemokraterna Dalarna","article_published_time":"2023-05-13T12:42:43+00:00","article_modified_time":"2023-05-17T12:44:19+00:00","author":"oliver","twitter_card":"summary_large_image","twitter_misc":{"Skriven av":"oliver","Ber\u00e4knad l\u00e4stid":"1 minut"},"schema":{"@context":"https:\/\/schema.org","@graph":[{"@type":"Article","@id":"https:\/\/wp.kristdemokraterna.se\/dalarna\/dalarnas-kristdemokrater-pa-besok-i-riksdagen\/#article","isPartOf":{"@id":"https:\/\/wp.kristdemokraterna.se\/dalarna\/dalarnas-kristdemokrater-pa-besok-i-riksdagen\/"},"author":{"name":"oliver","@id":"https:\/\/wp.kristdemokraterna.se\/dalarna\/#\/schema\/person\/7611175eb955130b2fc127e0992fdffc"},"headline":"Dalarnas kristdemokrater p\u00e5 bes\u00f6k i riksdagen","datePublished":"2023-05-13T12:42:43+00:00","dateModified":"2023-05-17T12:44:19+00:00","mainEntityOfPage":{"@id":"https:\/\/wp.kristdemokraterna.se\/dalarna\/dalarnas-kristdemokrater-pa-besok-i-riksdagen\/"},"wordCount":77,"publisher":{"@id":"https:\/\/wp.kristdemokraterna.se\/dalarna\/#organization"},"articleSection":["Nyheter"],"inLanguage":"sv-SE"},{"@type":"WebPage","@id":"https:\/\/wp.kristdemokraterna.se\/dalarna\/dalarnas-kristdemokrater-pa-besok-i-riksdagen\/","url":"https:\/\/wp.kristdemokraterna.se\/dalarna\/dalarnas-kristdemokrater-pa-besok-i-riksdagen\/","name":"Dalarnas kristdemokrater p\u00e5 bes\u00f6k i riksdagen - Kristdemokraterna Dalarna","isPartOf":{"@id":"https:\/\/wp.kristdemokraterna.se\/dalarna\/#website"},"datePublished":"2023-05-13T12:42:43+00:00","dateModified":"2023-05-17T12:44:19+00:00","breadcrumb":{"@id":"https:\/\/wp.kristdemokraterna.se\/dalarna\/dalarnas-kristdemokrater-pa-besok-i-riksdagen\/#breadcrumb"},"inLanguage":"sv-SE","potentialAction":[{"@type":"ReadAction","target":["https:\/\/wp.kristdemokraterna.se\/dalarna\/dalarnas-kristdemokrater-pa-besok-i-riksdagen\/"]}]},{"@type":"BreadcrumbList","@id":"https:\/\/wp.kristdemokraterna.se\/dalarna\/dalarnas-kristdemokrater-pa-besok-i-riksdagen\/#breadcrumb","itemListElement":[{"@type":"ListItem","position":1,"name":"Hem","item":"https:\/\/wp.kristdemokraterna.se\/dalarna\/"},{"@type":"ListItem","position":2,"name":"Dalarnas kristdemokrater p\u00e5 bes\u00f6k i riksdagen"}]},{"@type":"WebSite","@id":"https:\/\/wp.kristdemokraterna.se\/dalarna\/#website","url":"https:\/\/wp.kristdemokraterna.se\/dalarna\/","name":"Kristdemokraterna Dalarna","description":"","publisher":{"@id":"https:\/\/wp.kristdemokraterna.se\/dalarna\/#organization"},"inLanguage":"sv-SE"},{"@type":"Organization","@id":"https:\/\/wp.kristdemokraterna.se\/dalarna\/#organization","name":"Kristdemokraterna Dalarna","url":"https:\/\/wp.kristdemokraterna.se\/dalarna\/","logo":{"@type":"ImageObject","inLanguage":"sv-SE","@id":"https:\/\/wp.kristdemokraterna.se\/dalarna\/#\/schema\/logo\/image\/","url":"https:\/\/wp.kristdemokraterna.se\/dalarna\/files\/2022\/08\/dalarna-sida-bla-300dpi.png","contentUrl":"https:\/\/wp.kristdemokraterna.se\/dalarna\/files\/2022\/08\/dalarna-sida-bla-300dpi.png","width":1477,"height":681,"caption":"Kristdemokraterna Dalarna"},"image":{"@id":"https:\/\/wp.kristdemokraterna.se\/dalarna\/#\/schema\/logo\/image\/"}},{"@type":"Person","@id":"https:\/\/wp.kristdemokraterna.se\/dalarna\/#\/schema\/person\/7611175eb955130b2fc127e0992fdffc","name":"oliver","image":{"@type":"ImageObject","inLanguage":"sv-SE","@id":"https:\/\/secure.gravatar.com\/avatar\/bf91bfa2870e8b9c37378dca6b35b68f39af1750e31e39ac91e8ffb52bcdde21?s=96&r=g","url":"https:\/\/secure.gravatar.com\/avatar\/bf91bfa2870e8b9c37378dca6b35b68f39af1750e31e39ac91e8ffb52bcdde21?s=96&r=g","contentUrl":"https:\/\/secure.gravatar.com\/avatar\/bf91bfa2870e8b9c37378dca6b35b68f39af1750e31e39ac91e8ffb52bcdde21?s=96&r=g","caption":"oliver"},"url":"https:\/\/wp.kristdemokraterna.se\/dalarna\/author\/oliver\/"}]}},"_links":{"self":[{"href":"https:\/\/wp.kristdemokraterna.se\/dalarna\/wp-json\/wp\/v2\/posts\/887","targetHints":{"allow":["GET"]}}],"collection":[{"href":"https:\/\/wp.kristdemokraterna.se\/dalarna\/wp-json\/wp\/v2\/posts"}],"about":[{"href":"https:\/\/wp.kristdemokraterna.se\/dalarna\/wp-json\/wp\/v2\/types\/post"}],"author":[{"embeddable":true,"href":"https:\/\/wp.kristdemokraterna.se\/dalarna\/wp-json\/wp\/v2\/users\/958"}],"replies":[{"embeddable":true,"href":"https:\/\/wp.kristdemokraterna.se\/dalarna\/wp-json\/wp\/v2\/comments?post=887"}],"version-history":[{"count":1,"href":"https:\/\/wp.kristdemokraterna.se\/dalarna\/wp-json\/wp\/v2\/posts\/887\/revisions"}],"predecessor-version":[{"id":889,"href":"https:\/\/wp.kristdemokraterna.se\/dalarna\/wp-json\/wp\/v2\/posts\/887\/revisions\/889"}],"wp:attachment":[{"href":"https:\/\/wp.kristdemokraterna.se\/dalarna\/wp-json\/wp\/v2\/media?parent=887"}],"wp:term":[{"taxonomy":"category","embeddable":true,"href":"https:\/\/wp.kristdemokraterna.se\/dalarna\/wp-json\/wp\/v2\/categories?post=887"},{"taxonomy":"post_tag","embeddable":true,"href":"https:\/\/wp.kristdemokraterna.se\/dalarna\/wp-json\/wp\/v2\/tags?post=887"}],"curies":[{"name":"wp","href":"https:\/\/api.w.org\/{rel}","templated":true}]}}