{"id":890,"date":"2023-05-15T14:44:24","date_gmt":"2023-05-15T12:44:24","guid":{"rendered":"https:\/\/wp.kristdemokraterna.se\/dalarna\/?p=890"},"modified":"2023-05-17T14:47:42","modified_gmt":"2023-05-17T12:47:42","slug":"ny-regionplan-och-budget-for-2024-2026","status":"publish","type":"post","link":"https:\/\/wp.kristdemokraterna.se\/dalarna\/ny-regionplan-och-budget-for-2024-2026\/","title":{"rendered":"Ny regionplan och budget f\u00f6r 2024-2026"},"content":{"rendered":"<p style=\"font-weight: 400\">Idag presenteras den regionplan och budget som vi, Samling f\u00f6r Dalarna, l\u00e4gger fram f\u00f6r 2024-2026. Vi presenterar \u00e4ven en handlingsplan som tagits fram f\u00f6r att n\u00e5 en ekonomi i balans. Genom utveckling, omst\u00e4llning och prioritering vill vi p\u00e5 ett ansvarsfullt s\u00e4tt m\u00f6ta regionens utmaningar.<\/p>\n<p style=\"font-weight: 400\">Kriget i Ukraina p\u00e5verkar oss alla, liksom inflationen och de generella kostnads\u00f6kningarna. Inflationen leder ocks\u00e5 till \u00f6kade pensionskostnader eftersom pensionernas minskade v\u00e4rde m\u00e5ste kompenseras. Framf\u00f6r allt p\u00e5 grund av dessa faktorer st\u00e5r Region Dalarna inf\u00f6r en stor ekonomisk utmaning med ett prognostiserat underskott f\u00f6r 2024 p\u00e5 \u00f6ver en miljard kronor.<\/p>\n<p style=\"font-weight: 400\">Situationen kr\u00e4ver handling. D\u00e4rf\u00f6r har en handlingsplan tagits fram med \u00e5tg\u00e4rder som totalt ber\u00e4knas bespara 500 miljoner kronor per \u00e5r. Exempel p\u00e5 \u00e5tg\u00e4rder inom h\u00e4lso- och sjukv\u00e5rden \u00e4r reducerad anv\u00e4ndning av inhyrd personal, \u00f6kad produktivitet inom psykiatrin och utveckling av digitala arbetss\u00e4tt. Exempel inom kollektivtrafiken \u00e4r anpassning av trafiken efter de behov som finns och att inte k\u00f6ra trafik med mycket l\u00e5gt eller inget resande. Exempel inom \u00f6vriga f\u00f6rvaltningar \u00e4r pausad nybyggnation av Kristinehallen, minskad lokalyta, effektivisering av administrationen och minskade ink\u00f6p av konsulter.<\/p>\n<p style=\"font-weight: 400\">Vi v\u00e4ljer i detta l\u00e4ge att prioritera tre s\u00e4rskilda utvecklingsomr\u00e5den: f\u00f6rebyggande och h\u00e4lsofr\u00e4mjande arbete, s\u00e4kerhet och beredskap samt kompetensf\u00f6rs\u00f6rjning. F\u00f6r det f\u00f6rsta prioriteras v\u00e5rdcentralerna, barn- och ungdomspsykiatrin, familjecentraler samt mobila och digitala l\u00f6sningar. F\u00f6r det andra prioriteras arbetet med h\u00f6jd beredskap inklusive ett nytt beredskapslager och civilf\u00f6rsvarsfr\u00e5gorna. F\u00f6r det tredje prioriteras goda arbetsvillkor, utbildning och utveckling f\u00f6r medarbetare. Detta \u00e4r n\u00f6dv\u00e4ndigt f\u00f6r att st\u00e5 v\u00e4l rustade inf\u00f6r framtiden.<\/p>\n<p style=\"font-weight: 400\">Trots \u00e5tg\u00e4rderna i handlingsplanen budgeterar vi f\u00f6r ett underskott p\u00e5 519 miljoner kronor f\u00f6r 2024. En stor del av de \u00f6kade kostnaderna \u00e4r dock tillf\u00e4lliga, s\u00e5som de \u00f6kade pensionskostnaderna. Det inneb\u00e4r att regionen till 2026 kommer att kunna \u00e5terst\u00e4lla underskottet och n\u00e5 de ekonomiska m\u00e5len. Det kommer att vara tufft, men vi kommer att ta v\u00e5rt ansvar f\u00f6r att varje generation sj\u00e4lva ska b\u00e4ra sina kostnader.<\/p>\n<p style=\"font-weight: 400\">L\u00e4s mer h\u00e4r: <a href=\"https:\/\/www.regiondalarna.se\/press\/nyheter-och-pressmeddelanden\/region-dalarna-sakrar-en-hallbar-framtid\/\">https:\/\/www.regiondalarna.se\/press\/nyheter-och-pressmeddelanden\/region-dalarna-sakrar-en-hallbar-framtid\/<\/a><\/p>\n<p style=\"font-weight: 400\">P\u00e5 bilden: Birgitta Sacr\u00e9deus (KD) och Elin Nor\u00e9n (S)<\/p>\n","protected":false},"excerpt":{"rendered":"<p>Idag presenteras den regionplan och budget som vi, Samling f\u00f6r Dalarna, l\u00e4gger fram f\u00f6r 2024-2026. Vi presenterar \u00e4ven en handlingsplan som tagits fram f\u00f6r att n\u00e5 en ekonomi i balans. Genom utveckling, omst\u00e4llning och prioritering vill vi p\u00e5 ett ansvarsfullt s\u00e4tt m\u00f6ta regionens utmaningar. Kriget i Ukraina p\u00e5verkar oss alla, liksom inflationen och de generella <a class=\"read-more-link\" href=\"https:\/\/wp.kristdemokraterna.se\/dalarna\/ny-regionplan-och-budget-for-2024-2026\/\">Read More<\/a><\/p>\n","protected":false},"author":958,"featured_media":0,"comment_status":"closed","ping_status":"closed","sticky":false,"template":"","format":"standard","meta":{"_acf_changed":false,"footnotes":""},"categories":[12],"tags":[],"class_list":["post-890","post","type-post","status-publish","format-standard","hentry","category-nyheter"],"acf":[],"yoast_head":"<!-- This site is optimized with the Yoast SEO plugin v27.5 - https:\/\/yoast.com\/product\/yoast-seo-wordpress\/ -->\n<title>Ny regionplan och budget f\u00f6r 2024-2026 - Kristdemokraterna Dalarna<\/title>\n<meta name=\"robots\" content=\"index, follow, max-snippet:-1, max-image-preview:large, max-video-preview:-1\" \/>\n<link rel=\"canonical\" href=\"https:\/\/wp.kristdemokraterna.se\/dalarna\/ny-regionplan-och-budget-for-2024-2026\/\" \/>\n<meta property=\"og:locale\" content=\"sv_SE\" \/>\n<meta property=\"og:type\" content=\"article\" \/>\n<meta property=\"og:title\" content=\"Ny regionplan och budget f\u00f6r 2024-2026 - Kristdemokraterna Dalarna\" \/>\n<meta property=\"og:description\" content=\"Idag presenteras den regionplan och budget som vi, Samling f\u00f6r Dalarna, l\u00e4gger fram f\u00f6r 2024-2026. Vi presenterar \u00e4ven en handlingsplan som tagits fram f\u00f6r att n\u00e5 en ekonomi i balans. Genom utveckling, omst\u00e4llning och prioritering vill vi p\u00e5 ett ansvarsfullt s\u00e4tt m\u00f6ta regionens utmaningar. Kriget i Ukraina p\u00e5verkar oss alla, liksom inflationen och de generella Read More\" \/>\n<meta property=\"og:url\" content=\"https:\/\/wp.kristdemokraterna.se\/dalarna\/ny-regionplan-och-budget-for-2024-2026\/\" \/>\n<meta property=\"og:site_name\" content=\"Kristdemokraterna Dalarna\" \/>\n<meta property=\"article:published_time\" content=\"2023-05-15T12:44:24+00:00\" \/>\n<meta property=\"article:modified_time\" content=\"2023-05-17T12:47:42+00:00\" \/>\n<meta name=\"author\" content=\"oliver\" \/>\n<meta name=\"twitter:card\" content=\"summary_large_image\" \/>\n<meta name=\"twitter:label1\" content=\"Skriven av\" \/>\n\t<meta name=\"twitter:data1\" content=\"oliver\" \/>\n\t<meta name=\"twitter:label2\" content=\"Ber\u00e4knad l\u00e4stid\" \/>\n\t<meta name=\"twitter:data2\" content=\"2 minuter\" \/>\n<script type=\"application\/ld+json\" class=\"yoast-schema-graph\">{\"@context\":\"https:\\\/\\\/schema.org\",\"@graph\":[{\"@type\":\"Article\",\"@id\":\"https:\\\/\\\/wp.kristdemokraterna.se\\\/dalarna\\\/ny-regionplan-och-budget-for-2024-2026\\\/#article\",\"isPartOf\":{\"@id\":\"https:\\\/\\\/wp.kristdemokraterna.se\\\/dalarna\\\/ny-regionplan-och-budget-for-2024-2026\\\/\"},\"author\":{\"name\":\"oliver\",\"@id\":\"https:\\\/\\\/wp.kristdemokraterna.se\\\/dalarna\\\/#\\\/schema\\\/person\\\/7611175eb955130b2fc127e0992fdffc\"},\"headline\":\"Ny regionplan och budget f\u00f6r 2024-2026\",\"datePublished\":\"2023-05-15T12:44:24+00:00\",\"dateModified\":\"2023-05-17T12:47:42+00:00\",\"mainEntityOfPage\":{\"@id\":\"https:\\\/\\\/wp.kristdemokraterna.se\\\/dalarna\\\/ny-regionplan-och-budget-for-2024-2026\\\/\"},\"wordCount\":403,\"publisher\":{\"@id\":\"https:\\\/\\\/wp.kristdemokraterna.se\\\/dalarna\\\/#organization\"},\"articleSection\":[\"Nyheter\"],\"inLanguage\":\"sv-SE\"},{\"@type\":\"WebPage\",\"@id\":\"https:\\\/\\\/wp.kristdemokraterna.se\\\/dalarna\\\/ny-regionplan-och-budget-for-2024-2026\\\/\",\"url\":\"https:\\\/\\\/wp.kristdemokraterna.se\\\/dalarna\\\/ny-regionplan-och-budget-for-2024-2026\\\/\",\"name\":\"Ny regionplan och budget f\u00f6r 2024-2026 - Kristdemokraterna Dalarna\",\"isPartOf\":{\"@id\":\"https:\\\/\\\/wp.kristdemokraterna.se\\\/dalarna\\\/#website\"},\"datePublished\":\"2023-05-15T12:44:24+00:00\",\"dateModified\":\"2023-05-17T12:47:42+00:00\",\"breadcrumb\":{\"@id\":\"https:\\\/\\\/wp.kristdemokraterna.se\\\/dalarna\\\/ny-regionplan-och-budget-for-2024-2026\\\/#breadcrumb\"},\"inLanguage\":\"sv-SE\",\"potentialAction\":[{\"@type\":\"ReadAction\",\"target\":[\"https:\\\/\\\/wp.kristdemokraterna.se\\\/dalarna\\\/ny-regionplan-och-budget-for-2024-2026\\\/\"]}]},{\"@type\":\"BreadcrumbList\",\"@id\":\"https:\\\/\\\/wp.kristdemokraterna.se\\\/dalarna\\\/ny-regionplan-och-budget-for-2024-2026\\\/#breadcrumb\",\"itemListElement\":[{\"@type\":\"ListItem\",\"position\":1,\"name\":\"Hem\",\"item\":\"https:\\\/\\\/wp.kristdemokraterna.se\\\/dalarna\\\/\"},{\"@type\":\"ListItem\",\"position\":2,\"name\":\"Ny regionplan och budget f\u00f6r 2024-2026\"}]},{\"@type\":\"WebSite\",\"@id\":\"https:\\\/\\\/wp.kristdemokraterna.se\\\/dalarna\\\/#website\",\"url\":\"https:\\\/\\\/wp.kristdemokraterna.se\\\/dalarna\\\/\",\"name\":\"Kristdemokraterna Dalarna\",\"description\":\"\",\"publisher\":{\"@id\":\"https:\\\/\\\/wp.kristdemokraterna.se\\\/dalarna\\\/#organization\"},\"inLanguage\":\"sv-SE\"},{\"@type\":\"Organization\",\"@id\":\"https:\\\/\\\/wp.kristdemokraterna.se\\\/dalarna\\\/#organization\",\"name\":\"Kristdemokraterna Dalarna\",\"url\":\"https:\\\/\\\/wp.kristdemokraterna.se\\\/dalarna\\\/\",\"logo\":{\"@type\":\"ImageObject\",\"inLanguage\":\"sv-SE\",\"@id\":\"https:\\\/\\\/wp.kristdemokraterna.se\\\/dalarna\\\/#\\\/schema\\\/logo\\\/image\\\/\",\"url\":\"https:\\\/\\\/wp.kristdemokraterna.se\\\/dalarna\\\/files\\\/2022\\\/08\\\/dalarna-sida-bla-300dpi.png\",\"contentUrl\":\"https:\\\/\\\/wp.kristdemokraterna.se\\\/dalarna\\\/files\\\/2022\\\/08\\\/dalarna-sida-bla-300dpi.png\",\"width\":1477,\"height\":681,\"caption\":\"Kristdemokraterna Dalarna\"},\"image\":{\"@id\":\"https:\\\/\\\/wp.kristdemokraterna.se\\\/dalarna\\\/#\\\/schema\\\/logo\\\/image\\\/\"}},{\"@type\":\"Person\",\"@id\":\"https:\\\/\\\/wp.kristdemokraterna.se\\\/dalarna\\\/#\\\/schema\\\/person\\\/7611175eb955130b2fc127e0992fdffc\",\"name\":\"oliver\",\"image\":{\"@type\":\"ImageObject\",\"inLanguage\":\"sv-SE\",\"@id\":\"https:\\\/\\\/secure.gravatar.com\\\/avatar\\\/bf91bfa2870e8b9c37378dca6b35b68f39af1750e31e39ac91e8ffb52bcdde21?s=96&r=g\",\"url\":\"https:\\\/\\\/secure.gravatar.com\\\/avatar\\\/bf91bfa2870e8b9c37378dca6b35b68f39af1750e31e39ac91e8ffb52bcdde21?s=96&r=g\",\"contentUrl\":\"https:\\\/\\\/secure.gravatar.com\\\/avatar\\\/bf91bfa2870e8b9c37378dca6b35b68f39af1750e31e39ac91e8ffb52bcdde21?s=96&r=g\",\"caption\":\"oliver\"},\"url\":\"https:\\\/\\\/wp.kristdemokraterna.se\\\/dalarna\\\/author\\\/oliver\\\/\"}]}<\/script>\n<!-- \/ Yoast SEO plugin. -->","yoast_head_json":{"title":"Ny regionplan och budget f\u00f6r 2024-2026 - Kristdemokraterna Dalarna","robots":{"index":"index","follow":"follow","max-snippet":"max-snippet:-1","max-image-preview":"max-image-preview:large","max-video-preview":"max-video-preview:-1"},"canonical":"https:\/\/wp.kristdemokraterna.se\/dalarna\/ny-regionplan-och-budget-for-2024-2026\/","og_locale":"sv_SE","og_type":"article","og_title":"Ny regionplan och budget f\u00f6r 2024-2026 - Kristdemokraterna Dalarna","og_description":"Idag presenteras den regionplan och budget som vi, Samling f\u00f6r Dalarna, l\u00e4gger fram f\u00f6r 2024-2026. Vi presenterar \u00e4ven en handlingsplan som tagits fram f\u00f6r att n\u00e5 en ekonomi i balans. Genom utveckling, omst\u00e4llning och prioritering vill vi p\u00e5 ett ansvarsfullt s\u00e4tt m\u00f6ta regionens utmaningar. Kriget i Ukraina p\u00e5verkar oss alla, liksom inflationen och de generella Read More","og_url":"https:\/\/wp.kristdemokraterna.se\/dalarna\/ny-regionplan-och-budget-for-2024-2026\/","og_site_name":"Kristdemokraterna Dalarna","article_published_time":"2023-05-15T12:44:24+00:00","article_modified_time":"2023-05-17T12:47:42+00:00","author":"oliver","twitter_card":"summary_large_image","twitter_misc":{"Skriven av":"oliver","Ber\u00e4knad l\u00e4stid":"2 minuter"},"schema":{"@context":"https:\/\/schema.org","@graph":[{"@type":"Article","@id":"https:\/\/wp.kristdemokraterna.se\/dalarna\/ny-regionplan-och-budget-for-2024-2026\/#article","isPartOf":{"@id":"https:\/\/wp.kristdemokraterna.se\/dalarna\/ny-regionplan-och-budget-for-2024-2026\/"},"author":{"name":"oliver","@id":"https:\/\/wp.kristdemokraterna.se\/dalarna\/#\/schema\/person\/7611175eb955130b2fc127e0992fdffc"},"headline":"Ny regionplan och budget f\u00f6r 2024-2026","datePublished":"2023-05-15T12:44:24+00:00","dateModified":"2023-05-17T12:47:42+00:00","mainEntityOfPage":{"@id":"https:\/\/wp.kristdemokraterna.se\/dalarna\/ny-regionplan-och-budget-for-2024-2026\/"},"wordCount":403,"publisher":{"@id":"https:\/\/wp.kristdemokraterna.se\/dalarna\/#organization"},"articleSection":["Nyheter"],"inLanguage":"sv-SE"},{"@type":"WebPage","@id":"https:\/\/wp.kristdemokraterna.se\/dalarna\/ny-regionplan-och-budget-for-2024-2026\/","url":"https:\/\/wp.kristdemokraterna.se\/dalarna\/ny-regionplan-och-budget-for-2024-2026\/","name":"Ny regionplan och budget f\u00f6r 2024-2026 - Kristdemokraterna Dalarna","isPartOf":{"@id":"https:\/\/wp.kristdemokraterna.se\/dalarna\/#website"},"datePublished":"2023-05-15T12:44:24+00:00","dateModified":"2023-05-17T12:47:42+00:00","breadcrumb":{"@id":"https:\/\/wp.kristdemokraterna.se\/dalarna\/ny-regionplan-och-budget-for-2024-2026\/#breadcrumb"},"inLanguage":"sv-SE","potentialAction":[{"@type":"ReadAction","target":["https:\/\/wp.kristdemokraterna.se\/dalarna\/ny-regionplan-och-budget-for-2024-2026\/"]}]},{"@type":"BreadcrumbList","@id":"https:\/\/wp.kristdemokraterna.se\/dalarna\/ny-regionplan-och-budget-for-2024-2026\/#breadcrumb","itemListElement":[{"@type":"ListItem","position":1,"name":"Hem","item":"https:\/\/wp.kristdemokraterna.se\/dalarna\/"},{"@type":"ListItem","position":2,"name":"Ny regionplan och budget f\u00f6r 2024-2026"}]},{"@type":"WebSite","@id":"https:\/\/wp.kristdemokraterna.se\/dalarna\/#website","url":"https:\/\/wp.kristdemokraterna.se\/dalarna\/","name":"Kristdemokraterna Dalarna","description":"","publisher":{"@id":"https:\/\/wp.kristdemokraterna.se\/dalarna\/#organization"},"inLanguage":"sv-SE"},{"@type":"Organization","@id":"https:\/\/wp.kristdemokraterna.se\/dalarna\/#organization","name":"Kristdemokraterna Dalarna","url":"https:\/\/wp.kristdemokraterna.se\/dalarna\/","logo":{"@type":"ImageObject","inLanguage":"sv-SE","@id":"https:\/\/wp.kristdemokraterna.se\/dalarna\/#\/schema\/logo\/image\/","url":"https:\/\/wp.kristdemokraterna.se\/dalarna\/files\/2022\/08\/dalarna-sida-bla-300dpi.png","contentUrl":"https:\/\/wp.kristdemokraterna.se\/dalarna\/files\/2022\/08\/dalarna-sida-bla-300dpi.png","width":1477,"height":681,"caption":"Kristdemokraterna Dalarna"},"image":{"@id":"https:\/\/wp.kristdemokraterna.se\/dalarna\/#\/schema\/logo\/image\/"}},{"@type":"Person","@id":"https:\/\/wp.kristdemokraterna.se\/dalarna\/#\/schema\/person\/7611175eb955130b2fc127e0992fdffc","name":"oliver","image":{"@type":"ImageObject","inLanguage":"sv-SE","@id":"https:\/\/secure.gravatar.com\/avatar\/bf91bfa2870e8b9c37378dca6b35b68f39af1750e31e39ac91e8ffb52bcdde21?s=96&r=g","url":"https:\/\/secure.gravatar.com\/avatar\/bf91bfa2870e8b9c37378dca6b35b68f39af1750e31e39ac91e8ffb52bcdde21?s=96&r=g","contentUrl":"https:\/\/secure.gravatar.com\/avatar\/bf91bfa2870e8b9c37378dca6b35b68f39af1750e31e39ac91e8ffb52bcdde21?s=96&r=g","caption":"oliver"},"url":"https:\/\/wp.kristdemokraterna.se\/dalarna\/author\/oliver\/"}]}},"_links":{"self":[{"href":"https:\/\/wp.kristdemokraterna.se\/dalarna\/wp-json\/wp\/v2\/posts\/890","targetHints":{"allow":["GET"]}}],"collection":[{"href":"https:\/\/wp.kristdemokraterna.se\/dalarna\/wp-json\/wp\/v2\/posts"}],"about":[{"href":"https:\/\/wp.kristdemokraterna.se\/dalarna\/wp-json\/wp\/v2\/types\/post"}],"author":[{"embeddable":true,"href":"https:\/\/wp.kristdemokraterna.se\/dalarna\/wp-json\/wp\/v2\/users\/958"}],"replies":[{"embeddable":true,"href":"https:\/\/wp.kristdemokraterna.se\/dalarna\/wp-json\/wp\/v2\/comments?post=890"}],"version-history":[{"count":1,"href":"https:\/\/wp.kristdemokraterna.se\/dalarna\/wp-json\/wp\/v2\/posts\/890\/revisions"}],"predecessor-version":[{"id":893,"href":"https:\/\/wp.kristdemokraterna.se\/dalarna\/wp-json\/wp\/v2\/posts\/890\/revisions\/893"}],"wp:attachment":[{"href":"https:\/\/wp.kristdemokraterna.se\/dalarna\/wp-json\/wp\/v2\/media?parent=890"}],"wp:term":[{"taxonomy":"category","embeddable":true,"href":"https:\/\/wp.kristdemokraterna.se\/dalarna\/wp-json\/wp\/v2\/categories?post=890"},{"taxonomy":"post_tag","embeddable":true,"href":"https:\/\/wp.kristdemokraterna.se\/dalarna\/wp-json\/wp\/v2\/tags?post=890"}],"curies":[{"name":"wp","href":"https:\/\/api.w.org\/{rel}","templated":true}]}}