{"id":935,"date":"2023-08-07T20:23:13","date_gmt":"2023-08-07T18:23:13","guid":{"rendered":"https:\/\/wp.kristdemokraterna.se\/dalarna\/?p=935"},"modified":"2024-03-03T20:24:49","modified_gmt":"2024-03-03T19:24:49","slug":"forstatliga-sjukvarden-om-subsidiaritetsprincipen-tillater","status":"publish","type":"post","link":"https:\/\/wp.kristdemokraterna.se\/dalarna\/forstatliga-sjukvarden-om-subsidiaritetsprincipen-tillater\/","title":{"rendered":"F\u00f6rstatliga sjukv\u00e5rden &#8211; om subsidiaritetsprincipen till\u00e5ter"},"content":{"rendered":"<p>Kristdemokraterna har l\u00e4nge drivit fr\u00e5gan om att f\u00f6rstatliga v\u00e5rden, och nyligen gav regeringen en kommitt\u00e9 i uppdrag att utreda ett delvis eller helt statligt huvudmannaskap. \u00c5rhundradets v\u00e5rdreform n\u00e4rmar sig, men f\u00f6r att den ska lyckas m\u00e5ste subsidiaritetsprincipen h\u00e5llas h\u00f6gt.<\/p>\n<p>Det finns sk\u00e4l att utreda ett f\u00f6rstatligande. V\u00e5rden har l\u00e4nge brottats med l\u00e5g tillg\u00e4nglighet, l\u00e5nga v\u00e5rdk\u00f6er och regionala skillnader. F\u00f6rmodligen kan en del av problemen f\u00f6rklaras av v\u00e5rt f\u00f6r\u00e5ldrade v\u00e5rdsystem och att 21 olika regioner delar p\u00e5 ansvaret.<\/p>\n<p>Att staten b\u00f6r ta \u00f6ver hela ansvaret f\u00f6r v\u00e5rden \u00e4r dock ytterst tveksamt. Subsidiaritetsprincipen \u00e4r en av Kristdemokraternas grunder och m\u00e5ste \u00e4ven vara grunden f\u00f6r stundande v\u00e5rdreformer. Enligt principen ska en uppgift fullg\u00f6ras p\u00e5 l\u00e4gsta m\u00f6jliga \u00e4ndam\u00e5lsenliga niv\u00e5, och den \u00f6verordnade gemenskapen ska st\u00f6dja den mindre att fullg\u00f6ra sin uppgift. I bed\u00f6mningen om vad som \u00e4r \u00e4ndam\u00e5lsenligt m\u00e5ste h\u00e4nsyn tas \u00e4ven till hur regionerna fr\u00e4mjar regionala intressen och lokal demokrati.<\/p>\n<p>Staten ska garantera en j\u00e4mlik v\u00e5rd i landet, men beslut b\u00f6r fattas p\u00e5 l\u00e4gsta mest effektiva niv\u00e5. Det handlar om att ha r\u00e4tt makt p\u00e5 r\u00e4tt plats. F\u00f6rstatliga v\u00e5rden, men enbart i den utstr\u00e4ckning som subsidiaritetsprincipen till\u00e5ter.<\/p>\n<p>L\u00e4s debattartikeln h\u00e4r: <a href=\"https:\/\/www.falukuriren.se\/2023-08-10\/forstatliga-varden-om-subsidiaritetsprincipen-tillater?fbclid=IwAR3WXOf9awtLYtfY43h8nPMqZyY-jvmrnzIzcGrLX6scUgpkITchLEkztpE\">https:\/\/www.falukuriren.se\/2023-08-10\/forstatliga-varden-om-subsidiaritetsprincipen-tillater?fbclid=IwAR3WXOf9awtLYtfY43h8nPMqZyY-jvmrnzIzcGrLX6scUgpkITchLEkztpE<\/a><\/p>\n","protected":false},"excerpt":{"rendered":"<p>Kristdemokraterna har l\u00e4nge drivit fr\u00e5gan om att f\u00f6rstatliga v\u00e5rden, och nyligen gav regeringen en kommitt\u00e9 i uppdrag att utreda ett delvis eller helt statligt huvudmannaskap. \u00c5rhundradets v\u00e5rdreform n\u00e4rmar sig, men f\u00f6r att den ska lyckas m\u00e5ste subsidiaritetsprincipen h\u00e5llas h\u00f6gt. Det finns sk\u00e4l att utreda ett f\u00f6rstatligande. V\u00e5rden har l\u00e4nge brottats med l\u00e5g tillg\u00e4nglighet, l\u00e5nga v\u00e5rdk\u00f6er <a class=\"read-more-link\" href=\"https:\/\/wp.kristdemokraterna.se\/dalarna\/forstatliga-sjukvarden-om-subsidiaritetsprincipen-tillater\/\">Read More<\/a><\/p>\n","protected":false},"author":958,"featured_media":0,"comment_status":"closed","ping_status":"closed","sticky":false,"template":"","format":"standard","meta":{"_acf_changed":false,"footnotes":""},"categories":[12],"tags":[],"class_list":["post-935","post","type-post","status-publish","format-standard","hentry","category-nyheter"],"acf":[],"yoast_head":"<!-- This site is optimized with the Yoast SEO plugin v27.5 - https:\/\/yoast.com\/product\/yoast-seo-wordpress\/ -->\n<title>F\u00f6rstatliga sjukv\u00e5rden - om subsidiaritetsprincipen till\u00e5ter - Kristdemokraterna Dalarna<\/title>\n<meta name=\"robots\" content=\"index, follow, max-snippet:-1, max-image-preview:large, max-video-preview:-1\" \/>\n<link rel=\"canonical\" href=\"https:\/\/wp.kristdemokraterna.se\/dalarna\/forstatliga-sjukvarden-om-subsidiaritetsprincipen-tillater\/\" \/>\n<meta property=\"og:locale\" content=\"sv_SE\" \/>\n<meta property=\"og:type\" content=\"article\" \/>\n<meta property=\"og:title\" content=\"F\u00f6rstatliga sjukv\u00e5rden - om subsidiaritetsprincipen till\u00e5ter - Kristdemokraterna Dalarna\" \/>\n<meta property=\"og:description\" content=\"Kristdemokraterna har l\u00e4nge drivit fr\u00e5gan om att f\u00f6rstatliga v\u00e5rden, och nyligen gav regeringen en kommitt\u00e9 i uppdrag att utreda ett delvis eller helt statligt huvudmannaskap. \u00c5rhundradets v\u00e5rdreform n\u00e4rmar sig, men f\u00f6r att den ska lyckas m\u00e5ste subsidiaritetsprincipen h\u00e5llas h\u00f6gt. Det finns sk\u00e4l att utreda ett f\u00f6rstatligande. V\u00e5rden har l\u00e4nge brottats med l\u00e5g tillg\u00e4nglighet, l\u00e5nga v\u00e5rdk\u00f6er Read More\" \/>\n<meta property=\"og:url\" content=\"https:\/\/wp.kristdemokraterna.se\/dalarna\/forstatliga-sjukvarden-om-subsidiaritetsprincipen-tillater\/\" \/>\n<meta property=\"og:site_name\" content=\"Kristdemokraterna Dalarna\" \/>\n<meta property=\"article:published_time\" content=\"2023-08-07T18:23:13+00:00\" \/>\n<meta property=\"article:modified_time\" content=\"2024-03-03T19:24:49+00:00\" \/>\n<meta name=\"author\" content=\"oliver\" \/>\n<meta name=\"twitter:card\" content=\"summary_large_image\" \/>\n<meta name=\"twitter:label1\" content=\"Skriven av\" \/>\n\t<meta name=\"twitter:data1\" content=\"oliver\" \/>\n\t<meta name=\"twitter:label2\" content=\"Ber\u00e4knad l\u00e4stid\" \/>\n\t<meta name=\"twitter:data2\" content=\"1 minut\" \/>\n<script type=\"application\/ld+json\" class=\"yoast-schema-graph\">{\"@context\":\"https:\\\/\\\/schema.org\",\"@graph\":[{\"@type\":\"Article\",\"@id\":\"https:\\\/\\\/wp.kristdemokraterna.se\\\/dalarna\\\/forstatliga-sjukvarden-om-subsidiaritetsprincipen-tillater\\\/#article\",\"isPartOf\":{\"@id\":\"https:\\\/\\\/wp.kristdemokraterna.se\\\/dalarna\\\/forstatliga-sjukvarden-om-subsidiaritetsprincipen-tillater\\\/\"},\"author\":{\"name\":\"oliver\",\"@id\":\"https:\\\/\\\/wp.kristdemokraterna.se\\\/dalarna\\\/#\\\/schema\\\/person\\\/7611175eb955130b2fc127e0992fdffc\"},\"headline\":\"F\u00f6rstatliga sjukv\u00e5rden &#8211; om subsidiaritetsprincipen till\u00e5ter\",\"datePublished\":\"2023-08-07T18:23:13+00:00\",\"dateModified\":\"2024-03-03T19:24:49+00:00\",\"mainEntityOfPage\":{\"@id\":\"https:\\\/\\\/wp.kristdemokraterna.se\\\/dalarna\\\/forstatliga-sjukvarden-om-subsidiaritetsprincipen-tillater\\\/\"},\"wordCount\":263,\"publisher\":{\"@id\":\"https:\\\/\\\/wp.kristdemokraterna.se\\\/dalarna\\\/#organization\"},\"articleSection\":[\"Nyheter\"],\"inLanguage\":\"sv-SE\"},{\"@type\":\"WebPage\",\"@id\":\"https:\\\/\\\/wp.kristdemokraterna.se\\\/dalarna\\\/forstatliga-sjukvarden-om-subsidiaritetsprincipen-tillater\\\/\",\"url\":\"https:\\\/\\\/wp.kristdemokraterna.se\\\/dalarna\\\/forstatliga-sjukvarden-om-subsidiaritetsprincipen-tillater\\\/\",\"name\":\"F\u00f6rstatliga sjukv\u00e5rden - om subsidiaritetsprincipen till\u00e5ter - Kristdemokraterna Dalarna\",\"isPartOf\":{\"@id\":\"https:\\\/\\\/wp.kristdemokraterna.se\\\/dalarna\\\/#website\"},\"datePublished\":\"2023-08-07T18:23:13+00:00\",\"dateModified\":\"2024-03-03T19:24:49+00:00\",\"breadcrumb\":{\"@id\":\"https:\\\/\\\/wp.kristdemokraterna.se\\\/dalarna\\\/forstatliga-sjukvarden-om-subsidiaritetsprincipen-tillater\\\/#breadcrumb\"},\"inLanguage\":\"sv-SE\",\"potentialAction\":[{\"@type\":\"ReadAction\",\"target\":[\"https:\\\/\\\/wp.kristdemokraterna.se\\\/dalarna\\\/forstatliga-sjukvarden-om-subsidiaritetsprincipen-tillater\\\/\"]}]},{\"@type\":\"BreadcrumbList\",\"@id\":\"https:\\\/\\\/wp.kristdemokraterna.se\\\/dalarna\\\/forstatliga-sjukvarden-om-subsidiaritetsprincipen-tillater\\\/#breadcrumb\",\"itemListElement\":[{\"@type\":\"ListItem\",\"position\":1,\"name\":\"Hem\",\"item\":\"https:\\\/\\\/wp.kristdemokraterna.se\\\/dalarna\\\/\"},{\"@type\":\"ListItem\",\"position\":2,\"name\":\"F\u00f6rstatliga sjukv\u00e5rden &#8211; om subsidiaritetsprincipen till\u00e5ter\"}]},{\"@type\":\"WebSite\",\"@id\":\"https:\\\/\\\/wp.kristdemokraterna.se\\\/dalarna\\\/#website\",\"url\":\"https:\\\/\\\/wp.kristdemokraterna.se\\\/dalarna\\\/\",\"name\":\"Kristdemokraterna Dalarna\",\"description\":\"\",\"publisher\":{\"@id\":\"https:\\\/\\\/wp.kristdemokraterna.se\\\/dalarna\\\/#organization\"},\"inLanguage\":\"sv-SE\"},{\"@type\":\"Organization\",\"@id\":\"https:\\\/\\\/wp.kristdemokraterna.se\\\/dalarna\\\/#organization\",\"name\":\"Kristdemokraterna Dalarna\",\"url\":\"https:\\\/\\\/wp.kristdemokraterna.se\\\/dalarna\\\/\",\"logo\":{\"@type\":\"ImageObject\",\"inLanguage\":\"sv-SE\",\"@id\":\"https:\\\/\\\/wp.kristdemokraterna.se\\\/dalarna\\\/#\\\/schema\\\/logo\\\/image\\\/\",\"url\":\"https:\\\/\\\/wp.kristdemokraterna.se\\\/dalarna\\\/files\\\/2022\\\/08\\\/dalarna-sida-bla-300dpi.png\",\"contentUrl\":\"https:\\\/\\\/wp.kristdemokraterna.se\\\/dalarna\\\/files\\\/2022\\\/08\\\/dalarna-sida-bla-300dpi.png\",\"width\":1477,\"height\":681,\"caption\":\"Kristdemokraterna Dalarna\"},\"image\":{\"@id\":\"https:\\\/\\\/wp.kristdemokraterna.se\\\/dalarna\\\/#\\\/schema\\\/logo\\\/image\\\/\"}},{\"@type\":\"Person\",\"@id\":\"https:\\\/\\\/wp.kristdemokraterna.se\\\/dalarna\\\/#\\\/schema\\\/person\\\/7611175eb955130b2fc127e0992fdffc\",\"name\":\"oliver\",\"image\":{\"@type\":\"ImageObject\",\"inLanguage\":\"sv-SE\",\"@id\":\"https:\\\/\\\/secure.gravatar.com\\\/avatar\\\/bf91bfa2870e8b9c37378dca6b35b68f39af1750e31e39ac91e8ffb52bcdde21?s=96&r=g\",\"url\":\"https:\\\/\\\/secure.gravatar.com\\\/avatar\\\/bf91bfa2870e8b9c37378dca6b35b68f39af1750e31e39ac91e8ffb52bcdde21?s=96&r=g\",\"contentUrl\":\"https:\\\/\\\/secure.gravatar.com\\\/avatar\\\/bf91bfa2870e8b9c37378dca6b35b68f39af1750e31e39ac91e8ffb52bcdde21?s=96&r=g\",\"caption\":\"oliver\"},\"url\":\"https:\\\/\\\/wp.kristdemokraterna.se\\\/dalarna\\\/author\\\/oliver\\\/\"}]}<\/script>\n<!-- \/ Yoast SEO plugin. -->","yoast_head_json":{"title":"F\u00f6rstatliga sjukv\u00e5rden - om subsidiaritetsprincipen till\u00e5ter - Kristdemokraterna Dalarna","robots":{"index":"index","follow":"follow","max-snippet":"max-snippet:-1","max-image-preview":"max-image-preview:large","max-video-preview":"max-video-preview:-1"},"canonical":"https:\/\/wp.kristdemokraterna.se\/dalarna\/forstatliga-sjukvarden-om-subsidiaritetsprincipen-tillater\/","og_locale":"sv_SE","og_type":"article","og_title":"F\u00f6rstatliga sjukv\u00e5rden - om subsidiaritetsprincipen till\u00e5ter - Kristdemokraterna Dalarna","og_description":"Kristdemokraterna har l\u00e4nge drivit fr\u00e5gan om att f\u00f6rstatliga v\u00e5rden, och nyligen gav regeringen en kommitt\u00e9 i uppdrag att utreda ett delvis eller helt statligt huvudmannaskap. \u00c5rhundradets v\u00e5rdreform n\u00e4rmar sig, men f\u00f6r att den ska lyckas m\u00e5ste subsidiaritetsprincipen h\u00e5llas h\u00f6gt. Det finns sk\u00e4l att utreda ett f\u00f6rstatligande. V\u00e5rden har l\u00e4nge brottats med l\u00e5g tillg\u00e4nglighet, l\u00e5nga v\u00e5rdk\u00f6er Read More","og_url":"https:\/\/wp.kristdemokraterna.se\/dalarna\/forstatliga-sjukvarden-om-subsidiaritetsprincipen-tillater\/","og_site_name":"Kristdemokraterna Dalarna","article_published_time":"2023-08-07T18:23:13+00:00","article_modified_time":"2024-03-03T19:24:49+00:00","author":"oliver","twitter_card":"summary_large_image","twitter_misc":{"Skriven av":"oliver","Ber\u00e4knad l\u00e4stid":"1 minut"},"schema":{"@context":"https:\/\/schema.org","@graph":[{"@type":"Article","@id":"https:\/\/wp.kristdemokraterna.se\/dalarna\/forstatliga-sjukvarden-om-subsidiaritetsprincipen-tillater\/#article","isPartOf":{"@id":"https:\/\/wp.kristdemokraterna.se\/dalarna\/forstatliga-sjukvarden-om-subsidiaritetsprincipen-tillater\/"},"author":{"name":"oliver","@id":"https:\/\/wp.kristdemokraterna.se\/dalarna\/#\/schema\/person\/7611175eb955130b2fc127e0992fdffc"},"headline":"F\u00f6rstatliga sjukv\u00e5rden &#8211; om subsidiaritetsprincipen till\u00e5ter","datePublished":"2023-08-07T18:23:13+00:00","dateModified":"2024-03-03T19:24:49+00:00","mainEntityOfPage":{"@id":"https:\/\/wp.kristdemokraterna.se\/dalarna\/forstatliga-sjukvarden-om-subsidiaritetsprincipen-tillater\/"},"wordCount":263,"publisher":{"@id":"https:\/\/wp.kristdemokraterna.se\/dalarna\/#organization"},"articleSection":["Nyheter"],"inLanguage":"sv-SE"},{"@type":"WebPage","@id":"https:\/\/wp.kristdemokraterna.se\/dalarna\/forstatliga-sjukvarden-om-subsidiaritetsprincipen-tillater\/","url":"https:\/\/wp.kristdemokraterna.se\/dalarna\/forstatliga-sjukvarden-om-subsidiaritetsprincipen-tillater\/","name":"F\u00f6rstatliga sjukv\u00e5rden - om subsidiaritetsprincipen till\u00e5ter - Kristdemokraterna Dalarna","isPartOf":{"@id":"https:\/\/wp.kristdemokraterna.se\/dalarna\/#website"},"datePublished":"2023-08-07T18:23:13+00:00","dateModified":"2024-03-03T19:24:49+00:00","breadcrumb":{"@id":"https:\/\/wp.kristdemokraterna.se\/dalarna\/forstatliga-sjukvarden-om-subsidiaritetsprincipen-tillater\/#breadcrumb"},"inLanguage":"sv-SE","potentialAction":[{"@type":"ReadAction","target":["https:\/\/wp.kristdemokraterna.se\/dalarna\/forstatliga-sjukvarden-om-subsidiaritetsprincipen-tillater\/"]}]},{"@type":"BreadcrumbList","@id":"https:\/\/wp.kristdemokraterna.se\/dalarna\/forstatliga-sjukvarden-om-subsidiaritetsprincipen-tillater\/#breadcrumb","itemListElement":[{"@type":"ListItem","position":1,"name":"Hem","item":"https:\/\/wp.kristdemokraterna.se\/dalarna\/"},{"@type":"ListItem","position":2,"name":"F\u00f6rstatliga sjukv\u00e5rden &#8211; om subsidiaritetsprincipen till\u00e5ter"}]},{"@type":"WebSite","@id":"https:\/\/wp.kristdemokraterna.se\/dalarna\/#website","url":"https:\/\/wp.kristdemokraterna.se\/dalarna\/","name":"Kristdemokraterna Dalarna","description":"","publisher":{"@id":"https:\/\/wp.kristdemokraterna.se\/dalarna\/#organization"},"inLanguage":"sv-SE"},{"@type":"Organization","@id":"https:\/\/wp.kristdemokraterna.se\/dalarna\/#organization","name":"Kristdemokraterna Dalarna","url":"https:\/\/wp.kristdemokraterna.se\/dalarna\/","logo":{"@type":"ImageObject","inLanguage":"sv-SE","@id":"https:\/\/wp.kristdemokraterna.se\/dalarna\/#\/schema\/logo\/image\/","url":"https:\/\/wp.kristdemokraterna.se\/dalarna\/files\/2022\/08\/dalarna-sida-bla-300dpi.png","contentUrl":"https:\/\/wp.kristdemokraterna.se\/dalarna\/files\/2022\/08\/dalarna-sida-bla-300dpi.png","width":1477,"height":681,"caption":"Kristdemokraterna Dalarna"},"image":{"@id":"https:\/\/wp.kristdemokraterna.se\/dalarna\/#\/schema\/logo\/image\/"}},{"@type":"Person","@id":"https:\/\/wp.kristdemokraterna.se\/dalarna\/#\/schema\/person\/7611175eb955130b2fc127e0992fdffc","name":"oliver","image":{"@type":"ImageObject","inLanguage":"sv-SE","@id":"https:\/\/secure.gravatar.com\/avatar\/bf91bfa2870e8b9c37378dca6b35b68f39af1750e31e39ac91e8ffb52bcdde21?s=96&r=g","url":"https:\/\/secure.gravatar.com\/avatar\/bf91bfa2870e8b9c37378dca6b35b68f39af1750e31e39ac91e8ffb52bcdde21?s=96&r=g","contentUrl":"https:\/\/secure.gravatar.com\/avatar\/bf91bfa2870e8b9c37378dca6b35b68f39af1750e31e39ac91e8ffb52bcdde21?s=96&r=g","caption":"oliver"},"url":"https:\/\/wp.kristdemokraterna.se\/dalarna\/author\/oliver\/"}]}},"_links":{"self":[{"href":"https:\/\/wp.kristdemokraterna.se\/dalarna\/wp-json\/wp\/v2\/posts\/935","targetHints":{"allow":["GET"]}}],"collection":[{"href":"https:\/\/wp.kristdemokraterna.se\/dalarna\/wp-json\/wp\/v2\/posts"}],"about":[{"href":"https:\/\/wp.kristdemokraterna.se\/dalarna\/wp-json\/wp\/v2\/types\/post"}],"author":[{"embeddable":true,"href":"https:\/\/wp.kristdemokraterna.se\/dalarna\/wp-json\/wp\/v2\/users\/958"}],"replies":[{"embeddable":true,"href":"https:\/\/wp.kristdemokraterna.se\/dalarna\/wp-json\/wp\/v2\/comments?post=935"}],"version-history":[{"count":1,"href":"https:\/\/wp.kristdemokraterna.se\/dalarna\/wp-json\/wp\/v2\/posts\/935\/revisions"}],"predecessor-version":[{"id":936,"href":"https:\/\/wp.kristdemokraterna.se\/dalarna\/wp-json\/wp\/v2\/posts\/935\/revisions\/936"}],"wp:attachment":[{"href":"https:\/\/wp.kristdemokraterna.se\/dalarna\/wp-json\/wp\/v2\/media?parent=935"}],"wp:term":[{"taxonomy":"category","embeddable":true,"href":"https:\/\/wp.kristdemokraterna.se\/dalarna\/wp-json\/wp\/v2\/categories?post=935"},{"taxonomy":"post_tag","embeddable":true,"href":"https:\/\/wp.kristdemokraterna.se\/dalarna\/wp-json\/wp\/v2\/tags?post=935"}],"curies":[{"name":"wp","href":"https:\/\/api.w.org\/{rel}","templated":true}]}}