{"id":937,"date":"2023-08-18T20:25:01","date_gmt":"2023-08-18T18:25:01","guid":{"rendered":"https:\/\/wp.kristdemokraterna.se\/dalarna\/?p=937"},"modified":"2024-03-03T20:25:59","modified_gmt":"2024-03-03T19:25:59","slug":"2-7-miljoner-till-forlossningsvarden","status":"publish","type":"post","link":"https:\/\/wp.kristdemokraterna.se\/dalarna\/2-7-miljoner-till-forlossningsvarden\/","title":{"rendered":"+2,7 miljoner till f\u00f6rlossningsv\u00e5rden"},"content":{"rendered":"<p>F\u00f6rlossningsv\u00e5rden i Dalarna f\u00e5r 2,7 miljoner kronor extra tack vare ny regeringssatsning.<\/p>\n<p>Regeringen, med sjukv\u00e5rdsminister Acko Ankarberg Johansson (KD) i spetsen, avs\u00e4tter ytterligare 100 miljoner kronor till f\u00f6rlossningsv\u00e5rden. Av dessa medel g\u00e5r cirka 2,7 miljoner kronor till Region Dalarna. Det \u00e4r v\u00e4lbeh\u00f6vda pengar med tanke p\u00e5 sommarens extra personalkostnader.<\/p>\n<p>Under \u00e5ret har regeringen tagit initiativ till en f\u00f6rst\u00e4rkt och f\u00f6rl\u00e4ngd satsning p\u00e5 f\u00f6rlossningsv\u00e5rden och kvinnors h\u00e4lsa som omfattar 1,7 miljarder kronor. Nu anser man att ytterligare resurser kr\u00e4vs. Detta eftersom det finns fortsatta utmaningar n\u00e4r det g\u00e4ller tillg\u00e4ngligheten, arbetsmilj\u00f6n och inte minst kompetensf\u00f6rs\u00f6rjningen av barnmorskor.<\/p>\n<p>F\u00f6r Kristdemokraterna \u00e4r f\u00f6rlossningsv\u00e5rden h\u00f6gt prioriterad. Det visar vi g\u00e5ng p\u00e5 g\u00e5ng, b\u00e5de i regeringsst\u00e4llning och h\u00e4r i Region Dalarna. Alla kvinnor och deras familjer ska k\u00e4nna sig trygga f\u00f6re, under och efter en graviditet.<\/p>\n<p>L\u00e4s debattartikeln h\u00e4r: <a href=\"https:\/\/www.moratidning.se\/2023-08-17\/kd-fortsatter-att-satsa-pa-forlossningsvarden?fbclid=IwAR1GjMhBKRL9K21g7U_c_BWw8Xq8o0jf7qvEEUJDKeZm4lCJYoP4RVq8uGM\">https:\/\/www.moratidning.se\/2023-08-17\/kd-fortsatter-att-satsa-pa-forlossningsvarden?fbclid=IwAR1GjMhBKRL9K21g7U_c_BWw8Xq8o0jf7qvEEUJDKeZm4lCJYoP4RVq8uGM<\/a><\/p>\n","protected":false},"excerpt":{"rendered":"<p>F\u00f6rlossningsv\u00e5rden i Dalarna f\u00e5r 2,7 miljoner kronor extra tack vare ny regeringssatsning. Regeringen, med sjukv\u00e5rdsminister Acko Ankarberg Johansson (KD) i spetsen, avs\u00e4tter ytterligare 100 miljoner kronor till f\u00f6rlossningsv\u00e5rden. Av dessa medel g\u00e5r cirka 2,7 miljoner kronor till Region Dalarna. Det \u00e4r v\u00e4lbeh\u00f6vda pengar med tanke p\u00e5 sommarens extra personalkostnader. Under \u00e5ret har regeringen tagit initiativ <a class=\"read-more-link\" href=\"https:\/\/wp.kristdemokraterna.se\/dalarna\/2-7-miljoner-till-forlossningsvarden\/\">Read More<\/a><\/p>\n","protected":false},"author":958,"featured_media":0,"comment_status":"closed","ping_status":"closed","sticky":false,"template":"","format":"standard","meta":{"_acf_changed":false,"footnotes":""},"categories":[12],"tags":[],"class_list":["post-937","post","type-post","status-publish","format-standard","hentry","category-nyheter"],"acf":[],"yoast_head":"<!-- This site is optimized with the Yoast SEO plugin v27.5 - https:\/\/yoast.com\/product\/yoast-seo-wordpress\/ -->\n<title>+2,7 miljoner till f\u00f6rlossningsv\u00e5rden - Kristdemokraterna Dalarna<\/title>\n<meta name=\"robots\" content=\"index, follow, max-snippet:-1, max-image-preview:large, max-video-preview:-1\" \/>\n<link rel=\"canonical\" href=\"https:\/\/wp.kristdemokraterna.se\/dalarna\/2-7-miljoner-till-forlossningsvarden\/\" \/>\n<meta property=\"og:locale\" content=\"sv_SE\" \/>\n<meta property=\"og:type\" content=\"article\" \/>\n<meta property=\"og:title\" content=\"+2,7 miljoner till f\u00f6rlossningsv\u00e5rden - Kristdemokraterna Dalarna\" \/>\n<meta property=\"og:description\" content=\"F\u00f6rlossningsv\u00e5rden i Dalarna f\u00e5r 2,7 miljoner kronor extra tack vare ny regeringssatsning. Regeringen, med sjukv\u00e5rdsminister Acko Ankarberg Johansson (KD) i spetsen, avs\u00e4tter ytterligare 100 miljoner kronor till f\u00f6rlossningsv\u00e5rden. Av dessa medel g\u00e5r cirka 2,7 miljoner kronor till Region Dalarna. Det \u00e4r v\u00e4lbeh\u00f6vda pengar med tanke p\u00e5 sommarens extra personalkostnader. Under \u00e5ret har regeringen tagit initiativ Read More\" \/>\n<meta property=\"og:url\" content=\"https:\/\/wp.kristdemokraterna.se\/dalarna\/2-7-miljoner-till-forlossningsvarden\/\" \/>\n<meta property=\"og:site_name\" content=\"Kristdemokraterna Dalarna\" \/>\n<meta property=\"article:published_time\" content=\"2023-08-18T18:25:01+00:00\" \/>\n<meta property=\"article:modified_time\" content=\"2024-03-03T19:25:59+00:00\" \/>\n<meta name=\"author\" content=\"oliver\" \/>\n<meta name=\"twitter:card\" content=\"summary_large_image\" \/>\n<meta name=\"twitter:label1\" content=\"Skriven av\" \/>\n\t<meta name=\"twitter:data1\" content=\"oliver\" \/>\n\t<meta name=\"twitter:label2\" content=\"Ber\u00e4knad l\u00e4stid\" \/>\n\t<meta name=\"twitter:data2\" content=\"1 minut\" \/>\n<script type=\"application\/ld+json\" class=\"yoast-schema-graph\">{\"@context\":\"https:\\\/\\\/schema.org\",\"@graph\":[{\"@type\":\"Article\",\"@id\":\"https:\\\/\\\/wp.kristdemokraterna.se\\\/dalarna\\\/2-7-miljoner-till-forlossningsvarden\\\/#article\",\"isPartOf\":{\"@id\":\"https:\\\/\\\/wp.kristdemokraterna.se\\\/dalarna\\\/2-7-miljoner-till-forlossningsvarden\\\/\"},\"author\":{\"name\":\"oliver\",\"@id\":\"https:\\\/\\\/wp.kristdemokraterna.se\\\/dalarna\\\/#\\\/schema\\\/person\\\/7611175eb955130b2fc127e0992fdffc\"},\"headline\":\"+2,7 miljoner till f\u00f6rlossningsv\u00e5rden\",\"datePublished\":\"2023-08-18T18:25:01+00:00\",\"dateModified\":\"2024-03-03T19:25:59+00:00\",\"mainEntityOfPage\":{\"@id\":\"https:\\\/\\\/wp.kristdemokraterna.se\\\/dalarna\\\/2-7-miljoner-till-forlossningsvarden\\\/\"},\"wordCount\":193,\"publisher\":{\"@id\":\"https:\\\/\\\/wp.kristdemokraterna.se\\\/dalarna\\\/#organization\"},\"articleSection\":[\"Nyheter\"],\"inLanguage\":\"sv-SE\"},{\"@type\":\"WebPage\",\"@id\":\"https:\\\/\\\/wp.kristdemokraterna.se\\\/dalarna\\\/2-7-miljoner-till-forlossningsvarden\\\/\",\"url\":\"https:\\\/\\\/wp.kristdemokraterna.se\\\/dalarna\\\/2-7-miljoner-till-forlossningsvarden\\\/\",\"name\":\"+2,7 miljoner till f\u00f6rlossningsv\u00e5rden - Kristdemokraterna Dalarna\",\"isPartOf\":{\"@id\":\"https:\\\/\\\/wp.kristdemokraterna.se\\\/dalarna\\\/#website\"},\"datePublished\":\"2023-08-18T18:25:01+00:00\",\"dateModified\":\"2024-03-03T19:25:59+00:00\",\"breadcrumb\":{\"@id\":\"https:\\\/\\\/wp.kristdemokraterna.se\\\/dalarna\\\/2-7-miljoner-till-forlossningsvarden\\\/#breadcrumb\"},\"inLanguage\":\"sv-SE\",\"potentialAction\":[{\"@type\":\"ReadAction\",\"target\":[\"https:\\\/\\\/wp.kristdemokraterna.se\\\/dalarna\\\/2-7-miljoner-till-forlossningsvarden\\\/\"]}]},{\"@type\":\"BreadcrumbList\",\"@id\":\"https:\\\/\\\/wp.kristdemokraterna.se\\\/dalarna\\\/2-7-miljoner-till-forlossningsvarden\\\/#breadcrumb\",\"itemListElement\":[{\"@type\":\"ListItem\",\"position\":1,\"name\":\"Hem\",\"item\":\"https:\\\/\\\/wp.kristdemokraterna.se\\\/dalarna\\\/\"},{\"@type\":\"ListItem\",\"position\":2,\"name\":\"+2,7 miljoner till f\u00f6rlossningsv\u00e5rden\"}]},{\"@type\":\"WebSite\",\"@id\":\"https:\\\/\\\/wp.kristdemokraterna.se\\\/dalarna\\\/#website\",\"url\":\"https:\\\/\\\/wp.kristdemokraterna.se\\\/dalarna\\\/\",\"name\":\"Kristdemokraterna Dalarna\",\"description\":\"\",\"publisher\":{\"@id\":\"https:\\\/\\\/wp.kristdemokraterna.se\\\/dalarna\\\/#organization\"},\"inLanguage\":\"sv-SE\"},{\"@type\":\"Organization\",\"@id\":\"https:\\\/\\\/wp.kristdemokraterna.se\\\/dalarna\\\/#organization\",\"name\":\"Kristdemokraterna Dalarna\",\"url\":\"https:\\\/\\\/wp.kristdemokraterna.se\\\/dalarna\\\/\",\"logo\":{\"@type\":\"ImageObject\",\"inLanguage\":\"sv-SE\",\"@id\":\"https:\\\/\\\/wp.kristdemokraterna.se\\\/dalarna\\\/#\\\/schema\\\/logo\\\/image\\\/\",\"url\":\"https:\\\/\\\/wp.kristdemokraterna.se\\\/dalarna\\\/files\\\/2022\\\/08\\\/dalarna-sida-bla-300dpi.png\",\"contentUrl\":\"https:\\\/\\\/wp.kristdemokraterna.se\\\/dalarna\\\/files\\\/2022\\\/08\\\/dalarna-sida-bla-300dpi.png\",\"width\":1477,\"height\":681,\"caption\":\"Kristdemokraterna Dalarna\"},\"image\":{\"@id\":\"https:\\\/\\\/wp.kristdemokraterna.se\\\/dalarna\\\/#\\\/schema\\\/logo\\\/image\\\/\"}},{\"@type\":\"Person\",\"@id\":\"https:\\\/\\\/wp.kristdemokraterna.se\\\/dalarna\\\/#\\\/schema\\\/person\\\/7611175eb955130b2fc127e0992fdffc\",\"name\":\"oliver\",\"image\":{\"@type\":\"ImageObject\",\"inLanguage\":\"sv-SE\",\"@id\":\"https:\\\/\\\/secure.gravatar.com\\\/avatar\\\/bf91bfa2870e8b9c37378dca6b35b68f39af1750e31e39ac91e8ffb52bcdde21?s=96&r=g\",\"url\":\"https:\\\/\\\/secure.gravatar.com\\\/avatar\\\/bf91bfa2870e8b9c37378dca6b35b68f39af1750e31e39ac91e8ffb52bcdde21?s=96&r=g\",\"contentUrl\":\"https:\\\/\\\/secure.gravatar.com\\\/avatar\\\/bf91bfa2870e8b9c37378dca6b35b68f39af1750e31e39ac91e8ffb52bcdde21?s=96&r=g\",\"caption\":\"oliver\"},\"url\":\"https:\\\/\\\/wp.kristdemokraterna.se\\\/dalarna\\\/author\\\/oliver\\\/\"}]}<\/script>\n<!-- \/ Yoast SEO plugin. -->","yoast_head_json":{"title":"+2,7 miljoner till f\u00f6rlossningsv\u00e5rden - Kristdemokraterna Dalarna","robots":{"index":"index","follow":"follow","max-snippet":"max-snippet:-1","max-image-preview":"max-image-preview:large","max-video-preview":"max-video-preview:-1"},"canonical":"https:\/\/wp.kristdemokraterna.se\/dalarna\/2-7-miljoner-till-forlossningsvarden\/","og_locale":"sv_SE","og_type":"article","og_title":"+2,7 miljoner till f\u00f6rlossningsv\u00e5rden - Kristdemokraterna Dalarna","og_description":"F\u00f6rlossningsv\u00e5rden i Dalarna f\u00e5r 2,7 miljoner kronor extra tack vare ny regeringssatsning. Regeringen, med sjukv\u00e5rdsminister Acko Ankarberg Johansson (KD) i spetsen, avs\u00e4tter ytterligare 100 miljoner kronor till f\u00f6rlossningsv\u00e5rden. Av dessa medel g\u00e5r cirka 2,7 miljoner kronor till Region Dalarna. Det \u00e4r v\u00e4lbeh\u00f6vda pengar med tanke p\u00e5 sommarens extra personalkostnader. Under \u00e5ret har regeringen tagit initiativ Read More","og_url":"https:\/\/wp.kristdemokraterna.se\/dalarna\/2-7-miljoner-till-forlossningsvarden\/","og_site_name":"Kristdemokraterna Dalarna","article_published_time":"2023-08-18T18:25:01+00:00","article_modified_time":"2024-03-03T19:25:59+00:00","author":"oliver","twitter_card":"summary_large_image","twitter_misc":{"Skriven av":"oliver","Ber\u00e4knad l\u00e4stid":"1 minut"},"schema":{"@context":"https:\/\/schema.org","@graph":[{"@type":"Article","@id":"https:\/\/wp.kristdemokraterna.se\/dalarna\/2-7-miljoner-till-forlossningsvarden\/#article","isPartOf":{"@id":"https:\/\/wp.kristdemokraterna.se\/dalarna\/2-7-miljoner-till-forlossningsvarden\/"},"author":{"name":"oliver","@id":"https:\/\/wp.kristdemokraterna.se\/dalarna\/#\/schema\/person\/7611175eb955130b2fc127e0992fdffc"},"headline":"+2,7 miljoner till f\u00f6rlossningsv\u00e5rden","datePublished":"2023-08-18T18:25:01+00:00","dateModified":"2024-03-03T19:25:59+00:00","mainEntityOfPage":{"@id":"https:\/\/wp.kristdemokraterna.se\/dalarna\/2-7-miljoner-till-forlossningsvarden\/"},"wordCount":193,"publisher":{"@id":"https:\/\/wp.kristdemokraterna.se\/dalarna\/#organization"},"articleSection":["Nyheter"],"inLanguage":"sv-SE"},{"@type":"WebPage","@id":"https:\/\/wp.kristdemokraterna.se\/dalarna\/2-7-miljoner-till-forlossningsvarden\/","url":"https:\/\/wp.kristdemokraterna.se\/dalarna\/2-7-miljoner-till-forlossningsvarden\/","name":"+2,7 miljoner till f\u00f6rlossningsv\u00e5rden - Kristdemokraterna Dalarna","isPartOf":{"@id":"https:\/\/wp.kristdemokraterna.se\/dalarna\/#website"},"datePublished":"2023-08-18T18:25:01+00:00","dateModified":"2024-03-03T19:25:59+00:00","breadcrumb":{"@id":"https:\/\/wp.kristdemokraterna.se\/dalarna\/2-7-miljoner-till-forlossningsvarden\/#breadcrumb"},"inLanguage":"sv-SE","potentialAction":[{"@type":"ReadAction","target":["https:\/\/wp.kristdemokraterna.se\/dalarna\/2-7-miljoner-till-forlossningsvarden\/"]}]},{"@type":"BreadcrumbList","@id":"https:\/\/wp.kristdemokraterna.se\/dalarna\/2-7-miljoner-till-forlossningsvarden\/#breadcrumb","itemListElement":[{"@type":"ListItem","position":1,"name":"Hem","item":"https:\/\/wp.kristdemokraterna.se\/dalarna\/"},{"@type":"ListItem","position":2,"name":"+2,7 miljoner till f\u00f6rlossningsv\u00e5rden"}]},{"@type":"WebSite","@id":"https:\/\/wp.kristdemokraterna.se\/dalarna\/#website","url":"https:\/\/wp.kristdemokraterna.se\/dalarna\/","name":"Kristdemokraterna Dalarna","description":"","publisher":{"@id":"https:\/\/wp.kristdemokraterna.se\/dalarna\/#organization"},"inLanguage":"sv-SE"},{"@type":"Organization","@id":"https:\/\/wp.kristdemokraterna.se\/dalarna\/#organization","name":"Kristdemokraterna Dalarna","url":"https:\/\/wp.kristdemokraterna.se\/dalarna\/","logo":{"@type":"ImageObject","inLanguage":"sv-SE","@id":"https:\/\/wp.kristdemokraterna.se\/dalarna\/#\/schema\/logo\/image\/","url":"https:\/\/wp.kristdemokraterna.se\/dalarna\/files\/2022\/08\/dalarna-sida-bla-300dpi.png","contentUrl":"https:\/\/wp.kristdemokraterna.se\/dalarna\/files\/2022\/08\/dalarna-sida-bla-300dpi.png","width":1477,"height":681,"caption":"Kristdemokraterna Dalarna"},"image":{"@id":"https:\/\/wp.kristdemokraterna.se\/dalarna\/#\/schema\/logo\/image\/"}},{"@type":"Person","@id":"https:\/\/wp.kristdemokraterna.se\/dalarna\/#\/schema\/person\/7611175eb955130b2fc127e0992fdffc","name":"oliver","image":{"@type":"ImageObject","inLanguage":"sv-SE","@id":"https:\/\/secure.gravatar.com\/avatar\/bf91bfa2870e8b9c37378dca6b35b68f39af1750e31e39ac91e8ffb52bcdde21?s=96&r=g","url":"https:\/\/secure.gravatar.com\/avatar\/bf91bfa2870e8b9c37378dca6b35b68f39af1750e31e39ac91e8ffb52bcdde21?s=96&r=g","contentUrl":"https:\/\/secure.gravatar.com\/avatar\/bf91bfa2870e8b9c37378dca6b35b68f39af1750e31e39ac91e8ffb52bcdde21?s=96&r=g","caption":"oliver"},"url":"https:\/\/wp.kristdemokraterna.se\/dalarna\/author\/oliver\/"}]}},"_links":{"self":[{"href":"https:\/\/wp.kristdemokraterna.se\/dalarna\/wp-json\/wp\/v2\/posts\/937","targetHints":{"allow":["GET"]}}],"collection":[{"href":"https:\/\/wp.kristdemokraterna.se\/dalarna\/wp-json\/wp\/v2\/posts"}],"about":[{"href":"https:\/\/wp.kristdemokraterna.se\/dalarna\/wp-json\/wp\/v2\/types\/post"}],"author":[{"embeddable":true,"href":"https:\/\/wp.kristdemokraterna.se\/dalarna\/wp-json\/wp\/v2\/users\/958"}],"replies":[{"embeddable":true,"href":"https:\/\/wp.kristdemokraterna.se\/dalarna\/wp-json\/wp\/v2\/comments?post=937"}],"version-history":[{"count":1,"href":"https:\/\/wp.kristdemokraterna.se\/dalarna\/wp-json\/wp\/v2\/posts\/937\/revisions"}],"predecessor-version":[{"id":938,"href":"https:\/\/wp.kristdemokraterna.se\/dalarna\/wp-json\/wp\/v2\/posts\/937\/revisions\/938"}],"wp:attachment":[{"href":"https:\/\/wp.kristdemokraterna.se\/dalarna\/wp-json\/wp\/v2\/media?parent=937"}],"wp:term":[{"taxonomy":"category","embeddable":true,"href":"https:\/\/wp.kristdemokraterna.se\/dalarna\/wp-json\/wp\/v2\/categories?post=937"},{"taxonomy":"post_tag","embeddable":true,"href":"https:\/\/wp.kristdemokraterna.se\/dalarna\/wp-json\/wp\/v2\/tags?post=937"}],"curies":[{"name":"wp","href":"https:\/\/api.w.org\/{rel}","templated":true}]}}