{"id":939,"date":"2023-09-06T20:26:29","date_gmt":"2023-09-06T18:26:29","guid":{"rendered":"https:\/\/wp.kristdemokraterna.se\/dalarna\/?p=939"},"modified":"2024-03-03T20:27:59","modified_gmt":"2024-03-03T19:27:59","slug":"familjen-ar-det-basta-verktyget-mot-psykisk-ohalsa","status":"publish","type":"post","link":"https:\/\/wp.kristdemokraterna.se\/dalarna\/familjen-ar-det-basta-verktyget-mot-psykisk-ohalsa\/","title":{"rendered":"Familjen \u00e4r det b\u00e4sta verktyget mot psykisk oh\u00e4lsa"},"content":{"rendered":"<p>Barn och ungdomars uppv\u00e4xt i en familj, d\u00e4r man f\u00e5r l\u00e4ra sig att ge och ta i en k\u00e4rleksfull milj\u00f6, utg\u00f6r den b\u00e4sta plantskolan till ett liv med god psykisk h\u00e4lsa. Om detta skriver regionr\u00e5d Birgitta Sacr\u00e9deus (KD), 2:e vice ordf\u00f6rande i regionfullm\u00e4ktige Torsten Larsson (KD) och ledamot i h\u00e4lso- och sjukv\u00e5rdsn\u00e4mnden Daniel Sandvik (KD).<\/p>\n<p>F\u00f6r\u00e4ldrar kan genom en k\u00e4rleksfull uppfostran, pr\u00e4glad av s\u00e5v\u00e4l v\u00e4rme, inlevelsef\u00f6rm\u00e5ga som t\u00e5lamod och tydlighet i goda rutiner samt normer kring r\u00e4tt och fel, l\u00e4gga en omistlig och ov\u00e4rderlig grund f\u00f6r barns och ungdomars uppv\u00e4xt samt psykiska h\u00e4lsa.<\/p>\n<p>Politikens uppgift m\u00e5ste d\u00e4rf\u00f6r vara att st\u00f6dja familjen. I Region Dalarna fortg\u00e5r arbetet med att tillskapa familjecentraler i l\u00e4nets alla kommuner, och p\u00e5 KD:s riksting i h\u00f6st presenteras ett nytt familjepolitiskt program med barnet i fokus. Allt f\u00f6r att ytterligare st\u00e4rka familjen &#8211; den viktigaste gemenskapen f\u00f6r samh\u00e4llet i stort liksom f\u00f6r den psykiska h\u00e4lsan hos v\u00e5ra barn och ungdomar.<\/p>\n<p>L\u00e4s debattartikeln h\u00e4r: <a href=\"https:\/\/www.falukuriren.se\/2023-09-06\/verktyg-mot-psykisk-ohalsa-karleksfulla-familjer-med-god-fostran?fbclid=IwAR3_xP_HI6pRR1OlCI0RJH4HXM2pLqi3gbYhMzpMgjJEvFq5xIz31ht3mi4\">https:\/\/www.falukuriren.se\/2023-09-06\/verktyg-mot-psykisk-ohalsa-karleksfulla-familjer-med-god-fostran?fbclid=IwAR3_xP_HI6pRR1OlCI0RJH4HXM2pLqi3gbYhMzpMgjJEvFq5xIz31ht3mi4<\/a><\/p>\n","protected":false},"excerpt":{"rendered":"<p>Barn och ungdomars uppv\u00e4xt i en familj, d\u00e4r man f\u00e5r l\u00e4ra sig att ge och ta i en k\u00e4rleksfull milj\u00f6, utg\u00f6r den b\u00e4sta plantskolan till ett liv med god psykisk h\u00e4lsa. Om detta skriver regionr\u00e5d Birgitta Sacr\u00e9deus (KD), 2:e vice ordf\u00f6rande i regionfullm\u00e4ktige Torsten Larsson (KD) och ledamot i h\u00e4lso- och sjukv\u00e5rdsn\u00e4mnden Daniel Sandvik (KD). <a class=\"read-more-link\" href=\"https:\/\/wp.kristdemokraterna.se\/dalarna\/familjen-ar-det-basta-verktyget-mot-psykisk-ohalsa\/\">Read More<\/a><\/p>\n","protected":false},"author":958,"featured_media":0,"comment_status":"closed","ping_status":"closed","sticky":false,"template":"","format":"standard","meta":{"_acf_changed":false,"footnotes":""},"categories":[12],"tags":[],"class_list":["post-939","post","type-post","status-publish","format-standard","hentry","category-nyheter"],"acf":[],"yoast_head":"<!-- This site is optimized with the Yoast SEO plugin v27.5 - https:\/\/yoast.com\/product\/yoast-seo-wordpress\/ -->\n<title>Familjen \u00e4r det b\u00e4sta verktyget mot psykisk oh\u00e4lsa - Kristdemokraterna Dalarna<\/title>\n<meta name=\"robots\" content=\"index, follow, max-snippet:-1, max-image-preview:large, max-video-preview:-1\" \/>\n<link rel=\"canonical\" href=\"https:\/\/wp.kristdemokraterna.se\/dalarna\/familjen-ar-det-basta-verktyget-mot-psykisk-ohalsa\/\" \/>\n<meta property=\"og:locale\" content=\"sv_SE\" \/>\n<meta property=\"og:type\" content=\"article\" \/>\n<meta property=\"og:title\" content=\"Familjen \u00e4r det b\u00e4sta verktyget mot psykisk oh\u00e4lsa - Kristdemokraterna Dalarna\" \/>\n<meta property=\"og:description\" content=\"Barn och ungdomars uppv\u00e4xt i en familj, d\u00e4r man f\u00e5r l\u00e4ra sig att ge och ta i en k\u00e4rleksfull milj\u00f6, utg\u00f6r den b\u00e4sta plantskolan till ett liv med god psykisk h\u00e4lsa. Om detta skriver regionr\u00e5d Birgitta Sacr\u00e9deus (KD), 2:e vice ordf\u00f6rande i regionfullm\u00e4ktige Torsten Larsson (KD) och ledamot i h\u00e4lso- och sjukv\u00e5rdsn\u00e4mnden Daniel Sandvik (KD). Read More\" \/>\n<meta property=\"og:url\" content=\"https:\/\/wp.kristdemokraterna.se\/dalarna\/familjen-ar-det-basta-verktyget-mot-psykisk-ohalsa\/\" \/>\n<meta property=\"og:site_name\" content=\"Kristdemokraterna Dalarna\" \/>\n<meta property=\"article:published_time\" content=\"2023-09-06T18:26:29+00:00\" \/>\n<meta property=\"article:modified_time\" content=\"2024-03-03T19:27:59+00:00\" \/>\n<meta name=\"author\" content=\"oliver\" \/>\n<meta name=\"twitter:card\" content=\"summary_large_image\" \/>\n<meta name=\"twitter:label1\" content=\"Skriven av\" \/>\n\t<meta name=\"twitter:data1\" content=\"oliver\" \/>\n\t<meta name=\"twitter:label2\" content=\"Ber\u00e4knad l\u00e4stid\" \/>\n\t<meta name=\"twitter:data2\" content=\"1 minut\" \/>\n<script type=\"application\/ld+json\" class=\"yoast-schema-graph\">{\"@context\":\"https:\\\/\\\/schema.org\",\"@graph\":[{\"@type\":\"Article\",\"@id\":\"https:\\\/\\\/wp.kristdemokraterna.se\\\/dalarna\\\/familjen-ar-det-basta-verktyget-mot-psykisk-ohalsa\\\/#article\",\"isPartOf\":{\"@id\":\"https:\\\/\\\/wp.kristdemokraterna.se\\\/dalarna\\\/familjen-ar-det-basta-verktyget-mot-psykisk-ohalsa\\\/\"},\"author\":{\"name\":\"oliver\",\"@id\":\"https:\\\/\\\/wp.kristdemokraterna.se\\\/dalarna\\\/#\\\/schema\\\/person\\\/7611175eb955130b2fc127e0992fdffc\"},\"headline\":\"Familjen \u00e4r det b\u00e4sta verktyget mot psykisk oh\u00e4lsa\",\"datePublished\":\"2023-09-06T18:26:29+00:00\",\"dateModified\":\"2024-03-03T19:27:59+00:00\",\"mainEntityOfPage\":{\"@id\":\"https:\\\/\\\/wp.kristdemokraterna.se\\\/dalarna\\\/familjen-ar-det-basta-verktyget-mot-psykisk-ohalsa\\\/\"},\"wordCount\":234,\"publisher\":{\"@id\":\"https:\\\/\\\/wp.kristdemokraterna.se\\\/dalarna\\\/#organization\"},\"articleSection\":[\"Nyheter\"],\"inLanguage\":\"sv-SE\"},{\"@type\":\"WebPage\",\"@id\":\"https:\\\/\\\/wp.kristdemokraterna.se\\\/dalarna\\\/familjen-ar-det-basta-verktyget-mot-psykisk-ohalsa\\\/\",\"url\":\"https:\\\/\\\/wp.kristdemokraterna.se\\\/dalarna\\\/familjen-ar-det-basta-verktyget-mot-psykisk-ohalsa\\\/\",\"name\":\"Familjen \u00e4r det b\u00e4sta verktyget mot psykisk oh\u00e4lsa - Kristdemokraterna Dalarna\",\"isPartOf\":{\"@id\":\"https:\\\/\\\/wp.kristdemokraterna.se\\\/dalarna\\\/#website\"},\"datePublished\":\"2023-09-06T18:26:29+00:00\",\"dateModified\":\"2024-03-03T19:27:59+00:00\",\"breadcrumb\":{\"@id\":\"https:\\\/\\\/wp.kristdemokraterna.se\\\/dalarna\\\/familjen-ar-det-basta-verktyget-mot-psykisk-ohalsa\\\/#breadcrumb\"},\"inLanguage\":\"sv-SE\",\"potentialAction\":[{\"@type\":\"ReadAction\",\"target\":[\"https:\\\/\\\/wp.kristdemokraterna.se\\\/dalarna\\\/familjen-ar-det-basta-verktyget-mot-psykisk-ohalsa\\\/\"]}]},{\"@type\":\"BreadcrumbList\",\"@id\":\"https:\\\/\\\/wp.kristdemokraterna.se\\\/dalarna\\\/familjen-ar-det-basta-verktyget-mot-psykisk-ohalsa\\\/#breadcrumb\",\"itemListElement\":[{\"@type\":\"ListItem\",\"position\":1,\"name\":\"Hem\",\"item\":\"https:\\\/\\\/wp.kristdemokraterna.se\\\/dalarna\\\/\"},{\"@type\":\"ListItem\",\"position\":2,\"name\":\"Familjen \u00e4r det b\u00e4sta verktyget mot psykisk oh\u00e4lsa\"}]},{\"@type\":\"WebSite\",\"@id\":\"https:\\\/\\\/wp.kristdemokraterna.se\\\/dalarna\\\/#website\",\"url\":\"https:\\\/\\\/wp.kristdemokraterna.se\\\/dalarna\\\/\",\"name\":\"Kristdemokraterna Dalarna\",\"description\":\"\",\"publisher\":{\"@id\":\"https:\\\/\\\/wp.kristdemokraterna.se\\\/dalarna\\\/#organization\"},\"inLanguage\":\"sv-SE\"},{\"@type\":\"Organization\",\"@id\":\"https:\\\/\\\/wp.kristdemokraterna.se\\\/dalarna\\\/#organization\",\"name\":\"Kristdemokraterna Dalarna\",\"url\":\"https:\\\/\\\/wp.kristdemokraterna.se\\\/dalarna\\\/\",\"logo\":{\"@type\":\"ImageObject\",\"inLanguage\":\"sv-SE\",\"@id\":\"https:\\\/\\\/wp.kristdemokraterna.se\\\/dalarna\\\/#\\\/schema\\\/logo\\\/image\\\/\",\"url\":\"https:\\\/\\\/wp.kristdemokraterna.se\\\/dalarna\\\/files\\\/2022\\\/08\\\/dalarna-sida-bla-300dpi.png\",\"contentUrl\":\"https:\\\/\\\/wp.kristdemokraterna.se\\\/dalarna\\\/files\\\/2022\\\/08\\\/dalarna-sida-bla-300dpi.png\",\"width\":1477,\"height\":681,\"caption\":\"Kristdemokraterna Dalarna\"},\"image\":{\"@id\":\"https:\\\/\\\/wp.kristdemokraterna.se\\\/dalarna\\\/#\\\/schema\\\/logo\\\/image\\\/\"}},{\"@type\":\"Person\",\"@id\":\"https:\\\/\\\/wp.kristdemokraterna.se\\\/dalarna\\\/#\\\/schema\\\/person\\\/7611175eb955130b2fc127e0992fdffc\",\"name\":\"oliver\",\"image\":{\"@type\":\"ImageObject\",\"inLanguage\":\"sv-SE\",\"@id\":\"https:\\\/\\\/secure.gravatar.com\\\/avatar\\\/bf91bfa2870e8b9c37378dca6b35b68f39af1750e31e39ac91e8ffb52bcdde21?s=96&r=g\",\"url\":\"https:\\\/\\\/secure.gravatar.com\\\/avatar\\\/bf91bfa2870e8b9c37378dca6b35b68f39af1750e31e39ac91e8ffb52bcdde21?s=96&r=g\",\"contentUrl\":\"https:\\\/\\\/secure.gravatar.com\\\/avatar\\\/bf91bfa2870e8b9c37378dca6b35b68f39af1750e31e39ac91e8ffb52bcdde21?s=96&r=g\",\"caption\":\"oliver\"},\"url\":\"https:\\\/\\\/wp.kristdemokraterna.se\\\/dalarna\\\/author\\\/oliver\\\/\"}]}<\/script>\n<!-- \/ Yoast SEO plugin. -->","yoast_head_json":{"title":"Familjen \u00e4r det b\u00e4sta verktyget mot psykisk oh\u00e4lsa - Kristdemokraterna Dalarna","robots":{"index":"index","follow":"follow","max-snippet":"max-snippet:-1","max-image-preview":"max-image-preview:large","max-video-preview":"max-video-preview:-1"},"canonical":"https:\/\/wp.kristdemokraterna.se\/dalarna\/familjen-ar-det-basta-verktyget-mot-psykisk-ohalsa\/","og_locale":"sv_SE","og_type":"article","og_title":"Familjen \u00e4r det b\u00e4sta verktyget mot psykisk oh\u00e4lsa - Kristdemokraterna Dalarna","og_description":"Barn och ungdomars uppv\u00e4xt i en familj, d\u00e4r man f\u00e5r l\u00e4ra sig att ge och ta i en k\u00e4rleksfull milj\u00f6, utg\u00f6r den b\u00e4sta plantskolan till ett liv med god psykisk h\u00e4lsa. Om detta skriver regionr\u00e5d Birgitta Sacr\u00e9deus (KD), 2:e vice ordf\u00f6rande i regionfullm\u00e4ktige Torsten Larsson (KD) och ledamot i h\u00e4lso- och sjukv\u00e5rdsn\u00e4mnden Daniel Sandvik (KD). Read More","og_url":"https:\/\/wp.kristdemokraterna.se\/dalarna\/familjen-ar-det-basta-verktyget-mot-psykisk-ohalsa\/","og_site_name":"Kristdemokraterna Dalarna","article_published_time":"2023-09-06T18:26:29+00:00","article_modified_time":"2024-03-03T19:27:59+00:00","author":"oliver","twitter_card":"summary_large_image","twitter_misc":{"Skriven av":"oliver","Ber\u00e4knad l\u00e4stid":"1 minut"},"schema":{"@context":"https:\/\/schema.org","@graph":[{"@type":"Article","@id":"https:\/\/wp.kristdemokraterna.se\/dalarna\/familjen-ar-det-basta-verktyget-mot-psykisk-ohalsa\/#article","isPartOf":{"@id":"https:\/\/wp.kristdemokraterna.se\/dalarna\/familjen-ar-det-basta-verktyget-mot-psykisk-ohalsa\/"},"author":{"name":"oliver","@id":"https:\/\/wp.kristdemokraterna.se\/dalarna\/#\/schema\/person\/7611175eb955130b2fc127e0992fdffc"},"headline":"Familjen \u00e4r det b\u00e4sta verktyget mot psykisk oh\u00e4lsa","datePublished":"2023-09-06T18:26:29+00:00","dateModified":"2024-03-03T19:27:59+00:00","mainEntityOfPage":{"@id":"https:\/\/wp.kristdemokraterna.se\/dalarna\/familjen-ar-det-basta-verktyget-mot-psykisk-ohalsa\/"},"wordCount":234,"publisher":{"@id":"https:\/\/wp.kristdemokraterna.se\/dalarna\/#organization"},"articleSection":["Nyheter"],"inLanguage":"sv-SE"},{"@type":"WebPage","@id":"https:\/\/wp.kristdemokraterna.se\/dalarna\/familjen-ar-det-basta-verktyget-mot-psykisk-ohalsa\/","url":"https:\/\/wp.kristdemokraterna.se\/dalarna\/familjen-ar-det-basta-verktyget-mot-psykisk-ohalsa\/","name":"Familjen \u00e4r det b\u00e4sta verktyget mot psykisk oh\u00e4lsa - Kristdemokraterna Dalarna","isPartOf":{"@id":"https:\/\/wp.kristdemokraterna.se\/dalarna\/#website"},"datePublished":"2023-09-06T18:26:29+00:00","dateModified":"2024-03-03T19:27:59+00:00","breadcrumb":{"@id":"https:\/\/wp.kristdemokraterna.se\/dalarna\/familjen-ar-det-basta-verktyget-mot-psykisk-ohalsa\/#breadcrumb"},"inLanguage":"sv-SE","potentialAction":[{"@type":"ReadAction","target":["https:\/\/wp.kristdemokraterna.se\/dalarna\/familjen-ar-det-basta-verktyget-mot-psykisk-ohalsa\/"]}]},{"@type":"BreadcrumbList","@id":"https:\/\/wp.kristdemokraterna.se\/dalarna\/familjen-ar-det-basta-verktyget-mot-psykisk-ohalsa\/#breadcrumb","itemListElement":[{"@type":"ListItem","position":1,"name":"Hem","item":"https:\/\/wp.kristdemokraterna.se\/dalarna\/"},{"@type":"ListItem","position":2,"name":"Familjen \u00e4r det b\u00e4sta verktyget mot psykisk oh\u00e4lsa"}]},{"@type":"WebSite","@id":"https:\/\/wp.kristdemokraterna.se\/dalarna\/#website","url":"https:\/\/wp.kristdemokraterna.se\/dalarna\/","name":"Kristdemokraterna Dalarna","description":"","publisher":{"@id":"https:\/\/wp.kristdemokraterna.se\/dalarna\/#organization"},"inLanguage":"sv-SE"},{"@type":"Organization","@id":"https:\/\/wp.kristdemokraterna.se\/dalarna\/#organization","name":"Kristdemokraterna Dalarna","url":"https:\/\/wp.kristdemokraterna.se\/dalarna\/","logo":{"@type":"ImageObject","inLanguage":"sv-SE","@id":"https:\/\/wp.kristdemokraterna.se\/dalarna\/#\/schema\/logo\/image\/","url":"https:\/\/wp.kristdemokraterna.se\/dalarna\/files\/2022\/08\/dalarna-sida-bla-300dpi.png","contentUrl":"https:\/\/wp.kristdemokraterna.se\/dalarna\/files\/2022\/08\/dalarna-sida-bla-300dpi.png","width":1477,"height":681,"caption":"Kristdemokraterna Dalarna"},"image":{"@id":"https:\/\/wp.kristdemokraterna.se\/dalarna\/#\/schema\/logo\/image\/"}},{"@type":"Person","@id":"https:\/\/wp.kristdemokraterna.se\/dalarna\/#\/schema\/person\/7611175eb955130b2fc127e0992fdffc","name":"oliver","image":{"@type":"ImageObject","inLanguage":"sv-SE","@id":"https:\/\/secure.gravatar.com\/avatar\/bf91bfa2870e8b9c37378dca6b35b68f39af1750e31e39ac91e8ffb52bcdde21?s=96&r=g","url":"https:\/\/secure.gravatar.com\/avatar\/bf91bfa2870e8b9c37378dca6b35b68f39af1750e31e39ac91e8ffb52bcdde21?s=96&r=g","contentUrl":"https:\/\/secure.gravatar.com\/avatar\/bf91bfa2870e8b9c37378dca6b35b68f39af1750e31e39ac91e8ffb52bcdde21?s=96&r=g","caption":"oliver"},"url":"https:\/\/wp.kristdemokraterna.se\/dalarna\/author\/oliver\/"}]}},"_links":{"self":[{"href":"https:\/\/wp.kristdemokraterna.se\/dalarna\/wp-json\/wp\/v2\/posts\/939","targetHints":{"allow":["GET"]}}],"collection":[{"href":"https:\/\/wp.kristdemokraterna.se\/dalarna\/wp-json\/wp\/v2\/posts"}],"about":[{"href":"https:\/\/wp.kristdemokraterna.se\/dalarna\/wp-json\/wp\/v2\/types\/post"}],"author":[{"embeddable":true,"href":"https:\/\/wp.kristdemokraterna.se\/dalarna\/wp-json\/wp\/v2\/users\/958"}],"replies":[{"embeddable":true,"href":"https:\/\/wp.kristdemokraterna.se\/dalarna\/wp-json\/wp\/v2\/comments?post=939"}],"version-history":[{"count":1,"href":"https:\/\/wp.kristdemokraterna.se\/dalarna\/wp-json\/wp\/v2\/posts\/939\/revisions"}],"predecessor-version":[{"id":940,"href":"https:\/\/wp.kristdemokraterna.se\/dalarna\/wp-json\/wp\/v2\/posts\/939\/revisions\/940"}],"wp:attachment":[{"href":"https:\/\/wp.kristdemokraterna.se\/dalarna\/wp-json\/wp\/v2\/media?parent=939"}],"wp:term":[{"taxonomy":"category","embeddable":true,"href":"https:\/\/wp.kristdemokraterna.se\/dalarna\/wp-json\/wp\/v2\/categories?post=939"},{"taxonomy":"post_tag","embeddable":true,"href":"https:\/\/wp.kristdemokraterna.se\/dalarna\/wp-json\/wp\/v2\/tags?post=939"}],"curies":[{"name":"wp","href":"https:\/\/api.w.org\/{rel}","templated":true}]}}