{"id":943,"date":"2023-09-20T20:29:39","date_gmt":"2023-09-20T18:29:39","guid":{"rendered":"https:\/\/wp.kristdemokraterna.se\/dalarna\/?p=943"},"modified":"2024-03-03T20:30:25","modified_gmt":"2024-03-03T19:30:25","slug":"82-mnkr-till-regionen-191-4-mnkr-till-dalarnas-kommuner","status":"publish","type":"post","link":"https:\/\/wp.kristdemokraterna.se\/dalarna\/82-mnkr-till-regionen-191-4-mnkr-till-dalarnas-kommuner\/","title":{"rendered":"+82 mnkr till regionen, +191,4 mnkr till Dalarnas kommuner"},"content":{"rendered":"<p>Regeringen (M, KD, L) presenterar kraftiga tillskott till v\u00e4lf\u00e4rden i sin h\u00f6stbudget. De generella statsbidragen f\u00f6rst\u00e4rks med 10 miljarder kronor. Det inneb\u00e4r 82 miljoner kronor extra till Region Dalarna och 191,4 miljoner kronor extra till Dalarnas kommuner.<\/p>\n<p>F\u00f6rst\u00e4rkningen beh\u00f6vs f\u00f6r att st\u00f6tta kommuner och regioner i sp\u00e5ren av den h\u00f6ga inflationen. F\u00f6rutom de generella statsbidragen f\u00f6resl\u00e5r regeringen \u00e4ven n\u00e4ra 6 miljarder i riktade statsbidrag till kommunsektorn, sammantaget ett tillskott p\u00e5 n\u00e4ra 16 miljarder kronor.<\/p>\n<p>Det h\u00e4r \u00e4r ett betydande tillskott som kommer att g\u00f6ra stor nytta i v\u00e4lf\u00e4rden. Samtidigt \u00e4r det s\u00e5 att det fortsatt vilar ett stort ansvar p\u00e5 oss i regionen och alla kommuner. Arbetet f\u00f6r att n\u00e5 en ekonomi i balans forts\u00e4tter, men f\u00f6ruts\u00e4ttningarna att lyckas har med regeringens tillskott blivit mycket b\u00e4ttre.<\/p>\n<p>Regeringen visar med detta att man inte l\u00e4mnar v\u00e4lf\u00e4rden \u00e5t sitt \u00f6de. I det ekonomiskt sv\u00e5ra l\u00e4ge vi befinner oss i beh\u00f6ver politiker p\u00e5 alla niv\u00e5er bidra med sitt och ta sin del av ansvaret. Det g\u00f6r regeringen och det kommer vi att g\u00f6ra h\u00e4r i Dalarna.<\/p>\n","protected":false},"excerpt":{"rendered":"<p>Regeringen (M, KD, L) presenterar kraftiga tillskott till v\u00e4lf\u00e4rden i sin h\u00f6stbudget. De generella statsbidragen f\u00f6rst\u00e4rks med 10 miljarder kronor. Det inneb\u00e4r 82 miljoner kronor extra till Region Dalarna och 191,4 miljoner kronor extra till Dalarnas kommuner. F\u00f6rst\u00e4rkningen beh\u00f6vs f\u00f6r att st\u00f6tta kommuner och regioner i sp\u00e5ren av den h\u00f6ga inflationen. F\u00f6rutom de generella statsbidragen <a class=\"read-more-link\" href=\"https:\/\/wp.kristdemokraterna.se\/dalarna\/82-mnkr-till-regionen-191-4-mnkr-till-dalarnas-kommuner\/\">Read More<\/a><\/p>\n","protected":false},"author":958,"featured_media":0,"comment_status":"closed","ping_status":"closed","sticky":false,"template":"","format":"standard","meta":{"_acf_changed":false,"footnotes":""},"categories":[12],"tags":[],"class_list":["post-943","post","type-post","status-publish","format-standard","hentry","category-nyheter"],"acf":[],"yoast_head":"<!-- This site is optimized with the Yoast SEO plugin v27.5 - https:\/\/yoast.com\/product\/yoast-seo-wordpress\/ -->\n<title>+82 mnkr till regionen, +191,4 mnkr till Dalarnas kommuner - Kristdemokraterna Dalarna<\/title>\n<meta name=\"robots\" content=\"index, follow, max-snippet:-1, max-image-preview:large, max-video-preview:-1\" \/>\n<link rel=\"canonical\" href=\"https:\/\/wp.kristdemokraterna.se\/dalarna\/82-mnkr-till-regionen-191-4-mnkr-till-dalarnas-kommuner\/\" \/>\n<meta property=\"og:locale\" content=\"sv_SE\" \/>\n<meta property=\"og:type\" content=\"article\" \/>\n<meta property=\"og:title\" content=\"+82 mnkr till regionen, +191,4 mnkr till Dalarnas kommuner - Kristdemokraterna Dalarna\" \/>\n<meta property=\"og:description\" content=\"Regeringen (M, KD, L) presenterar kraftiga tillskott till v\u00e4lf\u00e4rden i sin h\u00f6stbudget. De generella statsbidragen f\u00f6rst\u00e4rks med 10 miljarder kronor. Det inneb\u00e4r 82 miljoner kronor extra till Region Dalarna och 191,4 miljoner kronor extra till Dalarnas kommuner. F\u00f6rst\u00e4rkningen beh\u00f6vs f\u00f6r att st\u00f6tta kommuner och regioner i sp\u00e5ren av den h\u00f6ga inflationen. F\u00f6rutom de generella statsbidragen Read More\" \/>\n<meta property=\"og:url\" content=\"https:\/\/wp.kristdemokraterna.se\/dalarna\/82-mnkr-till-regionen-191-4-mnkr-till-dalarnas-kommuner\/\" \/>\n<meta property=\"og:site_name\" content=\"Kristdemokraterna Dalarna\" \/>\n<meta property=\"article:published_time\" content=\"2023-09-20T18:29:39+00:00\" \/>\n<meta property=\"article:modified_time\" content=\"2024-03-03T19:30:25+00:00\" \/>\n<meta name=\"author\" content=\"oliver\" \/>\n<meta name=\"twitter:card\" content=\"summary_large_image\" \/>\n<meta name=\"twitter:label1\" content=\"Skriven av\" \/>\n\t<meta name=\"twitter:data1\" content=\"oliver\" \/>\n\t<meta name=\"twitter:label2\" content=\"Ber\u00e4knad l\u00e4stid\" \/>\n\t<meta name=\"twitter:data2\" content=\"1 minut\" \/>\n<script type=\"application\/ld+json\" class=\"yoast-schema-graph\">{\"@context\":\"https:\\\/\\\/schema.org\",\"@graph\":[{\"@type\":\"Article\",\"@id\":\"https:\\\/\\\/wp.kristdemokraterna.se\\\/dalarna\\\/82-mnkr-till-regionen-191-4-mnkr-till-dalarnas-kommuner\\\/#article\",\"isPartOf\":{\"@id\":\"https:\\\/\\\/wp.kristdemokraterna.se\\\/dalarna\\\/82-mnkr-till-regionen-191-4-mnkr-till-dalarnas-kommuner\\\/\"},\"author\":{\"name\":\"oliver\",\"@id\":\"https:\\\/\\\/wp.kristdemokraterna.se\\\/dalarna\\\/#\\\/schema\\\/person\\\/7611175eb955130b2fc127e0992fdffc\"},\"headline\":\"+82 mnkr till regionen, +191,4 mnkr till Dalarnas kommuner\",\"datePublished\":\"2023-09-20T18:29:39+00:00\",\"dateModified\":\"2024-03-03T19:30:25+00:00\",\"mainEntityOfPage\":{\"@id\":\"https:\\\/\\\/wp.kristdemokraterna.se\\\/dalarna\\\/82-mnkr-till-regionen-191-4-mnkr-till-dalarnas-kommuner\\\/\"},\"wordCount\":212,\"publisher\":{\"@id\":\"https:\\\/\\\/wp.kristdemokraterna.se\\\/dalarna\\\/#organization\"},\"articleSection\":[\"Nyheter\"],\"inLanguage\":\"sv-SE\"},{\"@type\":\"WebPage\",\"@id\":\"https:\\\/\\\/wp.kristdemokraterna.se\\\/dalarna\\\/82-mnkr-till-regionen-191-4-mnkr-till-dalarnas-kommuner\\\/\",\"url\":\"https:\\\/\\\/wp.kristdemokraterna.se\\\/dalarna\\\/82-mnkr-till-regionen-191-4-mnkr-till-dalarnas-kommuner\\\/\",\"name\":\"+82 mnkr till regionen, +191,4 mnkr till Dalarnas kommuner - Kristdemokraterna Dalarna\",\"isPartOf\":{\"@id\":\"https:\\\/\\\/wp.kristdemokraterna.se\\\/dalarna\\\/#website\"},\"datePublished\":\"2023-09-20T18:29:39+00:00\",\"dateModified\":\"2024-03-03T19:30:25+00:00\",\"breadcrumb\":{\"@id\":\"https:\\\/\\\/wp.kristdemokraterna.se\\\/dalarna\\\/82-mnkr-till-regionen-191-4-mnkr-till-dalarnas-kommuner\\\/#breadcrumb\"},\"inLanguage\":\"sv-SE\",\"potentialAction\":[{\"@type\":\"ReadAction\",\"target\":[\"https:\\\/\\\/wp.kristdemokraterna.se\\\/dalarna\\\/82-mnkr-till-regionen-191-4-mnkr-till-dalarnas-kommuner\\\/\"]}]},{\"@type\":\"BreadcrumbList\",\"@id\":\"https:\\\/\\\/wp.kristdemokraterna.se\\\/dalarna\\\/82-mnkr-till-regionen-191-4-mnkr-till-dalarnas-kommuner\\\/#breadcrumb\",\"itemListElement\":[{\"@type\":\"ListItem\",\"position\":1,\"name\":\"Hem\",\"item\":\"https:\\\/\\\/wp.kristdemokraterna.se\\\/dalarna\\\/\"},{\"@type\":\"ListItem\",\"position\":2,\"name\":\"+82 mnkr till regionen, +191,4 mnkr till Dalarnas kommuner\"}]},{\"@type\":\"WebSite\",\"@id\":\"https:\\\/\\\/wp.kristdemokraterna.se\\\/dalarna\\\/#website\",\"url\":\"https:\\\/\\\/wp.kristdemokraterna.se\\\/dalarna\\\/\",\"name\":\"Kristdemokraterna Dalarna\",\"description\":\"\",\"publisher\":{\"@id\":\"https:\\\/\\\/wp.kristdemokraterna.se\\\/dalarna\\\/#organization\"},\"inLanguage\":\"sv-SE\"},{\"@type\":\"Organization\",\"@id\":\"https:\\\/\\\/wp.kristdemokraterna.se\\\/dalarna\\\/#organization\",\"name\":\"Kristdemokraterna Dalarna\",\"url\":\"https:\\\/\\\/wp.kristdemokraterna.se\\\/dalarna\\\/\",\"logo\":{\"@type\":\"ImageObject\",\"inLanguage\":\"sv-SE\",\"@id\":\"https:\\\/\\\/wp.kristdemokraterna.se\\\/dalarna\\\/#\\\/schema\\\/logo\\\/image\\\/\",\"url\":\"https:\\\/\\\/wp.kristdemokraterna.se\\\/dalarna\\\/files\\\/2022\\\/08\\\/dalarna-sida-bla-300dpi.png\",\"contentUrl\":\"https:\\\/\\\/wp.kristdemokraterna.se\\\/dalarna\\\/files\\\/2022\\\/08\\\/dalarna-sida-bla-300dpi.png\",\"width\":1477,\"height\":681,\"caption\":\"Kristdemokraterna Dalarna\"},\"image\":{\"@id\":\"https:\\\/\\\/wp.kristdemokraterna.se\\\/dalarna\\\/#\\\/schema\\\/logo\\\/image\\\/\"}},{\"@type\":\"Person\",\"@id\":\"https:\\\/\\\/wp.kristdemokraterna.se\\\/dalarna\\\/#\\\/schema\\\/person\\\/7611175eb955130b2fc127e0992fdffc\",\"name\":\"oliver\",\"image\":{\"@type\":\"ImageObject\",\"inLanguage\":\"sv-SE\",\"@id\":\"https:\\\/\\\/secure.gravatar.com\\\/avatar\\\/bf91bfa2870e8b9c37378dca6b35b68f39af1750e31e39ac91e8ffb52bcdde21?s=96&r=g\",\"url\":\"https:\\\/\\\/secure.gravatar.com\\\/avatar\\\/bf91bfa2870e8b9c37378dca6b35b68f39af1750e31e39ac91e8ffb52bcdde21?s=96&r=g\",\"contentUrl\":\"https:\\\/\\\/secure.gravatar.com\\\/avatar\\\/bf91bfa2870e8b9c37378dca6b35b68f39af1750e31e39ac91e8ffb52bcdde21?s=96&r=g\",\"caption\":\"oliver\"},\"url\":\"https:\\\/\\\/wp.kristdemokraterna.se\\\/dalarna\\\/author\\\/oliver\\\/\"}]}<\/script>\n<!-- \/ Yoast SEO plugin. -->","yoast_head_json":{"title":"+82 mnkr till regionen, +191,4 mnkr till Dalarnas kommuner - Kristdemokraterna Dalarna","robots":{"index":"index","follow":"follow","max-snippet":"max-snippet:-1","max-image-preview":"max-image-preview:large","max-video-preview":"max-video-preview:-1"},"canonical":"https:\/\/wp.kristdemokraterna.se\/dalarna\/82-mnkr-till-regionen-191-4-mnkr-till-dalarnas-kommuner\/","og_locale":"sv_SE","og_type":"article","og_title":"+82 mnkr till regionen, +191,4 mnkr till Dalarnas kommuner - Kristdemokraterna Dalarna","og_description":"Regeringen (M, KD, L) presenterar kraftiga tillskott till v\u00e4lf\u00e4rden i sin h\u00f6stbudget. De generella statsbidragen f\u00f6rst\u00e4rks med 10 miljarder kronor. Det inneb\u00e4r 82 miljoner kronor extra till Region Dalarna och 191,4 miljoner kronor extra till Dalarnas kommuner. F\u00f6rst\u00e4rkningen beh\u00f6vs f\u00f6r att st\u00f6tta kommuner och regioner i sp\u00e5ren av den h\u00f6ga inflationen. F\u00f6rutom de generella statsbidragen Read More","og_url":"https:\/\/wp.kristdemokraterna.se\/dalarna\/82-mnkr-till-regionen-191-4-mnkr-till-dalarnas-kommuner\/","og_site_name":"Kristdemokraterna Dalarna","article_published_time":"2023-09-20T18:29:39+00:00","article_modified_time":"2024-03-03T19:30:25+00:00","author":"oliver","twitter_card":"summary_large_image","twitter_misc":{"Skriven av":"oliver","Ber\u00e4knad l\u00e4stid":"1 minut"},"schema":{"@context":"https:\/\/schema.org","@graph":[{"@type":"Article","@id":"https:\/\/wp.kristdemokraterna.se\/dalarna\/82-mnkr-till-regionen-191-4-mnkr-till-dalarnas-kommuner\/#article","isPartOf":{"@id":"https:\/\/wp.kristdemokraterna.se\/dalarna\/82-mnkr-till-regionen-191-4-mnkr-till-dalarnas-kommuner\/"},"author":{"name":"oliver","@id":"https:\/\/wp.kristdemokraterna.se\/dalarna\/#\/schema\/person\/7611175eb955130b2fc127e0992fdffc"},"headline":"+82 mnkr till regionen, +191,4 mnkr till Dalarnas kommuner","datePublished":"2023-09-20T18:29:39+00:00","dateModified":"2024-03-03T19:30:25+00:00","mainEntityOfPage":{"@id":"https:\/\/wp.kristdemokraterna.se\/dalarna\/82-mnkr-till-regionen-191-4-mnkr-till-dalarnas-kommuner\/"},"wordCount":212,"publisher":{"@id":"https:\/\/wp.kristdemokraterna.se\/dalarna\/#organization"},"articleSection":["Nyheter"],"inLanguage":"sv-SE"},{"@type":"WebPage","@id":"https:\/\/wp.kristdemokraterna.se\/dalarna\/82-mnkr-till-regionen-191-4-mnkr-till-dalarnas-kommuner\/","url":"https:\/\/wp.kristdemokraterna.se\/dalarna\/82-mnkr-till-regionen-191-4-mnkr-till-dalarnas-kommuner\/","name":"+82 mnkr till regionen, +191,4 mnkr till Dalarnas kommuner - Kristdemokraterna Dalarna","isPartOf":{"@id":"https:\/\/wp.kristdemokraterna.se\/dalarna\/#website"},"datePublished":"2023-09-20T18:29:39+00:00","dateModified":"2024-03-03T19:30:25+00:00","breadcrumb":{"@id":"https:\/\/wp.kristdemokraterna.se\/dalarna\/82-mnkr-till-regionen-191-4-mnkr-till-dalarnas-kommuner\/#breadcrumb"},"inLanguage":"sv-SE","potentialAction":[{"@type":"ReadAction","target":["https:\/\/wp.kristdemokraterna.se\/dalarna\/82-mnkr-till-regionen-191-4-mnkr-till-dalarnas-kommuner\/"]}]},{"@type":"BreadcrumbList","@id":"https:\/\/wp.kristdemokraterna.se\/dalarna\/82-mnkr-till-regionen-191-4-mnkr-till-dalarnas-kommuner\/#breadcrumb","itemListElement":[{"@type":"ListItem","position":1,"name":"Hem","item":"https:\/\/wp.kristdemokraterna.se\/dalarna\/"},{"@type":"ListItem","position":2,"name":"+82 mnkr till regionen, +191,4 mnkr till Dalarnas kommuner"}]},{"@type":"WebSite","@id":"https:\/\/wp.kristdemokraterna.se\/dalarna\/#website","url":"https:\/\/wp.kristdemokraterna.se\/dalarna\/","name":"Kristdemokraterna Dalarna","description":"","publisher":{"@id":"https:\/\/wp.kristdemokraterna.se\/dalarna\/#organization"},"inLanguage":"sv-SE"},{"@type":"Organization","@id":"https:\/\/wp.kristdemokraterna.se\/dalarna\/#organization","name":"Kristdemokraterna Dalarna","url":"https:\/\/wp.kristdemokraterna.se\/dalarna\/","logo":{"@type":"ImageObject","inLanguage":"sv-SE","@id":"https:\/\/wp.kristdemokraterna.se\/dalarna\/#\/schema\/logo\/image\/","url":"https:\/\/wp.kristdemokraterna.se\/dalarna\/files\/2022\/08\/dalarna-sida-bla-300dpi.png","contentUrl":"https:\/\/wp.kristdemokraterna.se\/dalarna\/files\/2022\/08\/dalarna-sida-bla-300dpi.png","width":1477,"height":681,"caption":"Kristdemokraterna Dalarna"},"image":{"@id":"https:\/\/wp.kristdemokraterna.se\/dalarna\/#\/schema\/logo\/image\/"}},{"@type":"Person","@id":"https:\/\/wp.kristdemokraterna.se\/dalarna\/#\/schema\/person\/7611175eb955130b2fc127e0992fdffc","name":"oliver","image":{"@type":"ImageObject","inLanguage":"sv-SE","@id":"https:\/\/secure.gravatar.com\/avatar\/bf91bfa2870e8b9c37378dca6b35b68f39af1750e31e39ac91e8ffb52bcdde21?s=96&r=g","url":"https:\/\/secure.gravatar.com\/avatar\/bf91bfa2870e8b9c37378dca6b35b68f39af1750e31e39ac91e8ffb52bcdde21?s=96&r=g","contentUrl":"https:\/\/secure.gravatar.com\/avatar\/bf91bfa2870e8b9c37378dca6b35b68f39af1750e31e39ac91e8ffb52bcdde21?s=96&r=g","caption":"oliver"},"url":"https:\/\/wp.kristdemokraterna.se\/dalarna\/author\/oliver\/"}]}},"_links":{"self":[{"href":"https:\/\/wp.kristdemokraterna.se\/dalarna\/wp-json\/wp\/v2\/posts\/943","targetHints":{"allow":["GET"]}}],"collection":[{"href":"https:\/\/wp.kristdemokraterna.se\/dalarna\/wp-json\/wp\/v2\/posts"}],"about":[{"href":"https:\/\/wp.kristdemokraterna.se\/dalarna\/wp-json\/wp\/v2\/types\/post"}],"author":[{"embeddable":true,"href":"https:\/\/wp.kristdemokraterna.se\/dalarna\/wp-json\/wp\/v2\/users\/958"}],"replies":[{"embeddable":true,"href":"https:\/\/wp.kristdemokraterna.se\/dalarna\/wp-json\/wp\/v2\/comments?post=943"}],"version-history":[{"count":1,"href":"https:\/\/wp.kristdemokraterna.se\/dalarna\/wp-json\/wp\/v2\/posts\/943\/revisions"}],"predecessor-version":[{"id":944,"href":"https:\/\/wp.kristdemokraterna.se\/dalarna\/wp-json\/wp\/v2\/posts\/943\/revisions\/944"}],"wp:attachment":[{"href":"https:\/\/wp.kristdemokraterna.se\/dalarna\/wp-json\/wp\/v2\/media?parent=943"}],"wp:term":[{"taxonomy":"category","embeddable":true,"href":"https:\/\/wp.kristdemokraterna.se\/dalarna\/wp-json\/wp\/v2\/categories?post=943"},{"taxonomy":"post_tag","embeddable":true,"href":"https:\/\/wp.kristdemokraterna.se\/dalarna\/wp-json\/wp\/v2\/tags?post=943"}],"curies":[{"name":"wp","href":"https:\/\/api.w.org\/{rel}","templated":true}]}}