{"id":945,"date":"2023-09-27T20:30:40","date_gmt":"2023-09-27T18:30:40","guid":{"rendered":"https:\/\/wp.kristdemokraterna.se\/dalarna\/?p=945"},"modified":"2024-03-03T20:31:11","modified_gmt":"2024-03-03T19:31:11","slug":"kd-dalarna-besoker-bryssel","status":"publish","type":"post","link":"https:\/\/wp.kristdemokraterna.se\/dalarna\/kd-dalarna-besoker-bryssel\/","title":{"rendered":"KD Dalarna bes\u00f6ker Bryssel"},"content":{"rendered":"<p>I juni n\u00e4sta \u00e5r \u00e4r det val till Europaparlamentet. D\u00e4rf\u00f6r passar vi nu p\u00e5 att bes\u00f6ka Bryssel och v\u00e5r europaparlamentariker David Legas stab.<\/p>\n<p>F\u00f6rutom parlamentet bes\u00f6ker vi ocks\u00e5 Europeiska regionkommitt\u00e9n, d\u00e4r Birgitta Sacredeus (KD) \u00e4r ledamot, v\u00e5r intresseorganisation Central Sweden och v\u00e5r partigrupp EPP. En mycket intressant och givande resa med andra ord.<\/p>\n<p>20 kristdemokrater fr\u00e5n hela Dalarna f\u00f6ljer med. D\u00e4ribland regionr\u00e5d Birgitta Sacr\u00e9deus (KD) och riksdagsledamot Mathias Bengtsson (KD). P\u00e5 detta s\u00e4tt f\u00f6rbereder vi oss inf\u00f6r det stundande EU-valet.<\/p>\n<p>\u00c4r du intresserad av att engagera dig? Bli d\u00e5 medlem eller kontakta oss! <a class=\"x1i10hfl xjbqb8w x1ejq31n xd10rxx x1sy0etr x17r0tee x972fbf xcfux6l x1qhh985 xm0m39n x9f619 x1ypdohk xt0psk2 xe8uvvx xdj266r x11i5rnm xat24cr x1mh8g0r xexx8yu x4uap5 x18d9i69 xkhd6sd x16tdsg8 x1hl2dhg xggy1nq x1a2a7pz xt0b8zv x1fey0fg\" role=\"link\" href=\"http:\/\/kd.nu\/blimedlem?fbclid=IwAR3eet2rpkHJ4YJEydDB-FPBtMdWO1PUoq5X1UQEWNo1UVcJYSGjjtXbXrk\" target=\"_blank\" rel=\"nofollow noopener noreferrer\">KD.nu\/blimedlem<\/a><\/p>\n","protected":false},"excerpt":{"rendered":"<p>I juni n\u00e4sta \u00e5r \u00e4r det val till Europaparlamentet. D\u00e4rf\u00f6r passar vi nu p\u00e5 att bes\u00f6ka Bryssel och v\u00e5r europaparlamentariker David Legas stab. F\u00f6rutom parlamentet bes\u00f6ker vi ocks\u00e5 Europeiska regionkommitt\u00e9n, d\u00e4r Birgitta Sacredeus (KD) \u00e4r ledamot, v\u00e5r intresseorganisation Central Sweden och v\u00e5r partigrupp EPP. En mycket intressant och givande resa med andra ord. 20 kristdemokrater <a class=\"read-more-link\" href=\"https:\/\/wp.kristdemokraterna.se\/dalarna\/kd-dalarna-besoker-bryssel\/\">Read More<\/a><\/p>\n","protected":false},"author":958,"featured_media":0,"comment_status":"closed","ping_status":"closed","sticky":false,"template":"","format":"standard","meta":{"_acf_changed":false,"footnotes":""},"categories":[12],"tags":[],"class_list":["post-945","post","type-post","status-publish","format-standard","hentry","category-nyheter"],"acf":[],"yoast_head":"<!-- This site is optimized with the Yoast SEO plugin v27.5 - https:\/\/yoast.com\/product\/yoast-seo-wordpress\/ -->\n<title>KD Dalarna bes\u00f6ker Bryssel - Kristdemokraterna Dalarna<\/title>\n<meta name=\"robots\" content=\"index, follow, max-snippet:-1, max-image-preview:large, max-video-preview:-1\" \/>\n<link rel=\"canonical\" href=\"https:\/\/wp.kristdemokraterna.se\/dalarna\/kd-dalarna-besoker-bryssel\/\" \/>\n<meta property=\"og:locale\" content=\"sv_SE\" \/>\n<meta property=\"og:type\" content=\"article\" \/>\n<meta property=\"og:title\" content=\"KD Dalarna bes\u00f6ker Bryssel - Kristdemokraterna Dalarna\" \/>\n<meta property=\"og:description\" content=\"I juni n\u00e4sta \u00e5r \u00e4r det val till Europaparlamentet. D\u00e4rf\u00f6r passar vi nu p\u00e5 att bes\u00f6ka Bryssel och v\u00e5r europaparlamentariker David Legas stab. F\u00f6rutom parlamentet bes\u00f6ker vi ocks\u00e5 Europeiska regionkommitt\u00e9n, d\u00e4r Birgitta Sacredeus (KD) \u00e4r ledamot, v\u00e5r intresseorganisation Central Sweden och v\u00e5r partigrupp EPP. En mycket intressant och givande resa med andra ord. 20 kristdemokrater Read More\" \/>\n<meta property=\"og:url\" content=\"https:\/\/wp.kristdemokraterna.se\/dalarna\/kd-dalarna-besoker-bryssel\/\" \/>\n<meta property=\"og:site_name\" content=\"Kristdemokraterna Dalarna\" \/>\n<meta property=\"article:published_time\" content=\"2023-09-27T18:30:40+00:00\" \/>\n<meta property=\"article:modified_time\" content=\"2024-03-03T19:31:11+00:00\" \/>\n<meta name=\"author\" content=\"oliver\" \/>\n<meta name=\"twitter:card\" content=\"summary_large_image\" \/>\n<meta name=\"twitter:label1\" content=\"Skriven av\" \/>\n\t<meta name=\"twitter:data1\" content=\"oliver\" \/>\n\t<meta name=\"twitter:label2\" content=\"Ber\u00e4knad l\u00e4stid\" \/>\n\t<meta name=\"twitter:data2\" content=\"1 minut\" \/>\n<script type=\"application\/ld+json\" class=\"yoast-schema-graph\">{\"@context\":\"https:\\\/\\\/schema.org\",\"@graph\":[{\"@type\":\"Article\",\"@id\":\"https:\\\/\\\/wp.kristdemokraterna.se\\\/dalarna\\\/kd-dalarna-besoker-bryssel\\\/#article\",\"isPartOf\":{\"@id\":\"https:\\\/\\\/wp.kristdemokraterna.se\\\/dalarna\\\/kd-dalarna-besoker-bryssel\\\/\"},\"author\":{\"name\":\"oliver\",\"@id\":\"https:\\\/\\\/wp.kristdemokraterna.se\\\/dalarna\\\/#\\\/schema\\\/person\\\/7611175eb955130b2fc127e0992fdffc\"},\"headline\":\"KD Dalarna bes\u00f6ker Bryssel\",\"datePublished\":\"2023-09-27T18:30:40+00:00\",\"dateModified\":\"2024-03-03T19:31:11+00:00\",\"mainEntityOfPage\":{\"@id\":\"https:\\\/\\\/wp.kristdemokraterna.se\\\/dalarna\\\/kd-dalarna-besoker-bryssel\\\/\"},\"wordCount\":119,\"publisher\":{\"@id\":\"https:\\\/\\\/wp.kristdemokraterna.se\\\/dalarna\\\/#organization\"},\"articleSection\":[\"Nyheter\"],\"inLanguage\":\"sv-SE\"},{\"@type\":\"WebPage\",\"@id\":\"https:\\\/\\\/wp.kristdemokraterna.se\\\/dalarna\\\/kd-dalarna-besoker-bryssel\\\/\",\"url\":\"https:\\\/\\\/wp.kristdemokraterna.se\\\/dalarna\\\/kd-dalarna-besoker-bryssel\\\/\",\"name\":\"KD Dalarna bes\u00f6ker Bryssel - Kristdemokraterna Dalarna\",\"isPartOf\":{\"@id\":\"https:\\\/\\\/wp.kristdemokraterna.se\\\/dalarna\\\/#website\"},\"datePublished\":\"2023-09-27T18:30:40+00:00\",\"dateModified\":\"2024-03-03T19:31:11+00:00\",\"breadcrumb\":{\"@id\":\"https:\\\/\\\/wp.kristdemokraterna.se\\\/dalarna\\\/kd-dalarna-besoker-bryssel\\\/#breadcrumb\"},\"inLanguage\":\"sv-SE\",\"potentialAction\":[{\"@type\":\"ReadAction\",\"target\":[\"https:\\\/\\\/wp.kristdemokraterna.se\\\/dalarna\\\/kd-dalarna-besoker-bryssel\\\/\"]}]},{\"@type\":\"BreadcrumbList\",\"@id\":\"https:\\\/\\\/wp.kristdemokraterna.se\\\/dalarna\\\/kd-dalarna-besoker-bryssel\\\/#breadcrumb\",\"itemListElement\":[{\"@type\":\"ListItem\",\"position\":1,\"name\":\"Hem\",\"item\":\"https:\\\/\\\/wp.kristdemokraterna.se\\\/dalarna\\\/\"},{\"@type\":\"ListItem\",\"position\":2,\"name\":\"KD Dalarna bes\u00f6ker Bryssel\"}]},{\"@type\":\"WebSite\",\"@id\":\"https:\\\/\\\/wp.kristdemokraterna.se\\\/dalarna\\\/#website\",\"url\":\"https:\\\/\\\/wp.kristdemokraterna.se\\\/dalarna\\\/\",\"name\":\"Kristdemokraterna Dalarna\",\"description\":\"\",\"publisher\":{\"@id\":\"https:\\\/\\\/wp.kristdemokraterna.se\\\/dalarna\\\/#organization\"},\"inLanguage\":\"sv-SE\"},{\"@type\":\"Organization\",\"@id\":\"https:\\\/\\\/wp.kristdemokraterna.se\\\/dalarna\\\/#organization\",\"name\":\"Kristdemokraterna Dalarna\",\"url\":\"https:\\\/\\\/wp.kristdemokraterna.se\\\/dalarna\\\/\",\"logo\":{\"@type\":\"ImageObject\",\"inLanguage\":\"sv-SE\",\"@id\":\"https:\\\/\\\/wp.kristdemokraterna.se\\\/dalarna\\\/#\\\/schema\\\/logo\\\/image\\\/\",\"url\":\"https:\\\/\\\/wp.kristdemokraterna.se\\\/dalarna\\\/files\\\/2022\\\/08\\\/dalarna-sida-bla-300dpi.png\",\"contentUrl\":\"https:\\\/\\\/wp.kristdemokraterna.se\\\/dalarna\\\/files\\\/2022\\\/08\\\/dalarna-sida-bla-300dpi.png\",\"width\":1477,\"height\":681,\"caption\":\"Kristdemokraterna Dalarna\"},\"image\":{\"@id\":\"https:\\\/\\\/wp.kristdemokraterna.se\\\/dalarna\\\/#\\\/schema\\\/logo\\\/image\\\/\"}},{\"@type\":\"Person\",\"@id\":\"https:\\\/\\\/wp.kristdemokraterna.se\\\/dalarna\\\/#\\\/schema\\\/person\\\/7611175eb955130b2fc127e0992fdffc\",\"name\":\"oliver\",\"image\":{\"@type\":\"ImageObject\",\"inLanguage\":\"sv-SE\",\"@id\":\"https:\\\/\\\/secure.gravatar.com\\\/avatar\\\/bf91bfa2870e8b9c37378dca6b35b68f39af1750e31e39ac91e8ffb52bcdde21?s=96&r=g\",\"url\":\"https:\\\/\\\/secure.gravatar.com\\\/avatar\\\/bf91bfa2870e8b9c37378dca6b35b68f39af1750e31e39ac91e8ffb52bcdde21?s=96&r=g\",\"contentUrl\":\"https:\\\/\\\/secure.gravatar.com\\\/avatar\\\/bf91bfa2870e8b9c37378dca6b35b68f39af1750e31e39ac91e8ffb52bcdde21?s=96&r=g\",\"caption\":\"oliver\"},\"url\":\"https:\\\/\\\/wp.kristdemokraterna.se\\\/dalarna\\\/author\\\/oliver\\\/\"}]}<\/script>\n<!-- \/ Yoast SEO plugin. -->","yoast_head_json":{"title":"KD Dalarna bes\u00f6ker Bryssel - Kristdemokraterna Dalarna","robots":{"index":"index","follow":"follow","max-snippet":"max-snippet:-1","max-image-preview":"max-image-preview:large","max-video-preview":"max-video-preview:-1"},"canonical":"https:\/\/wp.kristdemokraterna.se\/dalarna\/kd-dalarna-besoker-bryssel\/","og_locale":"sv_SE","og_type":"article","og_title":"KD Dalarna bes\u00f6ker Bryssel - Kristdemokraterna Dalarna","og_description":"I juni n\u00e4sta \u00e5r \u00e4r det val till Europaparlamentet. D\u00e4rf\u00f6r passar vi nu p\u00e5 att bes\u00f6ka Bryssel och v\u00e5r europaparlamentariker David Legas stab. F\u00f6rutom parlamentet bes\u00f6ker vi ocks\u00e5 Europeiska regionkommitt\u00e9n, d\u00e4r Birgitta Sacredeus (KD) \u00e4r ledamot, v\u00e5r intresseorganisation Central Sweden och v\u00e5r partigrupp EPP. En mycket intressant och givande resa med andra ord. 20 kristdemokrater Read More","og_url":"https:\/\/wp.kristdemokraterna.se\/dalarna\/kd-dalarna-besoker-bryssel\/","og_site_name":"Kristdemokraterna Dalarna","article_published_time":"2023-09-27T18:30:40+00:00","article_modified_time":"2024-03-03T19:31:11+00:00","author":"oliver","twitter_card":"summary_large_image","twitter_misc":{"Skriven av":"oliver","Ber\u00e4knad l\u00e4stid":"1 minut"},"schema":{"@context":"https:\/\/schema.org","@graph":[{"@type":"Article","@id":"https:\/\/wp.kristdemokraterna.se\/dalarna\/kd-dalarna-besoker-bryssel\/#article","isPartOf":{"@id":"https:\/\/wp.kristdemokraterna.se\/dalarna\/kd-dalarna-besoker-bryssel\/"},"author":{"name":"oliver","@id":"https:\/\/wp.kristdemokraterna.se\/dalarna\/#\/schema\/person\/7611175eb955130b2fc127e0992fdffc"},"headline":"KD Dalarna bes\u00f6ker Bryssel","datePublished":"2023-09-27T18:30:40+00:00","dateModified":"2024-03-03T19:31:11+00:00","mainEntityOfPage":{"@id":"https:\/\/wp.kristdemokraterna.se\/dalarna\/kd-dalarna-besoker-bryssel\/"},"wordCount":119,"publisher":{"@id":"https:\/\/wp.kristdemokraterna.se\/dalarna\/#organization"},"articleSection":["Nyheter"],"inLanguage":"sv-SE"},{"@type":"WebPage","@id":"https:\/\/wp.kristdemokraterna.se\/dalarna\/kd-dalarna-besoker-bryssel\/","url":"https:\/\/wp.kristdemokraterna.se\/dalarna\/kd-dalarna-besoker-bryssel\/","name":"KD Dalarna bes\u00f6ker Bryssel - Kristdemokraterna Dalarna","isPartOf":{"@id":"https:\/\/wp.kristdemokraterna.se\/dalarna\/#website"},"datePublished":"2023-09-27T18:30:40+00:00","dateModified":"2024-03-03T19:31:11+00:00","breadcrumb":{"@id":"https:\/\/wp.kristdemokraterna.se\/dalarna\/kd-dalarna-besoker-bryssel\/#breadcrumb"},"inLanguage":"sv-SE","potentialAction":[{"@type":"ReadAction","target":["https:\/\/wp.kristdemokraterna.se\/dalarna\/kd-dalarna-besoker-bryssel\/"]}]},{"@type":"BreadcrumbList","@id":"https:\/\/wp.kristdemokraterna.se\/dalarna\/kd-dalarna-besoker-bryssel\/#breadcrumb","itemListElement":[{"@type":"ListItem","position":1,"name":"Hem","item":"https:\/\/wp.kristdemokraterna.se\/dalarna\/"},{"@type":"ListItem","position":2,"name":"KD Dalarna bes\u00f6ker Bryssel"}]},{"@type":"WebSite","@id":"https:\/\/wp.kristdemokraterna.se\/dalarna\/#website","url":"https:\/\/wp.kristdemokraterna.se\/dalarna\/","name":"Kristdemokraterna Dalarna","description":"","publisher":{"@id":"https:\/\/wp.kristdemokraterna.se\/dalarna\/#organization"},"inLanguage":"sv-SE"},{"@type":"Organization","@id":"https:\/\/wp.kristdemokraterna.se\/dalarna\/#organization","name":"Kristdemokraterna Dalarna","url":"https:\/\/wp.kristdemokraterna.se\/dalarna\/","logo":{"@type":"ImageObject","inLanguage":"sv-SE","@id":"https:\/\/wp.kristdemokraterna.se\/dalarna\/#\/schema\/logo\/image\/","url":"https:\/\/wp.kristdemokraterna.se\/dalarna\/files\/2022\/08\/dalarna-sida-bla-300dpi.png","contentUrl":"https:\/\/wp.kristdemokraterna.se\/dalarna\/files\/2022\/08\/dalarna-sida-bla-300dpi.png","width":1477,"height":681,"caption":"Kristdemokraterna Dalarna"},"image":{"@id":"https:\/\/wp.kristdemokraterna.se\/dalarna\/#\/schema\/logo\/image\/"}},{"@type":"Person","@id":"https:\/\/wp.kristdemokraterna.se\/dalarna\/#\/schema\/person\/7611175eb955130b2fc127e0992fdffc","name":"oliver","image":{"@type":"ImageObject","inLanguage":"sv-SE","@id":"https:\/\/secure.gravatar.com\/avatar\/bf91bfa2870e8b9c37378dca6b35b68f39af1750e31e39ac91e8ffb52bcdde21?s=96&r=g","url":"https:\/\/secure.gravatar.com\/avatar\/bf91bfa2870e8b9c37378dca6b35b68f39af1750e31e39ac91e8ffb52bcdde21?s=96&r=g","contentUrl":"https:\/\/secure.gravatar.com\/avatar\/bf91bfa2870e8b9c37378dca6b35b68f39af1750e31e39ac91e8ffb52bcdde21?s=96&r=g","caption":"oliver"},"url":"https:\/\/wp.kristdemokraterna.se\/dalarna\/author\/oliver\/"}]}},"_links":{"self":[{"href":"https:\/\/wp.kristdemokraterna.se\/dalarna\/wp-json\/wp\/v2\/posts\/945","targetHints":{"allow":["GET"]}}],"collection":[{"href":"https:\/\/wp.kristdemokraterna.se\/dalarna\/wp-json\/wp\/v2\/posts"}],"about":[{"href":"https:\/\/wp.kristdemokraterna.se\/dalarna\/wp-json\/wp\/v2\/types\/post"}],"author":[{"embeddable":true,"href":"https:\/\/wp.kristdemokraterna.se\/dalarna\/wp-json\/wp\/v2\/users\/958"}],"replies":[{"embeddable":true,"href":"https:\/\/wp.kristdemokraterna.se\/dalarna\/wp-json\/wp\/v2\/comments?post=945"}],"version-history":[{"count":1,"href":"https:\/\/wp.kristdemokraterna.se\/dalarna\/wp-json\/wp\/v2\/posts\/945\/revisions"}],"predecessor-version":[{"id":946,"href":"https:\/\/wp.kristdemokraterna.se\/dalarna\/wp-json\/wp\/v2\/posts\/945\/revisions\/946"}],"wp:attachment":[{"href":"https:\/\/wp.kristdemokraterna.se\/dalarna\/wp-json\/wp\/v2\/media?parent=945"}],"wp:term":[{"taxonomy":"category","embeddable":true,"href":"https:\/\/wp.kristdemokraterna.se\/dalarna\/wp-json\/wp\/v2\/categories?post=945"},{"taxonomy":"post_tag","embeddable":true,"href":"https:\/\/wp.kristdemokraterna.se\/dalarna\/wp-json\/wp\/v2\/tags?post=945"}],"curies":[{"name":"wp","href":"https:\/\/api.w.org\/{rel}","templated":true}]}}