{"id":947,"date":"2023-09-28T20:31:35","date_gmt":"2023-09-28T18:31:35","guid":{"rendered":"https:\/\/wp.kristdemokraterna.se\/dalarna\/?p=947"},"modified":"2024-03-03T20:32:08","modified_gmt":"2024-03-03T19:32:08","slug":"tack-vare-kd-sms-livraddare-kommer-till-dalarna","status":"publish","type":"post","link":"https:\/\/wp.kristdemokraterna.se\/dalarna\/tack-vare-kd-sms-livraddare-kommer-till-dalarna\/","title":{"rendered":"Tack vare KD: Sms-livr\u00e4ddare kommer till Dalarna"},"content":{"rendered":"<p>Sms-livr\u00e4ddare kommer till Dalarna! Det meddelar regionr\u00e5d Birgitta Sacr\u00e9deus (KD) p\u00e5 en presskonferens i samband med Internationella Hj\u00e4rtdagen den 29 september.<\/p>\n<p>Beskedet inneb\u00e4r att frivilliga med kunskap inom HLR snart kommer kunna ingripa vid hj\u00e4rtstopp runtom i l\u00e4net, via larm i appen Sms-livr\u00e4ddare.<\/p>\n<p>\u2013 Vi har l\u00e4nge drivit denna fr\u00e5ga, och nu har vi n\u00e5tt en \u00f6verenskommelse med v\u00e5ra samarbetspartier i Samling f\u00f6r Dalarna, s\u00e4ger Birgitta Sacr\u00e9deus.<\/p>\n<p>Varje \u00e5r drabbas runt 200 personer i Dalarna av hj\u00e4rtstopp utanf\u00f6r sjukhus. F\u00f6r att \u00f6verleva kr\u00e4vs omedelbara insatser i form av HLR och anv\u00e4ndande av hj\u00e4rtstartare. Eftersom hj\u00e4lpen oftast dr\u00f6jer f\u00f6r l\u00e4nge \u00f6verlever enbart 10-15 procent av de drabbade.<\/p>\n<p>Om tidig HLR ges f\u00f6rdubblas chansen till \u00f6verlevnad, och det har visat sig att frivilliga livr\u00e4ddare ofta hinner fram f\u00f6re ambulansen. Sms-livr\u00e4ddare ber\u00e4knas kunna r\u00e4dda 5-6 liv i Dalarna varje \u00e5r. Detta enligt forskning som Anneli Str\u00f6ms\u00f6e, sjuksk\u00f6terska och forskare inom hj\u00e4rtstoppsomr\u00e5det, kunde redog\u00f6ra f\u00f6r p\u00e5 presskonferensen.<\/p>\n<p>P\u00e5 presskonferensen deltog \u00e4ven Bj\u00f6rn Sonnentheil som \u00e4r ordf\u00f6rande f\u00f6r Riksf\u00f6rbundet Hj\u00e4rtLung Dalarnas l\u00e4n och d\u00e4rmed representerar hj\u00e4rtsjuka patienter i Dalarna. Han v\u00e4lkomnar beskedet, som \u00e4r s\u00e4rskilt viktigt f\u00f6r just hj\u00e4rtsjuka, och uppmanar fler att l\u00e4ra sig HLR.<\/p>\n<p>Det politiska beslutet om att inf\u00f6ra Sms-livr\u00e4ddare v\u00e4ntas fattas i oktober. Tj\u00e4nsten kommer att vara ig\u00e5ng senast 1 januari 2024.<\/p>\n","protected":false},"excerpt":{"rendered":"<p>Sms-livr\u00e4ddare kommer till Dalarna! Det meddelar regionr\u00e5d Birgitta Sacr\u00e9deus (KD) p\u00e5 en presskonferens i samband med Internationella Hj\u00e4rtdagen den 29 september. Beskedet inneb\u00e4r att frivilliga med kunskap inom HLR snart kommer kunna ingripa vid hj\u00e4rtstopp runtom i l\u00e4net, via larm i appen Sms-livr\u00e4ddare. \u2013 Vi har l\u00e4nge drivit denna fr\u00e5ga, och nu har vi n\u00e5tt <a class=\"read-more-link\" href=\"https:\/\/wp.kristdemokraterna.se\/dalarna\/tack-vare-kd-sms-livraddare-kommer-till-dalarna\/\">Read More<\/a><\/p>\n","protected":false},"author":958,"featured_media":0,"comment_status":"closed","ping_status":"closed","sticky":false,"template":"","format":"standard","meta":{"_acf_changed":false,"footnotes":""},"categories":[12],"tags":[],"class_list":["post-947","post","type-post","status-publish","format-standard","hentry","category-nyheter"],"acf":[],"yoast_head":"<!-- This site is optimized with the Yoast SEO plugin v27.5 - https:\/\/yoast.com\/product\/yoast-seo-wordpress\/ -->\n<title>Tack vare KD: Sms-livr\u00e4ddare kommer till Dalarna - Kristdemokraterna Dalarna<\/title>\n<meta name=\"robots\" content=\"index, follow, max-snippet:-1, max-image-preview:large, max-video-preview:-1\" \/>\n<link rel=\"canonical\" href=\"https:\/\/wp.kristdemokraterna.se\/dalarna\/tack-vare-kd-sms-livraddare-kommer-till-dalarna\/\" \/>\n<meta property=\"og:locale\" content=\"sv_SE\" \/>\n<meta property=\"og:type\" content=\"article\" \/>\n<meta property=\"og:title\" content=\"Tack vare KD: Sms-livr\u00e4ddare kommer till Dalarna - Kristdemokraterna Dalarna\" \/>\n<meta property=\"og:description\" content=\"Sms-livr\u00e4ddare kommer till Dalarna! Det meddelar regionr\u00e5d Birgitta Sacr\u00e9deus (KD) p\u00e5 en presskonferens i samband med Internationella Hj\u00e4rtdagen den 29 september. Beskedet inneb\u00e4r att frivilliga med kunskap inom HLR snart kommer kunna ingripa vid hj\u00e4rtstopp runtom i l\u00e4net, via larm i appen Sms-livr\u00e4ddare. \u2013 Vi har l\u00e4nge drivit denna fr\u00e5ga, och nu har vi n\u00e5tt Read More\" \/>\n<meta property=\"og:url\" content=\"https:\/\/wp.kristdemokraterna.se\/dalarna\/tack-vare-kd-sms-livraddare-kommer-till-dalarna\/\" \/>\n<meta property=\"og:site_name\" content=\"Kristdemokraterna Dalarna\" \/>\n<meta property=\"article:published_time\" content=\"2023-09-28T18:31:35+00:00\" \/>\n<meta property=\"article:modified_time\" content=\"2024-03-03T19:32:08+00:00\" \/>\n<meta name=\"author\" content=\"oliver\" \/>\n<meta name=\"twitter:card\" content=\"summary_large_image\" \/>\n<meta name=\"twitter:label1\" content=\"Skriven av\" \/>\n\t<meta name=\"twitter:data1\" content=\"oliver\" \/>\n\t<meta name=\"twitter:label2\" content=\"Ber\u00e4knad l\u00e4stid\" \/>\n\t<meta name=\"twitter:data2\" content=\"2 minuter\" \/>\n<script type=\"application\/ld+json\" class=\"yoast-schema-graph\">{\"@context\":\"https:\\\/\\\/schema.org\",\"@graph\":[{\"@type\":\"Article\",\"@id\":\"https:\\\/\\\/wp.kristdemokraterna.se\\\/dalarna\\\/tack-vare-kd-sms-livraddare-kommer-till-dalarna\\\/#article\",\"isPartOf\":{\"@id\":\"https:\\\/\\\/wp.kristdemokraterna.se\\\/dalarna\\\/tack-vare-kd-sms-livraddare-kommer-till-dalarna\\\/\"},\"author\":{\"name\":\"oliver\",\"@id\":\"https:\\\/\\\/wp.kristdemokraterna.se\\\/dalarna\\\/#\\\/schema\\\/person\\\/7611175eb955130b2fc127e0992fdffc\"},\"headline\":\"Tack vare KD: Sms-livr\u00e4ddare kommer till Dalarna\",\"datePublished\":\"2023-09-28T18:31:35+00:00\",\"dateModified\":\"2024-03-03T19:32:08+00:00\",\"mainEntityOfPage\":{\"@id\":\"https:\\\/\\\/wp.kristdemokraterna.se\\\/dalarna\\\/tack-vare-kd-sms-livraddare-kommer-till-dalarna\\\/\"},\"wordCount\":270,\"publisher\":{\"@id\":\"https:\\\/\\\/wp.kristdemokraterna.se\\\/dalarna\\\/#organization\"},\"articleSection\":[\"Nyheter\"],\"inLanguage\":\"sv-SE\"},{\"@type\":\"WebPage\",\"@id\":\"https:\\\/\\\/wp.kristdemokraterna.se\\\/dalarna\\\/tack-vare-kd-sms-livraddare-kommer-till-dalarna\\\/\",\"url\":\"https:\\\/\\\/wp.kristdemokraterna.se\\\/dalarna\\\/tack-vare-kd-sms-livraddare-kommer-till-dalarna\\\/\",\"name\":\"Tack vare KD: Sms-livr\u00e4ddare kommer till Dalarna - Kristdemokraterna Dalarna\",\"isPartOf\":{\"@id\":\"https:\\\/\\\/wp.kristdemokraterna.se\\\/dalarna\\\/#website\"},\"datePublished\":\"2023-09-28T18:31:35+00:00\",\"dateModified\":\"2024-03-03T19:32:08+00:00\",\"breadcrumb\":{\"@id\":\"https:\\\/\\\/wp.kristdemokraterna.se\\\/dalarna\\\/tack-vare-kd-sms-livraddare-kommer-till-dalarna\\\/#breadcrumb\"},\"inLanguage\":\"sv-SE\",\"potentialAction\":[{\"@type\":\"ReadAction\",\"target\":[\"https:\\\/\\\/wp.kristdemokraterna.se\\\/dalarna\\\/tack-vare-kd-sms-livraddare-kommer-till-dalarna\\\/\"]}]},{\"@type\":\"BreadcrumbList\",\"@id\":\"https:\\\/\\\/wp.kristdemokraterna.se\\\/dalarna\\\/tack-vare-kd-sms-livraddare-kommer-till-dalarna\\\/#breadcrumb\",\"itemListElement\":[{\"@type\":\"ListItem\",\"position\":1,\"name\":\"Hem\",\"item\":\"https:\\\/\\\/wp.kristdemokraterna.se\\\/dalarna\\\/\"},{\"@type\":\"ListItem\",\"position\":2,\"name\":\"Tack vare KD: Sms-livr\u00e4ddare kommer till Dalarna\"}]},{\"@type\":\"WebSite\",\"@id\":\"https:\\\/\\\/wp.kristdemokraterna.se\\\/dalarna\\\/#website\",\"url\":\"https:\\\/\\\/wp.kristdemokraterna.se\\\/dalarna\\\/\",\"name\":\"Kristdemokraterna Dalarna\",\"description\":\"\",\"publisher\":{\"@id\":\"https:\\\/\\\/wp.kristdemokraterna.se\\\/dalarna\\\/#organization\"},\"inLanguage\":\"sv-SE\"},{\"@type\":\"Organization\",\"@id\":\"https:\\\/\\\/wp.kristdemokraterna.se\\\/dalarna\\\/#organization\",\"name\":\"Kristdemokraterna Dalarna\",\"url\":\"https:\\\/\\\/wp.kristdemokraterna.se\\\/dalarna\\\/\",\"logo\":{\"@type\":\"ImageObject\",\"inLanguage\":\"sv-SE\",\"@id\":\"https:\\\/\\\/wp.kristdemokraterna.se\\\/dalarna\\\/#\\\/schema\\\/logo\\\/image\\\/\",\"url\":\"https:\\\/\\\/wp.kristdemokraterna.se\\\/dalarna\\\/files\\\/2022\\\/08\\\/dalarna-sida-bla-300dpi.png\",\"contentUrl\":\"https:\\\/\\\/wp.kristdemokraterna.se\\\/dalarna\\\/files\\\/2022\\\/08\\\/dalarna-sida-bla-300dpi.png\",\"width\":1477,\"height\":681,\"caption\":\"Kristdemokraterna Dalarna\"},\"image\":{\"@id\":\"https:\\\/\\\/wp.kristdemokraterna.se\\\/dalarna\\\/#\\\/schema\\\/logo\\\/image\\\/\"}},{\"@type\":\"Person\",\"@id\":\"https:\\\/\\\/wp.kristdemokraterna.se\\\/dalarna\\\/#\\\/schema\\\/person\\\/7611175eb955130b2fc127e0992fdffc\",\"name\":\"oliver\",\"image\":{\"@type\":\"ImageObject\",\"inLanguage\":\"sv-SE\",\"@id\":\"https:\\\/\\\/secure.gravatar.com\\\/avatar\\\/bf91bfa2870e8b9c37378dca6b35b68f39af1750e31e39ac91e8ffb52bcdde21?s=96&r=g\",\"url\":\"https:\\\/\\\/secure.gravatar.com\\\/avatar\\\/bf91bfa2870e8b9c37378dca6b35b68f39af1750e31e39ac91e8ffb52bcdde21?s=96&r=g\",\"contentUrl\":\"https:\\\/\\\/secure.gravatar.com\\\/avatar\\\/bf91bfa2870e8b9c37378dca6b35b68f39af1750e31e39ac91e8ffb52bcdde21?s=96&r=g\",\"caption\":\"oliver\"},\"url\":\"https:\\\/\\\/wp.kristdemokraterna.se\\\/dalarna\\\/author\\\/oliver\\\/\"}]}<\/script>\n<!-- \/ Yoast SEO plugin. -->","yoast_head_json":{"title":"Tack vare KD: Sms-livr\u00e4ddare kommer till Dalarna - Kristdemokraterna Dalarna","robots":{"index":"index","follow":"follow","max-snippet":"max-snippet:-1","max-image-preview":"max-image-preview:large","max-video-preview":"max-video-preview:-1"},"canonical":"https:\/\/wp.kristdemokraterna.se\/dalarna\/tack-vare-kd-sms-livraddare-kommer-till-dalarna\/","og_locale":"sv_SE","og_type":"article","og_title":"Tack vare KD: Sms-livr\u00e4ddare kommer till Dalarna - Kristdemokraterna Dalarna","og_description":"Sms-livr\u00e4ddare kommer till Dalarna! Det meddelar regionr\u00e5d Birgitta Sacr\u00e9deus (KD) p\u00e5 en presskonferens i samband med Internationella Hj\u00e4rtdagen den 29 september. Beskedet inneb\u00e4r att frivilliga med kunskap inom HLR snart kommer kunna ingripa vid hj\u00e4rtstopp runtom i l\u00e4net, via larm i appen Sms-livr\u00e4ddare. \u2013 Vi har l\u00e4nge drivit denna fr\u00e5ga, och nu har vi n\u00e5tt Read More","og_url":"https:\/\/wp.kristdemokraterna.se\/dalarna\/tack-vare-kd-sms-livraddare-kommer-till-dalarna\/","og_site_name":"Kristdemokraterna Dalarna","article_published_time":"2023-09-28T18:31:35+00:00","article_modified_time":"2024-03-03T19:32:08+00:00","author":"oliver","twitter_card":"summary_large_image","twitter_misc":{"Skriven av":"oliver","Ber\u00e4knad l\u00e4stid":"2 minuter"},"schema":{"@context":"https:\/\/schema.org","@graph":[{"@type":"Article","@id":"https:\/\/wp.kristdemokraterna.se\/dalarna\/tack-vare-kd-sms-livraddare-kommer-till-dalarna\/#article","isPartOf":{"@id":"https:\/\/wp.kristdemokraterna.se\/dalarna\/tack-vare-kd-sms-livraddare-kommer-till-dalarna\/"},"author":{"name":"oliver","@id":"https:\/\/wp.kristdemokraterna.se\/dalarna\/#\/schema\/person\/7611175eb955130b2fc127e0992fdffc"},"headline":"Tack vare KD: Sms-livr\u00e4ddare kommer till Dalarna","datePublished":"2023-09-28T18:31:35+00:00","dateModified":"2024-03-03T19:32:08+00:00","mainEntityOfPage":{"@id":"https:\/\/wp.kristdemokraterna.se\/dalarna\/tack-vare-kd-sms-livraddare-kommer-till-dalarna\/"},"wordCount":270,"publisher":{"@id":"https:\/\/wp.kristdemokraterna.se\/dalarna\/#organization"},"articleSection":["Nyheter"],"inLanguage":"sv-SE"},{"@type":"WebPage","@id":"https:\/\/wp.kristdemokraterna.se\/dalarna\/tack-vare-kd-sms-livraddare-kommer-till-dalarna\/","url":"https:\/\/wp.kristdemokraterna.se\/dalarna\/tack-vare-kd-sms-livraddare-kommer-till-dalarna\/","name":"Tack vare KD: Sms-livr\u00e4ddare kommer till Dalarna - Kristdemokraterna Dalarna","isPartOf":{"@id":"https:\/\/wp.kristdemokraterna.se\/dalarna\/#website"},"datePublished":"2023-09-28T18:31:35+00:00","dateModified":"2024-03-03T19:32:08+00:00","breadcrumb":{"@id":"https:\/\/wp.kristdemokraterna.se\/dalarna\/tack-vare-kd-sms-livraddare-kommer-till-dalarna\/#breadcrumb"},"inLanguage":"sv-SE","potentialAction":[{"@type":"ReadAction","target":["https:\/\/wp.kristdemokraterna.se\/dalarna\/tack-vare-kd-sms-livraddare-kommer-till-dalarna\/"]}]},{"@type":"BreadcrumbList","@id":"https:\/\/wp.kristdemokraterna.se\/dalarna\/tack-vare-kd-sms-livraddare-kommer-till-dalarna\/#breadcrumb","itemListElement":[{"@type":"ListItem","position":1,"name":"Hem","item":"https:\/\/wp.kristdemokraterna.se\/dalarna\/"},{"@type":"ListItem","position":2,"name":"Tack vare KD: Sms-livr\u00e4ddare kommer till Dalarna"}]},{"@type":"WebSite","@id":"https:\/\/wp.kristdemokraterna.se\/dalarna\/#website","url":"https:\/\/wp.kristdemokraterna.se\/dalarna\/","name":"Kristdemokraterna Dalarna","description":"","publisher":{"@id":"https:\/\/wp.kristdemokraterna.se\/dalarna\/#organization"},"inLanguage":"sv-SE"},{"@type":"Organization","@id":"https:\/\/wp.kristdemokraterna.se\/dalarna\/#organization","name":"Kristdemokraterna Dalarna","url":"https:\/\/wp.kristdemokraterna.se\/dalarna\/","logo":{"@type":"ImageObject","inLanguage":"sv-SE","@id":"https:\/\/wp.kristdemokraterna.se\/dalarna\/#\/schema\/logo\/image\/","url":"https:\/\/wp.kristdemokraterna.se\/dalarna\/files\/2022\/08\/dalarna-sida-bla-300dpi.png","contentUrl":"https:\/\/wp.kristdemokraterna.se\/dalarna\/files\/2022\/08\/dalarna-sida-bla-300dpi.png","width":1477,"height":681,"caption":"Kristdemokraterna Dalarna"},"image":{"@id":"https:\/\/wp.kristdemokraterna.se\/dalarna\/#\/schema\/logo\/image\/"}},{"@type":"Person","@id":"https:\/\/wp.kristdemokraterna.se\/dalarna\/#\/schema\/person\/7611175eb955130b2fc127e0992fdffc","name":"oliver","image":{"@type":"ImageObject","inLanguage":"sv-SE","@id":"https:\/\/secure.gravatar.com\/avatar\/bf91bfa2870e8b9c37378dca6b35b68f39af1750e31e39ac91e8ffb52bcdde21?s=96&r=g","url":"https:\/\/secure.gravatar.com\/avatar\/bf91bfa2870e8b9c37378dca6b35b68f39af1750e31e39ac91e8ffb52bcdde21?s=96&r=g","contentUrl":"https:\/\/secure.gravatar.com\/avatar\/bf91bfa2870e8b9c37378dca6b35b68f39af1750e31e39ac91e8ffb52bcdde21?s=96&r=g","caption":"oliver"},"url":"https:\/\/wp.kristdemokraterna.se\/dalarna\/author\/oliver\/"}]}},"_links":{"self":[{"href":"https:\/\/wp.kristdemokraterna.se\/dalarna\/wp-json\/wp\/v2\/posts\/947","targetHints":{"allow":["GET"]}}],"collection":[{"href":"https:\/\/wp.kristdemokraterna.se\/dalarna\/wp-json\/wp\/v2\/posts"}],"about":[{"href":"https:\/\/wp.kristdemokraterna.se\/dalarna\/wp-json\/wp\/v2\/types\/post"}],"author":[{"embeddable":true,"href":"https:\/\/wp.kristdemokraterna.se\/dalarna\/wp-json\/wp\/v2\/users\/958"}],"replies":[{"embeddable":true,"href":"https:\/\/wp.kristdemokraterna.se\/dalarna\/wp-json\/wp\/v2\/comments?post=947"}],"version-history":[{"count":1,"href":"https:\/\/wp.kristdemokraterna.se\/dalarna\/wp-json\/wp\/v2\/posts\/947\/revisions"}],"predecessor-version":[{"id":948,"href":"https:\/\/wp.kristdemokraterna.se\/dalarna\/wp-json\/wp\/v2\/posts\/947\/revisions\/948"}],"wp:attachment":[{"href":"https:\/\/wp.kristdemokraterna.se\/dalarna\/wp-json\/wp\/v2\/media?parent=947"}],"wp:term":[{"taxonomy":"category","embeddable":true,"href":"https:\/\/wp.kristdemokraterna.se\/dalarna\/wp-json\/wp\/v2\/categories?post=947"},{"taxonomy":"post_tag","embeddable":true,"href":"https:\/\/wp.kristdemokraterna.se\/dalarna\/wp-json\/wp\/v2\/tags?post=947"}],"curies":[{"name":"wp","href":"https:\/\/api.w.org\/{rel}","templated":true}]}}