{"id":951,"date":"2023-11-08T20:33:46","date_gmt":"2023-11-08T19:33:46","guid":{"rendered":"https:\/\/wp.kristdemokraterna.se\/dalarna\/?p=951"},"modified":"2024-03-03T20:34:21","modified_gmt":"2024-03-03T19:34:21","slug":"invigning-av-vardcentral-i-mora","status":"publish","type":"post","link":"https:\/\/wp.kristdemokraterna.se\/dalarna\/invigning-av-vardcentral-i-mora\/","title":{"rendered":"Invigning av v\u00e5rdcentral i Mora"},"content":{"rendered":"<p>Idag invigdes \u00e4ntligen den nya v\u00e5rdcentralen, och andra nya lokaler, vid Mora lasarett. Med p\u00e5 invigningen var bland annat regionr\u00e5d Birgitta Sacr\u00e9deus (KD), tillsammans med andra representanter fr\u00e5n Samling f\u00f6r Dalarna.<\/p>\n<p>Det var i augusti 2020 som nybyggnationen vid Mora Lasarett p\u00e5b\u00f6rjades efter m\u00e5nga \u00e5r av tr\u00e5ngboddhet och bristande lokaler. Nu \u00e4r nybyggnationen klar och innefattar tv\u00e5 nya byggnader med tillh\u00f6rande ny sjukhusentr\u00e9. I lokalerna kommer Mora V\u00e5rdcentral, habiliteringen och barn- och ungdomspsykiatrin vara verksamma.<\/p>\n<p>Nu f\u00e5r Mora \u00e4ntligen en v\u00e5rdcentral i anslutning till lasarettet. Det skapar s\u00e5 mycket b\u00e4ttre f\u00f6ruts\u00e4ttningar att kunna erbjuda befolkningen en god och sammanh\u00e5llen prim\u00e4rv\u00e5rd och en riktigt bra arbetsmilj\u00f6 f\u00f6r v\u00e5ra medarbetare.<\/p>\n<p>Stort tack till alla som har varit med och gjort detta m\u00f6jligt, och grattis till alla i Mora och hela norra Dalarna som nu f\u00e5r ta del av de nya lokalerna!<\/p>\n","protected":false},"excerpt":{"rendered":"<p>Idag invigdes \u00e4ntligen den nya v\u00e5rdcentralen, och andra nya lokaler, vid Mora lasarett. Med p\u00e5 invigningen var bland annat regionr\u00e5d Birgitta Sacr\u00e9deus (KD), tillsammans med andra representanter fr\u00e5n Samling f\u00f6r Dalarna. Det var i augusti 2020 som nybyggnationen vid Mora Lasarett p\u00e5b\u00f6rjades efter m\u00e5nga \u00e5r av tr\u00e5ngboddhet och bristande lokaler. Nu \u00e4r nybyggnationen klar och <a class=\"read-more-link\" href=\"https:\/\/wp.kristdemokraterna.se\/dalarna\/invigning-av-vardcentral-i-mora\/\">Read More<\/a><\/p>\n","protected":false},"author":958,"featured_media":0,"comment_status":"closed","ping_status":"closed","sticky":false,"template":"","format":"standard","meta":{"_acf_changed":false,"footnotes":""},"categories":[12],"tags":[],"class_list":["post-951","post","type-post","status-publish","format-standard","hentry","category-nyheter"],"acf":[],"yoast_head":"<!-- This site is optimized with the Yoast SEO plugin v27.5 - https:\/\/yoast.com\/product\/yoast-seo-wordpress\/ -->\n<title>Invigning av v\u00e5rdcentral i Mora - Kristdemokraterna Dalarna<\/title>\n<meta name=\"robots\" content=\"index, follow, max-snippet:-1, max-image-preview:large, max-video-preview:-1\" \/>\n<link rel=\"canonical\" href=\"https:\/\/wp.kristdemokraterna.se\/dalarna\/invigning-av-vardcentral-i-mora\/\" \/>\n<meta property=\"og:locale\" content=\"sv_SE\" \/>\n<meta property=\"og:type\" content=\"article\" \/>\n<meta property=\"og:title\" content=\"Invigning av v\u00e5rdcentral i Mora - Kristdemokraterna Dalarna\" \/>\n<meta property=\"og:description\" content=\"Idag invigdes \u00e4ntligen den nya v\u00e5rdcentralen, och andra nya lokaler, vid Mora lasarett. Med p\u00e5 invigningen var bland annat regionr\u00e5d Birgitta Sacr\u00e9deus (KD), tillsammans med andra representanter fr\u00e5n Samling f\u00f6r Dalarna. Det var i augusti 2020 som nybyggnationen vid Mora Lasarett p\u00e5b\u00f6rjades efter m\u00e5nga \u00e5r av tr\u00e5ngboddhet och bristande lokaler. Nu \u00e4r nybyggnationen klar och Read More\" \/>\n<meta property=\"og:url\" content=\"https:\/\/wp.kristdemokraterna.se\/dalarna\/invigning-av-vardcentral-i-mora\/\" \/>\n<meta property=\"og:site_name\" content=\"Kristdemokraterna Dalarna\" \/>\n<meta property=\"article:published_time\" content=\"2023-11-08T19:33:46+00:00\" \/>\n<meta property=\"article:modified_time\" content=\"2024-03-03T19:34:21+00:00\" \/>\n<meta name=\"author\" content=\"oliver\" \/>\n<meta name=\"twitter:card\" content=\"summary_large_image\" \/>\n<meta name=\"twitter:label1\" content=\"Skriven av\" \/>\n\t<meta name=\"twitter:data1\" content=\"oliver\" \/>\n\t<meta name=\"twitter:label2\" content=\"Ber\u00e4knad l\u00e4stid\" \/>\n\t<meta name=\"twitter:data2\" content=\"1 minut\" \/>\n<script type=\"application\/ld+json\" class=\"yoast-schema-graph\">{\"@context\":\"https:\\\/\\\/schema.org\",\"@graph\":[{\"@type\":\"Article\",\"@id\":\"https:\\\/\\\/wp.kristdemokraterna.se\\\/dalarna\\\/invigning-av-vardcentral-i-mora\\\/#article\",\"isPartOf\":{\"@id\":\"https:\\\/\\\/wp.kristdemokraterna.se\\\/dalarna\\\/invigning-av-vardcentral-i-mora\\\/\"},\"author\":{\"name\":\"oliver\",\"@id\":\"https:\\\/\\\/wp.kristdemokraterna.se\\\/dalarna\\\/#\\\/schema\\\/person\\\/7611175eb955130b2fc127e0992fdffc\"},\"headline\":\"Invigning av v\u00e5rdcentral i Mora\",\"datePublished\":\"2023-11-08T19:33:46+00:00\",\"dateModified\":\"2024-03-03T19:34:21+00:00\",\"mainEntityOfPage\":{\"@id\":\"https:\\\/\\\/wp.kristdemokraterna.se\\\/dalarna\\\/invigning-av-vardcentral-i-mora\\\/\"},\"wordCount\":167,\"publisher\":{\"@id\":\"https:\\\/\\\/wp.kristdemokraterna.se\\\/dalarna\\\/#organization\"},\"articleSection\":[\"Nyheter\"],\"inLanguage\":\"sv-SE\"},{\"@type\":\"WebPage\",\"@id\":\"https:\\\/\\\/wp.kristdemokraterna.se\\\/dalarna\\\/invigning-av-vardcentral-i-mora\\\/\",\"url\":\"https:\\\/\\\/wp.kristdemokraterna.se\\\/dalarna\\\/invigning-av-vardcentral-i-mora\\\/\",\"name\":\"Invigning av v\u00e5rdcentral i Mora - Kristdemokraterna Dalarna\",\"isPartOf\":{\"@id\":\"https:\\\/\\\/wp.kristdemokraterna.se\\\/dalarna\\\/#website\"},\"datePublished\":\"2023-11-08T19:33:46+00:00\",\"dateModified\":\"2024-03-03T19:34:21+00:00\",\"breadcrumb\":{\"@id\":\"https:\\\/\\\/wp.kristdemokraterna.se\\\/dalarna\\\/invigning-av-vardcentral-i-mora\\\/#breadcrumb\"},\"inLanguage\":\"sv-SE\",\"potentialAction\":[{\"@type\":\"ReadAction\",\"target\":[\"https:\\\/\\\/wp.kristdemokraterna.se\\\/dalarna\\\/invigning-av-vardcentral-i-mora\\\/\"]}]},{\"@type\":\"BreadcrumbList\",\"@id\":\"https:\\\/\\\/wp.kristdemokraterna.se\\\/dalarna\\\/invigning-av-vardcentral-i-mora\\\/#breadcrumb\",\"itemListElement\":[{\"@type\":\"ListItem\",\"position\":1,\"name\":\"Hem\",\"item\":\"https:\\\/\\\/wp.kristdemokraterna.se\\\/dalarna\\\/\"},{\"@type\":\"ListItem\",\"position\":2,\"name\":\"Invigning av v\u00e5rdcentral i Mora\"}]},{\"@type\":\"WebSite\",\"@id\":\"https:\\\/\\\/wp.kristdemokraterna.se\\\/dalarna\\\/#website\",\"url\":\"https:\\\/\\\/wp.kristdemokraterna.se\\\/dalarna\\\/\",\"name\":\"Kristdemokraterna Dalarna\",\"description\":\"\",\"publisher\":{\"@id\":\"https:\\\/\\\/wp.kristdemokraterna.se\\\/dalarna\\\/#organization\"},\"inLanguage\":\"sv-SE\"},{\"@type\":\"Organization\",\"@id\":\"https:\\\/\\\/wp.kristdemokraterna.se\\\/dalarna\\\/#organization\",\"name\":\"Kristdemokraterna Dalarna\",\"url\":\"https:\\\/\\\/wp.kristdemokraterna.se\\\/dalarna\\\/\",\"logo\":{\"@type\":\"ImageObject\",\"inLanguage\":\"sv-SE\",\"@id\":\"https:\\\/\\\/wp.kristdemokraterna.se\\\/dalarna\\\/#\\\/schema\\\/logo\\\/image\\\/\",\"url\":\"https:\\\/\\\/wp.kristdemokraterna.se\\\/dalarna\\\/files\\\/2022\\\/08\\\/dalarna-sida-bla-300dpi.png\",\"contentUrl\":\"https:\\\/\\\/wp.kristdemokraterna.se\\\/dalarna\\\/files\\\/2022\\\/08\\\/dalarna-sida-bla-300dpi.png\",\"width\":1477,\"height\":681,\"caption\":\"Kristdemokraterna Dalarna\"},\"image\":{\"@id\":\"https:\\\/\\\/wp.kristdemokraterna.se\\\/dalarna\\\/#\\\/schema\\\/logo\\\/image\\\/\"}},{\"@type\":\"Person\",\"@id\":\"https:\\\/\\\/wp.kristdemokraterna.se\\\/dalarna\\\/#\\\/schema\\\/person\\\/7611175eb955130b2fc127e0992fdffc\",\"name\":\"oliver\",\"image\":{\"@type\":\"ImageObject\",\"inLanguage\":\"sv-SE\",\"@id\":\"https:\\\/\\\/secure.gravatar.com\\\/avatar\\\/bf91bfa2870e8b9c37378dca6b35b68f39af1750e31e39ac91e8ffb52bcdde21?s=96&r=g\",\"url\":\"https:\\\/\\\/secure.gravatar.com\\\/avatar\\\/bf91bfa2870e8b9c37378dca6b35b68f39af1750e31e39ac91e8ffb52bcdde21?s=96&r=g\",\"contentUrl\":\"https:\\\/\\\/secure.gravatar.com\\\/avatar\\\/bf91bfa2870e8b9c37378dca6b35b68f39af1750e31e39ac91e8ffb52bcdde21?s=96&r=g\",\"caption\":\"oliver\"},\"url\":\"https:\\\/\\\/wp.kristdemokraterna.se\\\/dalarna\\\/author\\\/oliver\\\/\"}]}<\/script>\n<!-- \/ Yoast SEO plugin. -->","yoast_head_json":{"title":"Invigning av v\u00e5rdcentral i Mora - Kristdemokraterna Dalarna","robots":{"index":"index","follow":"follow","max-snippet":"max-snippet:-1","max-image-preview":"max-image-preview:large","max-video-preview":"max-video-preview:-1"},"canonical":"https:\/\/wp.kristdemokraterna.se\/dalarna\/invigning-av-vardcentral-i-mora\/","og_locale":"sv_SE","og_type":"article","og_title":"Invigning av v\u00e5rdcentral i Mora - Kristdemokraterna Dalarna","og_description":"Idag invigdes \u00e4ntligen den nya v\u00e5rdcentralen, och andra nya lokaler, vid Mora lasarett. Med p\u00e5 invigningen var bland annat regionr\u00e5d Birgitta Sacr\u00e9deus (KD), tillsammans med andra representanter fr\u00e5n Samling f\u00f6r Dalarna. Det var i augusti 2020 som nybyggnationen vid Mora Lasarett p\u00e5b\u00f6rjades efter m\u00e5nga \u00e5r av tr\u00e5ngboddhet och bristande lokaler. Nu \u00e4r nybyggnationen klar och Read More","og_url":"https:\/\/wp.kristdemokraterna.se\/dalarna\/invigning-av-vardcentral-i-mora\/","og_site_name":"Kristdemokraterna Dalarna","article_published_time":"2023-11-08T19:33:46+00:00","article_modified_time":"2024-03-03T19:34:21+00:00","author":"oliver","twitter_card":"summary_large_image","twitter_misc":{"Skriven av":"oliver","Ber\u00e4knad l\u00e4stid":"1 minut"},"schema":{"@context":"https:\/\/schema.org","@graph":[{"@type":"Article","@id":"https:\/\/wp.kristdemokraterna.se\/dalarna\/invigning-av-vardcentral-i-mora\/#article","isPartOf":{"@id":"https:\/\/wp.kristdemokraterna.se\/dalarna\/invigning-av-vardcentral-i-mora\/"},"author":{"name":"oliver","@id":"https:\/\/wp.kristdemokraterna.se\/dalarna\/#\/schema\/person\/7611175eb955130b2fc127e0992fdffc"},"headline":"Invigning av v\u00e5rdcentral i Mora","datePublished":"2023-11-08T19:33:46+00:00","dateModified":"2024-03-03T19:34:21+00:00","mainEntityOfPage":{"@id":"https:\/\/wp.kristdemokraterna.se\/dalarna\/invigning-av-vardcentral-i-mora\/"},"wordCount":167,"publisher":{"@id":"https:\/\/wp.kristdemokraterna.se\/dalarna\/#organization"},"articleSection":["Nyheter"],"inLanguage":"sv-SE"},{"@type":"WebPage","@id":"https:\/\/wp.kristdemokraterna.se\/dalarna\/invigning-av-vardcentral-i-mora\/","url":"https:\/\/wp.kristdemokraterna.se\/dalarna\/invigning-av-vardcentral-i-mora\/","name":"Invigning av v\u00e5rdcentral i Mora - Kristdemokraterna Dalarna","isPartOf":{"@id":"https:\/\/wp.kristdemokraterna.se\/dalarna\/#website"},"datePublished":"2023-11-08T19:33:46+00:00","dateModified":"2024-03-03T19:34:21+00:00","breadcrumb":{"@id":"https:\/\/wp.kristdemokraterna.se\/dalarna\/invigning-av-vardcentral-i-mora\/#breadcrumb"},"inLanguage":"sv-SE","potentialAction":[{"@type":"ReadAction","target":["https:\/\/wp.kristdemokraterna.se\/dalarna\/invigning-av-vardcentral-i-mora\/"]}]},{"@type":"BreadcrumbList","@id":"https:\/\/wp.kristdemokraterna.se\/dalarna\/invigning-av-vardcentral-i-mora\/#breadcrumb","itemListElement":[{"@type":"ListItem","position":1,"name":"Hem","item":"https:\/\/wp.kristdemokraterna.se\/dalarna\/"},{"@type":"ListItem","position":2,"name":"Invigning av v\u00e5rdcentral i Mora"}]},{"@type":"WebSite","@id":"https:\/\/wp.kristdemokraterna.se\/dalarna\/#website","url":"https:\/\/wp.kristdemokraterna.se\/dalarna\/","name":"Kristdemokraterna Dalarna","description":"","publisher":{"@id":"https:\/\/wp.kristdemokraterna.se\/dalarna\/#organization"},"inLanguage":"sv-SE"},{"@type":"Organization","@id":"https:\/\/wp.kristdemokraterna.se\/dalarna\/#organization","name":"Kristdemokraterna Dalarna","url":"https:\/\/wp.kristdemokraterna.se\/dalarna\/","logo":{"@type":"ImageObject","inLanguage":"sv-SE","@id":"https:\/\/wp.kristdemokraterna.se\/dalarna\/#\/schema\/logo\/image\/","url":"https:\/\/wp.kristdemokraterna.se\/dalarna\/files\/2022\/08\/dalarna-sida-bla-300dpi.png","contentUrl":"https:\/\/wp.kristdemokraterna.se\/dalarna\/files\/2022\/08\/dalarna-sida-bla-300dpi.png","width":1477,"height":681,"caption":"Kristdemokraterna Dalarna"},"image":{"@id":"https:\/\/wp.kristdemokraterna.se\/dalarna\/#\/schema\/logo\/image\/"}},{"@type":"Person","@id":"https:\/\/wp.kristdemokraterna.se\/dalarna\/#\/schema\/person\/7611175eb955130b2fc127e0992fdffc","name":"oliver","image":{"@type":"ImageObject","inLanguage":"sv-SE","@id":"https:\/\/secure.gravatar.com\/avatar\/bf91bfa2870e8b9c37378dca6b35b68f39af1750e31e39ac91e8ffb52bcdde21?s=96&r=g","url":"https:\/\/secure.gravatar.com\/avatar\/bf91bfa2870e8b9c37378dca6b35b68f39af1750e31e39ac91e8ffb52bcdde21?s=96&r=g","contentUrl":"https:\/\/secure.gravatar.com\/avatar\/bf91bfa2870e8b9c37378dca6b35b68f39af1750e31e39ac91e8ffb52bcdde21?s=96&r=g","caption":"oliver"},"url":"https:\/\/wp.kristdemokraterna.se\/dalarna\/author\/oliver\/"}]}},"_links":{"self":[{"href":"https:\/\/wp.kristdemokraterna.se\/dalarna\/wp-json\/wp\/v2\/posts\/951","targetHints":{"allow":["GET"]}}],"collection":[{"href":"https:\/\/wp.kristdemokraterna.se\/dalarna\/wp-json\/wp\/v2\/posts"}],"about":[{"href":"https:\/\/wp.kristdemokraterna.se\/dalarna\/wp-json\/wp\/v2\/types\/post"}],"author":[{"embeddable":true,"href":"https:\/\/wp.kristdemokraterna.se\/dalarna\/wp-json\/wp\/v2\/users\/958"}],"replies":[{"embeddable":true,"href":"https:\/\/wp.kristdemokraterna.se\/dalarna\/wp-json\/wp\/v2\/comments?post=951"}],"version-history":[{"count":1,"href":"https:\/\/wp.kristdemokraterna.se\/dalarna\/wp-json\/wp\/v2\/posts\/951\/revisions"}],"predecessor-version":[{"id":952,"href":"https:\/\/wp.kristdemokraterna.se\/dalarna\/wp-json\/wp\/v2\/posts\/951\/revisions\/952"}],"wp:attachment":[{"href":"https:\/\/wp.kristdemokraterna.se\/dalarna\/wp-json\/wp\/v2\/media?parent=951"}],"wp:term":[{"taxonomy":"category","embeddable":true,"href":"https:\/\/wp.kristdemokraterna.se\/dalarna\/wp-json\/wp\/v2\/categories?post=951"},{"taxonomy":"post_tag","embeddable":true,"href":"https:\/\/wp.kristdemokraterna.se\/dalarna\/wp-json\/wp\/v2\/tags?post=951"}],"curies":[{"name":"wp","href":"https:\/\/api.w.org\/{rel}","templated":true}]}}