{"id":953,"date":"2023-11-13T20:34:34","date_gmt":"2023-11-13T19:34:34","guid":{"rendered":"https:\/\/wp.kristdemokraterna.se\/dalarna\/?p=953"},"modified":"2024-03-03T20:35:25","modified_gmt":"2024-03-03T19:35:25","slug":"dalarnas-kristdemokrater-pa-riksting-i-helsingborg","status":"publish","type":"post","link":"https:\/\/wp.kristdemokraterna.se\/dalarna\/dalarnas-kristdemokrater-pa-riksting-i-helsingborg\/","title":{"rendered":"Dalarnas kristdemokrater p\u00e5 riksting i Helsingborg"},"content":{"rendered":"<p>I helgen samlades hundratals kristdemokrater p\u00e5 partiets riksting i Helsingborg, d\u00e4ribland tolv ombud och ers\u00e4ttare fr\u00e5n Dalarna. Samtliga var uppe i talarstolen under de tre dagar l\u00e5nga f\u00f6rhandlingarna.<\/p>\n<p>N\u00e5gra beslut i korthet:<br \/>\n<span class=\"x3nfvp2 x1j61x8r x1fcty0u xdj266r xhhsvwb xat24cr xgzva0m xxymvpz xlup9mm x1kky2od\"><img loading=\"lazy\" decoding=\"async\" class=\"xz74otr\" src=\"https:\/\/static.xx.fbcdn.net\/images\/emoji.php\/v9\/tb4\/2\/16\/2705.png\" alt=\"\u2705\" width=\"16\" height=\"16\" \/><\/span> Dalarnas Birgitta Sacr\u00e9deus omvald till partistyrelsen<br \/>\n<span class=\"x3nfvp2 x1j61x8r x1fcty0u xdj266r xhhsvwb xat24cr xgzva0m xxymvpz xlup9mm x1kky2od\"><img loading=\"lazy\" decoding=\"async\" class=\"xz74otr\" src=\"https:\/\/static.xx.fbcdn.net\/images\/emoji.php\/v9\/tb4\/2\/16\/2705.png\" alt=\"\u2705\" width=\"16\" height=\"16\" \/><\/span> Dalarnas Torsten Larsson forts\u00e4tter leda valberedningen f\u00f6r KD-riks<br \/>\n<span class=\"x3nfvp2 x1j61x8r x1fcty0u xdj266r xhhsvwb xat24cr xgzva0m xxymvpz xlup9mm x1kky2od\"><img loading=\"lazy\" decoding=\"async\" class=\"xz74otr\" src=\"https:\/\/static.xx.fbcdn.net\/images\/emoji.php\/v9\/tb4\/2\/16\/2705.png\" alt=\"\u2705\" width=\"16\" height=\"16\" \/><\/span> Nytt familjepolitiskt program beslutat, inklusive fri och f\u00f6rl\u00e4ngd f\u00f6r\u00e4ldraf\u00f6rs\u00e4kring<\/p>\n<p>&#8211; V\u00e5rt arbete f\u00f6r att m\u00f6jligg\u00f6ra mer tid f\u00f6r barnen genom f\u00f6rl\u00e4ngd f\u00f6r\u00e4ldraf\u00f6rs\u00e4kring fr\u00e5n 390 till 570 dagar och att g\u00f6ra den helt fri fr\u00e5n kvoterade m\u00e5nader r\u00f6nte extra framg\u00e5ng n\u00e4r det nu blev partiets linje, s\u00e4ger dalaombuden.<\/p>\n","protected":false},"excerpt":{"rendered":"<p>I helgen samlades hundratals kristdemokrater p\u00e5 partiets riksting i Helsingborg, d\u00e4ribland tolv ombud och ers\u00e4ttare fr\u00e5n Dalarna. Samtliga var uppe i talarstolen under de tre dagar l\u00e5nga f\u00f6rhandlingarna. N\u00e5gra beslut i korthet: Dalarnas Birgitta Sacr\u00e9deus omvald till partistyrelsen Dalarnas Torsten Larsson forts\u00e4tter leda valberedningen f\u00f6r KD-riks Nytt familjepolitiskt program beslutat, inklusive fri och f\u00f6rl\u00e4ngd f\u00f6r\u00e4ldraf\u00f6rs\u00e4kring <a class=\"read-more-link\" href=\"https:\/\/wp.kristdemokraterna.se\/dalarna\/dalarnas-kristdemokrater-pa-riksting-i-helsingborg\/\">Read More<\/a><\/p>\n","protected":false},"author":958,"featured_media":0,"comment_status":"closed","ping_status":"closed","sticky":false,"template":"","format":"standard","meta":{"_acf_changed":false,"footnotes":""},"categories":[12],"tags":[],"class_list":["post-953","post","type-post","status-publish","format-standard","hentry","category-nyheter"],"acf":[],"yoast_head":"<!-- This site is optimized with the Yoast SEO plugin v27.5 - https:\/\/yoast.com\/product\/yoast-seo-wordpress\/ -->\n<title>Dalarnas kristdemokrater p\u00e5 riksting i Helsingborg - Kristdemokraterna Dalarna<\/title>\n<meta name=\"robots\" content=\"index, follow, max-snippet:-1, max-image-preview:large, max-video-preview:-1\" \/>\n<link rel=\"canonical\" href=\"https:\/\/wp.kristdemokraterna.se\/dalarna\/dalarnas-kristdemokrater-pa-riksting-i-helsingborg\/\" \/>\n<meta property=\"og:locale\" content=\"sv_SE\" \/>\n<meta property=\"og:type\" content=\"article\" \/>\n<meta property=\"og:title\" content=\"Dalarnas kristdemokrater p\u00e5 riksting i Helsingborg - Kristdemokraterna Dalarna\" \/>\n<meta property=\"og:description\" content=\"I helgen samlades hundratals kristdemokrater p\u00e5 partiets riksting i Helsingborg, d\u00e4ribland tolv ombud och ers\u00e4ttare fr\u00e5n Dalarna. Samtliga var uppe i talarstolen under de tre dagar l\u00e5nga f\u00f6rhandlingarna. N\u00e5gra beslut i korthet: Dalarnas Birgitta Sacr\u00e9deus omvald till partistyrelsen Dalarnas Torsten Larsson forts\u00e4tter leda valberedningen f\u00f6r KD-riks Nytt familjepolitiskt program beslutat, inklusive fri och f\u00f6rl\u00e4ngd f\u00f6r\u00e4ldraf\u00f6rs\u00e4kring Read More\" \/>\n<meta property=\"og:url\" content=\"https:\/\/wp.kristdemokraterna.se\/dalarna\/dalarnas-kristdemokrater-pa-riksting-i-helsingborg\/\" \/>\n<meta property=\"og:site_name\" content=\"Kristdemokraterna Dalarna\" \/>\n<meta property=\"article:published_time\" content=\"2023-11-13T19:34:34+00:00\" \/>\n<meta property=\"article:modified_time\" content=\"2024-03-03T19:35:25+00:00\" \/>\n<meta property=\"og:image\" content=\"https:\/\/static.xx.fbcdn.net\/images\/emoji.php\/v9\/tb4\/2\/16\/2705.png\" \/>\n<meta name=\"author\" content=\"oliver\" \/>\n<meta name=\"twitter:card\" content=\"summary_large_image\" \/>\n<meta name=\"twitter:label1\" content=\"Skriven av\" \/>\n\t<meta name=\"twitter:data1\" content=\"oliver\" \/>\n\t<meta name=\"twitter:label2\" content=\"Ber\u00e4knad l\u00e4stid\" \/>\n\t<meta name=\"twitter:data2\" content=\"2 minuter\" \/>\n<script type=\"application\/ld+json\" class=\"yoast-schema-graph\">{\"@context\":\"https:\\\/\\\/schema.org\",\"@graph\":[{\"@type\":\"Article\",\"@id\":\"https:\\\/\\\/wp.kristdemokraterna.se\\\/dalarna\\\/dalarnas-kristdemokrater-pa-riksting-i-helsingborg\\\/#article\",\"isPartOf\":{\"@id\":\"https:\\\/\\\/wp.kristdemokraterna.se\\\/dalarna\\\/dalarnas-kristdemokrater-pa-riksting-i-helsingborg\\\/\"},\"author\":{\"name\":\"oliver\",\"@id\":\"https:\\\/\\\/wp.kristdemokraterna.se\\\/dalarna\\\/#\\\/schema\\\/person\\\/7611175eb955130b2fc127e0992fdffc\"},\"headline\":\"Dalarnas kristdemokrater p\u00e5 riksting i Helsingborg\",\"datePublished\":\"2023-11-13T19:34:34+00:00\",\"dateModified\":\"2024-03-03T19:35:25+00:00\",\"mainEntityOfPage\":{\"@id\":\"https:\\\/\\\/wp.kristdemokraterna.se\\\/dalarna\\\/dalarnas-kristdemokrater-pa-riksting-i-helsingborg\\\/\"},\"wordCount\":131,\"publisher\":{\"@id\":\"https:\\\/\\\/wp.kristdemokraterna.se\\\/dalarna\\\/#organization\"},\"image\":{\"@id\":\"https:\\\/\\\/wp.kristdemokraterna.se\\\/dalarna\\\/dalarnas-kristdemokrater-pa-riksting-i-helsingborg\\\/#primaryimage\"},\"thumbnailUrl\":\"https:\\\/\\\/static.xx.fbcdn.net\\\/images\\\/emoji.php\\\/v9\\\/tb4\\\/2\\\/16\\\/2705.png\",\"articleSection\":[\"Nyheter\"],\"inLanguage\":\"sv-SE\"},{\"@type\":\"WebPage\",\"@id\":\"https:\\\/\\\/wp.kristdemokraterna.se\\\/dalarna\\\/dalarnas-kristdemokrater-pa-riksting-i-helsingborg\\\/\",\"url\":\"https:\\\/\\\/wp.kristdemokraterna.se\\\/dalarna\\\/dalarnas-kristdemokrater-pa-riksting-i-helsingborg\\\/\",\"name\":\"Dalarnas kristdemokrater p\u00e5 riksting i Helsingborg - Kristdemokraterna Dalarna\",\"isPartOf\":{\"@id\":\"https:\\\/\\\/wp.kristdemokraterna.se\\\/dalarna\\\/#website\"},\"primaryImageOfPage\":{\"@id\":\"https:\\\/\\\/wp.kristdemokraterna.se\\\/dalarna\\\/dalarnas-kristdemokrater-pa-riksting-i-helsingborg\\\/#primaryimage\"},\"image\":{\"@id\":\"https:\\\/\\\/wp.kristdemokraterna.se\\\/dalarna\\\/dalarnas-kristdemokrater-pa-riksting-i-helsingborg\\\/#primaryimage\"},\"thumbnailUrl\":\"https:\\\/\\\/static.xx.fbcdn.net\\\/images\\\/emoji.php\\\/v9\\\/tb4\\\/2\\\/16\\\/2705.png\",\"datePublished\":\"2023-11-13T19:34:34+00:00\",\"dateModified\":\"2024-03-03T19:35:25+00:00\",\"breadcrumb\":{\"@id\":\"https:\\\/\\\/wp.kristdemokraterna.se\\\/dalarna\\\/dalarnas-kristdemokrater-pa-riksting-i-helsingborg\\\/#breadcrumb\"},\"inLanguage\":\"sv-SE\",\"potentialAction\":[{\"@type\":\"ReadAction\",\"target\":[\"https:\\\/\\\/wp.kristdemokraterna.se\\\/dalarna\\\/dalarnas-kristdemokrater-pa-riksting-i-helsingborg\\\/\"]}]},{\"@type\":\"ImageObject\",\"inLanguage\":\"sv-SE\",\"@id\":\"https:\\\/\\\/wp.kristdemokraterna.se\\\/dalarna\\\/dalarnas-kristdemokrater-pa-riksting-i-helsingborg\\\/#primaryimage\",\"url\":\"https:\\\/\\\/static.xx.fbcdn.net\\\/images\\\/emoji.php\\\/v9\\\/tb4\\\/2\\\/16\\\/2705.png\",\"contentUrl\":\"https:\\\/\\\/static.xx.fbcdn.net\\\/images\\\/emoji.php\\\/v9\\\/tb4\\\/2\\\/16\\\/2705.png\"},{\"@type\":\"BreadcrumbList\",\"@id\":\"https:\\\/\\\/wp.kristdemokraterna.se\\\/dalarna\\\/dalarnas-kristdemokrater-pa-riksting-i-helsingborg\\\/#breadcrumb\",\"itemListElement\":[{\"@type\":\"ListItem\",\"position\":1,\"name\":\"Hem\",\"item\":\"https:\\\/\\\/wp.kristdemokraterna.se\\\/dalarna\\\/\"},{\"@type\":\"ListItem\",\"position\":2,\"name\":\"Dalarnas kristdemokrater p\u00e5 riksting i Helsingborg\"}]},{\"@type\":\"WebSite\",\"@id\":\"https:\\\/\\\/wp.kristdemokraterna.se\\\/dalarna\\\/#website\",\"url\":\"https:\\\/\\\/wp.kristdemokraterna.se\\\/dalarna\\\/\",\"name\":\"Kristdemokraterna Dalarna\",\"description\":\"\",\"publisher\":{\"@id\":\"https:\\\/\\\/wp.kristdemokraterna.se\\\/dalarna\\\/#organization\"},\"inLanguage\":\"sv-SE\"},{\"@type\":\"Organization\",\"@id\":\"https:\\\/\\\/wp.kristdemokraterna.se\\\/dalarna\\\/#organization\",\"name\":\"Kristdemokraterna Dalarna\",\"url\":\"https:\\\/\\\/wp.kristdemokraterna.se\\\/dalarna\\\/\",\"logo\":{\"@type\":\"ImageObject\",\"inLanguage\":\"sv-SE\",\"@id\":\"https:\\\/\\\/wp.kristdemokraterna.se\\\/dalarna\\\/#\\\/schema\\\/logo\\\/image\\\/\",\"url\":\"https:\\\/\\\/wp.kristdemokraterna.se\\\/dalarna\\\/files\\\/2022\\\/08\\\/dalarna-sida-bla-300dpi.png\",\"contentUrl\":\"https:\\\/\\\/wp.kristdemokraterna.se\\\/dalarna\\\/files\\\/2022\\\/08\\\/dalarna-sida-bla-300dpi.png\",\"width\":1477,\"height\":681,\"caption\":\"Kristdemokraterna Dalarna\"},\"image\":{\"@id\":\"https:\\\/\\\/wp.kristdemokraterna.se\\\/dalarna\\\/#\\\/schema\\\/logo\\\/image\\\/\"}},{\"@type\":\"Person\",\"@id\":\"https:\\\/\\\/wp.kristdemokraterna.se\\\/dalarna\\\/#\\\/schema\\\/person\\\/7611175eb955130b2fc127e0992fdffc\",\"name\":\"oliver\",\"image\":{\"@type\":\"ImageObject\",\"inLanguage\":\"sv-SE\",\"@id\":\"https:\\\/\\\/secure.gravatar.com\\\/avatar\\\/bf91bfa2870e8b9c37378dca6b35b68f39af1750e31e39ac91e8ffb52bcdde21?s=96&r=g\",\"url\":\"https:\\\/\\\/secure.gravatar.com\\\/avatar\\\/bf91bfa2870e8b9c37378dca6b35b68f39af1750e31e39ac91e8ffb52bcdde21?s=96&r=g\",\"contentUrl\":\"https:\\\/\\\/secure.gravatar.com\\\/avatar\\\/bf91bfa2870e8b9c37378dca6b35b68f39af1750e31e39ac91e8ffb52bcdde21?s=96&r=g\",\"caption\":\"oliver\"},\"url\":\"https:\\\/\\\/wp.kristdemokraterna.se\\\/dalarna\\\/author\\\/oliver\\\/\"}]}<\/script>\n<!-- \/ Yoast SEO plugin. -->","yoast_head_json":{"title":"Dalarnas kristdemokrater p\u00e5 riksting i Helsingborg - Kristdemokraterna Dalarna","robots":{"index":"index","follow":"follow","max-snippet":"max-snippet:-1","max-image-preview":"max-image-preview:large","max-video-preview":"max-video-preview:-1"},"canonical":"https:\/\/wp.kristdemokraterna.se\/dalarna\/dalarnas-kristdemokrater-pa-riksting-i-helsingborg\/","og_locale":"sv_SE","og_type":"article","og_title":"Dalarnas kristdemokrater p\u00e5 riksting i Helsingborg - Kristdemokraterna Dalarna","og_description":"I helgen samlades hundratals kristdemokrater p\u00e5 partiets riksting i Helsingborg, d\u00e4ribland tolv ombud och ers\u00e4ttare fr\u00e5n Dalarna. Samtliga var uppe i talarstolen under de tre dagar l\u00e5nga f\u00f6rhandlingarna. N\u00e5gra beslut i korthet: Dalarnas Birgitta Sacr\u00e9deus omvald till partistyrelsen Dalarnas Torsten Larsson forts\u00e4tter leda valberedningen f\u00f6r KD-riks Nytt familjepolitiskt program beslutat, inklusive fri och f\u00f6rl\u00e4ngd f\u00f6r\u00e4ldraf\u00f6rs\u00e4kring Read More","og_url":"https:\/\/wp.kristdemokraterna.se\/dalarna\/dalarnas-kristdemokrater-pa-riksting-i-helsingborg\/","og_site_name":"Kristdemokraterna Dalarna","article_published_time":"2023-11-13T19:34:34+00:00","article_modified_time":"2024-03-03T19:35:25+00:00","og_image":[{"url":"https:\/\/static.xx.fbcdn.net\/images\/emoji.php\/v9\/tb4\/2\/16\/2705.png","type":"","width":"","height":""}],"author":"oliver","twitter_card":"summary_large_image","twitter_misc":{"Skriven av":"oliver","Ber\u00e4knad l\u00e4stid":"2 minuter"},"schema":{"@context":"https:\/\/schema.org","@graph":[{"@type":"Article","@id":"https:\/\/wp.kristdemokraterna.se\/dalarna\/dalarnas-kristdemokrater-pa-riksting-i-helsingborg\/#article","isPartOf":{"@id":"https:\/\/wp.kristdemokraterna.se\/dalarna\/dalarnas-kristdemokrater-pa-riksting-i-helsingborg\/"},"author":{"name":"oliver","@id":"https:\/\/wp.kristdemokraterna.se\/dalarna\/#\/schema\/person\/7611175eb955130b2fc127e0992fdffc"},"headline":"Dalarnas kristdemokrater p\u00e5 riksting i Helsingborg","datePublished":"2023-11-13T19:34:34+00:00","dateModified":"2024-03-03T19:35:25+00:00","mainEntityOfPage":{"@id":"https:\/\/wp.kristdemokraterna.se\/dalarna\/dalarnas-kristdemokrater-pa-riksting-i-helsingborg\/"},"wordCount":131,"publisher":{"@id":"https:\/\/wp.kristdemokraterna.se\/dalarna\/#organization"},"image":{"@id":"https:\/\/wp.kristdemokraterna.se\/dalarna\/dalarnas-kristdemokrater-pa-riksting-i-helsingborg\/#primaryimage"},"thumbnailUrl":"https:\/\/static.xx.fbcdn.net\/images\/emoji.php\/v9\/tb4\/2\/16\/2705.png","articleSection":["Nyheter"],"inLanguage":"sv-SE"},{"@type":"WebPage","@id":"https:\/\/wp.kristdemokraterna.se\/dalarna\/dalarnas-kristdemokrater-pa-riksting-i-helsingborg\/","url":"https:\/\/wp.kristdemokraterna.se\/dalarna\/dalarnas-kristdemokrater-pa-riksting-i-helsingborg\/","name":"Dalarnas kristdemokrater p\u00e5 riksting i Helsingborg - Kristdemokraterna Dalarna","isPartOf":{"@id":"https:\/\/wp.kristdemokraterna.se\/dalarna\/#website"},"primaryImageOfPage":{"@id":"https:\/\/wp.kristdemokraterna.se\/dalarna\/dalarnas-kristdemokrater-pa-riksting-i-helsingborg\/#primaryimage"},"image":{"@id":"https:\/\/wp.kristdemokraterna.se\/dalarna\/dalarnas-kristdemokrater-pa-riksting-i-helsingborg\/#primaryimage"},"thumbnailUrl":"https:\/\/static.xx.fbcdn.net\/images\/emoji.php\/v9\/tb4\/2\/16\/2705.png","datePublished":"2023-11-13T19:34:34+00:00","dateModified":"2024-03-03T19:35:25+00:00","breadcrumb":{"@id":"https:\/\/wp.kristdemokraterna.se\/dalarna\/dalarnas-kristdemokrater-pa-riksting-i-helsingborg\/#breadcrumb"},"inLanguage":"sv-SE","potentialAction":[{"@type":"ReadAction","target":["https:\/\/wp.kristdemokraterna.se\/dalarna\/dalarnas-kristdemokrater-pa-riksting-i-helsingborg\/"]}]},{"@type":"ImageObject","inLanguage":"sv-SE","@id":"https:\/\/wp.kristdemokraterna.se\/dalarna\/dalarnas-kristdemokrater-pa-riksting-i-helsingborg\/#primaryimage","url":"https:\/\/static.xx.fbcdn.net\/images\/emoji.php\/v9\/tb4\/2\/16\/2705.png","contentUrl":"https:\/\/static.xx.fbcdn.net\/images\/emoji.php\/v9\/tb4\/2\/16\/2705.png"},{"@type":"BreadcrumbList","@id":"https:\/\/wp.kristdemokraterna.se\/dalarna\/dalarnas-kristdemokrater-pa-riksting-i-helsingborg\/#breadcrumb","itemListElement":[{"@type":"ListItem","position":1,"name":"Hem","item":"https:\/\/wp.kristdemokraterna.se\/dalarna\/"},{"@type":"ListItem","position":2,"name":"Dalarnas kristdemokrater p\u00e5 riksting i Helsingborg"}]},{"@type":"WebSite","@id":"https:\/\/wp.kristdemokraterna.se\/dalarna\/#website","url":"https:\/\/wp.kristdemokraterna.se\/dalarna\/","name":"Kristdemokraterna Dalarna","description":"","publisher":{"@id":"https:\/\/wp.kristdemokraterna.se\/dalarna\/#organization"},"inLanguage":"sv-SE"},{"@type":"Organization","@id":"https:\/\/wp.kristdemokraterna.se\/dalarna\/#organization","name":"Kristdemokraterna Dalarna","url":"https:\/\/wp.kristdemokraterna.se\/dalarna\/","logo":{"@type":"ImageObject","inLanguage":"sv-SE","@id":"https:\/\/wp.kristdemokraterna.se\/dalarna\/#\/schema\/logo\/image\/","url":"https:\/\/wp.kristdemokraterna.se\/dalarna\/files\/2022\/08\/dalarna-sida-bla-300dpi.png","contentUrl":"https:\/\/wp.kristdemokraterna.se\/dalarna\/files\/2022\/08\/dalarna-sida-bla-300dpi.png","width":1477,"height":681,"caption":"Kristdemokraterna Dalarna"},"image":{"@id":"https:\/\/wp.kristdemokraterna.se\/dalarna\/#\/schema\/logo\/image\/"}},{"@type":"Person","@id":"https:\/\/wp.kristdemokraterna.se\/dalarna\/#\/schema\/person\/7611175eb955130b2fc127e0992fdffc","name":"oliver","image":{"@type":"ImageObject","inLanguage":"sv-SE","@id":"https:\/\/secure.gravatar.com\/avatar\/bf91bfa2870e8b9c37378dca6b35b68f39af1750e31e39ac91e8ffb52bcdde21?s=96&r=g","url":"https:\/\/secure.gravatar.com\/avatar\/bf91bfa2870e8b9c37378dca6b35b68f39af1750e31e39ac91e8ffb52bcdde21?s=96&r=g","contentUrl":"https:\/\/secure.gravatar.com\/avatar\/bf91bfa2870e8b9c37378dca6b35b68f39af1750e31e39ac91e8ffb52bcdde21?s=96&r=g","caption":"oliver"},"url":"https:\/\/wp.kristdemokraterna.se\/dalarna\/author\/oliver\/"}]}},"_links":{"self":[{"href":"https:\/\/wp.kristdemokraterna.se\/dalarna\/wp-json\/wp\/v2\/posts\/953","targetHints":{"allow":["GET"]}}],"collection":[{"href":"https:\/\/wp.kristdemokraterna.se\/dalarna\/wp-json\/wp\/v2\/posts"}],"about":[{"href":"https:\/\/wp.kristdemokraterna.se\/dalarna\/wp-json\/wp\/v2\/types\/post"}],"author":[{"embeddable":true,"href":"https:\/\/wp.kristdemokraterna.se\/dalarna\/wp-json\/wp\/v2\/users\/958"}],"replies":[{"embeddable":true,"href":"https:\/\/wp.kristdemokraterna.se\/dalarna\/wp-json\/wp\/v2\/comments?post=953"}],"version-history":[{"count":1,"href":"https:\/\/wp.kristdemokraterna.se\/dalarna\/wp-json\/wp\/v2\/posts\/953\/revisions"}],"predecessor-version":[{"id":954,"href":"https:\/\/wp.kristdemokraterna.se\/dalarna\/wp-json\/wp\/v2\/posts\/953\/revisions\/954"}],"wp:attachment":[{"href":"https:\/\/wp.kristdemokraterna.se\/dalarna\/wp-json\/wp\/v2\/media?parent=953"}],"wp:term":[{"taxonomy":"category","embeddable":true,"href":"https:\/\/wp.kristdemokraterna.se\/dalarna\/wp-json\/wp\/v2\/categories?post=953"},{"taxonomy":"post_tag","embeddable":true,"href":"https:\/\/wp.kristdemokraterna.se\/dalarna\/wp-json\/wp\/v2\/tags?post=953"}],"curies":[{"name":"wp","href":"https:\/\/api.w.org\/{rel}","templated":true}]}}