{"id":957,"date":"2024-01-22T20:37:06","date_gmt":"2024-01-22T19:37:06","guid":{"rendered":"https:\/\/wp.kristdemokraterna.se\/dalarna\/?p=957"},"modified":"2024-03-03T20:38:01","modified_gmt":"2024-03-03T19:38:01","slug":"ett-ar-med-samling-for-dalarna","status":"publish","type":"post","link":"https:\/\/wp.kristdemokraterna.se\/dalarna\/ett-ar-med-samling-for-dalarna\/","title":{"rendered":"Ett \u00e5r med Samling f\u00f6r Dalarna"},"content":{"rendered":"<p>Ett nytt \u00e5r har inletts med Samling f\u00f6r Dalarna som styre i regionen. Ett styre som bygger p\u00e5 tillit och arbetsgl\u00e4dje. Det konstaterades i helgen n\u00e4r runt 60 personer fr\u00e5n v\u00e5ra partier samlades p\u00e5 Fornby folkh\u00f6gskola i Borl\u00e4nge.<\/p>\n<p>F\u00f6rutom att utv\u00e4rdera \u00e5ret som har g\u00e5tt \u00e4gnades tid \u00e5t att diskutera handlingsplanen f\u00f6r en h\u00e5llbar framtid, elektrifiering av bussar och f\u00f6rslaget till en ny organisation av regionens f\u00f6rvaltningar.<\/p>\n<p>Tack till alla som deltog trots extremkylan, och ett s\u00e4rskilt tack till regiondirekt\u00f6r Anna Th\u00f6rn som g\u00e4stade oss. Nu ser vi fram emot ett nytt \u00e5r med Samling f\u00f6r Dalarna (S, C, KD och DSP).<\/p>\n","protected":false},"excerpt":{"rendered":"<p>Ett nytt \u00e5r har inletts med Samling f\u00f6r Dalarna som styre i regionen. Ett styre som bygger p\u00e5 tillit och arbetsgl\u00e4dje. Det konstaterades i helgen n\u00e4r runt 60 personer fr\u00e5n v\u00e5ra partier samlades p\u00e5 Fornby folkh\u00f6gskola i Borl\u00e4nge. F\u00f6rutom att utv\u00e4rdera \u00e5ret som har g\u00e5tt \u00e4gnades tid \u00e5t att diskutera handlingsplanen f\u00f6r en h\u00e5llbar framtid, <a class=\"read-more-link\" href=\"https:\/\/wp.kristdemokraterna.se\/dalarna\/ett-ar-med-samling-for-dalarna\/\">Read More<\/a><\/p>\n","protected":false},"author":958,"featured_media":0,"comment_status":"closed","ping_status":"closed","sticky":false,"template":"","format":"standard","meta":{"_acf_changed":false,"footnotes":""},"categories":[12],"tags":[],"class_list":["post-957","post","type-post","status-publish","format-standard","hentry","category-nyheter"],"acf":[],"yoast_head":"<!-- This site is optimized with the Yoast SEO plugin v27.5 - https:\/\/yoast.com\/product\/yoast-seo-wordpress\/ -->\n<title>Ett \u00e5r med Samling f\u00f6r Dalarna - Kristdemokraterna Dalarna<\/title>\n<meta name=\"robots\" content=\"index, follow, max-snippet:-1, max-image-preview:large, max-video-preview:-1\" \/>\n<link rel=\"canonical\" href=\"https:\/\/wp.kristdemokraterna.se\/dalarna\/ett-ar-med-samling-for-dalarna\/\" \/>\n<meta property=\"og:locale\" content=\"sv_SE\" \/>\n<meta property=\"og:type\" content=\"article\" \/>\n<meta property=\"og:title\" content=\"Ett \u00e5r med Samling f\u00f6r Dalarna - Kristdemokraterna Dalarna\" \/>\n<meta property=\"og:description\" content=\"Ett nytt \u00e5r har inletts med Samling f\u00f6r Dalarna som styre i regionen. Ett styre som bygger p\u00e5 tillit och arbetsgl\u00e4dje. Det konstaterades i helgen n\u00e4r runt 60 personer fr\u00e5n v\u00e5ra partier samlades p\u00e5 Fornby folkh\u00f6gskola i Borl\u00e4nge. F\u00f6rutom att utv\u00e4rdera \u00e5ret som har g\u00e5tt \u00e4gnades tid \u00e5t att diskutera handlingsplanen f\u00f6r en h\u00e5llbar framtid, Read More\" \/>\n<meta property=\"og:url\" content=\"https:\/\/wp.kristdemokraterna.se\/dalarna\/ett-ar-med-samling-for-dalarna\/\" \/>\n<meta property=\"og:site_name\" content=\"Kristdemokraterna Dalarna\" \/>\n<meta property=\"article:published_time\" content=\"2024-01-22T19:37:06+00:00\" \/>\n<meta property=\"article:modified_time\" content=\"2024-03-03T19:38:01+00:00\" \/>\n<meta name=\"author\" content=\"oliver\" \/>\n<meta name=\"twitter:card\" content=\"summary_large_image\" \/>\n<meta name=\"twitter:label1\" content=\"Skriven av\" \/>\n\t<meta name=\"twitter:data1\" content=\"oliver\" \/>\n\t<meta name=\"twitter:label2\" content=\"Ber\u00e4knad l\u00e4stid\" \/>\n\t<meta name=\"twitter:data2\" content=\"1 minut\" \/>\n<script type=\"application\/ld+json\" class=\"yoast-schema-graph\">{\"@context\":\"https:\\\/\\\/schema.org\",\"@graph\":[{\"@type\":\"Article\",\"@id\":\"https:\\\/\\\/wp.kristdemokraterna.se\\\/dalarna\\\/ett-ar-med-samling-for-dalarna\\\/#article\",\"isPartOf\":{\"@id\":\"https:\\\/\\\/wp.kristdemokraterna.se\\\/dalarna\\\/ett-ar-med-samling-for-dalarna\\\/\"},\"author\":{\"name\":\"oliver\",\"@id\":\"https:\\\/\\\/wp.kristdemokraterna.se\\\/dalarna\\\/#\\\/schema\\\/person\\\/7611175eb955130b2fc127e0992fdffc\"},\"headline\":\"Ett \u00e5r med Samling f\u00f6r Dalarna\",\"datePublished\":\"2024-01-22T19:37:06+00:00\",\"dateModified\":\"2024-03-03T19:38:01+00:00\",\"mainEntityOfPage\":{\"@id\":\"https:\\\/\\\/wp.kristdemokraterna.se\\\/dalarna\\\/ett-ar-med-samling-for-dalarna\\\/\"},\"wordCount\":127,\"publisher\":{\"@id\":\"https:\\\/\\\/wp.kristdemokraterna.se\\\/dalarna\\\/#organization\"},\"articleSection\":[\"Nyheter\"],\"inLanguage\":\"sv-SE\"},{\"@type\":\"WebPage\",\"@id\":\"https:\\\/\\\/wp.kristdemokraterna.se\\\/dalarna\\\/ett-ar-med-samling-for-dalarna\\\/\",\"url\":\"https:\\\/\\\/wp.kristdemokraterna.se\\\/dalarna\\\/ett-ar-med-samling-for-dalarna\\\/\",\"name\":\"Ett \u00e5r med Samling f\u00f6r Dalarna - Kristdemokraterna Dalarna\",\"isPartOf\":{\"@id\":\"https:\\\/\\\/wp.kristdemokraterna.se\\\/dalarna\\\/#website\"},\"datePublished\":\"2024-01-22T19:37:06+00:00\",\"dateModified\":\"2024-03-03T19:38:01+00:00\",\"breadcrumb\":{\"@id\":\"https:\\\/\\\/wp.kristdemokraterna.se\\\/dalarna\\\/ett-ar-med-samling-for-dalarna\\\/#breadcrumb\"},\"inLanguage\":\"sv-SE\",\"potentialAction\":[{\"@type\":\"ReadAction\",\"target\":[\"https:\\\/\\\/wp.kristdemokraterna.se\\\/dalarna\\\/ett-ar-med-samling-for-dalarna\\\/\"]}]},{\"@type\":\"BreadcrumbList\",\"@id\":\"https:\\\/\\\/wp.kristdemokraterna.se\\\/dalarna\\\/ett-ar-med-samling-for-dalarna\\\/#breadcrumb\",\"itemListElement\":[{\"@type\":\"ListItem\",\"position\":1,\"name\":\"Hem\",\"item\":\"https:\\\/\\\/wp.kristdemokraterna.se\\\/dalarna\\\/\"},{\"@type\":\"ListItem\",\"position\":2,\"name\":\"Ett \u00e5r med Samling f\u00f6r Dalarna\"}]},{\"@type\":\"WebSite\",\"@id\":\"https:\\\/\\\/wp.kristdemokraterna.se\\\/dalarna\\\/#website\",\"url\":\"https:\\\/\\\/wp.kristdemokraterna.se\\\/dalarna\\\/\",\"name\":\"Kristdemokraterna Dalarna\",\"description\":\"\",\"publisher\":{\"@id\":\"https:\\\/\\\/wp.kristdemokraterna.se\\\/dalarna\\\/#organization\"},\"inLanguage\":\"sv-SE\"},{\"@type\":\"Organization\",\"@id\":\"https:\\\/\\\/wp.kristdemokraterna.se\\\/dalarna\\\/#organization\",\"name\":\"Kristdemokraterna Dalarna\",\"url\":\"https:\\\/\\\/wp.kristdemokraterna.se\\\/dalarna\\\/\",\"logo\":{\"@type\":\"ImageObject\",\"inLanguage\":\"sv-SE\",\"@id\":\"https:\\\/\\\/wp.kristdemokraterna.se\\\/dalarna\\\/#\\\/schema\\\/logo\\\/image\\\/\",\"url\":\"https:\\\/\\\/wp.kristdemokraterna.se\\\/dalarna\\\/files\\\/2022\\\/08\\\/dalarna-sida-bla-300dpi.png\",\"contentUrl\":\"https:\\\/\\\/wp.kristdemokraterna.se\\\/dalarna\\\/files\\\/2022\\\/08\\\/dalarna-sida-bla-300dpi.png\",\"width\":1477,\"height\":681,\"caption\":\"Kristdemokraterna Dalarna\"},\"image\":{\"@id\":\"https:\\\/\\\/wp.kristdemokraterna.se\\\/dalarna\\\/#\\\/schema\\\/logo\\\/image\\\/\"}},{\"@type\":\"Person\",\"@id\":\"https:\\\/\\\/wp.kristdemokraterna.se\\\/dalarna\\\/#\\\/schema\\\/person\\\/7611175eb955130b2fc127e0992fdffc\",\"name\":\"oliver\",\"image\":{\"@type\":\"ImageObject\",\"inLanguage\":\"sv-SE\",\"@id\":\"https:\\\/\\\/secure.gravatar.com\\\/avatar\\\/bf91bfa2870e8b9c37378dca6b35b68f39af1750e31e39ac91e8ffb52bcdde21?s=96&r=g\",\"url\":\"https:\\\/\\\/secure.gravatar.com\\\/avatar\\\/bf91bfa2870e8b9c37378dca6b35b68f39af1750e31e39ac91e8ffb52bcdde21?s=96&r=g\",\"contentUrl\":\"https:\\\/\\\/secure.gravatar.com\\\/avatar\\\/bf91bfa2870e8b9c37378dca6b35b68f39af1750e31e39ac91e8ffb52bcdde21?s=96&r=g\",\"caption\":\"oliver\"},\"url\":\"https:\\\/\\\/wp.kristdemokraterna.se\\\/dalarna\\\/author\\\/oliver\\\/\"}]}<\/script>\n<!-- \/ Yoast SEO plugin. -->","yoast_head_json":{"title":"Ett \u00e5r med Samling f\u00f6r Dalarna - Kristdemokraterna Dalarna","robots":{"index":"index","follow":"follow","max-snippet":"max-snippet:-1","max-image-preview":"max-image-preview:large","max-video-preview":"max-video-preview:-1"},"canonical":"https:\/\/wp.kristdemokraterna.se\/dalarna\/ett-ar-med-samling-for-dalarna\/","og_locale":"sv_SE","og_type":"article","og_title":"Ett \u00e5r med Samling f\u00f6r Dalarna - Kristdemokraterna Dalarna","og_description":"Ett nytt \u00e5r har inletts med Samling f\u00f6r Dalarna som styre i regionen. Ett styre som bygger p\u00e5 tillit och arbetsgl\u00e4dje. Det konstaterades i helgen n\u00e4r runt 60 personer fr\u00e5n v\u00e5ra partier samlades p\u00e5 Fornby folkh\u00f6gskola i Borl\u00e4nge. F\u00f6rutom att utv\u00e4rdera \u00e5ret som har g\u00e5tt \u00e4gnades tid \u00e5t att diskutera handlingsplanen f\u00f6r en h\u00e5llbar framtid, Read More","og_url":"https:\/\/wp.kristdemokraterna.se\/dalarna\/ett-ar-med-samling-for-dalarna\/","og_site_name":"Kristdemokraterna Dalarna","article_published_time":"2024-01-22T19:37:06+00:00","article_modified_time":"2024-03-03T19:38:01+00:00","author":"oliver","twitter_card":"summary_large_image","twitter_misc":{"Skriven av":"oliver","Ber\u00e4knad l\u00e4stid":"1 minut"},"schema":{"@context":"https:\/\/schema.org","@graph":[{"@type":"Article","@id":"https:\/\/wp.kristdemokraterna.se\/dalarna\/ett-ar-med-samling-for-dalarna\/#article","isPartOf":{"@id":"https:\/\/wp.kristdemokraterna.se\/dalarna\/ett-ar-med-samling-for-dalarna\/"},"author":{"name":"oliver","@id":"https:\/\/wp.kristdemokraterna.se\/dalarna\/#\/schema\/person\/7611175eb955130b2fc127e0992fdffc"},"headline":"Ett \u00e5r med Samling f\u00f6r Dalarna","datePublished":"2024-01-22T19:37:06+00:00","dateModified":"2024-03-03T19:38:01+00:00","mainEntityOfPage":{"@id":"https:\/\/wp.kristdemokraterna.se\/dalarna\/ett-ar-med-samling-for-dalarna\/"},"wordCount":127,"publisher":{"@id":"https:\/\/wp.kristdemokraterna.se\/dalarna\/#organization"},"articleSection":["Nyheter"],"inLanguage":"sv-SE"},{"@type":"WebPage","@id":"https:\/\/wp.kristdemokraterna.se\/dalarna\/ett-ar-med-samling-for-dalarna\/","url":"https:\/\/wp.kristdemokraterna.se\/dalarna\/ett-ar-med-samling-for-dalarna\/","name":"Ett \u00e5r med Samling f\u00f6r Dalarna - Kristdemokraterna Dalarna","isPartOf":{"@id":"https:\/\/wp.kristdemokraterna.se\/dalarna\/#website"},"datePublished":"2024-01-22T19:37:06+00:00","dateModified":"2024-03-03T19:38:01+00:00","breadcrumb":{"@id":"https:\/\/wp.kristdemokraterna.se\/dalarna\/ett-ar-med-samling-for-dalarna\/#breadcrumb"},"inLanguage":"sv-SE","potentialAction":[{"@type":"ReadAction","target":["https:\/\/wp.kristdemokraterna.se\/dalarna\/ett-ar-med-samling-for-dalarna\/"]}]},{"@type":"BreadcrumbList","@id":"https:\/\/wp.kristdemokraterna.se\/dalarna\/ett-ar-med-samling-for-dalarna\/#breadcrumb","itemListElement":[{"@type":"ListItem","position":1,"name":"Hem","item":"https:\/\/wp.kristdemokraterna.se\/dalarna\/"},{"@type":"ListItem","position":2,"name":"Ett \u00e5r med Samling f\u00f6r Dalarna"}]},{"@type":"WebSite","@id":"https:\/\/wp.kristdemokraterna.se\/dalarna\/#website","url":"https:\/\/wp.kristdemokraterna.se\/dalarna\/","name":"Kristdemokraterna Dalarna","description":"","publisher":{"@id":"https:\/\/wp.kristdemokraterna.se\/dalarna\/#organization"},"inLanguage":"sv-SE"},{"@type":"Organization","@id":"https:\/\/wp.kristdemokraterna.se\/dalarna\/#organization","name":"Kristdemokraterna Dalarna","url":"https:\/\/wp.kristdemokraterna.se\/dalarna\/","logo":{"@type":"ImageObject","inLanguage":"sv-SE","@id":"https:\/\/wp.kristdemokraterna.se\/dalarna\/#\/schema\/logo\/image\/","url":"https:\/\/wp.kristdemokraterna.se\/dalarna\/files\/2022\/08\/dalarna-sida-bla-300dpi.png","contentUrl":"https:\/\/wp.kristdemokraterna.se\/dalarna\/files\/2022\/08\/dalarna-sida-bla-300dpi.png","width":1477,"height":681,"caption":"Kristdemokraterna Dalarna"},"image":{"@id":"https:\/\/wp.kristdemokraterna.se\/dalarna\/#\/schema\/logo\/image\/"}},{"@type":"Person","@id":"https:\/\/wp.kristdemokraterna.se\/dalarna\/#\/schema\/person\/7611175eb955130b2fc127e0992fdffc","name":"oliver","image":{"@type":"ImageObject","inLanguage":"sv-SE","@id":"https:\/\/secure.gravatar.com\/avatar\/bf91bfa2870e8b9c37378dca6b35b68f39af1750e31e39ac91e8ffb52bcdde21?s=96&r=g","url":"https:\/\/secure.gravatar.com\/avatar\/bf91bfa2870e8b9c37378dca6b35b68f39af1750e31e39ac91e8ffb52bcdde21?s=96&r=g","contentUrl":"https:\/\/secure.gravatar.com\/avatar\/bf91bfa2870e8b9c37378dca6b35b68f39af1750e31e39ac91e8ffb52bcdde21?s=96&r=g","caption":"oliver"},"url":"https:\/\/wp.kristdemokraterna.se\/dalarna\/author\/oliver\/"}]}},"_links":{"self":[{"href":"https:\/\/wp.kristdemokraterna.se\/dalarna\/wp-json\/wp\/v2\/posts\/957","targetHints":{"allow":["GET"]}}],"collection":[{"href":"https:\/\/wp.kristdemokraterna.se\/dalarna\/wp-json\/wp\/v2\/posts"}],"about":[{"href":"https:\/\/wp.kristdemokraterna.se\/dalarna\/wp-json\/wp\/v2\/types\/post"}],"author":[{"embeddable":true,"href":"https:\/\/wp.kristdemokraterna.se\/dalarna\/wp-json\/wp\/v2\/users\/958"}],"replies":[{"embeddable":true,"href":"https:\/\/wp.kristdemokraterna.se\/dalarna\/wp-json\/wp\/v2\/comments?post=957"}],"version-history":[{"count":1,"href":"https:\/\/wp.kristdemokraterna.se\/dalarna\/wp-json\/wp\/v2\/posts\/957\/revisions"}],"predecessor-version":[{"id":959,"href":"https:\/\/wp.kristdemokraterna.se\/dalarna\/wp-json\/wp\/v2\/posts\/957\/revisions\/959"}],"wp:attachment":[{"href":"https:\/\/wp.kristdemokraterna.se\/dalarna\/wp-json\/wp\/v2\/media?parent=957"}],"wp:term":[{"taxonomy":"category","embeddable":true,"href":"https:\/\/wp.kristdemokraterna.se\/dalarna\/wp-json\/wp\/v2\/categories?post=957"},{"taxonomy":"post_tag","embeddable":true,"href":"https:\/\/wp.kristdemokraterna.se\/dalarna\/wp-json\/wp\/v2\/tags?post=957"}],"curies":[{"name":"wp","href":"https:\/\/api.w.org\/{rel}","templated":true}]}}