{"id":964,"date":"2024-02-22T20:39:22","date_gmt":"2024-02-22T19:39:22","guid":{"rendered":"https:\/\/wp.kristdemokraterna.se\/dalarna\/?p=964"},"modified":"2024-03-03T20:40:07","modified_gmt":"2024-03-03T19:40:07","slug":"tvaarsdagen-av-angreppet-pa-ukraina-en-eu-valfraga","status":"publish","type":"post","link":"https:\/\/wp.kristdemokraterna.se\/dalarna\/tvaarsdagen-av-angreppet-pa-ukraina-en-eu-valfraga\/","title":{"rendered":"Tv\u00e5\u00e5rsdagen av angreppet p\u00e5 Ukraina \u2013 en EU-valfr\u00e5ga"},"content":{"rendered":"<p>P\u00e5 tv\u00e5\u00e5rsdagen, l\u00f6rdagen 24 februari, av den fullskaliga ryska invasionen av demokratiska och fredliga Ukraina, finns det anledning att reflektera. \u00c4ven h\u00e4r hemma i Dalarna.<\/p>\n<p>Det handlar om helt omistligt fortsatt st\u00f6d till Ukrainas folk, lidande under ockupation, tiotusentals civila och milit\u00e4ra d\u00f6dade samt fler \u00e4n fem miljoner p\u00e5 flykt.<\/p>\n<p>I allt detta har EU och det kommande EU-valet den 9 juni, en fortsatt central roll att spela.<\/p>\n<p>EU-valet ger oss n\u00e4mligen en m\u00f6jlighet att uttrycka betydelsen av fortsatt svenskt, europeiskt och amerikanskt st\u00f6d till Ukraina.<\/p>\n<p>F\u00f6r s\u00e5 l\u00e4nge det kr\u00e4vs kommer vi att st\u00e5 med i kampen. En dag kommer r\u00e4ttvisa skipas och Ukraina g\u00e5 vinnande ur kriget.<\/p>\n<p>Birgitta Sacr\u00e9deus (KD) \u00e4r regionr\u00e5d i Dalarna och dalakandidat i EU-valet. L\u00e4s hennes debattartikel om tv\u00e5\u00e5rsdagen h\u00e4r: <a href=\"https:\/\/www.moratidning.se\/2024-02-21\/tvaarsdagen-av-angreppet-pa-ukraina-en-eu-valfraga?fbclid=IwAR1ipokvQT4rx3xe__Kq4GYE2__EuzdHPMnm13OS5hCnkaf5NEhJLkNzR6M\">https:\/\/www.moratidning.se\/2024-02-21\/tvaarsdagen-av-angreppet-pa-ukraina-en-eu-valfraga?fbclid=IwAR1ipokvQT4rx3xe__Kq4GYE2__EuzdHPMnm13OS5hCnkaf5NEhJLkNzR6M<\/a><\/p>\n","protected":false},"excerpt":{"rendered":"<p>P\u00e5 tv\u00e5\u00e5rsdagen, l\u00f6rdagen 24 februari, av den fullskaliga ryska invasionen av demokratiska och fredliga Ukraina, finns det anledning att reflektera. \u00c4ven h\u00e4r hemma i Dalarna. Det handlar om helt omistligt fortsatt st\u00f6d till Ukrainas folk, lidande under ockupation, tiotusentals civila och milit\u00e4ra d\u00f6dade samt fler \u00e4n fem miljoner p\u00e5 flykt. I allt detta har EU <a class=\"read-more-link\" href=\"https:\/\/wp.kristdemokraterna.se\/dalarna\/tvaarsdagen-av-angreppet-pa-ukraina-en-eu-valfraga\/\">Read More<\/a><\/p>\n","protected":false},"author":958,"featured_media":0,"comment_status":"closed","ping_status":"closed","sticky":false,"template":"","format":"standard","meta":{"_acf_changed":false,"footnotes":""},"categories":[12],"tags":[],"class_list":["post-964","post","type-post","status-publish","format-standard","hentry","category-nyheter"],"acf":[],"yoast_head":"<!-- This site is optimized with the Yoast SEO plugin v27.5 - https:\/\/yoast.com\/product\/yoast-seo-wordpress\/ -->\n<title>Tv\u00e5\u00e5rsdagen av angreppet p\u00e5 Ukraina \u2013 en EU-valfr\u00e5ga - Kristdemokraterna Dalarna<\/title>\n<meta name=\"robots\" content=\"index, follow, max-snippet:-1, max-image-preview:large, max-video-preview:-1\" \/>\n<link rel=\"canonical\" href=\"https:\/\/wp.kristdemokraterna.se\/dalarna\/tvaarsdagen-av-angreppet-pa-ukraina-en-eu-valfraga\/\" \/>\n<meta property=\"og:locale\" content=\"sv_SE\" \/>\n<meta property=\"og:type\" content=\"article\" \/>\n<meta property=\"og:title\" content=\"Tv\u00e5\u00e5rsdagen av angreppet p\u00e5 Ukraina \u2013 en EU-valfr\u00e5ga - Kristdemokraterna Dalarna\" \/>\n<meta property=\"og:description\" content=\"P\u00e5 tv\u00e5\u00e5rsdagen, l\u00f6rdagen 24 februari, av den fullskaliga ryska invasionen av demokratiska och fredliga Ukraina, finns det anledning att reflektera. \u00c4ven h\u00e4r hemma i Dalarna. Det handlar om helt omistligt fortsatt st\u00f6d till Ukrainas folk, lidande under ockupation, tiotusentals civila och milit\u00e4ra d\u00f6dade samt fler \u00e4n fem miljoner p\u00e5 flykt. I allt detta har EU Read More\" \/>\n<meta property=\"og:url\" content=\"https:\/\/wp.kristdemokraterna.se\/dalarna\/tvaarsdagen-av-angreppet-pa-ukraina-en-eu-valfraga\/\" \/>\n<meta property=\"og:site_name\" content=\"Kristdemokraterna Dalarna\" \/>\n<meta property=\"article:published_time\" content=\"2024-02-22T19:39:22+00:00\" \/>\n<meta property=\"article:modified_time\" content=\"2024-03-03T19:40:07+00:00\" \/>\n<meta name=\"author\" content=\"oliver\" \/>\n<meta name=\"twitter:card\" content=\"summary_large_image\" \/>\n<meta name=\"twitter:label1\" content=\"Skriven av\" \/>\n\t<meta name=\"twitter:data1\" content=\"oliver\" \/>\n\t<meta name=\"twitter:label2\" content=\"Ber\u00e4knad l\u00e4stid\" \/>\n\t<meta name=\"twitter:data2\" content=\"1 minut\" \/>\n<script type=\"application\/ld+json\" class=\"yoast-schema-graph\">{\"@context\":\"https:\\\/\\\/schema.org\",\"@graph\":[{\"@type\":\"Article\",\"@id\":\"https:\\\/\\\/wp.kristdemokraterna.se\\\/dalarna\\\/tvaarsdagen-av-angreppet-pa-ukraina-en-eu-valfraga\\\/#article\",\"isPartOf\":{\"@id\":\"https:\\\/\\\/wp.kristdemokraterna.se\\\/dalarna\\\/tvaarsdagen-av-angreppet-pa-ukraina-en-eu-valfraga\\\/\"},\"author\":{\"name\":\"oliver\",\"@id\":\"https:\\\/\\\/wp.kristdemokraterna.se\\\/dalarna\\\/#\\\/schema\\\/person\\\/7611175eb955130b2fc127e0992fdffc\"},\"headline\":\"Tv\u00e5\u00e5rsdagen av angreppet p\u00e5 Ukraina \u2013 en EU-valfr\u00e5ga\",\"datePublished\":\"2024-02-22T19:39:22+00:00\",\"dateModified\":\"2024-03-03T19:40:07+00:00\",\"mainEntityOfPage\":{\"@id\":\"https:\\\/\\\/wp.kristdemokraterna.se\\\/dalarna\\\/tvaarsdagen-av-angreppet-pa-ukraina-en-eu-valfraga\\\/\"},\"wordCount\":170,\"publisher\":{\"@id\":\"https:\\\/\\\/wp.kristdemokraterna.se\\\/dalarna\\\/#organization\"},\"articleSection\":[\"Nyheter\"],\"inLanguage\":\"sv-SE\"},{\"@type\":\"WebPage\",\"@id\":\"https:\\\/\\\/wp.kristdemokraterna.se\\\/dalarna\\\/tvaarsdagen-av-angreppet-pa-ukraina-en-eu-valfraga\\\/\",\"url\":\"https:\\\/\\\/wp.kristdemokraterna.se\\\/dalarna\\\/tvaarsdagen-av-angreppet-pa-ukraina-en-eu-valfraga\\\/\",\"name\":\"Tv\u00e5\u00e5rsdagen av angreppet p\u00e5 Ukraina \u2013 en EU-valfr\u00e5ga - Kristdemokraterna Dalarna\",\"isPartOf\":{\"@id\":\"https:\\\/\\\/wp.kristdemokraterna.se\\\/dalarna\\\/#website\"},\"datePublished\":\"2024-02-22T19:39:22+00:00\",\"dateModified\":\"2024-03-03T19:40:07+00:00\",\"breadcrumb\":{\"@id\":\"https:\\\/\\\/wp.kristdemokraterna.se\\\/dalarna\\\/tvaarsdagen-av-angreppet-pa-ukraina-en-eu-valfraga\\\/#breadcrumb\"},\"inLanguage\":\"sv-SE\",\"potentialAction\":[{\"@type\":\"ReadAction\",\"target\":[\"https:\\\/\\\/wp.kristdemokraterna.se\\\/dalarna\\\/tvaarsdagen-av-angreppet-pa-ukraina-en-eu-valfraga\\\/\"]}]},{\"@type\":\"BreadcrumbList\",\"@id\":\"https:\\\/\\\/wp.kristdemokraterna.se\\\/dalarna\\\/tvaarsdagen-av-angreppet-pa-ukraina-en-eu-valfraga\\\/#breadcrumb\",\"itemListElement\":[{\"@type\":\"ListItem\",\"position\":1,\"name\":\"Hem\",\"item\":\"https:\\\/\\\/wp.kristdemokraterna.se\\\/dalarna\\\/\"},{\"@type\":\"ListItem\",\"position\":2,\"name\":\"Tv\u00e5\u00e5rsdagen av angreppet p\u00e5 Ukraina \u2013 en EU-valfr\u00e5ga\"}]},{\"@type\":\"WebSite\",\"@id\":\"https:\\\/\\\/wp.kristdemokraterna.se\\\/dalarna\\\/#website\",\"url\":\"https:\\\/\\\/wp.kristdemokraterna.se\\\/dalarna\\\/\",\"name\":\"Kristdemokraterna Dalarna\",\"description\":\"\",\"publisher\":{\"@id\":\"https:\\\/\\\/wp.kristdemokraterna.se\\\/dalarna\\\/#organization\"},\"inLanguage\":\"sv-SE\"},{\"@type\":\"Organization\",\"@id\":\"https:\\\/\\\/wp.kristdemokraterna.se\\\/dalarna\\\/#organization\",\"name\":\"Kristdemokraterna Dalarna\",\"url\":\"https:\\\/\\\/wp.kristdemokraterna.se\\\/dalarna\\\/\",\"logo\":{\"@type\":\"ImageObject\",\"inLanguage\":\"sv-SE\",\"@id\":\"https:\\\/\\\/wp.kristdemokraterna.se\\\/dalarna\\\/#\\\/schema\\\/logo\\\/image\\\/\",\"url\":\"https:\\\/\\\/wp.kristdemokraterna.se\\\/dalarna\\\/files\\\/2022\\\/08\\\/dalarna-sida-bla-300dpi.png\",\"contentUrl\":\"https:\\\/\\\/wp.kristdemokraterna.se\\\/dalarna\\\/files\\\/2022\\\/08\\\/dalarna-sida-bla-300dpi.png\",\"width\":1477,\"height\":681,\"caption\":\"Kristdemokraterna Dalarna\"},\"image\":{\"@id\":\"https:\\\/\\\/wp.kristdemokraterna.se\\\/dalarna\\\/#\\\/schema\\\/logo\\\/image\\\/\"}},{\"@type\":\"Person\",\"@id\":\"https:\\\/\\\/wp.kristdemokraterna.se\\\/dalarna\\\/#\\\/schema\\\/person\\\/7611175eb955130b2fc127e0992fdffc\",\"name\":\"oliver\",\"image\":{\"@type\":\"ImageObject\",\"inLanguage\":\"sv-SE\",\"@id\":\"https:\\\/\\\/secure.gravatar.com\\\/avatar\\\/bf91bfa2870e8b9c37378dca6b35b68f39af1750e31e39ac91e8ffb52bcdde21?s=96&r=g\",\"url\":\"https:\\\/\\\/secure.gravatar.com\\\/avatar\\\/bf91bfa2870e8b9c37378dca6b35b68f39af1750e31e39ac91e8ffb52bcdde21?s=96&r=g\",\"contentUrl\":\"https:\\\/\\\/secure.gravatar.com\\\/avatar\\\/bf91bfa2870e8b9c37378dca6b35b68f39af1750e31e39ac91e8ffb52bcdde21?s=96&r=g\",\"caption\":\"oliver\"},\"url\":\"https:\\\/\\\/wp.kristdemokraterna.se\\\/dalarna\\\/author\\\/oliver\\\/\"}]}<\/script>\n<!-- \/ Yoast SEO plugin. -->","yoast_head_json":{"title":"Tv\u00e5\u00e5rsdagen av angreppet p\u00e5 Ukraina \u2013 en EU-valfr\u00e5ga - Kristdemokraterna Dalarna","robots":{"index":"index","follow":"follow","max-snippet":"max-snippet:-1","max-image-preview":"max-image-preview:large","max-video-preview":"max-video-preview:-1"},"canonical":"https:\/\/wp.kristdemokraterna.se\/dalarna\/tvaarsdagen-av-angreppet-pa-ukraina-en-eu-valfraga\/","og_locale":"sv_SE","og_type":"article","og_title":"Tv\u00e5\u00e5rsdagen av angreppet p\u00e5 Ukraina \u2013 en EU-valfr\u00e5ga - Kristdemokraterna Dalarna","og_description":"P\u00e5 tv\u00e5\u00e5rsdagen, l\u00f6rdagen 24 februari, av den fullskaliga ryska invasionen av demokratiska och fredliga Ukraina, finns det anledning att reflektera. \u00c4ven h\u00e4r hemma i Dalarna. Det handlar om helt omistligt fortsatt st\u00f6d till Ukrainas folk, lidande under ockupation, tiotusentals civila och milit\u00e4ra d\u00f6dade samt fler \u00e4n fem miljoner p\u00e5 flykt. I allt detta har EU Read More","og_url":"https:\/\/wp.kristdemokraterna.se\/dalarna\/tvaarsdagen-av-angreppet-pa-ukraina-en-eu-valfraga\/","og_site_name":"Kristdemokraterna Dalarna","article_published_time":"2024-02-22T19:39:22+00:00","article_modified_time":"2024-03-03T19:40:07+00:00","author":"oliver","twitter_card":"summary_large_image","twitter_misc":{"Skriven av":"oliver","Ber\u00e4knad l\u00e4stid":"1 minut"},"schema":{"@context":"https:\/\/schema.org","@graph":[{"@type":"Article","@id":"https:\/\/wp.kristdemokraterna.se\/dalarna\/tvaarsdagen-av-angreppet-pa-ukraina-en-eu-valfraga\/#article","isPartOf":{"@id":"https:\/\/wp.kristdemokraterna.se\/dalarna\/tvaarsdagen-av-angreppet-pa-ukraina-en-eu-valfraga\/"},"author":{"name":"oliver","@id":"https:\/\/wp.kristdemokraterna.se\/dalarna\/#\/schema\/person\/7611175eb955130b2fc127e0992fdffc"},"headline":"Tv\u00e5\u00e5rsdagen av angreppet p\u00e5 Ukraina \u2013 en EU-valfr\u00e5ga","datePublished":"2024-02-22T19:39:22+00:00","dateModified":"2024-03-03T19:40:07+00:00","mainEntityOfPage":{"@id":"https:\/\/wp.kristdemokraterna.se\/dalarna\/tvaarsdagen-av-angreppet-pa-ukraina-en-eu-valfraga\/"},"wordCount":170,"publisher":{"@id":"https:\/\/wp.kristdemokraterna.se\/dalarna\/#organization"},"articleSection":["Nyheter"],"inLanguage":"sv-SE"},{"@type":"WebPage","@id":"https:\/\/wp.kristdemokraterna.se\/dalarna\/tvaarsdagen-av-angreppet-pa-ukraina-en-eu-valfraga\/","url":"https:\/\/wp.kristdemokraterna.se\/dalarna\/tvaarsdagen-av-angreppet-pa-ukraina-en-eu-valfraga\/","name":"Tv\u00e5\u00e5rsdagen av angreppet p\u00e5 Ukraina \u2013 en EU-valfr\u00e5ga - Kristdemokraterna Dalarna","isPartOf":{"@id":"https:\/\/wp.kristdemokraterna.se\/dalarna\/#website"},"datePublished":"2024-02-22T19:39:22+00:00","dateModified":"2024-03-03T19:40:07+00:00","breadcrumb":{"@id":"https:\/\/wp.kristdemokraterna.se\/dalarna\/tvaarsdagen-av-angreppet-pa-ukraina-en-eu-valfraga\/#breadcrumb"},"inLanguage":"sv-SE","potentialAction":[{"@type":"ReadAction","target":["https:\/\/wp.kristdemokraterna.se\/dalarna\/tvaarsdagen-av-angreppet-pa-ukraina-en-eu-valfraga\/"]}]},{"@type":"BreadcrumbList","@id":"https:\/\/wp.kristdemokraterna.se\/dalarna\/tvaarsdagen-av-angreppet-pa-ukraina-en-eu-valfraga\/#breadcrumb","itemListElement":[{"@type":"ListItem","position":1,"name":"Hem","item":"https:\/\/wp.kristdemokraterna.se\/dalarna\/"},{"@type":"ListItem","position":2,"name":"Tv\u00e5\u00e5rsdagen av angreppet p\u00e5 Ukraina \u2013 en EU-valfr\u00e5ga"}]},{"@type":"WebSite","@id":"https:\/\/wp.kristdemokraterna.se\/dalarna\/#website","url":"https:\/\/wp.kristdemokraterna.se\/dalarna\/","name":"Kristdemokraterna Dalarna","description":"","publisher":{"@id":"https:\/\/wp.kristdemokraterna.se\/dalarna\/#organization"},"inLanguage":"sv-SE"},{"@type":"Organization","@id":"https:\/\/wp.kristdemokraterna.se\/dalarna\/#organization","name":"Kristdemokraterna Dalarna","url":"https:\/\/wp.kristdemokraterna.se\/dalarna\/","logo":{"@type":"ImageObject","inLanguage":"sv-SE","@id":"https:\/\/wp.kristdemokraterna.se\/dalarna\/#\/schema\/logo\/image\/","url":"https:\/\/wp.kristdemokraterna.se\/dalarna\/files\/2022\/08\/dalarna-sida-bla-300dpi.png","contentUrl":"https:\/\/wp.kristdemokraterna.se\/dalarna\/files\/2022\/08\/dalarna-sida-bla-300dpi.png","width":1477,"height":681,"caption":"Kristdemokraterna Dalarna"},"image":{"@id":"https:\/\/wp.kristdemokraterna.se\/dalarna\/#\/schema\/logo\/image\/"}},{"@type":"Person","@id":"https:\/\/wp.kristdemokraterna.se\/dalarna\/#\/schema\/person\/7611175eb955130b2fc127e0992fdffc","name":"oliver","image":{"@type":"ImageObject","inLanguage":"sv-SE","@id":"https:\/\/secure.gravatar.com\/avatar\/bf91bfa2870e8b9c37378dca6b35b68f39af1750e31e39ac91e8ffb52bcdde21?s=96&r=g","url":"https:\/\/secure.gravatar.com\/avatar\/bf91bfa2870e8b9c37378dca6b35b68f39af1750e31e39ac91e8ffb52bcdde21?s=96&r=g","contentUrl":"https:\/\/secure.gravatar.com\/avatar\/bf91bfa2870e8b9c37378dca6b35b68f39af1750e31e39ac91e8ffb52bcdde21?s=96&r=g","caption":"oliver"},"url":"https:\/\/wp.kristdemokraterna.se\/dalarna\/author\/oliver\/"}]}},"_links":{"self":[{"href":"https:\/\/wp.kristdemokraterna.se\/dalarna\/wp-json\/wp\/v2\/posts\/964","targetHints":{"allow":["GET"]}}],"collection":[{"href":"https:\/\/wp.kristdemokraterna.se\/dalarna\/wp-json\/wp\/v2\/posts"}],"about":[{"href":"https:\/\/wp.kristdemokraterna.se\/dalarna\/wp-json\/wp\/v2\/types\/post"}],"author":[{"embeddable":true,"href":"https:\/\/wp.kristdemokraterna.se\/dalarna\/wp-json\/wp\/v2\/users\/958"}],"replies":[{"embeddable":true,"href":"https:\/\/wp.kristdemokraterna.se\/dalarna\/wp-json\/wp\/v2\/comments?post=964"}],"version-history":[{"count":1,"href":"https:\/\/wp.kristdemokraterna.se\/dalarna\/wp-json\/wp\/v2\/posts\/964\/revisions"}],"predecessor-version":[{"id":965,"href":"https:\/\/wp.kristdemokraterna.se\/dalarna\/wp-json\/wp\/v2\/posts\/964\/revisions\/965"}],"wp:attachment":[{"href":"https:\/\/wp.kristdemokraterna.se\/dalarna\/wp-json\/wp\/v2\/media?parent=964"}],"wp:term":[{"taxonomy":"category","embeddable":true,"href":"https:\/\/wp.kristdemokraterna.se\/dalarna\/wp-json\/wp\/v2\/categories?post=964"},{"taxonomy":"post_tag","embeddable":true,"href":"https:\/\/wp.kristdemokraterna.se\/dalarna\/wp-json\/wp\/v2\/tags?post=964"}],"curies":[{"name":"wp","href":"https:\/\/api.w.org\/{rel}","templated":true}]}}