{"id":969,"date":"2024-02-28T20:41:09","date_gmt":"2024-02-28T19:41:09","guid":{"rendered":"https:\/\/wp.kristdemokraterna.se\/dalarna\/?p=969"},"modified":"2024-03-03T20:41:41","modified_gmt":"2024-03-03T19:41:41","slug":"gratis-resor-till-mammografin-ja-saklart","status":"publish","type":"post","link":"https:\/\/wp.kristdemokraterna.se\/dalarna\/gratis-resor-till-mammografin-ja-saklart\/","title":{"rendered":"Gratis resor till mammografin? Ja, s\u00e5klart!"},"content":{"rendered":"<p>Resor till och fr\u00e5n mammografiunders\u00f6kningar ska sj\u00e4lvklart vara kostnadsfria, vilket vi nu har beslutat i regionfullm\u00e4ktige.<\/p>\n<p>Varje \u00e5r kallas n\u00e4rmare 40 000 kvinnor i Dalarna till mammografin, men 20 procent dyker inte upp.<\/p>\n<p>Ingen ska beh\u00f6va v\u00e4lja bort mammografin p\u00e5 grund av kostnaden. D\u00e4rf\u00f6r g\u00f6r vi nu resor med kollektivtrafik gratis till och fr\u00e5n mammografin, i det uppdaterade sjukresereglementet.<\/p>\n<p>Fler liv kan r\u00e4ddas om fler genomg\u00e5r unders\u00f6kningen, vilket \u00e4r v\u00e5r f\u00f6rhoppning och uppmaning i och med detta beslut, som tr\u00e4der i kraft 1 maj.<\/p>\n","protected":false},"excerpt":{"rendered":"<p>Resor till och fr\u00e5n mammografiunders\u00f6kningar ska sj\u00e4lvklart vara kostnadsfria, vilket vi nu har beslutat i regionfullm\u00e4ktige. Varje \u00e5r kallas n\u00e4rmare 40 000 kvinnor i Dalarna till mammografin, men 20 procent dyker inte upp. Ingen ska beh\u00f6va v\u00e4lja bort mammografin p\u00e5 grund av kostnaden. D\u00e4rf\u00f6r g\u00f6r vi nu resor med kollektivtrafik gratis till och fr\u00e5n mammografin, <a class=\"read-more-link\" href=\"https:\/\/wp.kristdemokraterna.se\/dalarna\/gratis-resor-till-mammografin-ja-saklart\/\">Read More<\/a><\/p>\n","protected":false},"author":958,"featured_media":0,"comment_status":"closed","ping_status":"closed","sticky":false,"template":"","format":"standard","meta":{"_acf_changed":false,"footnotes":""},"categories":[12],"tags":[],"class_list":["post-969","post","type-post","status-publish","format-standard","hentry","category-nyheter"],"acf":[],"yoast_head":"<!-- This site is optimized with the Yoast SEO plugin v27.5 - https:\/\/yoast.com\/product\/yoast-seo-wordpress\/ -->\n<title>Gratis resor till mammografin? Ja, s\u00e5klart! - Kristdemokraterna Dalarna<\/title>\n<meta name=\"robots\" content=\"index, follow, max-snippet:-1, max-image-preview:large, max-video-preview:-1\" \/>\n<link rel=\"canonical\" href=\"https:\/\/wp.kristdemokraterna.se\/dalarna\/gratis-resor-till-mammografin-ja-saklart\/\" \/>\n<meta property=\"og:locale\" content=\"sv_SE\" \/>\n<meta property=\"og:type\" content=\"article\" \/>\n<meta property=\"og:title\" content=\"Gratis resor till mammografin? Ja, s\u00e5klart! - Kristdemokraterna Dalarna\" \/>\n<meta property=\"og:description\" content=\"Resor till och fr\u00e5n mammografiunders\u00f6kningar ska sj\u00e4lvklart vara kostnadsfria, vilket vi nu har beslutat i regionfullm\u00e4ktige. Varje \u00e5r kallas n\u00e4rmare 40 000 kvinnor i Dalarna till mammografin, men 20 procent dyker inte upp. Ingen ska beh\u00f6va v\u00e4lja bort mammografin p\u00e5 grund av kostnaden. D\u00e4rf\u00f6r g\u00f6r vi nu resor med kollektivtrafik gratis till och fr\u00e5n mammografin, Read More\" \/>\n<meta property=\"og:url\" content=\"https:\/\/wp.kristdemokraterna.se\/dalarna\/gratis-resor-till-mammografin-ja-saklart\/\" \/>\n<meta property=\"og:site_name\" content=\"Kristdemokraterna Dalarna\" \/>\n<meta property=\"article:published_time\" content=\"2024-02-28T19:41:09+00:00\" \/>\n<meta property=\"article:modified_time\" content=\"2024-03-03T19:41:41+00:00\" \/>\n<meta name=\"author\" content=\"oliver\" \/>\n<meta name=\"twitter:card\" content=\"summary_large_image\" \/>\n<meta name=\"twitter:label1\" content=\"Skriven av\" \/>\n\t<meta name=\"twitter:data1\" content=\"oliver\" \/>\n\t<meta name=\"twitter:label2\" content=\"Ber\u00e4knad l\u00e4stid\" \/>\n\t<meta name=\"twitter:data2\" content=\"1 minut\" \/>\n<script type=\"application\/ld+json\" class=\"yoast-schema-graph\">{\"@context\":\"https:\\\/\\\/schema.org\",\"@graph\":[{\"@type\":\"Article\",\"@id\":\"https:\\\/\\\/wp.kristdemokraterna.se\\\/dalarna\\\/gratis-resor-till-mammografin-ja-saklart\\\/#article\",\"isPartOf\":{\"@id\":\"https:\\\/\\\/wp.kristdemokraterna.se\\\/dalarna\\\/gratis-resor-till-mammografin-ja-saklart\\\/\"},\"author\":{\"name\":\"oliver\",\"@id\":\"https:\\\/\\\/wp.kristdemokraterna.se\\\/dalarna\\\/#\\\/schema\\\/person\\\/7611175eb955130b2fc127e0992fdffc\"},\"headline\":\"Gratis resor till mammografin? Ja, s\u00e5klart!\",\"datePublished\":\"2024-02-28T19:41:09+00:00\",\"dateModified\":\"2024-03-03T19:41:41+00:00\",\"mainEntityOfPage\":{\"@id\":\"https:\\\/\\\/wp.kristdemokraterna.se\\\/dalarna\\\/gratis-resor-till-mammografin-ja-saklart\\\/\"},\"wordCount\":104,\"publisher\":{\"@id\":\"https:\\\/\\\/wp.kristdemokraterna.se\\\/dalarna\\\/#organization\"},\"articleSection\":[\"Nyheter\"],\"inLanguage\":\"sv-SE\"},{\"@type\":\"WebPage\",\"@id\":\"https:\\\/\\\/wp.kristdemokraterna.se\\\/dalarna\\\/gratis-resor-till-mammografin-ja-saklart\\\/\",\"url\":\"https:\\\/\\\/wp.kristdemokraterna.se\\\/dalarna\\\/gratis-resor-till-mammografin-ja-saklart\\\/\",\"name\":\"Gratis resor till mammografin? Ja, s\u00e5klart! - Kristdemokraterna Dalarna\",\"isPartOf\":{\"@id\":\"https:\\\/\\\/wp.kristdemokraterna.se\\\/dalarna\\\/#website\"},\"datePublished\":\"2024-02-28T19:41:09+00:00\",\"dateModified\":\"2024-03-03T19:41:41+00:00\",\"breadcrumb\":{\"@id\":\"https:\\\/\\\/wp.kristdemokraterna.se\\\/dalarna\\\/gratis-resor-till-mammografin-ja-saklart\\\/#breadcrumb\"},\"inLanguage\":\"sv-SE\",\"potentialAction\":[{\"@type\":\"ReadAction\",\"target\":[\"https:\\\/\\\/wp.kristdemokraterna.se\\\/dalarna\\\/gratis-resor-till-mammografin-ja-saklart\\\/\"]}]},{\"@type\":\"BreadcrumbList\",\"@id\":\"https:\\\/\\\/wp.kristdemokraterna.se\\\/dalarna\\\/gratis-resor-till-mammografin-ja-saklart\\\/#breadcrumb\",\"itemListElement\":[{\"@type\":\"ListItem\",\"position\":1,\"name\":\"Hem\",\"item\":\"https:\\\/\\\/wp.kristdemokraterna.se\\\/dalarna\\\/\"},{\"@type\":\"ListItem\",\"position\":2,\"name\":\"Gratis resor till mammografin? Ja, s\u00e5klart!\"}]},{\"@type\":\"WebSite\",\"@id\":\"https:\\\/\\\/wp.kristdemokraterna.se\\\/dalarna\\\/#website\",\"url\":\"https:\\\/\\\/wp.kristdemokraterna.se\\\/dalarna\\\/\",\"name\":\"Kristdemokraterna Dalarna\",\"description\":\"\",\"publisher\":{\"@id\":\"https:\\\/\\\/wp.kristdemokraterna.se\\\/dalarna\\\/#organization\"},\"inLanguage\":\"sv-SE\"},{\"@type\":\"Organization\",\"@id\":\"https:\\\/\\\/wp.kristdemokraterna.se\\\/dalarna\\\/#organization\",\"name\":\"Kristdemokraterna Dalarna\",\"url\":\"https:\\\/\\\/wp.kristdemokraterna.se\\\/dalarna\\\/\",\"logo\":{\"@type\":\"ImageObject\",\"inLanguage\":\"sv-SE\",\"@id\":\"https:\\\/\\\/wp.kristdemokraterna.se\\\/dalarna\\\/#\\\/schema\\\/logo\\\/image\\\/\",\"url\":\"https:\\\/\\\/wp.kristdemokraterna.se\\\/dalarna\\\/files\\\/2022\\\/08\\\/dalarna-sida-bla-300dpi.png\",\"contentUrl\":\"https:\\\/\\\/wp.kristdemokraterna.se\\\/dalarna\\\/files\\\/2022\\\/08\\\/dalarna-sida-bla-300dpi.png\",\"width\":1477,\"height\":681,\"caption\":\"Kristdemokraterna Dalarna\"},\"image\":{\"@id\":\"https:\\\/\\\/wp.kristdemokraterna.se\\\/dalarna\\\/#\\\/schema\\\/logo\\\/image\\\/\"}},{\"@type\":\"Person\",\"@id\":\"https:\\\/\\\/wp.kristdemokraterna.se\\\/dalarna\\\/#\\\/schema\\\/person\\\/7611175eb955130b2fc127e0992fdffc\",\"name\":\"oliver\",\"image\":{\"@type\":\"ImageObject\",\"inLanguage\":\"sv-SE\",\"@id\":\"https:\\\/\\\/secure.gravatar.com\\\/avatar\\\/bf91bfa2870e8b9c37378dca6b35b68f39af1750e31e39ac91e8ffb52bcdde21?s=96&r=g\",\"url\":\"https:\\\/\\\/secure.gravatar.com\\\/avatar\\\/bf91bfa2870e8b9c37378dca6b35b68f39af1750e31e39ac91e8ffb52bcdde21?s=96&r=g\",\"contentUrl\":\"https:\\\/\\\/secure.gravatar.com\\\/avatar\\\/bf91bfa2870e8b9c37378dca6b35b68f39af1750e31e39ac91e8ffb52bcdde21?s=96&r=g\",\"caption\":\"oliver\"},\"url\":\"https:\\\/\\\/wp.kristdemokraterna.se\\\/dalarna\\\/author\\\/oliver\\\/\"}]}<\/script>\n<!-- \/ Yoast SEO plugin. -->","yoast_head_json":{"title":"Gratis resor till mammografin? Ja, s\u00e5klart! - Kristdemokraterna Dalarna","robots":{"index":"index","follow":"follow","max-snippet":"max-snippet:-1","max-image-preview":"max-image-preview:large","max-video-preview":"max-video-preview:-1"},"canonical":"https:\/\/wp.kristdemokraterna.se\/dalarna\/gratis-resor-till-mammografin-ja-saklart\/","og_locale":"sv_SE","og_type":"article","og_title":"Gratis resor till mammografin? Ja, s\u00e5klart! - Kristdemokraterna Dalarna","og_description":"Resor till och fr\u00e5n mammografiunders\u00f6kningar ska sj\u00e4lvklart vara kostnadsfria, vilket vi nu har beslutat i regionfullm\u00e4ktige. Varje \u00e5r kallas n\u00e4rmare 40 000 kvinnor i Dalarna till mammografin, men 20 procent dyker inte upp. Ingen ska beh\u00f6va v\u00e4lja bort mammografin p\u00e5 grund av kostnaden. D\u00e4rf\u00f6r g\u00f6r vi nu resor med kollektivtrafik gratis till och fr\u00e5n mammografin, Read More","og_url":"https:\/\/wp.kristdemokraterna.se\/dalarna\/gratis-resor-till-mammografin-ja-saklart\/","og_site_name":"Kristdemokraterna Dalarna","article_published_time":"2024-02-28T19:41:09+00:00","article_modified_time":"2024-03-03T19:41:41+00:00","author":"oliver","twitter_card":"summary_large_image","twitter_misc":{"Skriven av":"oliver","Ber\u00e4knad l\u00e4stid":"1 minut"},"schema":{"@context":"https:\/\/schema.org","@graph":[{"@type":"Article","@id":"https:\/\/wp.kristdemokraterna.se\/dalarna\/gratis-resor-till-mammografin-ja-saklart\/#article","isPartOf":{"@id":"https:\/\/wp.kristdemokraterna.se\/dalarna\/gratis-resor-till-mammografin-ja-saklart\/"},"author":{"name":"oliver","@id":"https:\/\/wp.kristdemokraterna.se\/dalarna\/#\/schema\/person\/7611175eb955130b2fc127e0992fdffc"},"headline":"Gratis resor till mammografin? Ja, s\u00e5klart!","datePublished":"2024-02-28T19:41:09+00:00","dateModified":"2024-03-03T19:41:41+00:00","mainEntityOfPage":{"@id":"https:\/\/wp.kristdemokraterna.se\/dalarna\/gratis-resor-till-mammografin-ja-saklart\/"},"wordCount":104,"publisher":{"@id":"https:\/\/wp.kristdemokraterna.se\/dalarna\/#organization"},"articleSection":["Nyheter"],"inLanguage":"sv-SE"},{"@type":"WebPage","@id":"https:\/\/wp.kristdemokraterna.se\/dalarna\/gratis-resor-till-mammografin-ja-saklart\/","url":"https:\/\/wp.kristdemokraterna.se\/dalarna\/gratis-resor-till-mammografin-ja-saklart\/","name":"Gratis resor till mammografin? Ja, s\u00e5klart! - Kristdemokraterna Dalarna","isPartOf":{"@id":"https:\/\/wp.kristdemokraterna.se\/dalarna\/#website"},"datePublished":"2024-02-28T19:41:09+00:00","dateModified":"2024-03-03T19:41:41+00:00","breadcrumb":{"@id":"https:\/\/wp.kristdemokraterna.se\/dalarna\/gratis-resor-till-mammografin-ja-saklart\/#breadcrumb"},"inLanguage":"sv-SE","potentialAction":[{"@type":"ReadAction","target":["https:\/\/wp.kristdemokraterna.se\/dalarna\/gratis-resor-till-mammografin-ja-saklart\/"]}]},{"@type":"BreadcrumbList","@id":"https:\/\/wp.kristdemokraterna.se\/dalarna\/gratis-resor-till-mammografin-ja-saklart\/#breadcrumb","itemListElement":[{"@type":"ListItem","position":1,"name":"Hem","item":"https:\/\/wp.kristdemokraterna.se\/dalarna\/"},{"@type":"ListItem","position":2,"name":"Gratis resor till mammografin? Ja, s\u00e5klart!"}]},{"@type":"WebSite","@id":"https:\/\/wp.kristdemokraterna.se\/dalarna\/#website","url":"https:\/\/wp.kristdemokraterna.se\/dalarna\/","name":"Kristdemokraterna Dalarna","description":"","publisher":{"@id":"https:\/\/wp.kristdemokraterna.se\/dalarna\/#organization"},"inLanguage":"sv-SE"},{"@type":"Organization","@id":"https:\/\/wp.kristdemokraterna.se\/dalarna\/#organization","name":"Kristdemokraterna Dalarna","url":"https:\/\/wp.kristdemokraterna.se\/dalarna\/","logo":{"@type":"ImageObject","inLanguage":"sv-SE","@id":"https:\/\/wp.kristdemokraterna.se\/dalarna\/#\/schema\/logo\/image\/","url":"https:\/\/wp.kristdemokraterna.se\/dalarna\/files\/2022\/08\/dalarna-sida-bla-300dpi.png","contentUrl":"https:\/\/wp.kristdemokraterna.se\/dalarna\/files\/2022\/08\/dalarna-sida-bla-300dpi.png","width":1477,"height":681,"caption":"Kristdemokraterna Dalarna"},"image":{"@id":"https:\/\/wp.kristdemokraterna.se\/dalarna\/#\/schema\/logo\/image\/"}},{"@type":"Person","@id":"https:\/\/wp.kristdemokraterna.se\/dalarna\/#\/schema\/person\/7611175eb955130b2fc127e0992fdffc","name":"oliver","image":{"@type":"ImageObject","inLanguage":"sv-SE","@id":"https:\/\/secure.gravatar.com\/avatar\/bf91bfa2870e8b9c37378dca6b35b68f39af1750e31e39ac91e8ffb52bcdde21?s=96&r=g","url":"https:\/\/secure.gravatar.com\/avatar\/bf91bfa2870e8b9c37378dca6b35b68f39af1750e31e39ac91e8ffb52bcdde21?s=96&r=g","contentUrl":"https:\/\/secure.gravatar.com\/avatar\/bf91bfa2870e8b9c37378dca6b35b68f39af1750e31e39ac91e8ffb52bcdde21?s=96&r=g","caption":"oliver"},"url":"https:\/\/wp.kristdemokraterna.se\/dalarna\/author\/oliver\/"}]}},"_links":{"self":[{"href":"https:\/\/wp.kristdemokraterna.se\/dalarna\/wp-json\/wp\/v2\/posts\/969","targetHints":{"allow":["GET"]}}],"collection":[{"href":"https:\/\/wp.kristdemokraterna.se\/dalarna\/wp-json\/wp\/v2\/posts"}],"about":[{"href":"https:\/\/wp.kristdemokraterna.se\/dalarna\/wp-json\/wp\/v2\/types\/post"}],"author":[{"embeddable":true,"href":"https:\/\/wp.kristdemokraterna.se\/dalarna\/wp-json\/wp\/v2\/users\/958"}],"replies":[{"embeddable":true,"href":"https:\/\/wp.kristdemokraterna.se\/dalarna\/wp-json\/wp\/v2\/comments?post=969"}],"version-history":[{"count":1,"href":"https:\/\/wp.kristdemokraterna.se\/dalarna\/wp-json\/wp\/v2\/posts\/969\/revisions"}],"predecessor-version":[{"id":970,"href":"https:\/\/wp.kristdemokraterna.se\/dalarna\/wp-json\/wp\/v2\/posts\/969\/revisions\/970"}],"wp:attachment":[{"href":"https:\/\/wp.kristdemokraterna.se\/dalarna\/wp-json\/wp\/v2\/media?parent=969"}],"wp:term":[{"taxonomy":"category","embeddable":true,"href":"https:\/\/wp.kristdemokraterna.se\/dalarna\/wp-json\/wp\/v2\/categories?post=969"},{"taxonomy":"post_tag","embeddable":true,"href":"https:\/\/wp.kristdemokraterna.se\/dalarna\/wp-json\/wp\/v2\/tags?post=969"}],"curies":[{"name":"wp","href":"https:\/\/api.w.org\/{rel}","templated":true}]}}