{"id":982,"date":"2024-03-04T10:13:39","date_gmt":"2024-03-04T09:13:39","guid":{"rendered":"https:\/\/wp.kristdemokraterna.se\/dalarna\/?p=982"},"modified":"2025-02-07T10:14:34","modified_gmt":"2025-02-07T09:14:34","slug":"angelagna-181-miljoner-extra-till-region-dalarna-fran-regeringen","status":"publish","type":"post","link":"https:\/\/wp.kristdemokraterna.se\/dalarna\/angelagna-181-miljoner-extra-till-region-dalarna-fran-regeringen\/","title":{"rendered":"Angel\u00e4gna 181 miljoner extra till Region Dalarna fr\u00e5n regeringen"},"content":{"rendered":"<p style=\"font-weight: 400\">Regeringen presenterar idag en storsatsning p\u00e5 sjukv\u00e5rden. Bland annat tillf\u00f6rs regionerna sex miljarder kronor. F\u00f6r Region Dalarna inneb\u00e4r det ett tillskott p\u00e5 181 miljoner kronor.<\/p>\n<p style=\"font-weight: 400\">\n<p style=\"font-weight: 400\">\u2013 Detta har varit en angel\u00e4gen prioritering f\u00f6r Kristdemokraterna i regeringsf\u00f6rhandlingarna och n\u00e5got som vi ocks\u00e5 har spelat in fr\u00e5n partiet h\u00e4r i Dalarna. Sjukv\u00e5rden st\u00e5r inf\u00f6r m\u00e5nga utmaningar, inte minst i sp\u00e5ren av den h\u00f6ga inflationen, s\u00e4ger Birgitta Sacr\u00e9deus (KD), regionr\u00e5d i Dalarna.<\/p>\n<p style=\"font-weight: 400\">\n<p style=\"font-weight: 400\">Kristdemokraterna i Dalarna v\u00e4lkomnar regeringens besked och menar att pengarna kommer att anv\u00e4ndas f\u00f6r att st\u00e4rka upp dalaregionens v\u00e5rdverksamhet.<\/p>\n<p style=\"font-weight: 400\">\n<p style=\"font-weight: 400\">\u2013 Det h\u00e4r \u00e4r ett betydande tillskott som kommer att g\u00f6ra stor nytta f\u00f6r att beh\u00e5lla och st\u00e4rka upp h\u00e4lso- och sjukv\u00e5rden. Samtidigt vilar fortsatt ett stort ansvar p\u00e5 oss i regionen. Arbetet f\u00f6r att n\u00e5 en ekonomi i balans forts\u00e4tter, men f\u00f6ruts\u00e4ttningarna att lyckas har f\u00f6rb\u00e4ttrats avsev\u00e4rt, forts\u00e4tter Birgitta Sacr\u00e9deus (KD).<\/p>\n<p style=\"font-weight: 400\">\n<p style=\"font-weight: 400\">Tillskottet sker i form av ett f\u00f6rst\u00e4rkt sektorsbidrag, och det finns inte n\u00e5gra formella motkrav. F\u00f6rv\u00e4ntan \u00e4r dock att regionerna anv\u00e4nder pengarna f\u00f6r att undvika upps\u00e4gningar av v\u00e5rdpersonal, och regeringen inr\u00e4ttar en effektivitetsdelegation f\u00f6r att s\u00e4kerst\u00e4lla att pengarna anv\u00e4nds till det som \u00e4r avsett.<\/p>\n<p style=\"font-weight: 400\">\n<p style=\"font-weight: 400\">\u2013 Jag tycker det \u00e4r klokt att det finns en uppf\u00f6ljning. Vi ska vara varsamma med skattemedel och s\u00e5 \u00e4ven i Region Dalarna. Sjukv\u00e5rden ska klara av sitt uppdrag \u2013 det ska vara regionens prioritering n\u00e4r de nya medlen ska f\u00f6rdelas. Att regeringen nu ocks\u00e5 l\u00e4gger stort fokus p\u00e5 att arbeta bort v\u00e5rdk\u00f6erna och ta ett nationellt grepp att st\u00f6dja, \u00e4r positivt, avslutar Birgitta Sacr\u00e9deus (KD).<\/p>\n","protected":false},"excerpt":{"rendered":"<p>Regeringen presenterar idag en storsatsning p\u00e5 sjukv\u00e5rden. Bland annat tillf\u00f6rs regionerna sex miljarder kronor. F\u00f6r Region Dalarna inneb\u00e4r det ett tillskott p\u00e5 181 miljoner kronor. \u2013 Detta har varit en angel\u00e4gen prioritering f\u00f6r Kristdemokraterna i regeringsf\u00f6rhandlingarna och n\u00e5got som vi ocks\u00e5 har spelat in fr\u00e5n partiet h\u00e4r i Dalarna. Sjukv\u00e5rden st\u00e5r inf\u00f6r m\u00e5nga utmaningar, inte <a class=\"read-more-link\" href=\"https:\/\/wp.kristdemokraterna.se\/dalarna\/angelagna-181-miljoner-extra-till-region-dalarna-fran-regeringen\/\">Read More<\/a><\/p>\n","protected":false},"author":958,"featured_media":0,"comment_status":"closed","ping_status":"closed","sticky":false,"template":"","format":"standard","meta":{"_acf_changed":false,"footnotes":""},"categories":[12],"tags":[],"class_list":["post-982","post","type-post","status-publish","format-standard","hentry","category-nyheter"],"acf":[],"yoast_head":"<!-- This site is optimized with the Yoast SEO plugin v27.5 - https:\/\/yoast.com\/product\/yoast-seo-wordpress\/ -->\n<title>Angel\u00e4gna 181 miljoner extra till Region Dalarna fr\u00e5n regeringen - Kristdemokraterna Dalarna<\/title>\n<meta name=\"robots\" content=\"index, follow, max-snippet:-1, max-image-preview:large, max-video-preview:-1\" \/>\n<link rel=\"canonical\" href=\"https:\/\/wp.kristdemokraterna.se\/dalarna\/angelagna-181-miljoner-extra-till-region-dalarna-fran-regeringen\/\" \/>\n<meta property=\"og:locale\" content=\"sv_SE\" \/>\n<meta property=\"og:type\" content=\"article\" \/>\n<meta property=\"og:title\" content=\"Angel\u00e4gna 181 miljoner extra till Region Dalarna fr\u00e5n regeringen - Kristdemokraterna Dalarna\" \/>\n<meta property=\"og:description\" content=\"Regeringen presenterar idag en storsatsning p\u00e5 sjukv\u00e5rden. Bland annat tillf\u00f6rs regionerna sex miljarder kronor. F\u00f6r Region Dalarna inneb\u00e4r det ett tillskott p\u00e5 181 miljoner kronor. \u2013 Detta har varit en angel\u00e4gen prioritering f\u00f6r Kristdemokraterna i regeringsf\u00f6rhandlingarna och n\u00e5got som vi ocks\u00e5 har spelat in fr\u00e5n partiet h\u00e4r i Dalarna. Sjukv\u00e5rden st\u00e5r inf\u00f6r m\u00e5nga utmaningar, inte Read More\" \/>\n<meta property=\"og:url\" content=\"https:\/\/wp.kristdemokraterna.se\/dalarna\/angelagna-181-miljoner-extra-till-region-dalarna-fran-regeringen\/\" \/>\n<meta property=\"og:site_name\" content=\"Kristdemokraterna Dalarna\" \/>\n<meta property=\"article:published_time\" content=\"2024-03-04T09:13:39+00:00\" \/>\n<meta property=\"article:modified_time\" content=\"2025-02-07T09:14:34+00:00\" \/>\n<meta name=\"author\" content=\"oliver\" \/>\n<meta name=\"twitter:card\" content=\"summary_large_image\" \/>\n<meta name=\"twitter:label1\" content=\"Skriven av\" \/>\n\t<meta name=\"twitter:data1\" content=\"oliver\" \/>\n\t<meta name=\"twitter:label2\" content=\"Ber\u00e4knad l\u00e4stid\" \/>\n\t<meta name=\"twitter:data2\" content=\"2 minuter\" \/>\n<script type=\"application\/ld+json\" class=\"yoast-schema-graph\">{\"@context\":\"https:\\\/\\\/schema.org\",\"@graph\":[{\"@type\":\"Article\",\"@id\":\"https:\\\/\\\/wp.kristdemokraterna.se\\\/dalarna\\\/angelagna-181-miljoner-extra-till-region-dalarna-fran-regeringen\\\/#article\",\"isPartOf\":{\"@id\":\"https:\\\/\\\/wp.kristdemokraterna.se\\\/dalarna\\\/angelagna-181-miljoner-extra-till-region-dalarna-fran-regeringen\\\/\"},\"author\":{\"name\":\"oliver\",\"@id\":\"https:\\\/\\\/wp.kristdemokraterna.se\\\/dalarna\\\/#\\\/schema\\\/person\\\/7611175eb955130b2fc127e0992fdffc\"},\"headline\":\"Angel\u00e4gna 181 miljoner extra till Region Dalarna fr\u00e5n regeringen\",\"datePublished\":\"2024-03-04T09:13:39+00:00\",\"dateModified\":\"2025-02-07T09:14:34+00:00\",\"mainEntityOfPage\":{\"@id\":\"https:\\\/\\\/wp.kristdemokraterna.se\\\/dalarna\\\/angelagna-181-miljoner-extra-till-region-dalarna-fran-regeringen\\\/\"},\"wordCount\":318,\"publisher\":{\"@id\":\"https:\\\/\\\/wp.kristdemokraterna.se\\\/dalarna\\\/#organization\"},\"articleSection\":[\"Nyheter\"],\"inLanguage\":\"sv-SE\"},{\"@type\":\"WebPage\",\"@id\":\"https:\\\/\\\/wp.kristdemokraterna.se\\\/dalarna\\\/angelagna-181-miljoner-extra-till-region-dalarna-fran-regeringen\\\/\",\"url\":\"https:\\\/\\\/wp.kristdemokraterna.se\\\/dalarna\\\/angelagna-181-miljoner-extra-till-region-dalarna-fran-regeringen\\\/\",\"name\":\"Angel\u00e4gna 181 miljoner extra till Region Dalarna fr\u00e5n regeringen - Kristdemokraterna Dalarna\",\"isPartOf\":{\"@id\":\"https:\\\/\\\/wp.kristdemokraterna.se\\\/dalarna\\\/#website\"},\"datePublished\":\"2024-03-04T09:13:39+00:00\",\"dateModified\":\"2025-02-07T09:14:34+00:00\",\"breadcrumb\":{\"@id\":\"https:\\\/\\\/wp.kristdemokraterna.se\\\/dalarna\\\/angelagna-181-miljoner-extra-till-region-dalarna-fran-regeringen\\\/#breadcrumb\"},\"inLanguage\":\"sv-SE\",\"potentialAction\":[{\"@type\":\"ReadAction\",\"target\":[\"https:\\\/\\\/wp.kristdemokraterna.se\\\/dalarna\\\/angelagna-181-miljoner-extra-till-region-dalarna-fran-regeringen\\\/\"]}]},{\"@type\":\"BreadcrumbList\",\"@id\":\"https:\\\/\\\/wp.kristdemokraterna.se\\\/dalarna\\\/angelagna-181-miljoner-extra-till-region-dalarna-fran-regeringen\\\/#breadcrumb\",\"itemListElement\":[{\"@type\":\"ListItem\",\"position\":1,\"name\":\"Hem\",\"item\":\"https:\\\/\\\/wp.kristdemokraterna.se\\\/dalarna\\\/\"},{\"@type\":\"ListItem\",\"position\":2,\"name\":\"Angel\u00e4gna 181 miljoner extra till Region Dalarna fr\u00e5n regeringen\"}]},{\"@type\":\"WebSite\",\"@id\":\"https:\\\/\\\/wp.kristdemokraterna.se\\\/dalarna\\\/#website\",\"url\":\"https:\\\/\\\/wp.kristdemokraterna.se\\\/dalarna\\\/\",\"name\":\"Kristdemokraterna Dalarna\",\"description\":\"\",\"publisher\":{\"@id\":\"https:\\\/\\\/wp.kristdemokraterna.se\\\/dalarna\\\/#organization\"},\"inLanguage\":\"sv-SE\"},{\"@type\":\"Organization\",\"@id\":\"https:\\\/\\\/wp.kristdemokraterna.se\\\/dalarna\\\/#organization\",\"name\":\"Kristdemokraterna Dalarna\",\"url\":\"https:\\\/\\\/wp.kristdemokraterna.se\\\/dalarna\\\/\",\"logo\":{\"@type\":\"ImageObject\",\"inLanguage\":\"sv-SE\",\"@id\":\"https:\\\/\\\/wp.kristdemokraterna.se\\\/dalarna\\\/#\\\/schema\\\/logo\\\/image\\\/\",\"url\":\"https:\\\/\\\/wp.kristdemokraterna.se\\\/dalarna\\\/files\\\/2022\\\/08\\\/dalarna-sida-bla-300dpi.png\",\"contentUrl\":\"https:\\\/\\\/wp.kristdemokraterna.se\\\/dalarna\\\/files\\\/2022\\\/08\\\/dalarna-sida-bla-300dpi.png\",\"width\":1477,\"height\":681,\"caption\":\"Kristdemokraterna Dalarna\"},\"image\":{\"@id\":\"https:\\\/\\\/wp.kristdemokraterna.se\\\/dalarna\\\/#\\\/schema\\\/logo\\\/image\\\/\"}},{\"@type\":\"Person\",\"@id\":\"https:\\\/\\\/wp.kristdemokraterna.se\\\/dalarna\\\/#\\\/schema\\\/person\\\/7611175eb955130b2fc127e0992fdffc\",\"name\":\"oliver\",\"image\":{\"@type\":\"ImageObject\",\"inLanguage\":\"sv-SE\",\"@id\":\"https:\\\/\\\/secure.gravatar.com\\\/avatar\\\/bf91bfa2870e8b9c37378dca6b35b68f39af1750e31e39ac91e8ffb52bcdde21?s=96&r=g\",\"url\":\"https:\\\/\\\/secure.gravatar.com\\\/avatar\\\/bf91bfa2870e8b9c37378dca6b35b68f39af1750e31e39ac91e8ffb52bcdde21?s=96&r=g\",\"contentUrl\":\"https:\\\/\\\/secure.gravatar.com\\\/avatar\\\/bf91bfa2870e8b9c37378dca6b35b68f39af1750e31e39ac91e8ffb52bcdde21?s=96&r=g\",\"caption\":\"oliver\"},\"url\":\"https:\\\/\\\/wp.kristdemokraterna.se\\\/dalarna\\\/author\\\/oliver\\\/\"}]}<\/script>\n<!-- \/ Yoast SEO plugin. -->","yoast_head_json":{"title":"Angel\u00e4gna 181 miljoner extra till Region Dalarna fr\u00e5n regeringen - Kristdemokraterna Dalarna","robots":{"index":"index","follow":"follow","max-snippet":"max-snippet:-1","max-image-preview":"max-image-preview:large","max-video-preview":"max-video-preview:-1"},"canonical":"https:\/\/wp.kristdemokraterna.se\/dalarna\/angelagna-181-miljoner-extra-till-region-dalarna-fran-regeringen\/","og_locale":"sv_SE","og_type":"article","og_title":"Angel\u00e4gna 181 miljoner extra till Region Dalarna fr\u00e5n regeringen - Kristdemokraterna Dalarna","og_description":"Regeringen presenterar idag en storsatsning p\u00e5 sjukv\u00e5rden. Bland annat tillf\u00f6rs regionerna sex miljarder kronor. F\u00f6r Region Dalarna inneb\u00e4r det ett tillskott p\u00e5 181 miljoner kronor. \u2013 Detta har varit en angel\u00e4gen prioritering f\u00f6r Kristdemokraterna i regeringsf\u00f6rhandlingarna och n\u00e5got som vi ocks\u00e5 har spelat in fr\u00e5n partiet h\u00e4r i Dalarna. Sjukv\u00e5rden st\u00e5r inf\u00f6r m\u00e5nga utmaningar, inte Read More","og_url":"https:\/\/wp.kristdemokraterna.se\/dalarna\/angelagna-181-miljoner-extra-till-region-dalarna-fran-regeringen\/","og_site_name":"Kristdemokraterna Dalarna","article_published_time":"2024-03-04T09:13:39+00:00","article_modified_time":"2025-02-07T09:14:34+00:00","author":"oliver","twitter_card":"summary_large_image","twitter_misc":{"Skriven av":"oliver","Ber\u00e4knad l\u00e4stid":"2 minuter"},"schema":{"@context":"https:\/\/schema.org","@graph":[{"@type":"Article","@id":"https:\/\/wp.kristdemokraterna.se\/dalarna\/angelagna-181-miljoner-extra-till-region-dalarna-fran-regeringen\/#article","isPartOf":{"@id":"https:\/\/wp.kristdemokraterna.se\/dalarna\/angelagna-181-miljoner-extra-till-region-dalarna-fran-regeringen\/"},"author":{"name":"oliver","@id":"https:\/\/wp.kristdemokraterna.se\/dalarna\/#\/schema\/person\/7611175eb955130b2fc127e0992fdffc"},"headline":"Angel\u00e4gna 181 miljoner extra till Region Dalarna fr\u00e5n regeringen","datePublished":"2024-03-04T09:13:39+00:00","dateModified":"2025-02-07T09:14:34+00:00","mainEntityOfPage":{"@id":"https:\/\/wp.kristdemokraterna.se\/dalarna\/angelagna-181-miljoner-extra-till-region-dalarna-fran-regeringen\/"},"wordCount":318,"publisher":{"@id":"https:\/\/wp.kristdemokraterna.se\/dalarna\/#organization"},"articleSection":["Nyheter"],"inLanguage":"sv-SE"},{"@type":"WebPage","@id":"https:\/\/wp.kristdemokraterna.se\/dalarna\/angelagna-181-miljoner-extra-till-region-dalarna-fran-regeringen\/","url":"https:\/\/wp.kristdemokraterna.se\/dalarna\/angelagna-181-miljoner-extra-till-region-dalarna-fran-regeringen\/","name":"Angel\u00e4gna 181 miljoner extra till Region Dalarna fr\u00e5n regeringen - Kristdemokraterna Dalarna","isPartOf":{"@id":"https:\/\/wp.kristdemokraterna.se\/dalarna\/#website"},"datePublished":"2024-03-04T09:13:39+00:00","dateModified":"2025-02-07T09:14:34+00:00","breadcrumb":{"@id":"https:\/\/wp.kristdemokraterna.se\/dalarna\/angelagna-181-miljoner-extra-till-region-dalarna-fran-regeringen\/#breadcrumb"},"inLanguage":"sv-SE","potentialAction":[{"@type":"ReadAction","target":["https:\/\/wp.kristdemokraterna.se\/dalarna\/angelagna-181-miljoner-extra-till-region-dalarna-fran-regeringen\/"]}]},{"@type":"BreadcrumbList","@id":"https:\/\/wp.kristdemokraterna.se\/dalarna\/angelagna-181-miljoner-extra-till-region-dalarna-fran-regeringen\/#breadcrumb","itemListElement":[{"@type":"ListItem","position":1,"name":"Hem","item":"https:\/\/wp.kristdemokraterna.se\/dalarna\/"},{"@type":"ListItem","position":2,"name":"Angel\u00e4gna 181 miljoner extra till Region Dalarna fr\u00e5n regeringen"}]},{"@type":"WebSite","@id":"https:\/\/wp.kristdemokraterna.se\/dalarna\/#website","url":"https:\/\/wp.kristdemokraterna.se\/dalarna\/","name":"Kristdemokraterna Dalarna","description":"","publisher":{"@id":"https:\/\/wp.kristdemokraterna.se\/dalarna\/#organization"},"inLanguage":"sv-SE"},{"@type":"Organization","@id":"https:\/\/wp.kristdemokraterna.se\/dalarna\/#organization","name":"Kristdemokraterna Dalarna","url":"https:\/\/wp.kristdemokraterna.se\/dalarna\/","logo":{"@type":"ImageObject","inLanguage":"sv-SE","@id":"https:\/\/wp.kristdemokraterna.se\/dalarna\/#\/schema\/logo\/image\/","url":"https:\/\/wp.kristdemokraterna.se\/dalarna\/files\/2022\/08\/dalarna-sida-bla-300dpi.png","contentUrl":"https:\/\/wp.kristdemokraterna.se\/dalarna\/files\/2022\/08\/dalarna-sida-bla-300dpi.png","width":1477,"height":681,"caption":"Kristdemokraterna Dalarna"},"image":{"@id":"https:\/\/wp.kristdemokraterna.se\/dalarna\/#\/schema\/logo\/image\/"}},{"@type":"Person","@id":"https:\/\/wp.kristdemokraterna.se\/dalarna\/#\/schema\/person\/7611175eb955130b2fc127e0992fdffc","name":"oliver","image":{"@type":"ImageObject","inLanguage":"sv-SE","@id":"https:\/\/secure.gravatar.com\/avatar\/bf91bfa2870e8b9c37378dca6b35b68f39af1750e31e39ac91e8ffb52bcdde21?s=96&r=g","url":"https:\/\/secure.gravatar.com\/avatar\/bf91bfa2870e8b9c37378dca6b35b68f39af1750e31e39ac91e8ffb52bcdde21?s=96&r=g","contentUrl":"https:\/\/secure.gravatar.com\/avatar\/bf91bfa2870e8b9c37378dca6b35b68f39af1750e31e39ac91e8ffb52bcdde21?s=96&r=g","caption":"oliver"},"url":"https:\/\/wp.kristdemokraterna.se\/dalarna\/author\/oliver\/"}]}},"_links":{"self":[{"href":"https:\/\/wp.kristdemokraterna.se\/dalarna\/wp-json\/wp\/v2\/posts\/982","targetHints":{"allow":["GET"]}}],"collection":[{"href":"https:\/\/wp.kristdemokraterna.se\/dalarna\/wp-json\/wp\/v2\/posts"}],"about":[{"href":"https:\/\/wp.kristdemokraterna.se\/dalarna\/wp-json\/wp\/v2\/types\/post"}],"author":[{"embeddable":true,"href":"https:\/\/wp.kristdemokraterna.se\/dalarna\/wp-json\/wp\/v2\/users\/958"}],"replies":[{"embeddable":true,"href":"https:\/\/wp.kristdemokraterna.se\/dalarna\/wp-json\/wp\/v2\/comments?post=982"}],"version-history":[{"count":1,"href":"https:\/\/wp.kristdemokraterna.se\/dalarna\/wp-json\/wp\/v2\/posts\/982\/revisions"}],"predecessor-version":[{"id":984,"href":"https:\/\/wp.kristdemokraterna.se\/dalarna\/wp-json\/wp\/v2\/posts\/982\/revisions\/984"}],"wp:attachment":[{"href":"https:\/\/wp.kristdemokraterna.se\/dalarna\/wp-json\/wp\/v2\/media?parent=982"}],"wp:term":[{"taxonomy":"category","embeddable":true,"href":"https:\/\/wp.kristdemokraterna.se\/dalarna\/wp-json\/wp\/v2\/categories?post=982"},{"taxonomy":"post_tag","embeddable":true,"href":"https:\/\/wp.kristdemokraterna.se\/dalarna\/wp-json\/wp\/v2\/tags?post=982"}],"curies":[{"name":"wp","href":"https:\/\/api.w.org\/{rel}","templated":true}]}}