{"id":985,"date":"2024-05-10T10:14:50","date_gmt":"2024-05-10T08:14:50","guid":{"rendered":"https:\/\/wp.kristdemokraterna.se\/dalarna\/?p=985"},"modified":"2025-02-07T10:15:30","modified_gmt":"2025-02-07T09:15:30","slug":"eu-valupptakt-for-kd-dalarna-lordag-11-maj-granser-och-frihet-i-den-ordningen","status":"publish","type":"post","link":"https:\/\/wp.kristdemokraterna.se\/dalarna\/eu-valupptakt-for-kd-dalarna-lordag-11-maj-granser-och-frihet-i-den-ordningen\/","title":{"rendered":"EU-valupptakt f\u00f6r KD Dalarna l\u00f6rdag 11 maj: \u201dGr\u00e4nser och frihet, i den ordningen\u201d"},"content":{"rendered":"<p style=\"font-weight: 400\">Med temat \u201dGr\u00e4nser och frihet, i den ordningen\u201d sparkar Kristdemokraterna i Dalarna ig\u00e5ng sin valr\u00f6relse i l\u00e4net till Europaparlamentet.<\/p>\n<p style=\"font-weight: 400\">\n<p style=\"font-weight: 400\">\u2013 Det \u00e4r allvarliga tider och s\u00e4kra gr\u00e4nser f\u00f6r Sverige och EU ger trygghet f\u00f6r oss medborgare att kunna fortsatt leva i fred, frihet och demokrati.<\/p>\n<p style=\"font-weight: 400\">\n<p style=\"font-weight: 400\">\u2013 En r\u00f6st p\u00e5 KD \u00e4r en r\u00f6st f\u00f6r verkligt inflytande p\u00e5 europeisk politik d\u00e5 v\u00e5r kristdemokratiska partigrupp EPP, European People\u00b4s Party, \u00e4r den st\u00f6rsta i Europaparlamentet samt har ordf\u00f6randeposten i inflytelserika EU-kommitt\u00e9n, framh\u00e5ller dalatoppnamnet Birgitta Sacr\u00e9deus (KD).<\/p>\n<p style=\"font-weight: 400\">\n<p style=\"font-weight: 400\">Valupptakten \u00e4ger rum i morgon, l\u00f6rdagen den 11 maj, med medverkan av partiets tv\u00e5 kandidater p\u00e5 den nationella valsedeln samt ledande distriktsf\u00f6retr\u00e4dare.<\/p>\n<p style=\"font-weight: 400\">\n<p style=\"font-weight: 400\">Birgitta Sacr\u00e9deus, Mora, nummer 14 p\u00e5 KD-listan, regionr\u00e5d f\u00f6r regionalutveckling och ledamot av EU:s regionkommitt\u00e9, kampanjar vid valupptakten i Falun vid \u00c5hl\u00e9ns kl. 10:30\u201314:30.<\/p>\n<p style=\"font-weight: 400\">\n<p style=\"font-weight: 400\">Riksdagsmannen Mathias Bengtsson, Gagnef, nummer 35 p\u00e5 valsedeln, drar ig\u00e5ng i Ludvika p\u00e5 g\u00e5gatan kl. 10:00\u201314:00, medan Elin \u00c5hman, Borl\u00e4nge, ordf\u00f6rande f\u00f6r KD Dalarna kickar ig\u00e5ng i anslutning till Hedemora marknad kl. 10:00\u201316:00 p\u00e5 \u00c4mbetsgatan 4 i Hedemora.<\/p>\n<p style=\"font-weight: 400\">\n<p style=\"font-weight: 400\">I Mora, d\u00e4r det ocks\u00e5 \u00e4r kommunal folkomr\u00f6stning, finns tidigare europaparlamentarikern Lennart Sacr\u00e9deus, Mora kommunfullm\u00e4ktiges ordf\u00f6rande, p\u00e5 plats mitt p\u00e5 g\u00e5gatan vid Emma Zorns torg kl. 10:00\u201314:00.<\/p>\n<p style=\"font-weight: 400\">\n<p style=\"font-weight: 400\">\u2013 Vi ser med f\u00f6rv\u00e4ntan fram emot valr\u00f6relsen, vilket i sig \u00e4r en hyllning till den svenska demokratin. Som folkr\u00f6relseparti \u00e4r vi \u00f6vertygade om att m\u00f6tet med v\u00e4ljarna \u00e4ven i detta val kommer tj\u00e4na oss v\u00e4l n\u00e4r m\u00e5nga viktiga samtal f\u00f6rs kring allvarliga framtidsfr\u00e5gor p\u00e5 temat \u201dGr\u00e4nser och frihet, i den ordningen\u201d, s\u00e4ger de fyra kristdemokratiska dalaf\u00f6retr\u00e4darna.<\/p>\n","protected":false},"excerpt":{"rendered":"<p>Med temat \u201dGr\u00e4nser och frihet, i den ordningen\u201d sparkar Kristdemokraterna i Dalarna ig\u00e5ng sin valr\u00f6relse i l\u00e4net till Europaparlamentet. \u2013 Det \u00e4r allvarliga tider och s\u00e4kra gr\u00e4nser f\u00f6r Sverige och EU ger trygghet f\u00f6r oss medborgare att kunna fortsatt leva i fred, frihet och demokrati. \u2013 En r\u00f6st p\u00e5 KD \u00e4r en r\u00f6st f\u00f6r verkligt <a class=\"read-more-link\" href=\"https:\/\/wp.kristdemokraterna.se\/dalarna\/eu-valupptakt-for-kd-dalarna-lordag-11-maj-granser-och-frihet-i-den-ordningen\/\">Read More<\/a><\/p>\n","protected":false},"author":958,"featured_media":0,"comment_status":"closed","ping_status":"closed","sticky":false,"template":"","format":"standard","meta":{"_acf_changed":false,"footnotes":""},"categories":[12],"tags":[],"class_list":["post-985","post","type-post","status-publish","format-standard","hentry","category-nyheter"],"acf":[],"yoast_head":"<!-- This site is optimized with the Yoast SEO plugin v27.5 - https:\/\/yoast.com\/product\/yoast-seo-wordpress\/ -->\n<title>EU-valupptakt f\u00f6r KD Dalarna l\u00f6rdag 11 maj: \u201dGr\u00e4nser och frihet, i den ordningen\u201d - Kristdemokraterna Dalarna<\/title>\n<meta name=\"robots\" content=\"index, follow, max-snippet:-1, max-image-preview:large, max-video-preview:-1\" \/>\n<link rel=\"canonical\" href=\"https:\/\/wp.kristdemokraterna.se\/dalarna\/eu-valupptakt-for-kd-dalarna-lordag-11-maj-granser-och-frihet-i-den-ordningen\/\" \/>\n<meta property=\"og:locale\" content=\"sv_SE\" \/>\n<meta property=\"og:type\" content=\"article\" \/>\n<meta property=\"og:title\" content=\"EU-valupptakt f\u00f6r KD Dalarna l\u00f6rdag 11 maj: \u201dGr\u00e4nser och frihet, i den ordningen\u201d - Kristdemokraterna Dalarna\" \/>\n<meta property=\"og:description\" content=\"Med temat \u201dGr\u00e4nser och frihet, i den ordningen\u201d sparkar Kristdemokraterna i Dalarna ig\u00e5ng sin valr\u00f6relse i l\u00e4net till Europaparlamentet. \u2013 Det \u00e4r allvarliga tider och s\u00e4kra gr\u00e4nser f\u00f6r Sverige och EU ger trygghet f\u00f6r oss medborgare att kunna fortsatt leva i fred, frihet och demokrati. \u2013 En r\u00f6st p\u00e5 KD \u00e4r en r\u00f6st f\u00f6r verkligt Read More\" \/>\n<meta property=\"og:url\" content=\"https:\/\/wp.kristdemokraterna.se\/dalarna\/eu-valupptakt-for-kd-dalarna-lordag-11-maj-granser-och-frihet-i-den-ordningen\/\" \/>\n<meta property=\"og:site_name\" content=\"Kristdemokraterna Dalarna\" \/>\n<meta property=\"article:published_time\" content=\"2024-05-10T08:14:50+00:00\" \/>\n<meta property=\"article:modified_time\" content=\"2025-02-07T09:15:30+00:00\" \/>\n<meta name=\"author\" content=\"oliver\" \/>\n<meta name=\"twitter:card\" content=\"summary_large_image\" \/>\n<meta name=\"twitter:label1\" content=\"Skriven av\" \/>\n\t<meta name=\"twitter:data1\" content=\"oliver\" \/>\n\t<meta name=\"twitter:label2\" content=\"Ber\u00e4knad l\u00e4stid\" \/>\n\t<meta name=\"twitter:data2\" content=\"2 minuter\" \/>\n<script type=\"application\/ld+json\" class=\"yoast-schema-graph\">{\"@context\":\"https:\\\/\\\/schema.org\",\"@graph\":[{\"@type\":\"Article\",\"@id\":\"https:\\\/\\\/wp.kristdemokraterna.se\\\/dalarna\\\/eu-valupptakt-for-kd-dalarna-lordag-11-maj-granser-och-frihet-i-den-ordningen\\\/#article\",\"isPartOf\":{\"@id\":\"https:\\\/\\\/wp.kristdemokraterna.se\\\/dalarna\\\/eu-valupptakt-for-kd-dalarna-lordag-11-maj-granser-och-frihet-i-den-ordningen\\\/\"},\"author\":{\"name\":\"oliver\",\"@id\":\"https:\\\/\\\/wp.kristdemokraterna.se\\\/dalarna\\\/#\\\/schema\\\/person\\\/7611175eb955130b2fc127e0992fdffc\"},\"headline\":\"EU-valupptakt f\u00f6r KD Dalarna l\u00f6rdag 11 maj: \u201dGr\u00e4nser och frihet, i den ordningen\u201d\",\"datePublished\":\"2024-05-10T08:14:50+00:00\",\"dateModified\":\"2025-02-07T09:15:30+00:00\",\"mainEntityOfPage\":{\"@id\":\"https:\\\/\\\/wp.kristdemokraterna.se\\\/dalarna\\\/eu-valupptakt-for-kd-dalarna-lordag-11-maj-granser-och-frihet-i-den-ordningen\\\/\"},\"wordCount\":309,\"publisher\":{\"@id\":\"https:\\\/\\\/wp.kristdemokraterna.se\\\/dalarna\\\/#organization\"},\"articleSection\":[\"Nyheter\"],\"inLanguage\":\"sv-SE\"},{\"@type\":\"WebPage\",\"@id\":\"https:\\\/\\\/wp.kristdemokraterna.se\\\/dalarna\\\/eu-valupptakt-for-kd-dalarna-lordag-11-maj-granser-och-frihet-i-den-ordningen\\\/\",\"url\":\"https:\\\/\\\/wp.kristdemokraterna.se\\\/dalarna\\\/eu-valupptakt-for-kd-dalarna-lordag-11-maj-granser-och-frihet-i-den-ordningen\\\/\",\"name\":\"EU-valupptakt f\u00f6r KD Dalarna l\u00f6rdag 11 maj: \u201dGr\u00e4nser och frihet, i den ordningen\u201d - Kristdemokraterna Dalarna\",\"isPartOf\":{\"@id\":\"https:\\\/\\\/wp.kristdemokraterna.se\\\/dalarna\\\/#website\"},\"datePublished\":\"2024-05-10T08:14:50+00:00\",\"dateModified\":\"2025-02-07T09:15:30+00:00\",\"breadcrumb\":{\"@id\":\"https:\\\/\\\/wp.kristdemokraterna.se\\\/dalarna\\\/eu-valupptakt-for-kd-dalarna-lordag-11-maj-granser-och-frihet-i-den-ordningen\\\/#breadcrumb\"},\"inLanguage\":\"sv-SE\",\"potentialAction\":[{\"@type\":\"ReadAction\",\"target\":[\"https:\\\/\\\/wp.kristdemokraterna.se\\\/dalarna\\\/eu-valupptakt-for-kd-dalarna-lordag-11-maj-granser-och-frihet-i-den-ordningen\\\/\"]}]},{\"@type\":\"BreadcrumbList\",\"@id\":\"https:\\\/\\\/wp.kristdemokraterna.se\\\/dalarna\\\/eu-valupptakt-for-kd-dalarna-lordag-11-maj-granser-och-frihet-i-den-ordningen\\\/#breadcrumb\",\"itemListElement\":[{\"@type\":\"ListItem\",\"position\":1,\"name\":\"Hem\",\"item\":\"https:\\\/\\\/wp.kristdemokraterna.se\\\/dalarna\\\/\"},{\"@type\":\"ListItem\",\"position\":2,\"name\":\"EU-valupptakt f\u00f6r KD Dalarna l\u00f6rdag 11 maj: \u201dGr\u00e4nser och frihet, i den ordningen\u201d\"}]},{\"@type\":\"WebSite\",\"@id\":\"https:\\\/\\\/wp.kristdemokraterna.se\\\/dalarna\\\/#website\",\"url\":\"https:\\\/\\\/wp.kristdemokraterna.se\\\/dalarna\\\/\",\"name\":\"Kristdemokraterna Dalarna\",\"description\":\"\",\"publisher\":{\"@id\":\"https:\\\/\\\/wp.kristdemokraterna.se\\\/dalarna\\\/#organization\"},\"inLanguage\":\"sv-SE\"},{\"@type\":\"Organization\",\"@id\":\"https:\\\/\\\/wp.kristdemokraterna.se\\\/dalarna\\\/#organization\",\"name\":\"Kristdemokraterna Dalarna\",\"url\":\"https:\\\/\\\/wp.kristdemokraterna.se\\\/dalarna\\\/\",\"logo\":{\"@type\":\"ImageObject\",\"inLanguage\":\"sv-SE\",\"@id\":\"https:\\\/\\\/wp.kristdemokraterna.se\\\/dalarna\\\/#\\\/schema\\\/logo\\\/image\\\/\",\"url\":\"https:\\\/\\\/wp.kristdemokraterna.se\\\/dalarna\\\/files\\\/2022\\\/08\\\/dalarna-sida-bla-300dpi.png\",\"contentUrl\":\"https:\\\/\\\/wp.kristdemokraterna.se\\\/dalarna\\\/files\\\/2022\\\/08\\\/dalarna-sida-bla-300dpi.png\",\"width\":1477,\"height\":681,\"caption\":\"Kristdemokraterna Dalarna\"},\"image\":{\"@id\":\"https:\\\/\\\/wp.kristdemokraterna.se\\\/dalarna\\\/#\\\/schema\\\/logo\\\/image\\\/\"}},{\"@type\":\"Person\",\"@id\":\"https:\\\/\\\/wp.kristdemokraterna.se\\\/dalarna\\\/#\\\/schema\\\/person\\\/7611175eb955130b2fc127e0992fdffc\",\"name\":\"oliver\",\"image\":{\"@type\":\"ImageObject\",\"inLanguage\":\"sv-SE\",\"@id\":\"https:\\\/\\\/secure.gravatar.com\\\/avatar\\\/bf91bfa2870e8b9c37378dca6b35b68f39af1750e31e39ac91e8ffb52bcdde21?s=96&r=g\",\"url\":\"https:\\\/\\\/secure.gravatar.com\\\/avatar\\\/bf91bfa2870e8b9c37378dca6b35b68f39af1750e31e39ac91e8ffb52bcdde21?s=96&r=g\",\"contentUrl\":\"https:\\\/\\\/secure.gravatar.com\\\/avatar\\\/bf91bfa2870e8b9c37378dca6b35b68f39af1750e31e39ac91e8ffb52bcdde21?s=96&r=g\",\"caption\":\"oliver\"},\"url\":\"https:\\\/\\\/wp.kristdemokraterna.se\\\/dalarna\\\/author\\\/oliver\\\/\"}]}<\/script>\n<!-- \/ Yoast SEO plugin. -->","yoast_head_json":{"title":"EU-valupptakt f\u00f6r KD Dalarna l\u00f6rdag 11 maj: \u201dGr\u00e4nser och frihet, i den ordningen\u201d - Kristdemokraterna Dalarna","robots":{"index":"index","follow":"follow","max-snippet":"max-snippet:-1","max-image-preview":"max-image-preview:large","max-video-preview":"max-video-preview:-1"},"canonical":"https:\/\/wp.kristdemokraterna.se\/dalarna\/eu-valupptakt-for-kd-dalarna-lordag-11-maj-granser-och-frihet-i-den-ordningen\/","og_locale":"sv_SE","og_type":"article","og_title":"EU-valupptakt f\u00f6r KD Dalarna l\u00f6rdag 11 maj: \u201dGr\u00e4nser och frihet, i den ordningen\u201d - Kristdemokraterna Dalarna","og_description":"Med temat \u201dGr\u00e4nser och frihet, i den ordningen\u201d sparkar Kristdemokraterna i Dalarna ig\u00e5ng sin valr\u00f6relse i l\u00e4net till Europaparlamentet. \u2013 Det \u00e4r allvarliga tider och s\u00e4kra gr\u00e4nser f\u00f6r Sverige och EU ger trygghet f\u00f6r oss medborgare att kunna fortsatt leva i fred, frihet och demokrati. \u2013 En r\u00f6st p\u00e5 KD \u00e4r en r\u00f6st f\u00f6r verkligt Read More","og_url":"https:\/\/wp.kristdemokraterna.se\/dalarna\/eu-valupptakt-for-kd-dalarna-lordag-11-maj-granser-och-frihet-i-den-ordningen\/","og_site_name":"Kristdemokraterna Dalarna","article_published_time":"2024-05-10T08:14:50+00:00","article_modified_time":"2025-02-07T09:15:30+00:00","author":"oliver","twitter_card":"summary_large_image","twitter_misc":{"Skriven av":"oliver","Ber\u00e4knad l\u00e4stid":"2 minuter"},"schema":{"@context":"https:\/\/schema.org","@graph":[{"@type":"Article","@id":"https:\/\/wp.kristdemokraterna.se\/dalarna\/eu-valupptakt-for-kd-dalarna-lordag-11-maj-granser-och-frihet-i-den-ordningen\/#article","isPartOf":{"@id":"https:\/\/wp.kristdemokraterna.se\/dalarna\/eu-valupptakt-for-kd-dalarna-lordag-11-maj-granser-och-frihet-i-den-ordningen\/"},"author":{"name":"oliver","@id":"https:\/\/wp.kristdemokraterna.se\/dalarna\/#\/schema\/person\/7611175eb955130b2fc127e0992fdffc"},"headline":"EU-valupptakt f\u00f6r KD Dalarna l\u00f6rdag 11 maj: \u201dGr\u00e4nser och frihet, i den ordningen\u201d","datePublished":"2024-05-10T08:14:50+00:00","dateModified":"2025-02-07T09:15:30+00:00","mainEntityOfPage":{"@id":"https:\/\/wp.kristdemokraterna.se\/dalarna\/eu-valupptakt-for-kd-dalarna-lordag-11-maj-granser-och-frihet-i-den-ordningen\/"},"wordCount":309,"publisher":{"@id":"https:\/\/wp.kristdemokraterna.se\/dalarna\/#organization"},"articleSection":["Nyheter"],"inLanguage":"sv-SE"},{"@type":"WebPage","@id":"https:\/\/wp.kristdemokraterna.se\/dalarna\/eu-valupptakt-for-kd-dalarna-lordag-11-maj-granser-och-frihet-i-den-ordningen\/","url":"https:\/\/wp.kristdemokraterna.se\/dalarna\/eu-valupptakt-for-kd-dalarna-lordag-11-maj-granser-och-frihet-i-den-ordningen\/","name":"EU-valupptakt f\u00f6r KD Dalarna l\u00f6rdag 11 maj: \u201dGr\u00e4nser och frihet, i den ordningen\u201d - Kristdemokraterna Dalarna","isPartOf":{"@id":"https:\/\/wp.kristdemokraterna.se\/dalarna\/#website"},"datePublished":"2024-05-10T08:14:50+00:00","dateModified":"2025-02-07T09:15:30+00:00","breadcrumb":{"@id":"https:\/\/wp.kristdemokraterna.se\/dalarna\/eu-valupptakt-for-kd-dalarna-lordag-11-maj-granser-och-frihet-i-den-ordningen\/#breadcrumb"},"inLanguage":"sv-SE","potentialAction":[{"@type":"ReadAction","target":["https:\/\/wp.kristdemokraterna.se\/dalarna\/eu-valupptakt-for-kd-dalarna-lordag-11-maj-granser-och-frihet-i-den-ordningen\/"]}]},{"@type":"BreadcrumbList","@id":"https:\/\/wp.kristdemokraterna.se\/dalarna\/eu-valupptakt-for-kd-dalarna-lordag-11-maj-granser-och-frihet-i-den-ordningen\/#breadcrumb","itemListElement":[{"@type":"ListItem","position":1,"name":"Hem","item":"https:\/\/wp.kristdemokraterna.se\/dalarna\/"},{"@type":"ListItem","position":2,"name":"EU-valupptakt f\u00f6r KD Dalarna l\u00f6rdag 11 maj: \u201dGr\u00e4nser och frihet, i den ordningen\u201d"}]},{"@type":"WebSite","@id":"https:\/\/wp.kristdemokraterna.se\/dalarna\/#website","url":"https:\/\/wp.kristdemokraterna.se\/dalarna\/","name":"Kristdemokraterna Dalarna","description":"","publisher":{"@id":"https:\/\/wp.kristdemokraterna.se\/dalarna\/#organization"},"inLanguage":"sv-SE"},{"@type":"Organization","@id":"https:\/\/wp.kristdemokraterna.se\/dalarna\/#organization","name":"Kristdemokraterna Dalarna","url":"https:\/\/wp.kristdemokraterna.se\/dalarna\/","logo":{"@type":"ImageObject","inLanguage":"sv-SE","@id":"https:\/\/wp.kristdemokraterna.se\/dalarna\/#\/schema\/logo\/image\/","url":"https:\/\/wp.kristdemokraterna.se\/dalarna\/files\/2022\/08\/dalarna-sida-bla-300dpi.png","contentUrl":"https:\/\/wp.kristdemokraterna.se\/dalarna\/files\/2022\/08\/dalarna-sida-bla-300dpi.png","width":1477,"height":681,"caption":"Kristdemokraterna Dalarna"},"image":{"@id":"https:\/\/wp.kristdemokraterna.se\/dalarna\/#\/schema\/logo\/image\/"}},{"@type":"Person","@id":"https:\/\/wp.kristdemokraterna.se\/dalarna\/#\/schema\/person\/7611175eb955130b2fc127e0992fdffc","name":"oliver","image":{"@type":"ImageObject","inLanguage":"sv-SE","@id":"https:\/\/secure.gravatar.com\/avatar\/bf91bfa2870e8b9c37378dca6b35b68f39af1750e31e39ac91e8ffb52bcdde21?s=96&r=g","url":"https:\/\/secure.gravatar.com\/avatar\/bf91bfa2870e8b9c37378dca6b35b68f39af1750e31e39ac91e8ffb52bcdde21?s=96&r=g","contentUrl":"https:\/\/secure.gravatar.com\/avatar\/bf91bfa2870e8b9c37378dca6b35b68f39af1750e31e39ac91e8ffb52bcdde21?s=96&r=g","caption":"oliver"},"url":"https:\/\/wp.kristdemokraterna.se\/dalarna\/author\/oliver\/"}]}},"_links":{"self":[{"href":"https:\/\/wp.kristdemokraterna.se\/dalarna\/wp-json\/wp\/v2\/posts\/985","targetHints":{"allow":["GET"]}}],"collection":[{"href":"https:\/\/wp.kristdemokraterna.se\/dalarna\/wp-json\/wp\/v2\/posts"}],"about":[{"href":"https:\/\/wp.kristdemokraterna.se\/dalarna\/wp-json\/wp\/v2\/types\/post"}],"author":[{"embeddable":true,"href":"https:\/\/wp.kristdemokraterna.se\/dalarna\/wp-json\/wp\/v2\/users\/958"}],"replies":[{"embeddable":true,"href":"https:\/\/wp.kristdemokraterna.se\/dalarna\/wp-json\/wp\/v2\/comments?post=985"}],"version-history":[{"count":1,"href":"https:\/\/wp.kristdemokraterna.se\/dalarna\/wp-json\/wp\/v2\/posts\/985\/revisions"}],"predecessor-version":[{"id":986,"href":"https:\/\/wp.kristdemokraterna.se\/dalarna\/wp-json\/wp\/v2\/posts\/985\/revisions\/986"}],"wp:attachment":[{"href":"https:\/\/wp.kristdemokraterna.se\/dalarna\/wp-json\/wp\/v2\/media?parent=985"}],"wp:term":[{"taxonomy":"category","embeddable":true,"href":"https:\/\/wp.kristdemokraterna.se\/dalarna\/wp-json\/wp\/v2\/categories?post=985"},{"taxonomy":"post_tag","embeddable":true,"href":"https:\/\/wp.kristdemokraterna.se\/dalarna\/wp-json\/wp\/v2\/tags?post=985"}],"curies":[{"name":"wp","href":"https:\/\/api.w.org\/{rel}","templated":true}]}}