{"id":987,"date":"2024-03-15T10:15:34","date_gmt":"2024-03-15T09:15:34","guid":{"rendered":"https:\/\/wp.kristdemokraterna.se\/dalarna\/?p=987"},"modified":"2025-02-07T10:17:23","modified_gmt":"2025-02-07T09:17:23","slug":"kristdemokraterna-firar-60-ar-vid-distriktsstamma-pa-lordag-i-dalarna-bildades-kd-dagen-innan-riks","status":"publish","type":"post","link":"https:\/\/wp.kristdemokraterna.se\/dalarna\/kristdemokraterna-firar-60-ar-vid-distriktsstamma-pa-lordag-i-dalarna-bildades-kd-dagen-innan-riks\/","title":{"rendered":"Kristdemokraterna firar 60 \u00e5r vid distriktsst\u00e4mma p\u00e5 l\u00f6rdag: I Dalarna bildades KD dagen innan riks"},"content":{"rendered":"<p style=\"font-weight: 400\">N\u00e4r Dalarnas kristdemokrater m\u00f6ts till distriktsst\u00e4mma i Orsa under l\u00f6rdagen 16 mars uppm\u00e4rksammas att KD-partiet firar 60 \u00e5r \u2013 och att startskottet gick i Dalarna, n\u00e4rmare best\u00e4mt i Siljansn\u00e4s och Leksand. Dagen till \u00e4ra kommer partisekreterare Liza-Maria Norlin p\u00e5 bes\u00f6k och h\u00f6gtidstalar.<\/p>\n<p style=\"font-weight: 400\">\n<p style=\"font-weight: 400\">Hur kom det sig att Dalarna var f\u00f6rst ut vid partibildandet? Jo, i Siljansn\u00e4s landskommun (som existerade mellan 1875-1973) kom det tidigare dominerande lokala partiet Kommunal samling att under 1950-talet delas upp i olika partier. Ett av dem var Kristen kommunal samling, med bland annat Carl O. Nystr\u00f6m och Back Axel Larsson som ledande krafter.<\/p>\n<p style=\"font-weight: 400\">\n<p style=\"font-weight: 400\">Kristen kommunal samling vann redan i f\u00f6rsta valet man st\u00e4llde upp, \u00e5r 1954, fem av de 30 platserna i Siljansn\u00e4s landskommuns fullm\u00e4ktige. Det f\u00f6ljdes de kommande kommunvalen 1958 och 1962 av \u00e5tta respektive sex invalda ledam\u00f6ter.<\/p>\n<p style=\"font-weight: 400\">\n<p style=\"font-weight: 400\">Ett nationellt parti utifr\u00e5n kristen m\u00e4nniskosyn och demokrati var p\u00e5 v\u00e4g att formeras d\u00e4refter, detta som en konsekvens av Sveriges \u00e4nnu st\u00f6rsta namninsamling med 2,1 miljoner undertecknare f\u00f6r kristendoms\u00e4mnets bevarande. I Siljansn\u00e4s och Leksand var man synnerligen aktiva i att 1964 bilda det nya partiet Kristen Demokratisk Samling (KDS).<\/p>\n<p style=\"font-weight: 400\">\n<p style=\"font-weight: 400\">\u2013 Ja, man var s\u00e5 ivriga att efter ett m\u00f6te i Sammilsdalsskolan i Leksand den 19 mars 1964 en lokalavdelning f\u00f6r KDS kom till i just Siljansn\u00e4s och Leksand, ber\u00e4ttar Lennart Sacr\u00e9deus (KD), tidigare europaparlamentariker och riksdagsman, numera Mora kommunfullm\u00e4ktiges ordf\u00f6rande.<\/p>\n<p style=\"font-weight: 400\">\n<p style=\"font-weight: 400\">\u2013 S\u00e5 stort var engagemanget att ett telegram skickades fr\u00e5n detta m\u00f6te i Sammilsdalsskolan till Lewi Pethrus i KDS:s nationella planeringsgrupp om att, omedelbart, f\u00e5 till ett nationellt parti och att man anm\u00e4lde sig som f\u00f6rsta lokalavdelning. Dagen efter, den 20 mars 1964, formerades s\u00e5 ocks\u00e5 KDS riks vid en samling i Stockholm, forts\u00e4tter Sacr\u00e9deus.<\/p>\n<p style=\"font-weight: 400\">\n<p style=\"font-weight: 400\">Vid KD-dagarna i V\u00e4ster\u00e5s med runt tusen f\u00f6rsamlade partiaktiva fredag\u2013l\u00f6rdag 3\u20134 maj firas 60-\u00e5rsdagen nationellt f\u00f6r det nuvarande regeringspartiet Kristdemokraterna, sedan \u00e5r 2022 med Sveriges vice statsminister och totalt sex statsr\u00e5d.<\/p>\n<p>&nbsp;<\/p>\n<p><strong>Fakta:\u00a0<\/strong><\/p>\n<p style=\"font-weight: 400\"><strong>KD i dalakommunerna: <\/strong>KD finns f\u00f6retr\u00e4tt i 12 av de 15 dalakommunernas fullm\u00e4ktige, d\u00e4rav i kommunledningen i Mora, R\u00e4ttvik, S\u00e4ter och Ludvika. Kommunalr\u00e5d (kommunstyrelsens ordf\u00f6rande) invalda f\u00f6r KD var Ulf Bj\u00f6rklund i Orsa \u00e5ren 1988-1991 och Torsten Larsson i Vansbro perioden 2006-2010.<\/p>\n<p style=\"font-weight: 400\"><strong>KD i Region Dalarna:<\/strong> I Region Dalarna, tidigare landstinget, invaldes Kristdemokraterna 1991 och finns med sedan dess. KD \u00e4r med och styr regionen i olika koalitioner sedan 2018 med Birgitta Sacr\u00e9deus, Mora, som regionr\u00e5d.<\/p>\n<p style=\"font-weight: 400\"><strong>KD p\u00e5 riksdagens dalab\u00e4nk:<\/strong> P\u00e5 riksdagens dalab\u00e4nk \u00e5terfinns KD sedan senaste valet genom Mathias Bengtsson, Gagnef. Tidigare ledam\u00f6ter \u00e4r Ulf Bj\u00f6rklund, Orsa, 1991-2002, Ulrik Lindgren, Falun, 2002-2006, Lennart Sacr\u00e9deus, Mora, 2006-2010 och 2022 samt Lars Adaktusson, Stockholm, 2018-2022.<\/p>\n<p style=\"font-weight: 400\"><strong>KD:s dalarepresentation i EU-parlamentet:<\/strong> \u00c5ren 1999-2004 f\u00f6retr\u00e4ddes Kristdemokraterna Dalarna i Europaparlamentet genom Lennart Sacr\u00e9deus, Mora.<\/p>\n","protected":false},"excerpt":{"rendered":"<p>N\u00e4r Dalarnas kristdemokrater m\u00f6ts till distriktsst\u00e4mma i Orsa under l\u00f6rdagen 16 mars uppm\u00e4rksammas att KD-partiet firar 60 \u00e5r \u2013 och att startskottet gick i Dalarna, n\u00e4rmare best\u00e4mt i Siljansn\u00e4s och Leksand. Dagen till \u00e4ra kommer partisekreterare Liza-Maria Norlin p\u00e5 bes\u00f6k och h\u00f6gtidstalar. Hur kom det sig att Dalarna var f\u00f6rst ut vid partibildandet? Jo, i <a class=\"read-more-link\" href=\"https:\/\/wp.kristdemokraterna.se\/dalarna\/kristdemokraterna-firar-60-ar-vid-distriktsstamma-pa-lordag-i-dalarna-bildades-kd-dagen-innan-riks\/\">Read More<\/a><\/p>\n","protected":false},"author":958,"featured_media":0,"comment_status":"closed","ping_status":"closed","sticky":false,"template":"","format":"standard","meta":{"_acf_changed":false,"footnotes":""},"categories":[12],"tags":[],"class_list":["post-987","post","type-post","status-publish","format-standard","hentry","category-nyheter"],"acf":[],"yoast_head":"<!-- This site is optimized with the Yoast SEO plugin v27.5 - https:\/\/yoast.com\/product\/yoast-seo-wordpress\/ -->\n<title>Kristdemokraterna firar 60 \u00e5r vid distriktsst\u00e4mma p\u00e5 l\u00f6rdag: I Dalarna bildades KD dagen innan riks - Kristdemokraterna Dalarna<\/title>\n<meta name=\"robots\" content=\"index, follow, max-snippet:-1, max-image-preview:large, max-video-preview:-1\" \/>\n<link rel=\"canonical\" href=\"https:\/\/wp.kristdemokraterna.se\/dalarna\/kristdemokraterna-firar-60-ar-vid-distriktsstamma-pa-lordag-i-dalarna-bildades-kd-dagen-innan-riks\/\" \/>\n<meta property=\"og:locale\" content=\"sv_SE\" \/>\n<meta property=\"og:type\" content=\"article\" \/>\n<meta property=\"og:title\" content=\"Kristdemokraterna firar 60 \u00e5r vid distriktsst\u00e4mma p\u00e5 l\u00f6rdag: I Dalarna bildades KD dagen innan riks - Kristdemokraterna Dalarna\" \/>\n<meta property=\"og:description\" content=\"N\u00e4r Dalarnas kristdemokrater m\u00f6ts till distriktsst\u00e4mma i Orsa under l\u00f6rdagen 16 mars uppm\u00e4rksammas att KD-partiet firar 60 \u00e5r \u2013 och att startskottet gick i Dalarna, n\u00e4rmare best\u00e4mt i Siljansn\u00e4s och Leksand. Dagen till \u00e4ra kommer partisekreterare Liza-Maria Norlin p\u00e5 bes\u00f6k och h\u00f6gtidstalar. Hur kom det sig att Dalarna var f\u00f6rst ut vid partibildandet? Jo, i Read More\" \/>\n<meta property=\"og:url\" content=\"https:\/\/wp.kristdemokraterna.se\/dalarna\/kristdemokraterna-firar-60-ar-vid-distriktsstamma-pa-lordag-i-dalarna-bildades-kd-dagen-innan-riks\/\" \/>\n<meta property=\"og:site_name\" content=\"Kristdemokraterna Dalarna\" \/>\n<meta property=\"article:published_time\" content=\"2024-03-15T09:15:34+00:00\" \/>\n<meta property=\"article:modified_time\" content=\"2025-02-07T09:17:23+00:00\" \/>\n<meta name=\"author\" content=\"oliver\" \/>\n<meta name=\"twitter:card\" content=\"summary_large_image\" \/>\n<meta name=\"twitter:label1\" content=\"Skriven av\" \/>\n\t<meta name=\"twitter:data1\" content=\"oliver\" \/>\n\t<meta name=\"twitter:label2\" content=\"Ber\u00e4knad l\u00e4stid\" \/>\n\t<meta name=\"twitter:data2\" content=\"3 minuter\" \/>\n<script type=\"application\/ld+json\" class=\"yoast-schema-graph\">{\"@context\":\"https:\\\/\\\/schema.org\",\"@graph\":[{\"@type\":\"Article\",\"@id\":\"https:\\\/\\\/wp.kristdemokraterna.se\\\/dalarna\\\/kristdemokraterna-firar-60-ar-vid-distriktsstamma-pa-lordag-i-dalarna-bildades-kd-dagen-innan-riks\\\/#article\",\"isPartOf\":{\"@id\":\"https:\\\/\\\/wp.kristdemokraterna.se\\\/dalarna\\\/kristdemokraterna-firar-60-ar-vid-distriktsstamma-pa-lordag-i-dalarna-bildades-kd-dagen-innan-riks\\\/\"},\"author\":{\"name\":\"oliver\",\"@id\":\"https:\\\/\\\/wp.kristdemokraterna.se\\\/dalarna\\\/#\\\/schema\\\/person\\\/7611175eb955130b2fc127e0992fdffc\"},\"headline\":\"Kristdemokraterna firar 60 \u00e5r vid distriktsst\u00e4mma p\u00e5 l\u00f6rdag: I Dalarna bildades KD dagen innan riks\",\"datePublished\":\"2024-03-15T09:15:34+00:00\",\"dateModified\":\"2025-02-07T09:17:23+00:00\",\"mainEntityOfPage\":{\"@id\":\"https:\\\/\\\/wp.kristdemokraterna.se\\\/dalarna\\\/kristdemokraterna-firar-60-ar-vid-distriktsstamma-pa-lordag-i-dalarna-bildades-kd-dagen-innan-riks\\\/\"},\"wordCount\":504,\"publisher\":{\"@id\":\"https:\\\/\\\/wp.kristdemokraterna.se\\\/dalarna\\\/#organization\"},\"articleSection\":[\"Nyheter\"],\"inLanguage\":\"sv-SE\"},{\"@type\":\"WebPage\",\"@id\":\"https:\\\/\\\/wp.kristdemokraterna.se\\\/dalarna\\\/kristdemokraterna-firar-60-ar-vid-distriktsstamma-pa-lordag-i-dalarna-bildades-kd-dagen-innan-riks\\\/\",\"url\":\"https:\\\/\\\/wp.kristdemokraterna.se\\\/dalarna\\\/kristdemokraterna-firar-60-ar-vid-distriktsstamma-pa-lordag-i-dalarna-bildades-kd-dagen-innan-riks\\\/\",\"name\":\"Kristdemokraterna firar 60 \u00e5r vid distriktsst\u00e4mma p\u00e5 l\u00f6rdag: I Dalarna bildades KD dagen innan riks - Kristdemokraterna Dalarna\",\"isPartOf\":{\"@id\":\"https:\\\/\\\/wp.kristdemokraterna.se\\\/dalarna\\\/#website\"},\"datePublished\":\"2024-03-15T09:15:34+00:00\",\"dateModified\":\"2025-02-07T09:17:23+00:00\",\"breadcrumb\":{\"@id\":\"https:\\\/\\\/wp.kristdemokraterna.se\\\/dalarna\\\/kristdemokraterna-firar-60-ar-vid-distriktsstamma-pa-lordag-i-dalarna-bildades-kd-dagen-innan-riks\\\/#breadcrumb\"},\"inLanguage\":\"sv-SE\",\"potentialAction\":[{\"@type\":\"ReadAction\",\"target\":[\"https:\\\/\\\/wp.kristdemokraterna.se\\\/dalarna\\\/kristdemokraterna-firar-60-ar-vid-distriktsstamma-pa-lordag-i-dalarna-bildades-kd-dagen-innan-riks\\\/\"]}]},{\"@type\":\"BreadcrumbList\",\"@id\":\"https:\\\/\\\/wp.kristdemokraterna.se\\\/dalarna\\\/kristdemokraterna-firar-60-ar-vid-distriktsstamma-pa-lordag-i-dalarna-bildades-kd-dagen-innan-riks\\\/#breadcrumb\",\"itemListElement\":[{\"@type\":\"ListItem\",\"position\":1,\"name\":\"Hem\",\"item\":\"https:\\\/\\\/wp.kristdemokraterna.se\\\/dalarna\\\/\"},{\"@type\":\"ListItem\",\"position\":2,\"name\":\"Kristdemokraterna firar 60 \u00e5r vid distriktsst\u00e4mma p\u00e5 l\u00f6rdag: I Dalarna bildades KD dagen innan riks\"}]},{\"@type\":\"WebSite\",\"@id\":\"https:\\\/\\\/wp.kristdemokraterna.se\\\/dalarna\\\/#website\",\"url\":\"https:\\\/\\\/wp.kristdemokraterna.se\\\/dalarna\\\/\",\"name\":\"Kristdemokraterna Dalarna\",\"description\":\"\",\"publisher\":{\"@id\":\"https:\\\/\\\/wp.kristdemokraterna.se\\\/dalarna\\\/#organization\"},\"inLanguage\":\"sv-SE\"},{\"@type\":\"Organization\",\"@id\":\"https:\\\/\\\/wp.kristdemokraterna.se\\\/dalarna\\\/#organization\",\"name\":\"Kristdemokraterna Dalarna\",\"url\":\"https:\\\/\\\/wp.kristdemokraterna.se\\\/dalarna\\\/\",\"logo\":{\"@type\":\"ImageObject\",\"inLanguage\":\"sv-SE\",\"@id\":\"https:\\\/\\\/wp.kristdemokraterna.se\\\/dalarna\\\/#\\\/schema\\\/logo\\\/image\\\/\",\"url\":\"https:\\\/\\\/wp.kristdemokraterna.se\\\/dalarna\\\/files\\\/2022\\\/08\\\/dalarna-sida-bla-300dpi.png\",\"contentUrl\":\"https:\\\/\\\/wp.kristdemokraterna.se\\\/dalarna\\\/files\\\/2022\\\/08\\\/dalarna-sida-bla-300dpi.png\",\"width\":1477,\"height\":681,\"caption\":\"Kristdemokraterna Dalarna\"},\"image\":{\"@id\":\"https:\\\/\\\/wp.kristdemokraterna.se\\\/dalarna\\\/#\\\/schema\\\/logo\\\/image\\\/\"}},{\"@type\":\"Person\",\"@id\":\"https:\\\/\\\/wp.kristdemokraterna.se\\\/dalarna\\\/#\\\/schema\\\/person\\\/7611175eb955130b2fc127e0992fdffc\",\"name\":\"oliver\",\"image\":{\"@type\":\"ImageObject\",\"inLanguage\":\"sv-SE\",\"@id\":\"https:\\\/\\\/secure.gravatar.com\\\/avatar\\\/bf91bfa2870e8b9c37378dca6b35b68f39af1750e31e39ac91e8ffb52bcdde21?s=96&r=g\",\"url\":\"https:\\\/\\\/secure.gravatar.com\\\/avatar\\\/bf91bfa2870e8b9c37378dca6b35b68f39af1750e31e39ac91e8ffb52bcdde21?s=96&r=g\",\"contentUrl\":\"https:\\\/\\\/secure.gravatar.com\\\/avatar\\\/bf91bfa2870e8b9c37378dca6b35b68f39af1750e31e39ac91e8ffb52bcdde21?s=96&r=g\",\"caption\":\"oliver\"},\"url\":\"https:\\\/\\\/wp.kristdemokraterna.se\\\/dalarna\\\/author\\\/oliver\\\/\"}]}<\/script>\n<!-- \/ Yoast SEO plugin. -->","yoast_head_json":{"title":"Kristdemokraterna firar 60 \u00e5r vid distriktsst\u00e4mma p\u00e5 l\u00f6rdag: I Dalarna bildades KD dagen innan riks - Kristdemokraterna Dalarna","robots":{"index":"index","follow":"follow","max-snippet":"max-snippet:-1","max-image-preview":"max-image-preview:large","max-video-preview":"max-video-preview:-1"},"canonical":"https:\/\/wp.kristdemokraterna.se\/dalarna\/kristdemokraterna-firar-60-ar-vid-distriktsstamma-pa-lordag-i-dalarna-bildades-kd-dagen-innan-riks\/","og_locale":"sv_SE","og_type":"article","og_title":"Kristdemokraterna firar 60 \u00e5r vid distriktsst\u00e4mma p\u00e5 l\u00f6rdag: I Dalarna bildades KD dagen innan riks - Kristdemokraterna Dalarna","og_description":"N\u00e4r Dalarnas kristdemokrater m\u00f6ts till distriktsst\u00e4mma i Orsa under l\u00f6rdagen 16 mars uppm\u00e4rksammas att KD-partiet firar 60 \u00e5r \u2013 och att startskottet gick i Dalarna, n\u00e4rmare best\u00e4mt i Siljansn\u00e4s och Leksand. Dagen till \u00e4ra kommer partisekreterare Liza-Maria Norlin p\u00e5 bes\u00f6k och h\u00f6gtidstalar. Hur kom det sig att Dalarna var f\u00f6rst ut vid partibildandet? Jo, i Read More","og_url":"https:\/\/wp.kristdemokraterna.se\/dalarna\/kristdemokraterna-firar-60-ar-vid-distriktsstamma-pa-lordag-i-dalarna-bildades-kd-dagen-innan-riks\/","og_site_name":"Kristdemokraterna Dalarna","article_published_time":"2024-03-15T09:15:34+00:00","article_modified_time":"2025-02-07T09:17:23+00:00","author":"oliver","twitter_card":"summary_large_image","twitter_misc":{"Skriven av":"oliver","Ber\u00e4knad l\u00e4stid":"3 minuter"},"schema":{"@context":"https:\/\/schema.org","@graph":[{"@type":"Article","@id":"https:\/\/wp.kristdemokraterna.se\/dalarna\/kristdemokraterna-firar-60-ar-vid-distriktsstamma-pa-lordag-i-dalarna-bildades-kd-dagen-innan-riks\/#article","isPartOf":{"@id":"https:\/\/wp.kristdemokraterna.se\/dalarna\/kristdemokraterna-firar-60-ar-vid-distriktsstamma-pa-lordag-i-dalarna-bildades-kd-dagen-innan-riks\/"},"author":{"name":"oliver","@id":"https:\/\/wp.kristdemokraterna.se\/dalarna\/#\/schema\/person\/7611175eb955130b2fc127e0992fdffc"},"headline":"Kristdemokraterna firar 60 \u00e5r vid distriktsst\u00e4mma p\u00e5 l\u00f6rdag: I Dalarna bildades KD dagen innan riks","datePublished":"2024-03-15T09:15:34+00:00","dateModified":"2025-02-07T09:17:23+00:00","mainEntityOfPage":{"@id":"https:\/\/wp.kristdemokraterna.se\/dalarna\/kristdemokraterna-firar-60-ar-vid-distriktsstamma-pa-lordag-i-dalarna-bildades-kd-dagen-innan-riks\/"},"wordCount":504,"publisher":{"@id":"https:\/\/wp.kristdemokraterna.se\/dalarna\/#organization"},"articleSection":["Nyheter"],"inLanguage":"sv-SE"},{"@type":"WebPage","@id":"https:\/\/wp.kristdemokraterna.se\/dalarna\/kristdemokraterna-firar-60-ar-vid-distriktsstamma-pa-lordag-i-dalarna-bildades-kd-dagen-innan-riks\/","url":"https:\/\/wp.kristdemokraterna.se\/dalarna\/kristdemokraterna-firar-60-ar-vid-distriktsstamma-pa-lordag-i-dalarna-bildades-kd-dagen-innan-riks\/","name":"Kristdemokraterna firar 60 \u00e5r vid distriktsst\u00e4mma p\u00e5 l\u00f6rdag: I Dalarna bildades KD dagen innan riks - Kristdemokraterna Dalarna","isPartOf":{"@id":"https:\/\/wp.kristdemokraterna.se\/dalarna\/#website"},"datePublished":"2024-03-15T09:15:34+00:00","dateModified":"2025-02-07T09:17:23+00:00","breadcrumb":{"@id":"https:\/\/wp.kristdemokraterna.se\/dalarna\/kristdemokraterna-firar-60-ar-vid-distriktsstamma-pa-lordag-i-dalarna-bildades-kd-dagen-innan-riks\/#breadcrumb"},"inLanguage":"sv-SE","potentialAction":[{"@type":"ReadAction","target":["https:\/\/wp.kristdemokraterna.se\/dalarna\/kristdemokraterna-firar-60-ar-vid-distriktsstamma-pa-lordag-i-dalarna-bildades-kd-dagen-innan-riks\/"]}]},{"@type":"BreadcrumbList","@id":"https:\/\/wp.kristdemokraterna.se\/dalarna\/kristdemokraterna-firar-60-ar-vid-distriktsstamma-pa-lordag-i-dalarna-bildades-kd-dagen-innan-riks\/#breadcrumb","itemListElement":[{"@type":"ListItem","position":1,"name":"Hem","item":"https:\/\/wp.kristdemokraterna.se\/dalarna\/"},{"@type":"ListItem","position":2,"name":"Kristdemokraterna firar 60 \u00e5r vid distriktsst\u00e4mma p\u00e5 l\u00f6rdag: I Dalarna bildades KD dagen innan riks"}]},{"@type":"WebSite","@id":"https:\/\/wp.kristdemokraterna.se\/dalarna\/#website","url":"https:\/\/wp.kristdemokraterna.se\/dalarna\/","name":"Kristdemokraterna Dalarna","description":"","publisher":{"@id":"https:\/\/wp.kristdemokraterna.se\/dalarna\/#organization"},"inLanguage":"sv-SE"},{"@type":"Organization","@id":"https:\/\/wp.kristdemokraterna.se\/dalarna\/#organization","name":"Kristdemokraterna Dalarna","url":"https:\/\/wp.kristdemokraterna.se\/dalarna\/","logo":{"@type":"ImageObject","inLanguage":"sv-SE","@id":"https:\/\/wp.kristdemokraterna.se\/dalarna\/#\/schema\/logo\/image\/","url":"https:\/\/wp.kristdemokraterna.se\/dalarna\/files\/2022\/08\/dalarna-sida-bla-300dpi.png","contentUrl":"https:\/\/wp.kristdemokraterna.se\/dalarna\/files\/2022\/08\/dalarna-sida-bla-300dpi.png","width":1477,"height":681,"caption":"Kristdemokraterna Dalarna"},"image":{"@id":"https:\/\/wp.kristdemokraterna.se\/dalarna\/#\/schema\/logo\/image\/"}},{"@type":"Person","@id":"https:\/\/wp.kristdemokraterna.se\/dalarna\/#\/schema\/person\/7611175eb955130b2fc127e0992fdffc","name":"oliver","image":{"@type":"ImageObject","inLanguage":"sv-SE","@id":"https:\/\/secure.gravatar.com\/avatar\/bf91bfa2870e8b9c37378dca6b35b68f39af1750e31e39ac91e8ffb52bcdde21?s=96&r=g","url":"https:\/\/secure.gravatar.com\/avatar\/bf91bfa2870e8b9c37378dca6b35b68f39af1750e31e39ac91e8ffb52bcdde21?s=96&r=g","contentUrl":"https:\/\/secure.gravatar.com\/avatar\/bf91bfa2870e8b9c37378dca6b35b68f39af1750e31e39ac91e8ffb52bcdde21?s=96&r=g","caption":"oliver"},"url":"https:\/\/wp.kristdemokraterna.se\/dalarna\/author\/oliver\/"}]}},"_links":{"self":[{"href":"https:\/\/wp.kristdemokraterna.se\/dalarna\/wp-json\/wp\/v2\/posts\/987","targetHints":{"allow":["GET"]}}],"collection":[{"href":"https:\/\/wp.kristdemokraterna.se\/dalarna\/wp-json\/wp\/v2\/posts"}],"about":[{"href":"https:\/\/wp.kristdemokraterna.se\/dalarna\/wp-json\/wp\/v2\/types\/post"}],"author":[{"embeddable":true,"href":"https:\/\/wp.kristdemokraterna.se\/dalarna\/wp-json\/wp\/v2\/users\/958"}],"replies":[{"embeddable":true,"href":"https:\/\/wp.kristdemokraterna.se\/dalarna\/wp-json\/wp\/v2\/comments?post=987"}],"version-history":[{"count":1,"href":"https:\/\/wp.kristdemokraterna.se\/dalarna\/wp-json\/wp\/v2\/posts\/987\/revisions"}],"predecessor-version":[{"id":989,"href":"https:\/\/wp.kristdemokraterna.se\/dalarna\/wp-json\/wp\/v2\/posts\/987\/revisions\/989"}],"wp:attachment":[{"href":"https:\/\/wp.kristdemokraterna.se\/dalarna\/wp-json\/wp\/v2\/media?parent=987"}],"wp:term":[{"taxonomy":"category","embeddable":true,"href":"https:\/\/wp.kristdemokraterna.se\/dalarna\/wp-json\/wp\/v2\/categories?post=987"},{"taxonomy":"post_tag","embeddable":true,"href":"https:\/\/wp.kristdemokraterna.se\/dalarna\/wp-json\/wp\/v2\/tags?post=987"}],"curies":[{"name":"wp","href":"https:\/\/api.w.org\/{rel}","templated":true}]}}