{"id":990,"date":"2024-09-02T10:17:54","date_gmt":"2024-09-02T08:17:54","guid":{"rendered":"https:\/\/wp.kristdemokraterna.se\/dalarna\/?p=990"},"modified":"2025-02-07T10:18:54","modified_gmt":"2025-02-07T09:18:54","slug":"dalarna-valkomnar-fritidskortet","status":"publish","type":"post","link":"https:\/\/wp.kristdemokraterna.se\/dalarna\/dalarna-valkomnar-fritidskortet\/","title":{"rendered":"Dalarna v\u00e4lkomnar fritidskortet"},"content":{"rendered":"<p style=\"font-weight: 400\"><strong>Region Dalarna st\u00e5r bakom och v\u00e4lkomnar regeringens f\u00f6rslag om ett fritidskort. Detta enligt det remissvar som regionstyrelsens arbetsutskott behandlade under m\u00e5ndagen. Regionen \u00e4r en av remissinstanserna, och fritidskortet bed\u00f6ms kunna g\u00f6ra stor skillnad f\u00f6r Dalarnas barnfamiljer, folkh\u00e4lsa och f\u00f6reningsliv.<\/strong><\/p>\n<p style=\"font-weight: 400\">\n<p style=\"font-weight: 400\">Fritidskortet inneb\u00e4r att barn och unga f\u00e5r ett ekonomiskt st\u00f6d f\u00f6r deltagande i kulturskolan, idrottsf\u00f6reningar och andra organisationer. Enligt det f\u00f6rslag som nu \u00e4r ute p\u00e5 remiss ska kortet l\u00e4mnas till barn och unga i \u00e5ldrarna 8\u201316 \u00e5r, i syfte att fr\u00e4mja en aktiv och meningsfull fritid.<\/p>\n<p style=\"font-weight: 400\">\n<p style=\"font-weight: 400\">Birgitta Sacr\u00e9deus (KD), regionr\u00e5d och ordf\u00f6rande i regionala utvecklingsn\u00e4mnden, \u00e4r s\u00e4rskilt positiv till f\u00f6rslaget:<\/p>\n<p style=\"font-weight: 400\">\u2013 Kristdemokraterna har l\u00e4nge arbetet f\u00f6r att inf\u00f6ra ett fritidskort som en del i det f\u00f6rebyggande arbetet, b\u00e5de mot psykisk och fysisk oh\u00e4lsa. N\u00e4r vi har s\u00e5 stora utmaningar som vi har g\u00e4llande barn och ungas h\u00e4lsa m\u00e5ste vi t\u00e4nka nytt och innovativt. Vi m\u00e5ste f\u00e5 fler att r\u00f6ra p\u00e5 sig.<\/p>\n<p style=\"font-weight: 400\">\n<p style=\"font-weight: 400\">Enligt remissvaret bed\u00f6ms ett fritidskort kunna p\u00e5verka folkh\u00e4lsan i Dalarna positivt och vara ett viktigt verktyg i arbetet f\u00f6r god och j\u00e4mlik h\u00e4lsa. Men \u00e4ven andra positiva effekter belyses.<\/p>\n<p style=\"font-weight: 400\">\n<p style=\"font-weight: 400\">\u2013 Civilsamh\u00e4llets insatser f\u00f6r v\u00e5ra barn och unga \u00e4r ov\u00e4rderliga. Det handlar om social samvaro och personlig utveckling men \u00e4ven integration och demokrati. M\u00e5nga f\u00f6reningar i l\u00e4net k\u00e4mpar dock, s\u00e5 ett fritidskort kan verkligen beh\u00f6vas f\u00f6r att st\u00e4rka upp, s\u00e4ger Birgitta Sacr\u00e9deus (KD).<\/p>\n<p style=\"font-weight: 400\">\n<p style=\"font-weight: 400\">Fritidskortet kommer att l\u00e4mnas \u00e5rligen med olika belopp, dels ett allm\u00e4nt fritidskort om 500 kronor per barn, dels ett s\u00e4rskilt fritidskort om 2 000 kronor till barn i hush\u00e5ll som f\u00e5r bostadsbidrag. I Dalarnas l\u00e4n finns cirka 4 500 barnfamiljer som erh\u00e5ller bostadsbidrag.<\/p>\n<p style=\"font-weight: 400\">\n<p style=\"font-weight: 400\">\u2013 F\u00f6r ekonomiskt utsatta i Dalarna kan fritidskortet ha avg\u00f6rande betydelse och inneb\u00e4ra att barn faktiskt kan forts\u00e4tta med fotbollen eller dansen. Vi vill sj\u00e4lvklart att alla ska kunna f\u00e5 ta del av det rika utbud vi har av friluftsliv, idrott och kultur i l\u00e4net, s\u00e4ger Birgitta Sacr\u00e9deus (KD).<\/p>\n<p style=\"font-weight: 400\">\n<p style=\"font-weight: 400\">Region Dalarna l\u00e4mnar in sitt remissvar efter regionstyrelsens beslut den 16 september. D\u00e4refter ska Socialdepartementet behandla svaren, och enligt regeringens f\u00f6rslag kommer fritidskortet att inf\u00f6ras under h\u00f6sten 2025.<\/p>\n","protected":false},"excerpt":{"rendered":"<p>Region Dalarna st\u00e5r bakom och v\u00e4lkomnar regeringens f\u00f6rslag om ett fritidskort. Detta enligt det remissvar som regionstyrelsens arbetsutskott behandlade under m\u00e5ndagen. Regionen \u00e4r en av remissinstanserna, och fritidskortet bed\u00f6ms kunna g\u00f6ra stor skillnad f\u00f6r Dalarnas barnfamiljer, folkh\u00e4lsa och f\u00f6reningsliv. Fritidskortet inneb\u00e4r att barn och unga f\u00e5r ett ekonomiskt st\u00f6d f\u00f6r deltagande i kulturskolan, idrottsf\u00f6reningar och <a class=\"read-more-link\" href=\"https:\/\/wp.kristdemokraterna.se\/dalarna\/dalarna-valkomnar-fritidskortet\/\">Read More<\/a><\/p>\n","protected":false},"author":958,"featured_media":0,"comment_status":"closed","ping_status":"closed","sticky":false,"template":"","format":"standard","meta":{"_acf_changed":false,"footnotes":""},"categories":[12],"tags":[],"class_list":["post-990","post","type-post","status-publish","format-standard","hentry","category-nyheter"],"acf":[],"yoast_head":"<!-- This site is optimized with the Yoast SEO plugin v27.5 - https:\/\/yoast.com\/product\/yoast-seo-wordpress\/ -->\n<title>Dalarna v\u00e4lkomnar fritidskortet - Kristdemokraterna Dalarna<\/title>\n<meta name=\"robots\" content=\"index, follow, max-snippet:-1, max-image-preview:large, max-video-preview:-1\" \/>\n<link rel=\"canonical\" href=\"https:\/\/wp.kristdemokraterna.se\/dalarna\/dalarna-valkomnar-fritidskortet\/\" \/>\n<meta property=\"og:locale\" content=\"sv_SE\" \/>\n<meta property=\"og:type\" content=\"article\" \/>\n<meta property=\"og:title\" content=\"Dalarna v\u00e4lkomnar fritidskortet - Kristdemokraterna Dalarna\" \/>\n<meta property=\"og:description\" content=\"Region Dalarna st\u00e5r bakom och v\u00e4lkomnar regeringens f\u00f6rslag om ett fritidskort. Detta enligt det remissvar som regionstyrelsens arbetsutskott behandlade under m\u00e5ndagen. Regionen \u00e4r en av remissinstanserna, och fritidskortet bed\u00f6ms kunna g\u00f6ra stor skillnad f\u00f6r Dalarnas barnfamiljer, folkh\u00e4lsa och f\u00f6reningsliv. Fritidskortet inneb\u00e4r att barn och unga f\u00e5r ett ekonomiskt st\u00f6d f\u00f6r deltagande i kulturskolan, idrottsf\u00f6reningar och Read More\" \/>\n<meta property=\"og:url\" content=\"https:\/\/wp.kristdemokraterna.se\/dalarna\/dalarna-valkomnar-fritidskortet\/\" \/>\n<meta property=\"og:site_name\" content=\"Kristdemokraterna Dalarna\" \/>\n<meta property=\"article:published_time\" content=\"2024-09-02T08:17:54+00:00\" \/>\n<meta property=\"article:modified_time\" content=\"2025-02-07T09:18:54+00:00\" \/>\n<meta name=\"author\" content=\"oliver\" \/>\n<meta name=\"twitter:card\" content=\"summary_large_image\" \/>\n<meta name=\"twitter:label1\" content=\"Skriven av\" \/>\n\t<meta name=\"twitter:data1\" content=\"oliver\" \/>\n\t<meta name=\"twitter:label2\" content=\"Ber\u00e4knad l\u00e4stid\" \/>\n\t<meta name=\"twitter:data2\" content=\"2 minuter\" \/>\n<script type=\"application\/ld+json\" class=\"yoast-schema-graph\">{\"@context\":\"https:\\\/\\\/schema.org\",\"@graph\":[{\"@type\":\"Article\",\"@id\":\"https:\\\/\\\/wp.kristdemokraterna.se\\\/dalarna\\\/dalarna-valkomnar-fritidskortet\\\/#article\",\"isPartOf\":{\"@id\":\"https:\\\/\\\/wp.kristdemokraterna.se\\\/dalarna\\\/dalarna-valkomnar-fritidskortet\\\/\"},\"author\":{\"name\":\"oliver\",\"@id\":\"https:\\\/\\\/wp.kristdemokraterna.se\\\/dalarna\\\/#\\\/schema\\\/person\\\/7611175eb955130b2fc127e0992fdffc\"},\"headline\":\"Dalarna v\u00e4lkomnar fritidskortet\",\"datePublished\":\"2024-09-02T08:17:54+00:00\",\"dateModified\":\"2025-02-07T09:18:54+00:00\",\"mainEntityOfPage\":{\"@id\":\"https:\\\/\\\/wp.kristdemokraterna.se\\\/dalarna\\\/dalarna-valkomnar-fritidskortet\\\/\"},\"wordCount\":411,\"publisher\":{\"@id\":\"https:\\\/\\\/wp.kristdemokraterna.se\\\/dalarna\\\/#organization\"},\"articleSection\":[\"Nyheter\"],\"inLanguage\":\"sv-SE\"},{\"@type\":\"WebPage\",\"@id\":\"https:\\\/\\\/wp.kristdemokraterna.se\\\/dalarna\\\/dalarna-valkomnar-fritidskortet\\\/\",\"url\":\"https:\\\/\\\/wp.kristdemokraterna.se\\\/dalarna\\\/dalarna-valkomnar-fritidskortet\\\/\",\"name\":\"Dalarna v\u00e4lkomnar fritidskortet - Kristdemokraterna Dalarna\",\"isPartOf\":{\"@id\":\"https:\\\/\\\/wp.kristdemokraterna.se\\\/dalarna\\\/#website\"},\"datePublished\":\"2024-09-02T08:17:54+00:00\",\"dateModified\":\"2025-02-07T09:18:54+00:00\",\"breadcrumb\":{\"@id\":\"https:\\\/\\\/wp.kristdemokraterna.se\\\/dalarna\\\/dalarna-valkomnar-fritidskortet\\\/#breadcrumb\"},\"inLanguage\":\"sv-SE\",\"potentialAction\":[{\"@type\":\"ReadAction\",\"target\":[\"https:\\\/\\\/wp.kristdemokraterna.se\\\/dalarna\\\/dalarna-valkomnar-fritidskortet\\\/\"]}]},{\"@type\":\"BreadcrumbList\",\"@id\":\"https:\\\/\\\/wp.kristdemokraterna.se\\\/dalarna\\\/dalarna-valkomnar-fritidskortet\\\/#breadcrumb\",\"itemListElement\":[{\"@type\":\"ListItem\",\"position\":1,\"name\":\"Hem\",\"item\":\"https:\\\/\\\/wp.kristdemokraterna.se\\\/dalarna\\\/\"},{\"@type\":\"ListItem\",\"position\":2,\"name\":\"Dalarna v\u00e4lkomnar fritidskortet\"}]},{\"@type\":\"WebSite\",\"@id\":\"https:\\\/\\\/wp.kristdemokraterna.se\\\/dalarna\\\/#website\",\"url\":\"https:\\\/\\\/wp.kristdemokraterna.se\\\/dalarna\\\/\",\"name\":\"Kristdemokraterna Dalarna\",\"description\":\"\",\"publisher\":{\"@id\":\"https:\\\/\\\/wp.kristdemokraterna.se\\\/dalarna\\\/#organization\"},\"inLanguage\":\"sv-SE\"},{\"@type\":\"Organization\",\"@id\":\"https:\\\/\\\/wp.kristdemokraterna.se\\\/dalarna\\\/#organization\",\"name\":\"Kristdemokraterna Dalarna\",\"url\":\"https:\\\/\\\/wp.kristdemokraterna.se\\\/dalarna\\\/\",\"logo\":{\"@type\":\"ImageObject\",\"inLanguage\":\"sv-SE\",\"@id\":\"https:\\\/\\\/wp.kristdemokraterna.se\\\/dalarna\\\/#\\\/schema\\\/logo\\\/image\\\/\",\"url\":\"https:\\\/\\\/wp.kristdemokraterna.se\\\/dalarna\\\/files\\\/2022\\\/08\\\/dalarna-sida-bla-300dpi.png\",\"contentUrl\":\"https:\\\/\\\/wp.kristdemokraterna.se\\\/dalarna\\\/files\\\/2022\\\/08\\\/dalarna-sida-bla-300dpi.png\",\"width\":1477,\"height\":681,\"caption\":\"Kristdemokraterna Dalarna\"},\"image\":{\"@id\":\"https:\\\/\\\/wp.kristdemokraterna.se\\\/dalarna\\\/#\\\/schema\\\/logo\\\/image\\\/\"}},{\"@type\":\"Person\",\"@id\":\"https:\\\/\\\/wp.kristdemokraterna.se\\\/dalarna\\\/#\\\/schema\\\/person\\\/7611175eb955130b2fc127e0992fdffc\",\"name\":\"oliver\",\"image\":{\"@type\":\"ImageObject\",\"inLanguage\":\"sv-SE\",\"@id\":\"https:\\\/\\\/secure.gravatar.com\\\/avatar\\\/bf91bfa2870e8b9c37378dca6b35b68f39af1750e31e39ac91e8ffb52bcdde21?s=96&r=g\",\"url\":\"https:\\\/\\\/secure.gravatar.com\\\/avatar\\\/bf91bfa2870e8b9c37378dca6b35b68f39af1750e31e39ac91e8ffb52bcdde21?s=96&r=g\",\"contentUrl\":\"https:\\\/\\\/secure.gravatar.com\\\/avatar\\\/bf91bfa2870e8b9c37378dca6b35b68f39af1750e31e39ac91e8ffb52bcdde21?s=96&r=g\",\"caption\":\"oliver\"},\"url\":\"https:\\\/\\\/wp.kristdemokraterna.se\\\/dalarna\\\/author\\\/oliver\\\/\"}]}<\/script>\n<!-- \/ Yoast SEO plugin. -->","yoast_head_json":{"title":"Dalarna v\u00e4lkomnar fritidskortet - Kristdemokraterna Dalarna","robots":{"index":"index","follow":"follow","max-snippet":"max-snippet:-1","max-image-preview":"max-image-preview:large","max-video-preview":"max-video-preview:-1"},"canonical":"https:\/\/wp.kristdemokraterna.se\/dalarna\/dalarna-valkomnar-fritidskortet\/","og_locale":"sv_SE","og_type":"article","og_title":"Dalarna v\u00e4lkomnar fritidskortet - Kristdemokraterna Dalarna","og_description":"Region Dalarna st\u00e5r bakom och v\u00e4lkomnar regeringens f\u00f6rslag om ett fritidskort. Detta enligt det remissvar som regionstyrelsens arbetsutskott behandlade under m\u00e5ndagen. Regionen \u00e4r en av remissinstanserna, och fritidskortet bed\u00f6ms kunna g\u00f6ra stor skillnad f\u00f6r Dalarnas barnfamiljer, folkh\u00e4lsa och f\u00f6reningsliv. Fritidskortet inneb\u00e4r att barn och unga f\u00e5r ett ekonomiskt st\u00f6d f\u00f6r deltagande i kulturskolan, idrottsf\u00f6reningar och Read More","og_url":"https:\/\/wp.kristdemokraterna.se\/dalarna\/dalarna-valkomnar-fritidskortet\/","og_site_name":"Kristdemokraterna Dalarna","article_published_time":"2024-09-02T08:17:54+00:00","article_modified_time":"2025-02-07T09:18:54+00:00","author":"oliver","twitter_card":"summary_large_image","twitter_misc":{"Skriven av":"oliver","Ber\u00e4knad l\u00e4stid":"2 minuter"},"schema":{"@context":"https:\/\/schema.org","@graph":[{"@type":"Article","@id":"https:\/\/wp.kristdemokraterna.se\/dalarna\/dalarna-valkomnar-fritidskortet\/#article","isPartOf":{"@id":"https:\/\/wp.kristdemokraterna.se\/dalarna\/dalarna-valkomnar-fritidskortet\/"},"author":{"name":"oliver","@id":"https:\/\/wp.kristdemokraterna.se\/dalarna\/#\/schema\/person\/7611175eb955130b2fc127e0992fdffc"},"headline":"Dalarna v\u00e4lkomnar fritidskortet","datePublished":"2024-09-02T08:17:54+00:00","dateModified":"2025-02-07T09:18:54+00:00","mainEntityOfPage":{"@id":"https:\/\/wp.kristdemokraterna.se\/dalarna\/dalarna-valkomnar-fritidskortet\/"},"wordCount":411,"publisher":{"@id":"https:\/\/wp.kristdemokraterna.se\/dalarna\/#organization"},"articleSection":["Nyheter"],"inLanguage":"sv-SE"},{"@type":"WebPage","@id":"https:\/\/wp.kristdemokraterna.se\/dalarna\/dalarna-valkomnar-fritidskortet\/","url":"https:\/\/wp.kristdemokraterna.se\/dalarna\/dalarna-valkomnar-fritidskortet\/","name":"Dalarna v\u00e4lkomnar fritidskortet - Kristdemokraterna Dalarna","isPartOf":{"@id":"https:\/\/wp.kristdemokraterna.se\/dalarna\/#website"},"datePublished":"2024-09-02T08:17:54+00:00","dateModified":"2025-02-07T09:18:54+00:00","breadcrumb":{"@id":"https:\/\/wp.kristdemokraterna.se\/dalarna\/dalarna-valkomnar-fritidskortet\/#breadcrumb"},"inLanguage":"sv-SE","potentialAction":[{"@type":"ReadAction","target":["https:\/\/wp.kristdemokraterna.se\/dalarna\/dalarna-valkomnar-fritidskortet\/"]}]},{"@type":"BreadcrumbList","@id":"https:\/\/wp.kristdemokraterna.se\/dalarna\/dalarna-valkomnar-fritidskortet\/#breadcrumb","itemListElement":[{"@type":"ListItem","position":1,"name":"Hem","item":"https:\/\/wp.kristdemokraterna.se\/dalarna\/"},{"@type":"ListItem","position":2,"name":"Dalarna v\u00e4lkomnar fritidskortet"}]},{"@type":"WebSite","@id":"https:\/\/wp.kristdemokraterna.se\/dalarna\/#website","url":"https:\/\/wp.kristdemokraterna.se\/dalarna\/","name":"Kristdemokraterna Dalarna","description":"","publisher":{"@id":"https:\/\/wp.kristdemokraterna.se\/dalarna\/#organization"},"inLanguage":"sv-SE"},{"@type":"Organization","@id":"https:\/\/wp.kristdemokraterna.se\/dalarna\/#organization","name":"Kristdemokraterna Dalarna","url":"https:\/\/wp.kristdemokraterna.se\/dalarna\/","logo":{"@type":"ImageObject","inLanguage":"sv-SE","@id":"https:\/\/wp.kristdemokraterna.se\/dalarna\/#\/schema\/logo\/image\/","url":"https:\/\/wp.kristdemokraterna.se\/dalarna\/files\/2022\/08\/dalarna-sida-bla-300dpi.png","contentUrl":"https:\/\/wp.kristdemokraterna.se\/dalarna\/files\/2022\/08\/dalarna-sida-bla-300dpi.png","width":1477,"height":681,"caption":"Kristdemokraterna Dalarna"},"image":{"@id":"https:\/\/wp.kristdemokraterna.se\/dalarna\/#\/schema\/logo\/image\/"}},{"@type":"Person","@id":"https:\/\/wp.kristdemokraterna.se\/dalarna\/#\/schema\/person\/7611175eb955130b2fc127e0992fdffc","name":"oliver","image":{"@type":"ImageObject","inLanguage":"sv-SE","@id":"https:\/\/secure.gravatar.com\/avatar\/bf91bfa2870e8b9c37378dca6b35b68f39af1750e31e39ac91e8ffb52bcdde21?s=96&r=g","url":"https:\/\/secure.gravatar.com\/avatar\/bf91bfa2870e8b9c37378dca6b35b68f39af1750e31e39ac91e8ffb52bcdde21?s=96&r=g","contentUrl":"https:\/\/secure.gravatar.com\/avatar\/bf91bfa2870e8b9c37378dca6b35b68f39af1750e31e39ac91e8ffb52bcdde21?s=96&r=g","caption":"oliver"},"url":"https:\/\/wp.kristdemokraterna.se\/dalarna\/author\/oliver\/"}]}},"_links":{"self":[{"href":"https:\/\/wp.kristdemokraterna.se\/dalarna\/wp-json\/wp\/v2\/posts\/990","targetHints":{"allow":["GET"]}}],"collection":[{"href":"https:\/\/wp.kristdemokraterna.se\/dalarna\/wp-json\/wp\/v2\/posts"}],"about":[{"href":"https:\/\/wp.kristdemokraterna.se\/dalarna\/wp-json\/wp\/v2\/types\/post"}],"author":[{"embeddable":true,"href":"https:\/\/wp.kristdemokraterna.se\/dalarna\/wp-json\/wp\/v2\/users\/958"}],"replies":[{"embeddable":true,"href":"https:\/\/wp.kristdemokraterna.se\/dalarna\/wp-json\/wp\/v2\/comments?post=990"}],"version-history":[{"count":1,"href":"https:\/\/wp.kristdemokraterna.se\/dalarna\/wp-json\/wp\/v2\/posts\/990\/revisions"}],"predecessor-version":[{"id":992,"href":"https:\/\/wp.kristdemokraterna.se\/dalarna\/wp-json\/wp\/v2\/posts\/990\/revisions\/992"}],"wp:attachment":[{"href":"https:\/\/wp.kristdemokraterna.se\/dalarna\/wp-json\/wp\/v2\/media?parent=990"}],"wp:term":[{"taxonomy":"category","embeddable":true,"href":"https:\/\/wp.kristdemokraterna.se\/dalarna\/wp-json\/wp\/v2\/categories?post=990"},{"taxonomy":"post_tag","embeddable":true,"href":"https:\/\/wp.kristdemokraterna.se\/dalarna\/wp-json\/wp\/v2\/tags?post=990"}],"curies":[{"name":"wp","href":"https:\/\/api.w.org\/{rel}","templated":true}]}}