{"id":997,"date":"2024-06-03T10:20:33","date_gmt":"2024-06-03T08:20:33","guid":{"rendered":"https:\/\/wp.kristdemokraterna.se\/dalarna\/?p=997"},"modified":"2025-02-07T10:21:50","modified_gmt":"2025-02-07T09:21:50","slug":"kd-s-toppkandidat-ella-kardemark-vill-radda-dalarnas-ambulanshelikopter-fran-eu-regler-om-dygnsvila","status":"publish","type":"post","link":"https:\/\/wp.kristdemokraterna.se\/dalarna\/kd-s-toppkandidat-ella-kardemark-vill-radda-dalarnas-ambulanshelikopter-fran-eu-regler-om-dygnsvila\/","title":{"rendered":"KD:s toppkandidat Ella Kardemark vill r\u00e4dda Dalarnas ambulanshelikopter fr\u00e5n EU-regler om dygnsvila"},"content":{"rendered":"<p style=\"font-weight: 400\">Ambulanshelikoptern i Dalarna \u00e4r en av m\u00e5nga verksamheter som drabbas h\u00e5rt av EU:s arbetstidsdirektiv, med krav kring dygnsvila. Ella Kardemark (KD), andranamn i EU-valet, vill omf\u00f6rhandla direktivet och bes\u00f6kte ambulanshelikoptern i m\u00e5ndags.<\/p>\n<p style=\"font-weight: 400\">\n<p style=\"font-weight: 400\">\u2013 Ambulanshelikoptern i Dalarna utg\u00f6r en spetsresurs f\u00f6r de sv\u00e5rast sjuka och skadade. Det \u00e4r en viktig verksamhet, men p\u00e5 grund av EU:s arbetstidsdirektiv har bemanningen blivit mycket problematisk, s\u00e4ger Elisabeth Andersson, verksamhetschef.<\/p>\n<p style=\"font-weight: 400\">\n<p style=\"font-weight: 400\">En anledning till att de nya kraven s\u00e4rskilt p\u00e5verkar ambulanshelikoptern \u00e4r att sex av deras nio l\u00e4kare bor utanf\u00f6r Dalarna. Verksamheten har ans\u00f6kt om tillf\u00e4llig dispens fr\u00e5n reglerna om dygnsvila och inv\u00e4ntar nu svar fr\u00e5n Sveriges kommuner och regioner, SKR.<\/p>\n<p style=\"font-weight: 400\">\n<p style=\"font-weight: 400\">\u2013 Det blir en om\u00f6jlighet om dispensen inte beviljas. Och \u00e4ven om den beviljas kvarst\u00e5r utmaningar f\u00f6r oss d\u00e5 den varken ger den frihet eller kontinuerlighet vi beh\u00f6ver. Det m\u00e5ste finnas utrymme f\u00f6r undantag, utifr\u00e5n synnerliga sk\u00e4l, s\u00e4ger Elisabeth Andersson.<\/p>\n<p style=\"font-weight: 400\">\n<p style=\"font-weight: 400\">Ella Kardemark (KD) kandiderar i EU-valet, \u00e4r kommunalr\u00e5d i Halmstads kommun och vill ta med sig det lokala perspektivet till EU. Arbetstidsdirektivet \u00e4r enligt henne en extra viktig fr\u00e5ga och ett typexempel p\u00e5 n\u00e4r EU l\u00e4gger sig i fel saker. Under m\u00e5ndagen bes\u00f6kte hon Dalarnas ambulanshelikopter och lyssnade till deras behov.<\/p>\n<p style=\"font-weight: 400\">\n<p style=\"font-weight: 400\">\u2013 Det h\u00e4r inneb\u00e4r omfattande bekymmer f\u00f6r deras personal, liksom f\u00f6r m\u00e5nga andra i samh\u00e4llet. Ist\u00e4llet f\u00f6r \u00e5terh\u00e4mtning leder direktivet till mindre frihet och s\u00e4mre villkor, med splittrade scheman och stress \u00f6ver livspusslet, s\u00e4ger Ella Kardemark (KD).<\/p>\n<p style=\"font-weight: 400\">\n<p style=\"font-weight: 400\">Kristdemokraterna g\u00e5r till val p\u00e5 att omf\u00f6rhandla arbetstidsdirektivet, s\u00e5 att personalen f\u00e5r mer inflytande \u00f6ver schemal\u00e4ggningen. De f\u00f6resl\u00e5r att arbetsmarknadens parter i kollektivavtal nationellt och lokalt ska kunna komma \u00f6verens om andra regler kring dygnsvilan.<\/p>\n<p style=\"font-weight: 400\">\n<p style=\"font-weight: 400\">\u2013 Om det fortsatt ska finnas ett starkt st\u00f6d f\u00f6r EU:s existens, s\u00e5 beh\u00f6ver EU backa i fr\u00e5gor de aldrig var t\u00e4nkta att besluta \u00f6ver. Subsidiaritetsprincipen \u2013 att beslut alltid ska fattas p\u00e5 l\u00e4gsta m\u00f6jliga \u00e4ndam\u00e5lsenliga niv\u00e5, m\u00e5ste r\u00e5da, avslutar Ella Kardemark (KD).<\/p>\n","protected":false},"excerpt":{"rendered":"<p>Ambulanshelikoptern i Dalarna \u00e4r en av m\u00e5nga verksamheter som drabbas h\u00e5rt av EU:s arbetstidsdirektiv, med krav kring dygnsvila. Ella Kardemark (KD), andranamn i EU-valet, vill omf\u00f6rhandla direktivet och bes\u00f6kte ambulanshelikoptern i m\u00e5ndags. \u2013 Ambulanshelikoptern i Dalarna utg\u00f6r en spetsresurs f\u00f6r de sv\u00e5rast sjuka och skadade. Det \u00e4r en viktig verksamhet, men p\u00e5 grund av EU:s <a class=\"read-more-link\" href=\"https:\/\/wp.kristdemokraterna.se\/dalarna\/kd-s-toppkandidat-ella-kardemark-vill-radda-dalarnas-ambulanshelikopter-fran-eu-regler-om-dygnsvila\/\">Read More<\/a><\/p>\n","protected":false},"author":958,"featured_media":0,"comment_status":"closed","ping_status":"closed","sticky":false,"template":"","format":"standard","meta":{"_acf_changed":false,"footnotes":""},"categories":[12],"tags":[],"class_list":["post-997","post","type-post","status-publish","format-standard","hentry","category-nyheter"],"acf":[],"yoast_head":"<!-- This site is optimized with the Yoast SEO plugin v27.5 - https:\/\/yoast.com\/product\/yoast-seo-wordpress\/ -->\n<title>KD:s toppkandidat Ella Kardemark vill r\u00e4dda Dalarnas ambulanshelikopter fr\u00e5n EU-regler om dygnsvila - Kristdemokraterna Dalarna<\/title>\n<meta name=\"robots\" content=\"index, follow, max-snippet:-1, max-image-preview:large, max-video-preview:-1\" \/>\n<link rel=\"canonical\" href=\"https:\/\/wp.kristdemokraterna.se\/dalarna\/kd-s-toppkandidat-ella-kardemark-vill-radda-dalarnas-ambulanshelikopter-fran-eu-regler-om-dygnsvila\/\" \/>\n<meta property=\"og:locale\" content=\"sv_SE\" \/>\n<meta property=\"og:type\" content=\"article\" \/>\n<meta property=\"og:title\" content=\"KD:s toppkandidat Ella Kardemark vill r\u00e4dda Dalarnas ambulanshelikopter fr\u00e5n EU-regler om dygnsvila - Kristdemokraterna Dalarna\" \/>\n<meta property=\"og:description\" content=\"Ambulanshelikoptern i Dalarna \u00e4r en av m\u00e5nga verksamheter som drabbas h\u00e5rt av EU:s arbetstidsdirektiv, med krav kring dygnsvila. Ella Kardemark (KD), andranamn i EU-valet, vill omf\u00f6rhandla direktivet och bes\u00f6kte ambulanshelikoptern i m\u00e5ndags. \u2013 Ambulanshelikoptern i Dalarna utg\u00f6r en spetsresurs f\u00f6r de sv\u00e5rast sjuka och skadade. Det \u00e4r en viktig verksamhet, men p\u00e5 grund av EU:s Read More\" \/>\n<meta property=\"og:url\" content=\"https:\/\/wp.kristdemokraterna.se\/dalarna\/kd-s-toppkandidat-ella-kardemark-vill-radda-dalarnas-ambulanshelikopter-fran-eu-regler-om-dygnsvila\/\" \/>\n<meta property=\"og:site_name\" content=\"Kristdemokraterna Dalarna\" \/>\n<meta property=\"article:published_time\" content=\"2024-06-03T08:20:33+00:00\" \/>\n<meta property=\"article:modified_time\" content=\"2025-02-07T09:21:50+00:00\" \/>\n<meta name=\"author\" content=\"oliver\" \/>\n<meta name=\"twitter:card\" content=\"summary_large_image\" \/>\n<meta name=\"twitter:label1\" content=\"Skriven av\" \/>\n\t<meta name=\"twitter:data1\" content=\"oliver\" \/>\n\t<meta name=\"twitter:label2\" content=\"Ber\u00e4knad l\u00e4stid\" \/>\n\t<meta name=\"twitter:data2\" content=\"2 minuter\" \/>\n<script type=\"application\/ld+json\" class=\"yoast-schema-graph\">{\"@context\":\"https:\\\/\\\/schema.org\",\"@graph\":[{\"@type\":\"Article\",\"@id\":\"https:\\\/\\\/wp.kristdemokraterna.se\\\/dalarna\\\/kd-s-toppkandidat-ella-kardemark-vill-radda-dalarnas-ambulanshelikopter-fran-eu-regler-om-dygnsvila\\\/#article\",\"isPartOf\":{\"@id\":\"https:\\\/\\\/wp.kristdemokraterna.se\\\/dalarna\\\/kd-s-toppkandidat-ella-kardemark-vill-radda-dalarnas-ambulanshelikopter-fran-eu-regler-om-dygnsvila\\\/\"},\"author\":{\"name\":\"oliver\",\"@id\":\"https:\\\/\\\/wp.kristdemokraterna.se\\\/dalarna\\\/#\\\/schema\\\/person\\\/7611175eb955130b2fc127e0992fdffc\"},\"headline\":\"KD:s toppkandidat Ella Kardemark vill r\u00e4dda Dalarnas ambulanshelikopter fr\u00e5n EU-regler om dygnsvila\",\"datePublished\":\"2024-06-03T08:20:33+00:00\",\"dateModified\":\"2025-02-07T09:21:50+00:00\",\"mainEntityOfPage\":{\"@id\":\"https:\\\/\\\/wp.kristdemokraterna.se\\\/dalarna\\\/kd-s-toppkandidat-ella-kardemark-vill-radda-dalarnas-ambulanshelikopter-fran-eu-regler-om-dygnsvila\\\/\"},\"wordCount\":384,\"publisher\":{\"@id\":\"https:\\\/\\\/wp.kristdemokraterna.se\\\/dalarna\\\/#organization\"},\"articleSection\":[\"Nyheter\"],\"inLanguage\":\"sv-SE\"},{\"@type\":\"WebPage\",\"@id\":\"https:\\\/\\\/wp.kristdemokraterna.se\\\/dalarna\\\/kd-s-toppkandidat-ella-kardemark-vill-radda-dalarnas-ambulanshelikopter-fran-eu-regler-om-dygnsvila\\\/\",\"url\":\"https:\\\/\\\/wp.kristdemokraterna.se\\\/dalarna\\\/kd-s-toppkandidat-ella-kardemark-vill-radda-dalarnas-ambulanshelikopter-fran-eu-regler-om-dygnsvila\\\/\",\"name\":\"KD:s toppkandidat Ella Kardemark vill r\u00e4dda Dalarnas ambulanshelikopter fr\u00e5n EU-regler om dygnsvila - Kristdemokraterna Dalarna\",\"isPartOf\":{\"@id\":\"https:\\\/\\\/wp.kristdemokraterna.se\\\/dalarna\\\/#website\"},\"datePublished\":\"2024-06-03T08:20:33+00:00\",\"dateModified\":\"2025-02-07T09:21:50+00:00\",\"breadcrumb\":{\"@id\":\"https:\\\/\\\/wp.kristdemokraterna.se\\\/dalarna\\\/kd-s-toppkandidat-ella-kardemark-vill-radda-dalarnas-ambulanshelikopter-fran-eu-regler-om-dygnsvila\\\/#breadcrumb\"},\"inLanguage\":\"sv-SE\",\"potentialAction\":[{\"@type\":\"ReadAction\",\"target\":[\"https:\\\/\\\/wp.kristdemokraterna.se\\\/dalarna\\\/kd-s-toppkandidat-ella-kardemark-vill-radda-dalarnas-ambulanshelikopter-fran-eu-regler-om-dygnsvila\\\/\"]}]},{\"@type\":\"BreadcrumbList\",\"@id\":\"https:\\\/\\\/wp.kristdemokraterna.se\\\/dalarna\\\/kd-s-toppkandidat-ella-kardemark-vill-radda-dalarnas-ambulanshelikopter-fran-eu-regler-om-dygnsvila\\\/#breadcrumb\",\"itemListElement\":[{\"@type\":\"ListItem\",\"position\":1,\"name\":\"Hem\",\"item\":\"https:\\\/\\\/wp.kristdemokraterna.se\\\/dalarna\\\/\"},{\"@type\":\"ListItem\",\"position\":2,\"name\":\"KD:s toppkandidat Ella Kardemark vill r\u00e4dda Dalarnas ambulanshelikopter fr\u00e5n EU-regler om dygnsvila\"}]},{\"@type\":\"WebSite\",\"@id\":\"https:\\\/\\\/wp.kristdemokraterna.se\\\/dalarna\\\/#website\",\"url\":\"https:\\\/\\\/wp.kristdemokraterna.se\\\/dalarna\\\/\",\"name\":\"Kristdemokraterna Dalarna\",\"description\":\"\",\"publisher\":{\"@id\":\"https:\\\/\\\/wp.kristdemokraterna.se\\\/dalarna\\\/#organization\"},\"inLanguage\":\"sv-SE\"},{\"@type\":\"Organization\",\"@id\":\"https:\\\/\\\/wp.kristdemokraterna.se\\\/dalarna\\\/#organization\",\"name\":\"Kristdemokraterna Dalarna\",\"url\":\"https:\\\/\\\/wp.kristdemokraterna.se\\\/dalarna\\\/\",\"logo\":{\"@type\":\"ImageObject\",\"inLanguage\":\"sv-SE\",\"@id\":\"https:\\\/\\\/wp.kristdemokraterna.se\\\/dalarna\\\/#\\\/schema\\\/logo\\\/image\\\/\",\"url\":\"https:\\\/\\\/wp.kristdemokraterna.se\\\/dalarna\\\/files\\\/2022\\\/08\\\/dalarna-sida-bla-300dpi.png\",\"contentUrl\":\"https:\\\/\\\/wp.kristdemokraterna.se\\\/dalarna\\\/files\\\/2022\\\/08\\\/dalarna-sida-bla-300dpi.png\",\"width\":1477,\"height\":681,\"caption\":\"Kristdemokraterna Dalarna\"},\"image\":{\"@id\":\"https:\\\/\\\/wp.kristdemokraterna.se\\\/dalarna\\\/#\\\/schema\\\/logo\\\/image\\\/\"}},{\"@type\":\"Person\",\"@id\":\"https:\\\/\\\/wp.kristdemokraterna.se\\\/dalarna\\\/#\\\/schema\\\/person\\\/7611175eb955130b2fc127e0992fdffc\",\"name\":\"oliver\",\"image\":{\"@type\":\"ImageObject\",\"inLanguage\":\"sv-SE\",\"@id\":\"https:\\\/\\\/secure.gravatar.com\\\/avatar\\\/bf91bfa2870e8b9c37378dca6b35b68f39af1750e31e39ac91e8ffb52bcdde21?s=96&r=g\",\"url\":\"https:\\\/\\\/secure.gravatar.com\\\/avatar\\\/bf91bfa2870e8b9c37378dca6b35b68f39af1750e31e39ac91e8ffb52bcdde21?s=96&r=g\",\"contentUrl\":\"https:\\\/\\\/secure.gravatar.com\\\/avatar\\\/bf91bfa2870e8b9c37378dca6b35b68f39af1750e31e39ac91e8ffb52bcdde21?s=96&r=g\",\"caption\":\"oliver\"},\"url\":\"https:\\\/\\\/wp.kristdemokraterna.se\\\/dalarna\\\/author\\\/oliver\\\/\"}]}<\/script>\n<!-- \/ Yoast SEO plugin. -->","yoast_head_json":{"title":"KD:s toppkandidat Ella Kardemark vill r\u00e4dda Dalarnas ambulanshelikopter fr\u00e5n EU-regler om dygnsvila - Kristdemokraterna Dalarna","robots":{"index":"index","follow":"follow","max-snippet":"max-snippet:-1","max-image-preview":"max-image-preview:large","max-video-preview":"max-video-preview:-1"},"canonical":"https:\/\/wp.kristdemokraterna.se\/dalarna\/kd-s-toppkandidat-ella-kardemark-vill-radda-dalarnas-ambulanshelikopter-fran-eu-regler-om-dygnsvila\/","og_locale":"sv_SE","og_type":"article","og_title":"KD:s toppkandidat Ella Kardemark vill r\u00e4dda Dalarnas ambulanshelikopter fr\u00e5n EU-regler om dygnsvila - Kristdemokraterna Dalarna","og_description":"Ambulanshelikoptern i Dalarna \u00e4r en av m\u00e5nga verksamheter som drabbas h\u00e5rt av EU:s arbetstidsdirektiv, med krav kring dygnsvila. Ella Kardemark (KD), andranamn i EU-valet, vill omf\u00f6rhandla direktivet och bes\u00f6kte ambulanshelikoptern i m\u00e5ndags. \u2013 Ambulanshelikoptern i Dalarna utg\u00f6r en spetsresurs f\u00f6r de sv\u00e5rast sjuka och skadade. Det \u00e4r en viktig verksamhet, men p\u00e5 grund av EU:s Read More","og_url":"https:\/\/wp.kristdemokraterna.se\/dalarna\/kd-s-toppkandidat-ella-kardemark-vill-radda-dalarnas-ambulanshelikopter-fran-eu-regler-om-dygnsvila\/","og_site_name":"Kristdemokraterna Dalarna","article_published_time":"2024-06-03T08:20:33+00:00","article_modified_time":"2025-02-07T09:21:50+00:00","author":"oliver","twitter_card":"summary_large_image","twitter_misc":{"Skriven av":"oliver","Ber\u00e4knad l\u00e4stid":"2 minuter"},"schema":{"@context":"https:\/\/schema.org","@graph":[{"@type":"Article","@id":"https:\/\/wp.kristdemokraterna.se\/dalarna\/kd-s-toppkandidat-ella-kardemark-vill-radda-dalarnas-ambulanshelikopter-fran-eu-regler-om-dygnsvila\/#article","isPartOf":{"@id":"https:\/\/wp.kristdemokraterna.se\/dalarna\/kd-s-toppkandidat-ella-kardemark-vill-radda-dalarnas-ambulanshelikopter-fran-eu-regler-om-dygnsvila\/"},"author":{"name":"oliver","@id":"https:\/\/wp.kristdemokraterna.se\/dalarna\/#\/schema\/person\/7611175eb955130b2fc127e0992fdffc"},"headline":"KD:s toppkandidat Ella Kardemark vill r\u00e4dda Dalarnas ambulanshelikopter fr\u00e5n EU-regler om dygnsvila","datePublished":"2024-06-03T08:20:33+00:00","dateModified":"2025-02-07T09:21:50+00:00","mainEntityOfPage":{"@id":"https:\/\/wp.kristdemokraterna.se\/dalarna\/kd-s-toppkandidat-ella-kardemark-vill-radda-dalarnas-ambulanshelikopter-fran-eu-regler-om-dygnsvila\/"},"wordCount":384,"publisher":{"@id":"https:\/\/wp.kristdemokraterna.se\/dalarna\/#organization"},"articleSection":["Nyheter"],"inLanguage":"sv-SE"},{"@type":"WebPage","@id":"https:\/\/wp.kristdemokraterna.se\/dalarna\/kd-s-toppkandidat-ella-kardemark-vill-radda-dalarnas-ambulanshelikopter-fran-eu-regler-om-dygnsvila\/","url":"https:\/\/wp.kristdemokraterna.se\/dalarna\/kd-s-toppkandidat-ella-kardemark-vill-radda-dalarnas-ambulanshelikopter-fran-eu-regler-om-dygnsvila\/","name":"KD:s toppkandidat Ella Kardemark vill r\u00e4dda Dalarnas ambulanshelikopter fr\u00e5n EU-regler om dygnsvila - Kristdemokraterna Dalarna","isPartOf":{"@id":"https:\/\/wp.kristdemokraterna.se\/dalarna\/#website"},"datePublished":"2024-06-03T08:20:33+00:00","dateModified":"2025-02-07T09:21:50+00:00","breadcrumb":{"@id":"https:\/\/wp.kristdemokraterna.se\/dalarna\/kd-s-toppkandidat-ella-kardemark-vill-radda-dalarnas-ambulanshelikopter-fran-eu-regler-om-dygnsvila\/#breadcrumb"},"inLanguage":"sv-SE","potentialAction":[{"@type":"ReadAction","target":["https:\/\/wp.kristdemokraterna.se\/dalarna\/kd-s-toppkandidat-ella-kardemark-vill-radda-dalarnas-ambulanshelikopter-fran-eu-regler-om-dygnsvila\/"]}]},{"@type":"BreadcrumbList","@id":"https:\/\/wp.kristdemokraterna.se\/dalarna\/kd-s-toppkandidat-ella-kardemark-vill-radda-dalarnas-ambulanshelikopter-fran-eu-regler-om-dygnsvila\/#breadcrumb","itemListElement":[{"@type":"ListItem","position":1,"name":"Hem","item":"https:\/\/wp.kristdemokraterna.se\/dalarna\/"},{"@type":"ListItem","position":2,"name":"KD:s toppkandidat Ella Kardemark vill r\u00e4dda Dalarnas ambulanshelikopter fr\u00e5n EU-regler om dygnsvila"}]},{"@type":"WebSite","@id":"https:\/\/wp.kristdemokraterna.se\/dalarna\/#website","url":"https:\/\/wp.kristdemokraterna.se\/dalarna\/","name":"Kristdemokraterna Dalarna","description":"","publisher":{"@id":"https:\/\/wp.kristdemokraterna.se\/dalarna\/#organization"},"inLanguage":"sv-SE"},{"@type":"Organization","@id":"https:\/\/wp.kristdemokraterna.se\/dalarna\/#organization","name":"Kristdemokraterna Dalarna","url":"https:\/\/wp.kristdemokraterna.se\/dalarna\/","logo":{"@type":"ImageObject","inLanguage":"sv-SE","@id":"https:\/\/wp.kristdemokraterna.se\/dalarna\/#\/schema\/logo\/image\/","url":"https:\/\/wp.kristdemokraterna.se\/dalarna\/files\/2022\/08\/dalarna-sida-bla-300dpi.png","contentUrl":"https:\/\/wp.kristdemokraterna.se\/dalarna\/files\/2022\/08\/dalarna-sida-bla-300dpi.png","width":1477,"height":681,"caption":"Kristdemokraterna Dalarna"},"image":{"@id":"https:\/\/wp.kristdemokraterna.se\/dalarna\/#\/schema\/logo\/image\/"}},{"@type":"Person","@id":"https:\/\/wp.kristdemokraterna.se\/dalarna\/#\/schema\/person\/7611175eb955130b2fc127e0992fdffc","name":"oliver","image":{"@type":"ImageObject","inLanguage":"sv-SE","@id":"https:\/\/secure.gravatar.com\/avatar\/bf91bfa2870e8b9c37378dca6b35b68f39af1750e31e39ac91e8ffb52bcdde21?s=96&r=g","url":"https:\/\/secure.gravatar.com\/avatar\/bf91bfa2870e8b9c37378dca6b35b68f39af1750e31e39ac91e8ffb52bcdde21?s=96&r=g","contentUrl":"https:\/\/secure.gravatar.com\/avatar\/bf91bfa2870e8b9c37378dca6b35b68f39af1750e31e39ac91e8ffb52bcdde21?s=96&r=g","caption":"oliver"},"url":"https:\/\/wp.kristdemokraterna.se\/dalarna\/author\/oliver\/"}]}},"_links":{"self":[{"href":"https:\/\/wp.kristdemokraterna.se\/dalarna\/wp-json\/wp\/v2\/posts\/997","targetHints":{"allow":["GET"]}}],"collection":[{"href":"https:\/\/wp.kristdemokraterna.se\/dalarna\/wp-json\/wp\/v2\/posts"}],"about":[{"href":"https:\/\/wp.kristdemokraterna.se\/dalarna\/wp-json\/wp\/v2\/types\/post"}],"author":[{"embeddable":true,"href":"https:\/\/wp.kristdemokraterna.se\/dalarna\/wp-json\/wp\/v2\/users\/958"}],"replies":[{"embeddable":true,"href":"https:\/\/wp.kristdemokraterna.se\/dalarna\/wp-json\/wp\/v2\/comments?post=997"}],"version-history":[{"count":1,"href":"https:\/\/wp.kristdemokraterna.se\/dalarna\/wp-json\/wp\/v2\/posts\/997\/revisions"}],"predecessor-version":[{"id":999,"href":"https:\/\/wp.kristdemokraterna.se\/dalarna\/wp-json\/wp\/v2\/posts\/997\/revisions\/999"}],"wp:attachment":[{"href":"https:\/\/wp.kristdemokraterna.se\/dalarna\/wp-json\/wp\/v2\/media?parent=997"}],"wp:term":[{"taxonomy":"category","embeddable":true,"href":"https:\/\/wp.kristdemokraterna.se\/dalarna\/wp-json\/wp\/v2\/categories?post=997"},{"taxonomy":"post_tag","embeddable":true,"href":"https:\/\/wp.kristdemokraterna.se\/dalarna\/wp-json\/wp\/v2\/tags?post=997"}],"curies":[{"name":"wp","href":"https:\/\/api.w.org\/{rel}","templated":true}]}}