{"id":509,"date":"2018-04-12T14:12:19","date_gmt":"2018-04-12T12:12:19","guid":{"rendered":"http:\/\/wp.kristdemokraterna.se\/danderyd\/?p=509"},"modified":"2018-09-04T19:46:46","modified_gmt":"2018-09-04T17:46:46","slug":"aldreomsorg-med-annu-hogre-kvalitet","status":"publish","type":"post","link":"https:\/\/wp.kristdemokraterna.se\/danderyd\/aldreomsorg-med-annu-hogre-kvalitet\/","title":{"rendered":"\u00c4ldreomsorg med \u00e4nnu h\u00f6gre kvalitet!"},"content":{"rendered":"<h3 style=\"color: #005ea1;font-family: Akrobat, arial, sans-serif\">En ny boendeform<\/h3>\n<p>Vi inom KD Danderyd vill att v\u00e5ra kommunmedborgare skall kunna bo i kommunen under hela sitt liv. D\u00e4rf\u00f6r lanserar vi ett nytt system f\u00f6r bostadsr\u00e4tter enbart f\u00f6r \u00e4ldre Danderydsbor. Det g\u00e5r ut p\u00e5 att kommunen genom privata entrepren\u00f6rer bygger bostadsr\u00e4tter i attraktiva omr\u00e5den enbart f\u00f6r medborgare som fyllt 70 \u00e5r och varit bosatta i Danderyd minst tio \u00e5r. Dessa s\u00e4ljs f\u00f6r sj\u00e4lvkostnadspris dvs det pris som det kostat att bygga dem. De boende kan sedan genom utvald privat entrepren\u00f6r v\u00e4lja vilken form av service man vill ha och sj\u00e4lv betala f\u00f6r. N\u00e4r l\u00e4genheten blir tom s\u00e5 s\u00e4ljs den vidare till f\u00f6rv\u00e4rvspris + den \u00e5rliga KPI \u00f6kningen. L\u00e4genheten g\u00e5r till n\u00e4sta \u00e4ldre par eller person som st\u00e5r i k\u00f6n. K\u00f6systemet tillhandah\u00e5lls av kommunen och \u00e4r kommunens enda kostnad sedan man v\u00e4l f\u00e4rdigst\u00e4llt och s\u00e5lt l\u00e4genheterna. Som inv\u00e5nare i Danderyd kan man d\u00e5 vid l\u00e4mplig tidpunkt efter fyllda sjuttio s\u00e4lja sin privata fastighet och till ett \u00f6verkomligt pris flytta till detta \u00e4ldreboende.<\/p>\n<h3 style=\"color: #005ea1;font-family: Akrobat, arial, sans-serif\">Organisation och drift av omsorg<\/h3>\n<p>En blandning av kommunal verksamhet och privata bolag som driver v\u00e5rd &amp; omsorgsenheter ska efterstr\u00e4vas f\u00f6r att f\u00e5 utvecklingskraft och kunna j\u00e4mf\u00f6ra och utv\u00e4rdera olika enheters resultat.<\/p>\n<p>Upphandlingar ska kombinera kvalitets- och kostnadsm\u00e5l utan att tiden per omsorgstagare sk\u00e4rs ned. Upphandlingar ska innefatta drift i av kommunen \u00e4gd fastighet, s\u00e5 att kommunen kan byta driftsansvarig utan att de boende beh\u00f6ver byta fastighet.<\/p>\n<p>Vid upphandlingar inom v\u00e5rd och omsorg ska h\u00e4nsyn tas till att mindre akt\u00f6rer ocks\u00e5 ska ges realistiska m\u00f6jligheter att l\u00e4mna anbud. Kommunen ska efterstr\u00e4va att upphandla av sm\u00e5 f\u00f6retag d\u00e4r dessa \u00e4r konkurrenskraftiga f\u00f6r att uppmuntra f\u00f6retagsamhet i kommunen.<\/p>\n<h3 style=\"color: #005ea1;font-family: Akrobat, arial, sans-serif\">\u00c4ldrev\u00e5rd, \u00e4ldreboende<\/h3>\n<p>Att de \u00e4ldre ska f\u00e5 \u00e5ldras i trygghet och med v\u00e4rdighet \u00e4r en stark drivkraft f\u00f6r oss Kristdemokrater. God v\u00e5rd, ett behovsanpassat boende och sj\u00e4lvbest\u00e4mmande \u00f6ver sin vardag \u00e4r en sj\u00e4lvklarhet \u2013 hela livet.<\/p>\n<p>Mer boende anpassat f\u00f6r \u00e4ldre, b\u00e5de 55+ och 85+, ska tas fram i kommunen s\u00e5 att v\u00e5ra inv\u00e5nare kan bo kvar i Danderyd n\u00e4r de blir \u00e4ldre. \u00c4ldre \u00f6ver 85 ska garanteras plats p\u00e5 \u00e4ldreboende. Under n\u00e4sta mandatperiod ska minst ett \u00e4ldreboende byggas i kommunen s\u00e5 att vi slipper k\u00f6pa platser i andra kommuner.<\/p>\n<p>Behovet av \u00e4ldreboenden kommer att \u00f6ka. Kommunen m\u00e5ste d\u00e4rf\u00f6r planera f\u00f6r troliga behovsniv\u00e5er p\u00e5 fem och tio \u00e5rs sikt. Vid eventuellt bostads\u00f6verskott kan dessa \u00e4ldreboenden tillf\u00e4lligt nyttjas f\u00f6r andra \u00e4ndam\u00e5l. Ett fint exempel som redan pr\u00f6vas i annan del av Sverige \u00e4r att blanda studenter med \u00e4ldre.<\/p>\n<p>Danderyds kommun ska snarast bygga eget korttidsboende ist\u00e4llet f\u00f6r att k\u00f6pa in platser i andra kommuner n\u00e4r t ex anh\u00f6rigv\u00e5rdaren beh\u00f6ver avlastning.<\/p>\n<p>P\u00e5 v\u00e5rd- och omsorgsboenden ska v\u00e5rden i livets slutskede planeras utifr\u00e5n patientens och anh\u00f6rigas behov och \u00f6nskem\u00e5l.<\/p>\n<p>Att \u00e4ldre k\u00e4nner trygghet i den omsorg de f\u00e5r \u00e4r viktigt. En god personalpolitik som \u00f6kar personalkontinuiteten \u00e4r en f\u00f6ruts\u00e4ttning. Man ska inte beh\u00f6va m\u00f6ta ett nytt ansikte varje dag fr\u00e5n hemtj\u00e4nsten. Schemat f\u00f6r hemtj\u00e4nsten ska utformas s\u00e5 att v\u00e5rdtagaren inte m\u00f6ter mer \u00e4n max 8 personer under en m\u00e5nad.<\/p>\n<p>F\u00f6r att ge v\u00e5ra \u00e4ldre en meningsfull tillvaro och f\u00f6r att st\u00e4rka gemenskapen bland kommuninnev\u00e5narna, ska vi bygga vidare p\u00e5 den frivilligverksamhet som redan etablerats.<\/p>\n<p>\u00c4ldre ska om de s\u00e5 \u00f6nskar f\u00e5 minst en timmes utomhusvistelse per dag och minst en timmes social samvaro per dag.<\/p>\n<p>Vi vill ut\u00f6ka aktiviteter med v\u00e5rdhundar och \u00e4ven l\u00e4gga till andra husdjur i v\u00e5rdverksamheten, f\u00f6r b\u00e5de unga och gamla.<\/p>\n<p>Inneh\u00e5llet i maten som serveras \u00e4ldre ska h\u00e5lla h\u00f6g kvalitet, smaka bra, vara n\u00e4ringsrik och omv\u00e4xlande samt l\u00e4ttuggad.<\/p>\n<p>F\u00f6renkla f\u00f6r \u00e4ldre att f\u00e5 hemtj\u00e4nst. Vi vill skrota tj\u00e4nstem\u00e4nnens l\u00e5nga utredningar och utg\u00e5r helt enkelt ifr\u00e5n att efter en viss \u00e5lder s\u00e5 uppst\u00e5r det behov av hj\u00e4lp och det ska vara enkelt att f\u00e5 det.<\/p>\n<p>F\u00f6r alla som fyllt \u00e5ttio \u00e5r ska det finnas en f\u00f6renklad bist\u00e5ndsbed\u00f6mning. \u00c4ldre som vill ha hj\u00e4lp med st\u00e4dning, att handla mat eller social samvaro ska kunna f\u00e5 det. Dessutom f\u00f6resl\u00e5r vi att avskaffa bist\u00e5ndsbed\u00f6mning f\u00f6r ans\u00f6kan om trygghetslarm f\u00f6r personer som fyllt 70 \u00e5r.<\/p>\n<p>Det finns ingen \u00e5ldersgr\u00e4ns som upph\u00e4ver r\u00e4tten att best\u00e4mma \u00f6ver sin vardag. Vi beh\u00f6ver ge de \u00e4ldre en st\u00f6rre makt \u00f6ver insatser som de sj\u00e4lva anser f\u00f6rb\u00e4ttrar trygghet och v\u00e4lm\u00e5ende i sin vardag.<\/p>\n<p>Den l\u00e4gre gr\u00e4nsen f\u00f6r vitesbelopp ska h\u00f6jas n\u00e4r kommunerna inte klarar att leverera tillr\u00e4ckligt antal s\u00e4rskilda boenden inom utsatt tid. Ekonomisk kompensation ska utg\u00e5 till den som inte f\u00e5r boende inom utsatt tid.<\/p>\n<h2 style=\"color: #005ea1;font-family: Akrobat, arial, sans-serif\"><em>Kristdemokraterna Danderyd \u2013 det enda frihetligt konservativa partiet!<\/em><\/h2>\n","protected":false},"excerpt":{"rendered":"<p>En ny boendeform Vi inom KD Danderyd vill att v\u00e5ra kommunmedborgare skall kunna bo i kommunen under hela sitt liv. D\u00e4rf\u00f6r lanserar vi ett nytt system f\u00f6r bostadsr\u00e4tter enbart f\u00f6r \u00e4ldre Danderydsbor. Det g\u00e5r ut p\u00e5 att kommunen genom privata entrepren\u00f6rer bygger bostadsr\u00e4tter i attraktiva omr\u00e5den enbart f\u00f6r medborgare som fyllt 70 \u00e5r och varit <a class=\"read-more-link\" href=\"https:\/\/wp.kristdemokraterna.se\/danderyd\/aldreomsorg-med-annu-hogre-kvalitet\/\">Read More<\/a><\/p>\n","protected":false},"author":549,"featured_media":0,"comment_status":"closed","ping_status":"closed","sticky":false,"template":"","format":"standard","meta":{"_acf_changed":false,"footnotes":""},"categories":[6],"tags":[],"class_list":["post-509","post","type-post","status-publish","format-standard","hentry","category-var-politik"],"acf":[],"yoast_head":"<!-- This site is optimized with the Yoast SEO plugin v27.4 - https:\/\/yoast.com\/product\/yoast-seo-wordpress\/ -->\n<title>\u00c4ldreomsorg med \u00e4nnu h\u00f6gre kvalitet! - Danderyd<\/title>\n<meta name=\"robots\" content=\"index, follow, max-snippet:-1, max-image-preview:large, max-video-preview:-1\" \/>\n<link rel=\"canonical\" href=\"https:\/\/wp.kristdemokraterna.se\/danderyd\/aldreomsorg-med-annu-hogre-kvalitet\/\" \/>\n<meta property=\"og:locale\" content=\"sv_SE\" \/>\n<meta property=\"og:type\" content=\"article\" \/>\n<meta property=\"og:title\" content=\"\u00c4ldreomsorg med \u00e4nnu h\u00f6gre kvalitet! - Danderyd\" \/>\n<meta property=\"og:description\" content=\"En ny boendeform Vi inom KD Danderyd vill att v\u00e5ra kommunmedborgare skall kunna bo i kommunen under hela sitt liv. D\u00e4rf\u00f6r lanserar vi ett nytt system f\u00f6r bostadsr\u00e4tter enbart f\u00f6r \u00e4ldre Danderydsbor. Det g\u00e5r ut p\u00e5 att kommunen genom privata entrepren\u00f6rer bygger bostadsr\u00e4tter i attraktiva omr\u00e5den enbart f\u00f6r medborgare som fyllt 70 \u00e5r och varit Read More\" \/>\n<meta property=\"og:url\" content=\"https:\/\/wp.kristdemokraterna.se\/danderyd\/aldreomsorg-med-annu-hogre-kvalitet\/\" \/>\n<meta property=\"og:site_name\" content=\"Danderyd\" \/>\n<meta property=\"article:published_time\" content=\"2018-04-12T12:12:19+00:00\" \/>\n<meta property=\"article:modified_time\" content=\"2018-09-04T17:46:46+00:00\" \/>\n<meta name=\"author\" content=\"KD Danderyd\" \/>\n<meta name=\"twitter:card\" content=\"summary_large_image\" \/>\n<meta name=\"twitter:label1\" content=\"Skriven av\" \/>\n\t<meta name=\"twitter:data1\" content=\"KD Danderyd\" \/>\n\t<meta name=\"twitter:label2\" content=\"Ber\u00e4knad l\u00e4stid\" \/>\n\t<meta name=\"twitter:data2\" content=\"4 minuter\" \/>\n<script type=\"application\/ld+json\" class=\"yoast-schema-graph\">{\"@context\":\"https:\\\/\\\/schema.org\",\"@graph\":[{\"@type\":\"Article\",\"@id\":\"https:\\\/\\\/wp.kristdemokraterna.se\\\/danderyd\\\/aldreomsorg-med-annu-hogre-kvalitet\\\/#article\",\"isPartOf\":{\"@id\":\"https:\\\/\\\/wp.kristdemokraterna.se\\\/danderyd\\\/aldreomsorg-med-annu-hogre-kvalitet\\\/\"},\"author\":{\"name\":\"KD Danderyd\",\"@id\":\"https:\\\/\\\/wp.kristdemokraterna.se\\\/danderyd\\\/#\\\/schema\\\/person\\\/19d486f512ce15d6fd70de2f394aae71\"},\"headline\":\"\u00c4ldreomsorg med \u00e4nnu h\u00f6gre kvalitet!\",\"datePublished\":\"2018-04-12T12:12:19+00:00\",\"dateModified\":\"2018-09-04T17:46:46+00:00\",\"mainEntityOfPage\":{\"@id\":\"https:\\\/\\\/wp.kristdemokraterna.se\\\/danderyd\\\/aldreomsorg-med-annu-hogre-kvalitet\\\/\"},\"wordCount\":895,\"articleSection\":[\"V\u00e5r politik\"],\"inLanguage\":\"sv-SE\"},{\"@type\":\"WebPage\",\"@id\":\"https:\\\/\\\/wp.kristdemokraterna.se\\\/danderyd\\\/aldreomsorg-med-annu-hogre-kvalitet\\\/\",\"url\":\"https:\\\/\\\/wp.kristdemokraterna.se\\\/danderyd\\\/aldreomsorg-med-annu-hogre-kvalitet\\\/\",\"name\":\"\u00c4ldreomsorg med \u00e4nnu h\u00f6gre kvalitet! - Danderyd\",\"isPartOf\":{\"@id\":\"https:\\\/\\\/wp.kristdemokraterna.se\\\/danderyd\\\/#website\"},\"datePublished\":\"2018-04-12T12:12:19+00:00\",\"dateModified\":\"2018-09-04T17:46:46+00:00\",\"author\":{\"@id\":\"https:\\\/\\\/wp.kristdemokraterna.se\\\/danderyd\\\/#\\\/schema\\\/person\\\/19d486f512ce15d6fd70de2f394aae71\"},\"breadcrumb\":{\"@id\":\"https:\\\/\\\/wp.kristdemokraterna.se\\\/danderyd\\\/aldreomsorg-med-annu-hogre-kvalitet\\\/#breadcrumb\"},\"inLanguage\":\"sv-SE\",\"potentialAction\":[{\"@type\":\"ReadAction\",\"target\":[\"https:\\\/\\\/wp.kristdemokraterna.se\\\/danderyd\\\/aldreomsorg-med-annu-hogre-kvalitet\\\/\"]}]},{\"@type\":\"BreadcrumbList\",\"@id\":\"https:\\\/\\\/wp.kristdemokraterna.se\\\/danderyd\\\/aldreomsorg-med-annu-hogre-kvalitet\\\/#breadcrumb\",\"itemListElement\":[{\"@type\":\"ListItem\",\"position\":1,\"name\":\"Hem\",\"item\":\"https:\\\/\\\/wp.kristdemokraterna.se\\\/danderyd\\\/\"},{\"@type\":\"ListItem\",\"position\":2,\"name\":\"\u00c4ldreomsorg med \u00e4nnu h\u00f6gre kvalitet!\"}]},{\"@type\":\"WebSite\",\"@id\":\"https:\\\/\\\/wp.kristdemokraterna.se\\\/danderyd\\\/#website\",\"url\":\"https:\\\/\\\/wp.kristdemokraterna.se\\\/danderyd\\\/\",\"name\":\"Danderyd\",\"description\":\"&quot;Frihet, ansvar och gemenskap&quot;\",\"inLanguage\":\"sv-SE\"},{\"@type\":\"Person\",\"@id\":\"https:\\\/\\\/wp.kristdemokraterna.se\\\/danderyd\\\/#\\\/schema\\\/person\\\/19d486f512ce15d6fd70de2f394aae71\",\"name\":\"KD Danderyd\",\"image\":{\"@type\":\"ImageObject\",\"inLanguage\":\"sv-SE\",\"@id\":\"https:\\\/\\\/secure.gravatar.com\\\/avatar\\\/f9fccf55fa5f5bff386c7ba0c1c769b57c7031bf86015209bbef90e3ebad2127?s=96&r=g\",\"url\":\"https:\\\/\\\/secure.gravatar.com\\\/avatar\\\/f9fccf55fa5f5bff386c7ba0c1c769b57c7031bf86015209bbef90e3ebad2127?s=96&r=g\",\"contentUrl\":\"https:\\\/\\\/secure.gravatar.com\\\/avatar\\\/f9fccf55fa5f5bff386c7ba0c1c769b57c7031bf86015209bbef90e3ebad2127?s=96&r=g\",\"caption\":\"KD Danderyd\"},\"sameAs\":[\"https:\\\/\\\/wp.kristdemokraterna.se\\\/danderyd\"],\"url\":\"https:\\\/\\\/wp.kristdemokraterna.se\\\/danderyd\\\/author\\\/danderyd\\\/\"}]}<\/script>\n<!-- \/ Yoast SEO plugin. -->","yoast_head_json":{"title":"\u00c4ldreomsorg med \u00e4nnu h\u00f6gre kvalitet! - Danderyd","robots":{"index":"index","follow":"follow","max-snippet":"max-snippet:-1","max-image-preview":"max-image-preview:large","max-video-preview":"max-video-preview:-1"},"canonical":"https:\/\/wp.kristdemokraterna.se\/danderyd\/aldreomsorg-med-annu-hogre-kvalitet\/","og_locale":"sv_SE","og_type":"article","og_title":"\u00c4ldreomsorg med \u00e4nnu h\u00f6gre kvalitet! - Danderyd","og_description":"En ny boendeform Vi inom KD Danderyd vill att v\u00e5ra kommunmedborgare skall kunna bo i kommunen under hela sitt liv. D\u00e4rf\u00f6r lanserar vi ett nytt system f\u00f6r bostadsr\u00e4tter enbart f\u00f6r \u00e4ldre Danderydsbor. Det g\u00e5r ut p\u00e5 att kommunen genom privata entrepren\u00f6rer bygger bostadsr\u00e4tter i attraktiva omr\u00e5den enbart f\u00f6r medborgare som fyllt 70 \u00e5r och varit Read More","og_url":"https:\/\/wp.kristdemokraterna.se\/danderyd\/aldreomsorg-med-annu-hogre-kvalitet\/","og_site_name":"Danderyd","article_published_time":"2018-04-12T12:12:19+00:00","article_modified_time":"2018-09-04T17:46:46+00:00","author":"KD Danderyd","twitter_card":"summary_large_image","twitter_misc":{"Skriven av":"KD Danderyd","Ber\u00e4knad l\u00e4stid":"4 minuter"},"schema":{"@context":"https:\/\/schema.org","@graph":[{"@type":"Article","@id":"https:\/\/wp.kristdemokraterna.se\/danderyd\/aldreomsorg-med-annu-hogre-kvalitet\/#article","isPartOf":{"@id":"https:\/\/wp.kristdemokraterna.se\/danderyd\/aldreomsorg-med-annu-hogre-kvalitet\/"},"author":{"name":"KD Danderyd","@id":"https:\/\/wp.kristdemokraterna.se\/danderyd\/#\/schema\/person\/19d486f512ce15d6fd70de2f394aae71"},"headline":"\u00c4ldreomsorg med \u00e4nnu h\u00f6gre kvalitet!","datePublished":"2018-04-12T12:12:19+00:00","dateModified":"2018-09-04T17:46:46+00:00","mainEntityOfPage":{"@id":"https:\/\/wp.kristdemokraterna.se\/danderyd\/aldreomsorg-med-annu-hogre-kvalitet\/"},"wordCount":895,"articleSection":["V\u00e5r politik"],"inLanguage":"sv-SE"},{"@type":"WebPage","@id":"https:\/\/wp.kristdemokraterna.se\/danderyd\/aldreomsorg-med-annu-hogre-kvalitet\/","url":"https:\/\/wp.kristdemokraterna.se\/danderyd\/aldreomsorg-med-annu-hogre-kvalitet\/","name":"\u00c4ldreomsorg med \u00e4nnu h\u00f6gre kvalitet! - Danderyd","isPartOf":{"@id":"https:\/\/wp.kristdemokraterna.se\/danderyd\/#website"},"datePublished":"2018-04-12T12:12:19+00:00","dateModified":"2018-09-04T17:46:46+00:00","author":{"@id":"https:\/\/wp.kristdemokraterna.se\/danderyd\/#\/schema\/person\/19d486f512ce15d6fd70de2f394aae71"},"breadcrumb":{"@id":"https:\/\/wp.kristdemokraterna.se\/danderyd\/aldreomsorg-med-annu-hogre-kvalitet\/#breadcrumb"},"inLanguage":"sv-SE","potentialAction":[{"@type":"ReadAction","target":["https:\/\/wp.kristdemokraterna.se\/danderyd\/aldreomsorg-med-annu-hogre-kvalitet\/"]}]},{"@type":"BreadcrumbList","@id":"https:\/\/wp.kristdemokraterna.se\/danderyd\/aldreomsorg-med-annu-hogre-kvalitet\/#breadcrumb","itemListElement":[{"@type":"ListItem","position":1,"name":"Hem","item":"https:\/\/wp.kristdemokraterna.se\/danderyd\/"},{"@type":"ListItem","position":2,"name":"\u00c4ldreomsorg med \u00e4nnu h\u00f6gre kvalitet!"}]},{"@type":"WebSite","@id":"https:\/\/wp.kristdemokraterna.se\/danderyd\/#website","url":"https:\/\/wp.kristdemokraterna.se\/danderyd\/","name":"Danderyd","description":"&quot;Frihet, ansvar och gemenskap&quot;","inLanguage":"sv-SE"},{"@type":"Person","@id":"https:\/\/wp.kristdemokraterna.se\/danderyd\/#\/schema\/person\/19d486f512ce15d6fd70de2f394aae71","name":"KD Danderyd","image":{"@type":"ImageObject","inLanguage":"sv-SE","@id":"https:\/\/secure.gravatar.com\/avatar\/f9fccf55fa5f5bff386c7ba0c1c769b57c7031bf86015209bbef90e3ebad2127?s=96&r=g","url":"https:\/\/secure.gravatar.com\/avatar\/f9fccf55fa5f5bff386c7ba0c1c769b57c7031bf86015209bbef90e3ebad2127?s=96&r=g","contentUrl":"https:\/\/secure.gravatar.com\/avatar\/f9fccf55fa5f5bff386c7ba0c1c769b57c7031bf86015209bbef90e3ebad2127?s=96&r=g","caption":"KD Danderyd"},"sameAs":["https:\/\/wp.kristdemokraterna.se\/danderyd"],"url":"https:\/\/wp.kristdemokraterna.se\/danderyd\/author\/danderyd\/"}]}},"_links":{"self":[{"href":"https:\/\/wp.kristdemokraterna.se\/danderyd\/wp-json\/wp\/v2\/posts\/509","targetHints":{"allow":["GET"]}}],"collection":[{"href":"https:\/\/wp.kristdemokraterna.se\/danderyd\/wp-json\/wp\/v2\/posts"}],"about":[{"href":"https:\/\/wp.kristdemokraterna.se\/danderyd\/wp-json\/wp\/v2\/types\/post"}],"author":[{"embeddable":true,"href":"https:\/\/wp.kristdemokraterna.se\/danderyd\/wp-json\/wp\/v2\/users\/549"}],"replies":[{"embeddable":true,"href":"https:\/\/wp.kristdemokraterna.se\/danderyd\/wp-json\/wp\/v2\/comments?post=509"}],"version-history":[{"count":2,"href":"https:\/\/wp.kristdemokraterna.se\/danderyd\/wp-json\/wp\/v2\/posts\/509\/revisions"}],"predecessor-version":[{"id":1022,"href":"https:\/\/wp.kristdemokraterna.se\/danderyd\/wp-json\/wp\/v2\/posts\/509\/revisions\/1022"}],"wp:attachment":[{"href":"https:\/\/wp.kristdemokraterna.se\/danderyd\/wp-json\/wp\/v2\/media?parent=509"}],"wp:term":[{"taxonomy":"category","embeddable":true,"href":"https:\/\/wp.kristdemokraterna.se\/danderyd\/wp-json\/wp\/v2\/categories?post=509"},{"taxonomy":"post_tag","embeddable":true,"href":"https:\/\/wp.kristdemokraterna.se\/danderyd\/wp-json\/wp\/v2\/tags?post=509"}],"curies":[{"name":"wp","href":"https:\/\/api.w.org\/{rel}","templated":true}]}}