{"id":235,"date":"2022-04-12T12:26:14","date_gmt":"2022-04-12T10:26:14","guid":{"rendered":"http:\/\/wp.kristdemokraterna.se\/ekero\/?p=235"},"modified":"2022-04-13T23:44:22","modified_gmt":"2022-04-13T21:44:22","slug":"ditt-val-for-ekeros-basta-las-hela-vart-kommunprogram-har","status":"publish","type":"post","link":"https:\/\/wp.kristdemokraterna.se\/ekero\/ditt-val-for-ekeros-basta-las-hela-vart-kommunprogram-har\/","title":{"rendered":"Ditt val f\u00f6r Eker\u00f6s b\u00e4sta &#8211; l\u00e4s hela v\u00e5rt kommunprogram h\u00e4r"},"content":{"rendered":"<p>Nu finns v\u00e5rt kommunpolitiska program tillg\u00e4ngligt h\u00e4r p\u00e5 hemsidan, d\u00e4r vi presenterar konkreta f\u00f6rslag och \u00e5tg\u00e4rder f\u00f6r det framtida Eker\u00f6. V\u00e5rt m\u00e5l \u00e4r en \u00e5terh\u00e5llsam utveckling d\u00e4r karakt\u00e4ren och Eker\u00f6andan bevaras. Har du fr\u00e5gor om inneh\u00e5llet eller andra fr\u00e5gor om v\u00e5r politik, kontakta g\u00e4rna n\u00e5gon av v\u00e5ra f\u00f6retr\u00e4dare nedan:<\/p>\n<p>Sivert \u00c5kerljung, gruppledare, <a href=\"mailto:sivert.akerljung@kristdemokraterna.se\">sivert.akerljung@kristdemokraterna.se<\/a>, 070-982 02 80<br \/>\nAlvar K\u00e5rfors, ordf\u00f6rande, <a href=\"mailto:alvar.karfors@politik.ekero.se\">alvar.karfors@politik.ekero.se<\/a>, 0708-44 88 78<\/p>\n<p><a href=\"https:\/\/wp.kristdemokraterna.se\/ekero\/files\/2022\/04\/ekero_kommunprogram_2022.pdf\">Eker\u00f6_kommunprogram_2022<\/a><\/p>\n","protected":false},"excerpt":{"rendered":"<p>Nu finns v\u00e5rt kommunpolitiska program tillg\u00e4ngligt h\u00e4r p\u00e5 hemsidan, d\u00e4r vi presenterar konkreta f\u00f6rslag och \u00e5tg\u00e4rder f\u00f6r det framtida Eker\u00f6. V\u00e5rt m\u00e5l \u00e4r en \u00e5terh\u00e5llsam utveckling d\u00e4r karakt\u00e4ren och Eker\u00f6andan bevaras. Har du fr\u00e5gor om inneh\u00e5llet eller andra fr\u00e5gor om v\u00e5r politik, kontakta g\u00e4rna n\u00e5gon av v\u00e5ra f\u00f6retr\u00e4dare nedan: Sivert \u00c5kerljung, gruppledare, sivert.akerljung@kristdemokraterna.se, 070-982 02 <a class=\"read-more-link\" href=\"https:\/\/wp.kristdemokraterna.se\/ekero\/ditt-val-for-ekeros-basta-las-hela-vart-kommunprogram-har\/\">L\u00e4s mer<\/a><\/p>\n","protected":false},"author":444,"featured_media":0,"comment_status":"closed","ping_status":"closed","sticky":false,"template":"","format":"standard","meta":{"_acf_changed":false,"footnotes":""},"categories":[14,10],"tags":[],"class_list":["post-235","post","type-post","status-publish","format-standard","hentry","category-aktuellt","category-nyheter"],"acf":[],"yoast_head":"<!-- This site is optimized with the Yoast SEO plugin v27.5 - https:\/\/yoast.com\/product\/yoast-seo-wordpress\/ -->\n<title>Ditt val f\u00f6r Eker\u00f6s b\u00e4sta - l\u00e4s hela v\u00e5rt kommunprogram h\u00e4r - Kristdemokraterna | Eker\u00f6<\/title>\n<meta name=\"robots\" content=\"index, follow, max-snippet:-1, max-image-preview:large, max-video-preview:-1\" \/>\n<link rel=\"canonical\" href=\"https:\/\/wp.kristdemokraterna.se\/ekero\/ditt-val-for-ekeros-basta-las-hela-vart-kommunprogram-har\/\" \/>\n<meta property=\"og:locale\" content=\"sv_SE\" \/>\n<meta property=\"og:type\" content=\"article\" \/>\n<meta property=\"og:title\" content=\"Ditt val f\u00f6r Eker\u00f6s b\u00e4sta - l\u00e4s hela v\u00e5rt kommunprogram h\u00e4r - Kristdemokraterna | Eker\u00f6\" \/>\n<meta property=\"og:description\" content=\"Nu finns v\u00e5rt kommunpolitiska program tillg\u00e4ngligt h\u00e4r p\u00e5 hemsidan, d\u00e4r vi presenterar konkreta f\u00f6rslag och \u00e5tg\u00e4rder f\u00f6r det framtida Eker\u00f6. V\u00e5rt m\u00e5l \u00e4r en \u00e5terh\u00e5llsam utveckling d\u00e4r karakt\u00e4ren och Eker\u00f6andan bevaras. Har du fr\u00e5gor om inneh\u00e5llet eller andra fr\u00e5gor om v\u00e5r politik, kontakta g\u00e4rna n\u00e5gon av v\u00e5ra f\u00f6retr\u00e4dare nedan: Sivert \u00c5kerljung, gruppledare, sivert.akerljung@kristdemokraterna.se, 070-982 02 L\u00e4s mer\" \/>\n<meta property=\"og:url\" content=\"https:\/\/wp.kristdemokraterna.se\/ekero\/ditt-val-for-ekeros-basta-las-hela-vart-kommunprogram-har\/\" \/>\n<meta property=\"og:site_name\" content=\"Kristdemokraterna | Eker\u00f6\" \/>\n<meta property=\"article:published_time\" content=\"2022-04-12T10:26:14+00:00\" \/>\n<meta property=\"article:modified_time\" content=\"2022-04-13T21:44:22+00:00\" \/>\n<meta name=\"author\" content=\"helpdesk\" \/>\n<meta name=\"twitter:card\" content=\"summary_large_image\" \/>\n<meta name=\"twitter:label1\" content=\"Skriven av\" \/>\n\t<meta name=\"twitter:data1\" content=\"helpdesk\" \/>\n\t<meta name=\"twitter:label2\" content=\"Ber\u00e4knad l\u00e4stid\" \/>\n\t<meta name=\"twitter:data2\" content=\"1 minut\" \/>\n<script type=\"application\/ld+json\" class=\"yoast-schema-graph\">{\"@context\":\"https:\\\/\\\/schema.org\",\"@graph\":[{\"@type\":\"Article\",\"@id\":\"https:\\\/\\\/wp.kristdemokraterna.se\\\/ekero\\\/ditt-val-for-ekeros-basta-las-hela-vart-kommunprogram-har\\\/#article\",\"isPartOf\":{\"@id\":\"https:\\\/\\\/wp.kristdemokraterna.se\\\/ekero\\\/ditt-val-for-ekeros-basta-las-hela-vart-kommunprogram-har\\\/\"},\"author\":{\"name\":\"helpdesk\",\"@id\":\"https:\\\/\\\/wp.kristdemokraterna.se\\\/ekero\\\/#\\\/schema\\\/person\\\/98d27838d17178471da5e8a56aa604a4\"},\"headline\":\"Ditt val f\u00f6r Eker\u00f6s b\u00e4sta &#8211; l\u00e4s hela v\u00e5rt kommunprogram h\u00e4r\",\"datePublished\":\"2022-04-12T10:26:14+00:00\",\"dateModified\":\"2022-04-13T21:44:22+00:00\",\"mainEntityOfPage\":{\"@id\":\"https:\\\/\\\/wp.kristdemokraterna.se\\\/ekero\\\/ditt-val-for-ekeros-basta-las-hela-vart-kommunprogram-har\\\/\"},\"wordCount\":109,\"articleSection\":[\"Aktuellt\",\"Nyheter\"],\"inLanguage\":\"sv-SE\"},{\"@type\":\"WebPage\",\"@id\":\"https:\\\/\\\/wp.kristdemokraterna.se\\\/ekero\\\/ditt-val-for-ekeros-basta-las-hela-vart-kommunprogram-har\\\/\",\"url\":\"https:\\\/\\\/wp.kristdemokraterna.se\\\/ekero\\\/ditt-val-for-ekeros-basta-las-hela-vart-kommunprogram-har\\\/\",\"name\":\"Ditt val f\u00f6r Eker\u00f6s b\u00e4sta - l\u00e4s hela v\u00e5rt kommunprogram h\u00e4r - Kristdemokraterna | Eker\u00f6\",\"isPartOf\":{\"@id\":\"https:\\\/\\\/wp.kristdemokraterna.se\\\/ekero\\\/#website\"},\"datePublished\":\"2022-04-12T10:26:14+00:00\",\"dateModified\":\"2022-04-13T21:44:22+00:00\",\"author\":{\"@id\":\"https:\\\/\\\/wp.kristdemokraterna.se\\\/ekero\\\/#\\\/schema\\\/person\\\/98d27838d17178471da5e8a56aa604a4\"},\"breadcrumb\":{\"@id\":\"https:\\\/\\\/wp.kristdemokraterna.se\\\/ekero\\\/ditt-val-for-ekeros-basta-las-hela-vart-kommunprogram-har\\\/#breadcrumb\"},\"inLanguage\":\"sv-SE\",\"potentialAction\":[{\"@type\":\"ReadAction\",\"target\":[\"https:\\\/\\\/wp.kristdemokraterna.se\\\/ekero\\\/ditt-val-for-ekeros-basta-las-hela-vart-kommunprogram-har\\\/\"]}]},{\"@type\":\"BreadcrumbList\",\"@id\":\"https:\\\/\\\/wp.kristdemokraterna.se\\\/ekero\\\/ditt-val-for-ekeros-basta-las-hela-vart-kommunprogram-har\\\/#breadcrumb\",\"itemListElement\":[{\"@type\":\"ListItem\",\"position\":1,\"name\":\"Hem\",\"item\":\"https:\\\/\\\/wp.kristdemokraterna.se\\\/ekero\\\/\"},{\"@type\":\"ListItem\",\"position\":2,\"name\":\"Ditt val f\u00f6r Eker\u00f6s b\u00e4sta &#8211; l\u00e4s hela v\u00e5rt kommunprogram h\u00e4r\"}]},{\"@type\":\"WebSite\",\"@id\":\"https:\\\/\\\/wp.kristdemokraterna.se\\\/ekero\\\/#website\",\"url\":\"https:\\\/\\\/wp.kristdemokraterna.se\\\/ekero\\\/\",\"name\":\"Kristdemokraterna | Eker\u00f6\",\"description\":\"En till Kristdemokraterna webbplats\",\"inLanguage\":\"sv-SE\"},{\"@type\":\"Person\",\"@id\":\"https:\\\/\\\/wp.kristdemokraterna.se\\\/ekero\\\/#\\\/schema\\\/person\\\/98d27838d17178471da5e8a56aa604a4\",\"name\":\"helpdesk\",\"image\":{\"@type\":\"ImageObject\",\"inLanguage\":\"sv-SE\",\"@id\":\"https:\\\/\\\/secure.gravatar.com\\\/avatar\\\/2e747bc9a7d4e5a6ecca7d851e4175129f995f3f6d9ef18734d1ff623abe4a88?s=96&d=mm&r=g\",\"url\":\"https:\\\/\\\/secure.gravatar.com\\\/avatar\\\/2e747bc9a7d4e5a6ecca7d851e4175129f995f3f6d9ef18734d1ff623abe4a88?s=96&d=mm&r=g\",\"contentUrl\":\"https:\\\/\\\/secure.gravatar.com\\\/avatar\\\/2e747bc9a7d4e5a6ecca7d851e4175129f995f3f6d9ef18734d1ff623abe4a88?s=96&d=mm&r=g\",\"caption\":\"helpdesk\"},\"url\":\"https:\\\/\\\/wp.kristdemokraterna.se\\\/ekero\\\/author\\\/helpdesk\\\/\"}]}<\/script>\n<!-- \/ Yoast SEO plugin. -->","yoast_head_json":{"title":"Ditt val f\u00f6r Eker\u00f6s b\u00e4sta - l\u00e4s hela v\u00e5rt kommunprogram h\u00e4r - Kristdemokraterna | Eker\u00f6","robots":{"index":"index","follow":"follow","max-snippet":"max-snippet:-1","max-image-preview":"max-image-preview:large","max-video-preview":"max-video-preview:-1"},"canonical":"https:\/\/wp.kristdemokraterna.se\/ekero\/ditt-val-for-ekeros-basta-las-hela-vart-kommunprogram-har\/","og_locale":"sv_SE","og_type":"article","og_title":"Ditt val f\u00f6r Eker\u00f6s b\u00e4sta - l\u00e4s hela v\u00e5rt kommunprogram h\u00e4r - Kristdemokraterna | Eker\u00f6","og_description":"Nu finns v\u00e5rt kommunpolitiska program tillg\u00e4ngligt h\u00e4r p\u00e5 hemsidan, d\u00e4r vi presenterar konkreta f\u00f6rslag och \u00e5tg\u00e4rder f\u00f6r det framtida Eker\u00f6. V\u00e5rt m\u00e5l \u00e4r en \u00e5terh\u00e5llsam utveckling d\u00e4r karakt\u00e4ren och Eker\u00f6andan bevaras. Har du fr\u00e5gor om inneh\u00e5llet eller andra fr\u00e5gor om v\u00e5r politik, kontakta g\u00e4rna n\u00e5gon av v\u00e5ra f\u00f6retr\u00e4dare nedan: Sivert \u00c5kerljung, gruppledare, sivert.akerljung@kristdemokraterna.se, 070-982 02 L\u00e4s mer","og_url":"https:\/\/wp.kristdemokraterna.se\/ekero\/ditt-val-for-ekeros-basta-las-hela-vart-kommunprogram-har\/","og_site_name":"Kristdemokraterna | Eker\u00f6","article_published_time":"2022-04-12T10:26:14+00:00","article_modified_time":"2022-04-13T21:44:22+00:00","author":"helpdesk","twitter_card":"summary_large_image","twitter_misc":{"Skriven av":"helpdesk","Ber\u00e4knad l\u00e4stid":"1 minut"},"schema":{"@context":"https:\/\/schema.org","@graph":[{"@type":"Article","@id":"https:\/\/wp.kristdemokraterna.se\/ekero\/ditt-val-for-ekeros-basta-las-hela-vart-kommunprogram-har\/#article","isPartOf":{"@id":"https:\/\/wp.kristdemokraterna.se\/ekero\/ditt-val-for-ekeros-basta-las-hela-vart-kommunprogram-har\/"},"author":{"name":"helpdesk","@id":"https:\/\/wp.kristdemokraterna.se\/ekero\/#\/schema\/person\/98d27838d17178471da5e8a56aa604a4"},"headline":"Ditt val f\u00f6r Eker\u00f6s b\u00e4sta &#8211; l\u00e4s hela v\u00e5rt kommunprogram h\u00e4r","datePublished":"2022-04-12T10:26:14+00:00","dateModified":"2022-04-13T21:44:22+00:00","mainEntityOfPage":{"@id":"https:\/\/wp.kristdemokraterna.se\/ekero\/ditt-val-for-ekeros-basta-las-hela-vart-kommunprogram-har\/"},"wordCount":109,"articleSection":["Aktuellt","Nyheter"],"inLanguage":"sv-SE"},{"@type":"WebPage","@id":"https:\/\/wp.kristdemokraterna.se\/ekero\/ditt-val-for-ekeros-basta-las-hela-vart-kommunprogram-har\/","url":"https:\/\/wp.kristdemokraterna.se\/ekero\/ditt-val-for-ekeros-basta-las-hela-vart-kommunprogram-har\/","name":"Ditt val f\u00f6r Eker\u00f6s b\u00e4sta - l\u00e4s hela v\u00e5rt kommunprogram h\u00e4r - Kristdemokraterna | Eker\u00f6","isPartOf":{"@id":"https:\/\/wp.kristdemokraterna.se\/ekero\/#website"},"datePublished":"2022-04-12T10:26:14+00:00","dateModified":"2022-04-13T21:44:22+00:00","author":{"@id":"https:\/\/wp.kristdemokraterna.se\/ekero\/#\/schema\/person\/98d27838d17178471da5e8a56aa604a4"},"breadcrumb":{"@id":"https:\/\/wp.kristdemokraterna.se\/ekero\/ditt-val-for-ekeros-basta-las-hela-vart-kommunprogram-har\/#breadcrumb"},"inLanguage":"sv-SE","potentialAction":[{"@type":"ReadAction","target":["https:\/\/wp.kristdemokraterna.se\/ekero\/ditt-val-for-ekeros-basta-las-hela-vart-kommunprogram-har\/"]}]},{"@type":"BreadcrumbList","@id":"https:\/\/wp.kristdemokraterna.se\/ekero\/ditt-val-for-ekeros-basta-las-hela-vart-kommunprogram-har\/#breadcrumb","itemListElement":[{"@type":"ListItem","position":1,"name":"Hem","item":"https:\/\/wp.kristdemokraterna.se\/ekero\/"},{"@type":"ListItem","position":2,"name":"Ditt val f\u00f6r Eker\u00f6s b\u00e4sta &#8211; l\u00e4s hela v\u00e5rt kommunprogram h\u00e4r"}]},{"@type":"WebSite","@id":"https:\/\/wp.kristdemokraterna.se\/ekero\/#website","url":"https:\/\/wp.kristdemokraterna.se\/ekero\/","name":"Kristdemokraterna | Eker\u00f6","description":"En till Kristdemokraterna webbplats","inLanguage":"sv-SE"},{"@type":"Person","@id":"https:\/\/wp.kristdemokraterna.se\/ekero\/#\/schema\/person\/98d27838d17178471da5e8a56aa604a4","name":"helpdesk","image":{"@type":"ImageObject","inLanguage":"sv-SE","@id":"https:\/\/secure.gravatar.com\/avatar\/2e747bc9a7d4e5a6ecca7d851e4175129f995f3f6d9ef18734d1ff623abe4a88?s=96&d=mm&r=g","url":"https:\/\/secure.gravatar.com\/avatar\/2e747bc9a7d4e5a6ecca7d851e4175129f995f3f6d9ef18734d1ff623abe4a88?s=96&d=mm&r=g","contentUrl":"https:\/\/secure.gravatar.com\/avatar\/2e747bc9a7d4e5a6ecca7d851e4175129f995f3f6d9ef18734d1ff623abe4a88?s=96&d=mm&r=g","caption":"helpdesk"},"url":"https:\/\/wp.kristdemokraterna.se\/ekero\/author\/helpdesk\/"}]}},"_links":{"self":[{"href":"https:\/\/wp.kristdemokraterna.se\/ekero\/wp-json\/wp\/v2\/posts\/235","targetHints":{"allow":["GET"]}}],"collection":[{"href":"https:\/\/wp.kristdemokraterna.se\/ekero\/wp-json\/wp\/v2\/posts"}],"about":[{"href":"https:\/\/wp.kristdemokraterna.se\/ekero\/wp-json\/wp\/v2\/types\/post"}],"author":[{"embeddable":true,"href":"https:\/\/wp.kristdemokraterna.se\/ekero\/wp-json\/wp\/v2\/users\/444"}],"replies":[{"embeddable":true,"href":"https:\/\/wp.kristdemokraterna.se\/ekero\/wp-json\/wp\/v2\/comments?post=235"}],"version-history":[{"count":4,"href":"https:\/\/wp.kristdemokraterna.se\/ekero\/wp-json\/wp\/v2\/posts\/235\/revisions"}],"predecessor-version":[{"id":573,"href":"https:\/\/wp.kristdemokraterna.se\/ekero\/wp-json\/wp\/v2\/posts\/235\/revisions\/573"}],"wp:attachment":[{"href":"https:\/\/wp.kristdemokraterna.se\/ekero\/wp-json\/wp\/v2\/media?parent=235"}],"wp:term":[{"taxonomy":"category","embeddable":true,"href":"https:\/\/wp.kristdemokraterna.se\/ekero\/wp-json\/wp\/v2\/categories?post=235"},{"taxonomy":"post_tag","embeddable":true,"href":"https:\/\/wp.kristdemokraterna.se\/ekero\/wp-json\/wp\/v2\/tags?post=235"}],"curies":[{"name":"wp","href":"https:\/\/api.w.org\/{rel}","templated":true}]}}