{"id":102,"date":"2014-02-18T14:52:20","date_gmt":"2014-02-18T13:52:20","guid":{"rendered":"http:\/\/wp.kristdemokraterna.se\/enskedearstavantor\/?p=102"},"modified":"2014-02-18T14:52:20","modified_gmt":"2014-02-18T13:52:20","slug":"alla-hjartans-dag","status":"publish","type":"post","link":"https:\/\/wp.kristdemokraterna.se\/enskedearstavantor\/alla-hjartans-dag\/","title":{"rendered":"Alla hj\u00e4rtans dag"},"content":{"rendered":"<blockquote><p><a href=\"http:\/\/wp.kristdemokraterna.se\/enskedearstavantor\/files\/2014\/02\/allahj\u00e4rtansdag.jpg\"><img loading=\"lazy\" decoding=\"async\" class=\"aligncenter size-large wp-image-104\" alt=\"allahj\u00e4rtansdag\" src=\"http:\/\/wp.kristdemokraterna.se\/enskedearstavantor\/files\/2014\/02\/allahj\u00e4rtansdag-540x405.jpg\" width=\"540\" height=\"405\" srcset=\"https:\/\/wp.kristdemokraterna.se\/enskedearstavantor\/files\/2014\/02\/allahj\u00e4rtansdag-540x405.jpg 540w, https:\/\/wp.kristdemokraterna.se\/enskedearstavantor\/files\/2014\/02\/allahj\u00e4rtansdag-300x225.jpg 300w, https:\/\/wp.kristdemokraterna.se\/enskedearstavantor\/files\/2014\/02\/allahj\u00e4rtansdag-600x450.jpg 600w, https:\/\/wp.kristdemokraterna.se\/enskedearstavantor\/files\/2014\/02\/allahj\u00e4rtansdag-461x346.jpg 461w, https:\/\/wp.kristdemokraterna.se\/enskedearstavantor\/files\/2014\/02\/allahj\u00e4rtansdag-149x112.jpg 149w, https:\/\/wp.kristdemokraterna.se\/enskedearstavantor\/files\/2014\/02\/allahj\u00e4rtansdag.jpg 640w\" sizes=\"auto, (max-width: 540px) 100vw, 540px\" \/><\/a><a href=\"http:\/\/wp.kristdemokraterna.se\/enskedearstavantor\/files\/2014\/02\/untitled.png\"><img loading=\"lazy\" decoding=\"async\" class=\"aligncenter  wp-image-105\" alt=\"untitled\" src=\"http:\/\/wp.kristdemokraterna.se\/enskedearstavantor\/files\/2014\/02\/untitled.png\" width=\"324\" height=\"113\" \/><\/a><\/p>\n<p>Livet handlar inte om att v\u00e4nta tills ov\u00e4dret g\u00e5r \u00f6ver<\/p>\n<p>utan det handlar om att l\u00e4ra sig dansa i regnet.<\/p>\n<p>ordspr\u00e5k<\/p><\/blockquote>\n<p style=\"text-align: left\">Ibland kan man k\u00e4nna sig tr\u00f6tt och orkesl\u00f6s, hur ska man egentligen f\u00e5 tid f\u00f6r att f\u00e5 ihop sin vardag? Ta hand om barnen? Orka med att tr\u00e4na? Det kan l\u00e4tt bli m\u00e5nga m\u00e5sten i livet, och d\u00e5 tycker vi Kristdemokrater att det \u00e4r viktigt att st\u00e4lla fr\u00e5gan &#8221;Hur f\u00e5r du ihop tid med barnen?&#8221;. F\u00f6r just barn och familj \u00e4r otroligt viktiga\u00a0att ta vara p\u00e5.<\/p>\n<p style=\"text-align: left\">Vad kan d\u00e4rf\u00f6r vara b\u00e4ttre \u00e4n en tidig alla \u2665 dag &#8211; kampanj vid Gullmarsplan? Vi Kristdemokrater i Enskede\/\u00c5rsta\/Vant\u00f6r valde att tillbringa en stund p\u00e5 morgonen den h\u00e4r k\u00e4rleksfyllda dagen med att bjuda p\u00e5 gel\u00e9hj\u00e4rtan till morgontr\u00f6tta och dela ut flyers\u00a0med fr\u00e5gan\u00a0&#8221;Hur f\u00e5r du ihop tid med barnen?&#8221;.<\/p>\n<p style=\"text-align: left\">Vi Kristdemokrater har en stark tro p\u00e5 m\u00e4nniskan, att hon \u00e4r unik och inte beh\u00f6ver prestera n\u00e5gonting f\u00f6r att ha ett egenv\u00e4rde. Vi tror ocks\u00e5 p\u00e5 familjen som den viktigaste gemenskapen i samh\u00e4llet. D\u00e4r vi f\u00f6rst f\u00e5r m\u00f6ta k\u00e4rlek, omtanke och f\u00f6rst\u00e5else, men ocks\u00e5 st\u00e4llas inf\u00f6r krav och ta ansvar.<\/p>\n<p style=\"text-align: left\">Ibland kan dock vardagen vara tuff och det blir sv\u00e5rt f\u00f6r f\u00f6r\u00e4ldrarna att hinna ta tid med sina barn, s\u00e4tta sig ner och l\u00e4sa l\u00e4xor eller bara umg\u00e5s. D\u00e4rf\u00f6r tror vi Kristdemokrater att det \u00e4r viktigt att g\u00f6ra det enklare f\u00f6r familjer att f\u00e5 ihop det. Har man tid f\u00f6r sina n\u00e4ra, m\u00e5r man ocks\u00e5 b\u00e4ttre och det g\u00e5r b\u00e4ttre i skolan och p\u00e5 jobbet. P\u00e5 alla hj\u00e4rtans dag var vi Kristdemokrater i Enskede\/\u00c5rsta\/Vant\u00f6r d\u00e4rf\u00f6r ute och m\u00f6tte pendlare p\u00e5 Gullmarsplan f\u00f6r att ber\u00e4tta om hur vi vill g\u00f6ra det enklare f\u00f6r just dem att f\u00e5 ihop livet.<\/p>\n<p style=\"text-align: left\">Det h\u00e4r \u00e4r n\u00e5gra av de f\u00f6rslag som vi f\u00f6resl\u00e5r nu i februari: minskade barngrupper i f\u00f6rskolan, utbyggd och mer flexibel f\u00f6r\u00e4ldraf\u00f6rs\u00e4kring och fler l\u00e4rarledda undervisningstimmar i skolan. F\u00f6r att ta del av fler id\u00e9er och tankar som vi kristdemokrater har rekommenderar vi att ni bes\u00f6ker v\u00e5r fina hemsida, <a href=\"http:\/\/www.kristdemokraterna.se\">www.kristdemokraterna.se<\/a>. Ta hand om varandra nu i b\u00f6rjan p\u00e5 v\u00e5ren,<\/p>\n<p style=\"text-align: left\">h\u00e4lsningar \/\/\u00a0<em>Kristdemokraterna Enskede\/\u00c5rsta\/Vant\u00f6r<\/em><\/p>\n","protected":false},"excerpt":{"rendered":"<p>Livet handlar inte om att v\u00e4nta tills ov\u00e4dret g\u00e5r \u00f6ver utan det handlar om att l\u00e4ra sig dansa i regnet. ordspr\u00e5k Ibland kan man k\u00e4nna sig tr\u00f6tt och orkesl\u00f6s, hur ska man egentligen f\u00e5 tid f\u00f6r att f\u00e5 ihop sin vardag? Ta hand om barnen? Orka med att tr\u00e4na? Det kan l\u00e4tt bli m\u00e5nga m\u00e5sten <a class=\"read-more-link\" href=\"https:\/\/wp.kristdemokraterna.se\/enskedearstavantor\/alla-hjartans-dag\/\">Read More<\/a><\/p>\n","protected":false},"author":522,"featured_media":0,"comment_status":"closed","ping_status":"closed","sticky":false,"template":"","format":"standard","meta":{"_acf_changed":false,"footnotes":""},"categories":[1],"tags":[],"class_list":["post-102","post","type-post","status-publish","format-standard","hentry","category-okategoriserade"],"acf":[],"yoast_head":"<!-- This site is optimized with the Yoast SEO plugin v27.5 - https:\/\/yoast.com\/product\/yoast-seo-wordpress\/ -->\n<title>Alla hj\u00e4rtans dag - Enskede\/\u00c5rsta\/Vant\u00f6r<\/title>\n<meta name=\"robots\" content=\"index, follow, max-snippet:-1, max-image-preview:large, max-video-preview:-1\" \/>\n<link rel=\"canonical\" href=\"https:\/\/wp.kristdemokraterna.se\/enskedearstavantor\/alla-hjartans-dag\/\" \/>\n<meta property=\"og:locale\" content=\"sv_SE\" \/>\n<meta property=\"og:type\" content=\"article\" \/>\n<meta property=\"og:title\" content=\"Alla hj\u00e4rtans dag - Enskede\/\u00c5rsta\/Vant\u00f6r\" \/>\n<meta property=\"og:description\" content=\"Livet handlar inte om att v\u00e4nta tills ov\u00e4dret g\u00e5r \u00f6ver utan det handlar om att l\u00e4ra sig dansa i regnet. ordspr\u00e5k Ibland kan man k\u00e4nna sig tr\u00f6tt och orkesl\u00f6s, hur ska man egentligen f\u00e5 tid f\u00f6r att f\u00e5 ihop sin vardag? Ta hand om barnen? Orka med att tr\u00e4na? Det kan l\u00e4tt bli m\u00e5nga m\u00e5sten Read More\" \/>\n<meta property=\"og:url\" content=\"https:\/\/wp.kristdemokraterna.se\/enskedearstavantor\/alla-hjartans-dag\/\" \/>\n<meta property=\"og:site_name\" content=\"Enskede\/\u00c5rsta\/Vant\u00f6r\" \/>\n<meta property=\"article:published_time\" content=\"2014-02-18T13:52:20+00:00\" \/>\n<meta property=\"og:image\" content=\"http:\/\/wp.kristdemokraterna.se\/enskedearstavantor\/files\/2014\/02\/allahj\u00e4rtansdag-540x405.jpg\" \/>\n<meta name=\"author\" content=\"enskedearstavantor\" \/>\n<meta name=\"twitter:card\" content=\"summary_large_image\" \/>\n<meta name=\"twitter:label1\" content=\"Skriven av\" \/>\n\t<meta name=\"twitter:data1\" content=\"enskedearstavantor\" \/>\n\t<meta name=\"twitter:label2\" content=\"Ber\u00e4knad l\u00e4stid\" \/>\n\t<meta name=\"twitter:data2\" content=\"2 minuter\" \/>\n<script type=\"application\/ld+json\" class=\"yoast-schema-graph\">{\"@context\":\"https:\\\/\\\/schema.org\",\"@graph\":[{\"@type\":\"Article\",\"@id\":\"https:\\\/\\\/wp.kristdemokraterna.se\\\/enskedearstavantor\\\/alla-hjartans-dag\\\/#article\",\"isPartOf\":{\"@id\":\"https:\\\/\\\/wp.kristdemokraterna.se\\\/enskedearstavantor\\\/alla-hjartans-dag\\\/\"},\"author\":{\"name\":\"enskedearstavantor\",\"@id\":\"https:\\\/\\\/wp.kristdemokraterna.se\\\/enskedearstavantor\\\/#\\\/schema\\\/person\\\/401a89123ff8f3f185a4745ae2f47ef2\"},\"headline\":\"Alla hj\u00e4rtans dag\",\"datePublished\":\"2014-02-18T13:52:20+00:00\",\"mainEntityOfPage\":{\"@id\":\"https:\\\/\\\/wp.kristdemokraterna.se\\\/enskedearstavantor\\\/alla-hjartans-dag\\\/\"},\"wordCount\":448,\"image\":{\"@id\":\"https:\\\/\\\/wp.kristdemokraterna.se\\\/enskedearstavantor\\\/alla-hjartans-dag\\\/#primaryimage\"},\"thumbnailUrl\":\"http:\\\/\\\/wp.kristdemokraterna.se\\\/enskedearstavantor\\\/files\\\/2014\\\/02\\\/untitled.png\",\"inLanguage\":\"sv-SE\"},{\"@type\":\"WebPage\",\"@id\":\"https:\\\/\\\/wp.kristdemokraterna.se\\\/enskedearstavantor\\\/alla-hjartans-dag\\\/\",\"url\":\"https:\\\/\\\/wp.kristdemokraterna.se\\\/enskedearstavantor\\\/alla-hjartans-dag\\\/\",\"name\":\"Alla hj\u00e4rtans dag - Enskede\\\/\u00c5rsta\\\/Vant\u00f6r\",\"isPartOf\":{\"@id\":\"https:\\\/\\\/wp.kristdemokraterna.se\\\/enskedearstavantor\\\/#website\"},\"primaryImageOfPage\":{\"@id\":\"https:\\\/\\\/wp.kristdemokraterna.se\\\/enskedearstavantor\\\/alla-hjartans-dag\\\/#primaryimage\"},\"image\":{\"@id\":\"https:\\\/\\\/wp.kristdemokraterna.se\\\/enskedearstavantor\\\/alla-hjartans-dag\\\/#primaryimage\"},\"thumbnailUrl\":\"http:\\\/\\\/wp.kristdemokraterna.se\\\/enskedearstavantor\\\/files\\\/2014\\\/02\\\/untitled.png\",\"datePublished\":\"2014-02-18T13:52:20+00:00\",\"author\":{\"@id\":\"https:\\\/\\\/wp.kristdemokraterna.se\\\/enskedearstavantor\\\/#\\\/schema\\\/person\\\/401a89123ff8f3f185a4745ae2f47ef2\"},\"breadcrumb\":{\"@id\":\"https:\\\/\\\/wp.kristdemokraterna.se\\\/enskedearstavantor\\\/alla-hjartans-dag\\\/#breadcrumb\"},\"inLanguage\":\"sv-SE\",\"potentialAction\":[{\"@type\":\"ReadAction\",\"target\":[\"https:\\\/\\\/wp.kristdemokraterna.se\\\/enskedearstavantor\\\/alla-hjartans-dag\\\/\"]}]},{\"@type\":\"ImageObject\",\"inLanguage\":\"sv-SE\",\"@id\":\"https:\\\/\\\/wp.kristdemokraterna.se\\\/enskedearstavantor\\\/alla-hjartans-dag\\\/#primaryimage\",\"url\":\"https:\\\/\\\/wp.kristdemokraterna.se\\\/enskedearstavantor\\\/files\\\/2014\\\/02\\\/untitled.png\",\"contentUrl\":\"https:\\\/\\\/wp.kristdemokraterna.se\\\/enskedearstavantor\\\/files\\\/2014\\\/02\\\/untitled.png\",\"width\":420,\"height\":168},{\"@type\":\"BreadcrumbList\",\"@id\":\"https:\\\/\\\/wp.kristdemokraterna.se\\\/enskedearstavantor\\\/alla-hjartans-dag\\\/#breadcrumb\",\"itemListElement\":[{\"@type\":\"ListItem\",\"position\":1,\"name\":\"Hem\",\"item\":\"https:\\\/\\\/wp.kristdemokraterna.se\\\/enskedearstavantor\\\/\"},{\"@type\":\"ListItem\",\"position\":2,\"name\":\"Alla hj\u00e4rtans dag\"}]},{\"@type\":\"WebSite\",\"@id\":\"https:\\\/\\\/wp.kristdemokraterna.se\\\/enskedearstavantor\\\/#website\",\"url\":\"https:\\\/\\\/wp.kristdemokraterna.se\\\/enskedearstavantor\\\/\",\"name\":\"Enskede\\\/\u00c5rsta\\\/Vant\u00f6r\",\"description\":\"En till Kristdemokraterna webbplats\",\"inLanguage\":\"sv-SE\"},{\"@type\":\"Person\",\"@id\":\"https:\\\/\\\/wp.kristdemokraterna.se\\\/enskedearstavantor\\\/#\\\/schema\\\/person\\\/401a89123ff8f3f185a4745ae2f47ef2\",\"name\":\"enskedearstavantor\",\"image\":{\"@type\":\"ImageObject\",\"inLanguage\":\"sv-SE\",\"@id\":\"https:\\\/\\\/secure.gravatar.com\\\/avatar\\\/c0cd2cc9ec90cfe374ab4a18753fc96930742b9dc43ccf1f82cfe00180291232?s=96&r=g\",\"url\":\"https:\\\/\\\/secure.gravatar.com\\\/avatar\\\/c0cd2cc9ec90cfe374ab4a18753fc96930742b9dc43ccf1f82cfe00180291232?s=96&r=g\",\"contentUrl\":\"https:\\\/\\\/secure.gravatar.com\\\/avatar\\\/c0cd2cc9ec90cfe374ab4a18753fc96930742b9dc43ccf1f82cfe00180291232?s=96&r=g\",\"caption\":\"enskedearstavantor\"},\"url\":\"https:\\\/\\\/wp.kristdemokraterna.se\\\/enskedearstavantor\\\/author\\\/enskedearstavantor\\\/\"}]}<\/script>\n<!-- \/ Yoast SEO plugin. -->","yoast_head_json":{"title":"Alla hj\u00e4rtans dag - Enskede\/\u00c5rsta\/Vant\u00f6r","robots":{"index":"index","follow":"follow","max-snippet":"max-snippet:-1","max-image-preview":"max-image-preview:large","max-video-preview":"max-video-preview:-1"},"canonical":"https:\/\/wp.kristdemokraterna.se\/enskedearstavantor\/alla-hjartans-dag\/","og_locale":"sv_SE","og_type":"article","og_title":"Alla hj\u00e4rtans dag - Enskede\/\u00c5rsta\/Vant\u00f6r","og_description":"Livet handlar inte om att v\u00e4nta tills ov\u00e4dret g\u00e5r \u00f6ver utan det handlar om att l\u00e4ra sig dansa i regnet. ordspr\u00e5k Ibland kan man k\u00e4nna sig tr\u00f6tt och orkesl\u00f6s, hur ska man egentligen f\u00e5 tid f\u00f6r att f\u00e5 ihop sin vardag? Ta hand om barnen? Orka med att tr\u00e4na? Det kan l\u00e4tt bli m\u00e5nga m\u00e5sten Read More","og_url":"https:\/\/wp.kristdemokraterna.se\/enskedearstavantor\/alla-hjartans-dag\/","og_site_name":"Enskede\/\u00c5rsta\/Vant\u00f6r","article_published_time":"2014-02-18T13:52:20+00:00","og_image":[{"url":"http:\/\/wp.kristdemokraterna.se\/enskedearstavantor\/files\/2014\/02\/allahj\u00e4rtansdag-540x405.jpg","type":"","width":"","height":""}],"author":"enskedearstavantor","twitter_card":"summary_large_image","twitter_misc":{"Skriven av":"enskedearstavantor","Ber\u00e4knad l\u00e4stid":"2 minuter"},"schema":{"@context":"https:\/\/schema.org","@graph":[{"@type":"Article","@id":"https:\/\/wp.kristdemokraterna.se\/enskedearstavantor\/alla-hjartans-dag\/#article","isPartOf":{"@id":"https:\/\/wp.kristdemokraterna.se\/enskedearstavantor\/alla-hjartans-dag\/"},"author":{"name":"enskedearstavantor","@id":"https:\/\/wp.kristdemokraterna.se\/enskedearstavantor\/#\/schema\/person\/401a89123ff8f3f185a4745ae2f47ef2"},"headline":"Alla hj\u00e4rtans dag","datePublished":"2014-02-18T13:52:20+00:00","mainEntityOfPage":{"@id":"https:\/\/wp.kristdemokraterna.se\/enskedearstavantor\/alla-hjartans-dag\/"},"wordCount":448,"image":{"@id":"https:\/\/wp.kristdemokraterna.se\/enskedearstavantor\/alla-hjartans-dag\/#primaryimage"},"thumbnailUrl":"http:\/\/wp.kristdemokraterna.se\/enskedearstavantor\/files\/2014\/02\/untitled.png","inLanguage":"sv-SE"},{"@type":"WebPage","@id":"https:\/\/wp.kristdemokraterna.se\/enskedearstavantor\/alla-hjartans-dag\/","url":"https:\/\/wp.kristdemokraterna.se\/enskedearstavantor\/alla-hjartans-dag\/","name":"Alla hj\u00e4rtans dag - Enskede\/\u00c5rsta\/Vant\u00f6r","isPartOf":{"@id":"https:\/\/wp.kristdemokraterna.se\/enskedearstavantor\/#website"},"primaryImageOfPage":{"@id":"https:\/\/wp.kristdemokraterna.se\/enskedearstavantor\/alla-hjartans-dag\/#primaryimage"},"image":{"@id":"https:\/\/wp.kristdemokraterna.se\/enskedearstavantor\/alla-hjartans-dag\/#primaryimage"},"thumbnailUrl":"http:\/\/wp.kristdemokraterna.se\/enskedearstavantor\/files\/2014\/02\/untitled.png","datePublished":"2014-02-18T13:52:20+00:00","author":{"@id":"https:\/\/wp.kristdemokraterna.se\/enskedearstavantor\/#\/schema\/person\/401a89123ff8f3f185a4745ae2f47ef2"},"breadcrumb":{"@id":"https:\/\/wp.kristdemokraterna.se\/enskedearstavantor\/alla-hjartans-dag\/#breadcrumb"},"inLanguage":"sv-SE","potentialAction":[{"@type":"ReadAction","target":["https:\/\/wp.kristdemokraterna.se\/enskedearstavantor\/alla-hjartans-dag\/"]}]},{"@type":"ImageObject","inLanguage":"sv-SE","@id":"https:\/\/wp.kristdemokraterna.se\/enskedearstavantor\/alla-hjartans-dag\/#primaryimage","url":"https:\/\/wp.kristdemokraterna.se\/enskedearstavantor\/files\/2014\/02\/untitled.png","contentUrl":"https:\/\/wp.kristdemokraterna.se\/enskedearstavantor\/files\/2014\/02\/untitled.png","width":420,"height":168},{"@type":"BreadcrumbList","@id":"https:\/\/wp.kristdemokraterna.se\/enskedearstavantor\/alla-hjartans-dag\/#breadcrumb","itemListElement":[{"@type":"ListItem","position":1,"name":"Hem","item":"https:\/\/wp.kristdemokraterna.se\/enskedearstavantor\/"},{"@type":"ListItem","position":2,"name":"Alla hj\u00e4rtans dag"}]},{"@type":"WebSite","@id":"https:\/\/wp.kristdemokraterna.se\/enskedearstavantor\/#website","url":"https:\/\/wp.kristdemokraterna.se\/enskedearstavantor\/","name":"Enskede\/\u00c5rsta\/Vant\u00f6r","description":"En till Kristdemokraterna webbplats","inLanguage":"sv-SE"},{"@type":"Person","@id":"https:\/\/wp.kristdemokraterna.se\/enskedearstavantor\/#\/schema\/person\/401a89123ff8f3f185a4745ae2f47ef2","name":"enskedearstavantor","image":{"@type":"ImageObject","inLanguage":"sv-SE","@id":"https:\/\/secure.gravatar.com\/avatar\/c0cd2cc9ec90cfe374ab4a18753fc96930742b9dc43ccf1f82cfe00180291232?s=96&r=g","url":"https:\/\/secure.gravatar.com\/avatar\/c0cd2cc9ec90cfe374ab4a18753fc96930742b9dc43ccf1f82cfe00180291232?s=96&r=g","contentUrl":"https:\/\/secure.gravatar.com\/avatar\/c0cd2cc9ec90cfe374ab4a18753fc96930742b9dc43ccf1f82cfe00180291232?s=96&r=g","caption":"enskedearstavantor"},"url":"https:\/\/wp.kristdemokraterna.se\/enskedearstavantor\/author\/enskedearstavantor\/"}]}},"_links":{"self":[{"href":"https:\/\/wp.kristdemokraterna.se\/enskedearstavantor\/wp-json\/wp\/v2\/posts\/102","targetHints":{"allow":["GET"]}}],"collection":[{"href":"https:\/\/wp.kristdemokraterna.se\/enskedearstavantor\/wp-json\/wp\/v2\/posts"}],"about":[{"href":"https:\/\/wp.kristdemokraterna.se\/enskedearstavantor\/wp-json\/wp\/v2\/types\/post"}],"author":[{"embeddable":true,"href":"https:\/\/wp.kristdemokraterna.se\/enskedearstavantor\/wp-json\/wp\/v2\/users\/522"}],"replies":[{"embeddable":true,"href":"https:\/\/wp.kristdemokraterna.se\/enskedearstavantor\/wp-json\/wp\/v2\/comments?post=102"}],"version-history":[{"count":1,"href":"https:\/\/wp.kristdemokraterna.se\/enskedearstavantor\/wp-json\/wp\/v2\/posts\/102\/revisions"}],"predecessor-version":[{"id":106,"href":"https:\/\/wp.kristdemokraterna.se\/enskedearstavantor\/wp-json\/wp\/v2\/posts\/102\/revisions\/106"}],"wp:attachment":[{"href":"https:\/\/wp.kristdemokraterna.se\/enskedearstavantor\/wp-json\/wp\/v2\/media?parent=102"}],"wp:term":[{"taxonomy":"category","embeddable":true,"href":"https:\/\/wp.kristdemokraterna.se\/enskedearstavantor\/wp-json\/wp\/v2\/categories?post=102"},{"taxonomy":"post_tag","embeddable":true,"href":"https:\/\/wp.kristdemokraterna.se\/enskedearstavantor\/wp-json\/wp\/v2\/tags?post=102"}],"curies":[{"name":"wp","href":"https:\/\/api.w.org\/{rel}","templated":true}]}}