{"id":115,"date":"2014-05-09T09:33:03","date_gmt":"2014-05-09T07:33:03","guid":{"rendered":"http:\/\/wp.kristdemokraterna.se\/enskedearstavantor\/?p=115"},"modified":"2014-05-09T09:39:10","modified_gmt":"2014-05-09T07:39:10","slug":"europadagen-ratt-agenda-i-bryssel","status":"publish","type":"post","link":"https:\/\/wp.kristdemokraterna.se\/enskedearstavantor\/europadagen-ratt-agenda-i-bryssel\/","title":{"rendered":"Europadagen &#8211; r\u00e4tt agenda i Bryssel!"},"content":{"rendered":"<p>Idag var vi n\u00e5gra kristdemokrater fr\u00e5n Enskede\/\u00c5rsta\/Vant\u00f6r som gick ut i den ganska kyliga majluften och delade ut flygblad p\u00e5 Gullmarsplan! Under parollen &#8221;R\u00e4tt agenda i Bryssel&#8221;\u00a0s\u00e5 \u00e4r\u00a0Kristdemokraterna nu\u00a0mitt uppe i Ep-valr\u00f6relsen inf\u00f6r valet den 25 maj d\u00e4r vi vill skicka Lars Adaktusson till Bryssel!<\/p>\n<p>Europasamarbetet \u00e4r viktigt och just d\u00e4rf\u00f6r\u00a0vill vi\u00a0att r\u00e4tt beslut fattas p\u00e5 r\u00e4tt niv\u00e5, att EU ska syssla med det som EU g\u00f6r b\u00e4st &#8211; n\u00e4mligen de gr\u00e4ns\u00f6verskridande fr\u00e5gorna. Detta innefattar fr\u00e5gor\u00a0s\u00e5som att f\u00f6renkla handeln mellan l\u00e4nder, \u00f6ka r\u00f6rligheten, ta krafttag mot den organiserade brottsligheten, sk\u00e4rpa klimatm\u00e5len, se till att alla l\u00e4nder tar sitt ansvar f\u00f6r flyktingpolitiken och att m\u00e4nniskohandelsfr\u00e5gorna hamnar i fokus s\u00e5 det verkligen g\u00e5r att\u00a0f\u00e5 till en f\u00f6r\u00e4ndring!<\/p>\n<p>Det som medlemsl\u00e4nderna sj\u00e4lva kan best\u00e4mma \u00f6ver ska EU inte besluta \u00f6ver, detta grundar sig i v\u00e5r tanke om subsidiaritet &#8211; att vi efterstr\u00e4var att beslut ska fattas p\u00e5 l\u00e4gsta m\u00f6jliga \u00e4ndam\u00e5lsenliga niv\u00e5!<\/p>\n<p>S\u00e5 skicka en envis journalist till Bryssel &#8211; detta \u00e4r v\u00e5rt val f\u00f6r ett b\u00e4ttre europasamarbete!<\/p>\n<p>Allt gott p\u00e5 Europadagen!<\/p>\n","protected":false},"excerpt":{"rendered":"<p>Idag var vi n\u00e5gra kristdemokrater fr\u00e5n Enskede\/\u00c5rsta\/Vant\u00f6r som gick ut i den ganska kyliga majluften och delade ut flygblad p\u00e5 Gullmarsplan! Under parollen &#8221;R\u00e4tt agenda i Bryssel&#8221;\u00a0s\u00e5 \u00e4r\u00a0Kristdemokraterna nu\u00a0mitt uppe i Ep-valr\u00f6relsen inf\u00f6r valet den 25 maj d\u00e4r vi vill skicka Lars Adaktusson till Bryssel! Europasamarbetet \u00e4r viktigt och just d\u00e4rf\u00f6r\u00a0vill vi\u00a0att r\u00e4tt beslut fattas <a class=\"read-more-link\" href=\"https:\/\/wp.kristdemokraterna.se\/enskedearstavantor\/europadagen-ratt-agenda-i-bryssel\/\">Read More<\/a><\/p>\n","protected":false},"author":522,"featured_media":0,"comment_status":"closed","ping_status":"closed","sticky":false,"template":"","format":"standard","meta":{"_acf_changed":false,"footnotes":""},"categories":[1],"tags":[],"class_list":["post-115","post","type-post","status-publish","format-standard","hentry","category-okategoriserade"],"acf":[],"yoast_head":"<!-- This site is optimized with the Yoast SEO plugin v27.5 - https:\/\/yoast.com\/product\/yoast-seo-wordpress\/ -->\n<title>Europadagen - r\u00e4tt agenda i Bryssel! - Enskede\/\u00c5rsta\/Vant\u00f6r<\/title>\n<meta name=\"robots\" content=\"index, follow, max-snippet:-1, max-image-preview:large, max-video-preview:-1\" \/>\n<link rel=\"canonical\" href=\"https:\/\/wp.kristdemokraterna.se\/enskedearstavantor\/europadagen-ratt-agenda-i-bryssel\/\" \/>\n<meta property=\"og:locale\" content=\"sv_SE\" \/>\n<meta property=\"og:type\" content=\"article\" \/>\n<meta property=\"og:title\" content=\"Europadagen - r\u00e4tt agenda i Bryssel! - Enskede\/\u00c5rsta\/Vant\u00f6r\" \/>\n<meta property=\"og:description\" content=\"Idag var vi n\u00e5gra kristdemokrater fr\u00e5n Enskede\/\u00c5rsta\/Vant\u00f6r som gick ut i den ganska kyliga majluften och delade ut flygblad p\u00e5 Gullmarsplan! Under parollen &#8221;R\u00e4tt agenda i Bryssel&#8221;\u00a0s\u00e5 \u00e4r\u00a0Kristdemokraterna nu\u00a0mitt uppe i Ep-valr\u00f6relsen inf\u00f6r valet den 25 maj d\u00e4r vi vill skicka Lars Adaktusson till Bryssel! Europasamarbetet \u00e4r viktigt och just d\u00e4rf\u00f6r\u00a0vill vi\u00a0att r\u00e4tt beslut fattas Read More\" \/>\n<meta property=\"og:url\" content=\"https:\/\/wp.kristdemokraterna.se\/enskedearstavantor\/europadagen-ratt-agenda-i-bryssel\/\" \/>\n<meta property=\"og:site_name\" content=\"Enskede\/\u00c5rsta\/Vant\u00f6r\" \/>\n<meta property=\"article:published_time\" content=\"2014-05-09T07:33:03+00:00\" \/>\n<meta property=\"article:modified_time\" content=\"2014-05-09T07:39:10+00:00\" \/>\n<meta name=\"author\" content=\"enskedearstavantor\" \/>\n<meta name=\"twitter:card\" content=\"summary_large_image\" \/>\n<meta name=\"twitter:label1\" content=\"Skriven av\" \/>\n\t<meta name=\"twitter:data1\" content=\"enskedearstavantor\" \/>\n\t<meta name=\"twitter:label2\" content=\"Ber\u00e4knad l\u00e4stid\" \/>\n\t<meta name=\"twitter:data2\" content=\"1 minut\" \/>\n<script type=\"application\/ld+json\" class=\"yoast-schema-graph\">{\"@context\":\"https:\\\/\\\/schema.org\",\"@graph\":[{\"@type\":\"Article\",\"@id\":\"https:\\\/\\\/wp.kristdemokraterna.se\\\/enskedearstavantor\\\/europadagen-ratt-agenda-i-bryssel\\\/#article\",\"isPartOf\":{\"@id\":\"https:\\\/\\\/wp.kristdemokraterna.se\\\/enskedearstavantor\\\/europadagen-ratt-agenda-i-bryssel\\\/\"},\"author\":{\"name\":\"enskedearstavantor\",\"@id\":\"https:\\\/\\\/wp.kristdemokraterna.se\\\/enskedearstavantor\\\/#\\\/schema\\\/person\\\/401a89123ff8f3f185a4745ae2f47ef2\"},\"headline\":\"Europadagen &#8211; r\u00e4tt agenda i Bryssel!\",\"datePublished\":\"2014-05-09T07:33:03+00:00\",\"dateModified\":\"2014-05-09T07:39:10+00:00\",\"mainEntityOfPage\":{\"@id\":\"https:\\\/\\\/wp.kristdemokraterna.se\\\/enskedearstavantor\\\/europadagen-ratt-agenda-i-bryssel\\\/\"},\"wordCount\":225,\"inLanguage\":\"sv-SE\"},{\"@type\":\"WebPage\",\"@id\":\"https:\\\/\\\/wp.kristdemokraterna.se\\\/enskedearstavantor\\\/europadagen-ratt-agenda-i-bryssel\\\/\",\"url\":\"https:\\\/\\\/wp.kristdemokraterna.se\\\/enskedearstavantor\\\/europadagen-ratt-agenda-i-bryssel\\\/\",\"name\":\"Europadagen - r\u00e4tt agenda i Bryssel! - Enskede\\\/\u00c5rsta\\\/Vant\u00f6r\",\"isPartOf\":{\"@id\":\"https:\\\/\\\/wp.kristdemokraterna.se\\\/enskedearstavantor\\\/#website\"},\"datePublished\":\"2014-05-09T07:33:03+00:00\",\"dateModified\":\"2014-05-09T07:39:10+00:00\",\"author\":{\"@id\":\"https:\\\/\\\/wp.kristdemokraterna.se\\\/enskedearstavantor\\\/#\\\/schema\\\/person\\\/401a89123ff8f3f185a4745ae2f47ef2\"},\"breadcrumb\":{\"@id\":\"https:\\\/\\\/wp.kristdemokraterna.se\\\/enskedearstavantor\\\/europadagen-ratt-agenda-i-bryssel\\\/#breadcrumb\"},\"inLanguage\":\"sv-SE\",\"potentialAction\":[{\"@type\":\"ReadAction\",\"target\":[\"https:\\\/\\\/wp.kristdemokraterna.se\\\/enskedearstavantor\\\/europadagen-ratt-agenda-i-bryssel\\\/\"]}]},{\"@type\":\"BreadcrumbList\",\"@id\":\"https:\\\/\\\/wp.kristdemokraterna.se\\\/enskedearstavantor\\\/europadagen-ratt-agenda-i-bryssel\\\/#breadcrumb\",\"itemListElement\":[{\"@type\":\"ListItem\",\"position\":1,\"name\":\"Hem\",\"item\":\"https:\\\/\\\/wp.kristdemokraterna.se\\\/enskedearstavantor\\\/\"},{\"@type\":\"ListItem\",\"position\":2,\"name\":\"Europadagen &#8211; r\u00e4tt agenda i Bryssel!\"}]},{\"@type\":\"WebSite\",\"@id\":\"https:\\\/\\\/wp.kristdemokraterna.se\\\/enskedearstavantor\\\/#website\",\"url\":\"https:\\\/\\\/wp.kristdemokraterna.se\\\/enskedearstavantor\\\/\",\"name\":\"Enskede\\\/\u00c5rsta\\\/Vant\u00f6r\",\"description\":\"En till Kristdemokraterna webbplats\",\"inLanguage\":\"sv-SE\"},{\"@type\":\"Person\",\"@id\":\"https:\\\/\\\/wp.kristdemokraterna.se\\\/enskedearstavantor\\\/#\\\/schema\\\/person\\\/401a89123ff8f3f185a4745ae2f47ef2\",\"name\":\"enskedearstavantor\",\"image\":{\"@type\":\"ImageObject\",\"inLanguage\":\"sv-SE\",\"@id\":\"https:\\\/\\\/secure.gravatar.com\\\/avatar\\\/c0cd2cc9ec90cfe374ab4a18753fc96930742b9dc43ccf1f82cfe00180291232?s=96&r=g\",\"url\":\"https:\\\/\\\/secure.gravatar.com\\\/avatar\\\/c0cd2cc9ec90cfe374ab4a18753fc96930742b9dc43ccf1f82cfe00180291232?s=96&r=g\",\"contentUrl\":\"https:\\\/\\\/secure.gravatar.com\\\/avatar\\\/c0cd2cc9ec90cfe374ab4a18753fc96930742b9dc43ccf1f82cfe00180291232?s=96&r=g\",\"caption\":\"enskedearstavantor\"},\"url\":\"https:\\\/\\\/wp.kristdemokraterna.se\\\/enskedearstavantor\\\/author\\\/enskedearstavantor\\\/\"}]}<\/script>\n<!-- \/ Yoast SEO plugin. -->","yoast_head_json":{"title":"Europadagen - r\u00e4tt agenda i Bryssel! - Enskede\/\u00c5rsta\/Vant\u00f6r","robots":{"index":"index","follow":"follow","max-snippet":"max-snippet:-1","max-image-preview":"max-image-preview:large","max-video-preview":"max-video-preview:-1"},"canonical":"https:\/\/wp.kristdemokraterna.se\/enskedearstavantor\/europadagen-ratt-agenda-i-bryssel\/","og_locale":"sv_SE","og_type":"article","og_title":"Europadagen - r\u00e4tt agenda i Bryssel! - Enskede\/\u00c5rsta\/Vant\u00f6r","og_description":"Idag var vi n\u00e5gra kristdemokrater fr\u00e5n Enskede\/\u00c5rsta\/Vant\u00f6r som gick ut i den ganska kyliga majluften och delade ut flygblad p\u00e5 Gullmarsplan! Under parollen &#8221;R\u00e4tt agenda i Bryssel&#8221;\u00a0s\u00e5 \u00e4r\u00a0Kristdemokraterna nu\u00a0mitt uppe i Ep-valr\u00f6relsen inf\u00f6r valet den 25 maj d\u00e4r vi vill skicka Lars Adaktusson till Bryssel! Europasamarbetet \u00e4r viktigt och just d\u00e4rf\u00f6r\u00a0vill vi\u00a0att r\u00e4tt beslut fattas Read More","og_url":"https:\/\/wp.kristdemokraterna.se\/enskedearstavantor\/europadagen-ratt-agenda-i-bryssel\/","og_site_name":"Enskede\/\u00c5rsta\/Vant\u00f6r","article_published_time":"2014-05-09T07:33:03+00:00","article_modified_time":"2014-05-09T07:39:10+00:00","author":"enskedearstavantor","twitter_card":"summary_large_image","twitter_misc":{"Skriven av":"enskedearstavantor","Ber\u00e4knad l\u00e4stid":"1 minut"},"schema":{"@context":"https:\/\/schema.org","@graph":[{"@type":"Article","@id":"https:\/\/wp.kristdemokraterna.se\/enskedearstavantor\/europadagen-ratt-agenda-i-bryssel\/#article","isPartOf":{"@id":"https:\/\/wp.kristdemokraterna.se\/enskedearstavantor\/europadagen-ratt-agenda-i-bryssel\/"},"author":{"name":"enskedearstavantor","@id":"https:\/\/wp.kristdemokraterna.se\/enskedearstavantor\/#\/schema\/person\/401a89123ff8f3f185a4745ae2f47ef2"},"headline":"Europadagen &#8211; r\u00e4tt agenda i Bryssel!","datePublished":"2014-05-09T07:33:03+00:00","dateModified":"2014-05-09T07:39:10+00:00","mainEntityOfPage":{"@id":"https:\/\/wp.kristdemokraterna.se\/enskedearstavantor\/europadagen-ratt-agenda-i-bryssel\/"},"wordCount":225,"inLanguage":"sv-SE"},{"@type":"WebPage","@id":"https:\/\/wp.kristdemokraterna.se\/enskedearstavantor\/europadagen-ratt-agenda-i-bryssel\/","url":"https:\/\/wp.kristdemokraterna.se\/enskedearstavantor\/europadagen-ratt-agenda-i-bryssel\/","name":"Europadagen - r\u00e4tt agenda i Bryssel! - Enskede\/\u00c5rsta\/Vant\u00f6r","isPartOf":{"@id":"https:\/\/wp.kristdemokraterna.se\/enskedearstavantor\/#website"},"datePublished":"2014-05-09T07:33:03+00:00","dateModified":"2014-05-09T07:39:10+00:00","author":{"@id":"https:\/\/wp.kristdemokraterna.se\/enskedearstavantor\/#\/schema\/person\/401a89123ff8f3f185a4745ae2f47ef2"},"breadcrumb":{"@id":"https:\/\/wp.kristdemokraterna.se\/enskedearstavantor\/europadagen-ratt-agenda-i-bryssel\/#breadcrumb"},"inLanguage":"sv-SE","potentialAction":[{"@type":"ReadAction","target":["https:\/\/wp.kristdemokraterna.se\/enskedearstavantor\/europadagen-ratt-agenda-i-bryssel\/"]}]},{"@type":"BreadcrumbList","@id":"https:\/\/wp.kristdemokraterna.se\/enskedearstavantor\/europadagen-ratt-agenda-i-bryssel\/#breadcrumb","itemListElement":[{"@type":"ListItem","position":1,"name":"Hem","item":"https:\/\/wp.kristdemokraterna.se\/enskedearstavantor\/"},{"@type":"ListItem","position":2,"name":"Europadagen &#8211; r\u00e4tt agenda i Bryssel!"}]},{"@type":"WebSite","@id":"https:\/\/wp.kristdemokraterna.se\/enskedearstavantor\/#website","url":"https:\/\/wp.kristdemokraterna.se\/enskedearstavantor\/","name":"Enskede\/\u00c5rsta\/Vant\u00f6r","description":"En till Kristdemokraterna webbplats","inLanguage":"sv-SE"},{"@type":"Person","@id":"https:\/\/wp.kristdemokraterna.se\/enskedearstavantor\/#\/schema\/person\/401a89123ff8f3f185a4745ae2f47ef2","name":"enskedearstavantor","image":{"@type":"ImageObject","inLanguage":"sv-SE","@id":"https:\/\/secure.gravatar.com\/avatar\/c0cd2cc9ec90cfe374ab4a18753fc96930742b9dc43ccf1f82cfe00180291232?s=96&r=g","url":"https:\/\/secure.gravatar.com\/avatar\/c0cd2cc9ec90cfe374ab4a18753fc96930742b9dc43ccf1f82cfe00180291232?s=96&r=g","contentUrl":"https:\/\/secure.gravatar.com\/avatar\/c0cd2cc9ec90cfe374ab4a18753fc96930742b9dc43ccf1f82cfe00180291232?s=96&r=g","caption":"enskedearstavantor"},"url":"https:\/\/wp.kristdemokraterna.se\/enskedearstavantor\/author\/enskedearstavantor\/"}]}},"_links":{"self":[{"href":"https:\/\/wp.kristdemokraterna.se\/enskedearstavantor\/wp-json\/wp\/v2\/posts\/115","targetHints":{"allow":["GET"]}}],"collection":[{"href":"https:\/\/wp.kristdemokraterna.se\/enskedearstavantor\/wp-json\/wp\/v2\/posts"}],"about":[{"href":"https:\/\/wp.kristdemokraterna.se\/enskedearstavantor\/wp-json\/wp\/v2\/types\/post"}],"author":[{"embeddable":true,"href":"https:\/\/wp.kristdemokraterna.se\/enskedearstavantor\/wp-json\/wp\/v2\/users\/522"}],"replies":[{"embeddable":true,"href":"https:\/\/wp.kristdemokraterna.se\/enskedearstavantor\/wp-json\/wp\/v2\/comments?post=115"}],"version-history":[{"count":5,"href":"https:\/\/wp.kristdemokraterna.se\/enskedearstavantor\/wp-json\/wp\/v2\/posts\/115\/revisions"}],"predecessor-version":[{"id":124,"href":"https:\/\/wp.kristdemokraterna.se\/enskedearstavantor\/wp-json\/wp\/v2\/posts\/115\/revisions\/124"}],"wp:attachment":[{"href":"https:\/\/wp.kristdemokraterna.se\/enskedearstavantor\/wp-json\/wp\/v2\/media?parent=115"}],"wp:term":[{"taxonomy":"category","embeddable":true,"href":"https:\/\/wp.kristdemokraterna.se\/enskedearstavantor\/wp-json\/wp\/v2\/categories?post=115"},{"taxonomy":"post_tag","embeddable":true,"href":"https:\/\/wp.kristdemokraterna.se\/enskedearstavantor\/wp-json\/wp\/v2\/tags?post=115"}],"curies":[{"name":"wp","href":"https:\/\/api.w.org\/{rel}","templated":true}]}}