{"id":131,"date":"2014-06-19T10:03:51","date_gmt":"2014-06-19T08:03:51","guid":{"rendered":"http:\/\/wp.kristdemokraterna.se\/enskedearstavantor\/?p=131"},"modified":"2014-06-19T10:04:50","modified_gmt":"2014-06-19T08:04:50","slug":"kristdemokraternas-valframgangar-i-eu-valet-2014","status":"publish","type":"post","link":"https:\/\/wp.kristdemokraterna.se\/enskedearstavantor\/kristdemokraternas-valframgangar-i-eu-valet-2014\/","title":{"rendered":"Kristdemokraternas valframg\u00e5ngar i EU-valet 2014"},"content":{"rendered":"<p><img loading=\"lazy\" decoding=\"async\" class=\"aligncenter size-medium wp-image-132\" src=\"http:\/\/wp.kristdemokraterna.se\/enskedearstavantor\/files\/2014\/06\/valvaka-goran-och-lars-300x103.jpg\" alt=\"valvaka-G\u00f6ran-och-Lars\" width=\"300\" height=\"103\" srcset=\"https:\/\/wp.kristdemokraterna.se\/enskedearstavantor\/files\/2014\/06\/valvaka-goran-och-lars-300x103.jpg 300w, https:\/\/wp.kristdemokraterna.se\/enskedearstavantor\/files\/2014\/06\/valvaka-goran-och-lars-540x186.jpg 540w, https:\/\/wp.kristdemokraterna.se\/enskedearstavantor\/files\/2014\/06\/valvaka-goran-och-lars-576x198.jpg 576w, https:\/\/wp.kristdemokraterna.se\/enskedearstavantor\/files\/2014\/06\/valvaka-goran-och-lars-186x64.jpg 186w, https:\/\/wp.kristdemokraterna.se\/enskedearstavantor\/files\/2014\/06\/valvaka-goran-och-lars.jpg 580w\" sizes=\"auto, (max-width: 300px) 100vw, 300px\" \/>Det \u00e4r gl\u00e4djande att Kristdemokraterna i Stockholms stad gjorde ett s\u00e5 bra val nu under EU-valr\u00f6relsen!<\/p>\n<p>S\u00e5 h\u00e4r skriver Kristdemokraterna p\u00e5 sin hemsida:<\/p>\n<blockquote><p>Kristdemokraterna fick 6,0 procent av r\u00f6sterna i EU-parlamentsvalet. Det \u00e4r en stor upph\u00e4mtning j\u00e4mf\u00f6rt med de f\u00f6rsta opinionsunders\u00f6kningarna.<br \/>\n&#8211; Vi har gjort en fantastisk valr\u00f6relse och det finns sk\u00e4l att tacka alla i hela landet som satt upp affischer, sprungit p\u00e5 kv\u00e4llar och n\u00e4tter och delat ut valmaterial och samtalat med v\u00e4ljare, s\u00e4ger G\u00f6ran H\u00e4gglund.<\/p><\/blockquote>\n<div>\n<blockquote><p>Det var en fullsatt valvaka p\u00e5 Skybar p\u00e5 Radisson Blu i Stockholm. N\u00e4r SVT:s valunders\u00f6kning presenterades vid niotiden fick Kristdemokraterna 5,1 procent och n\u00e4r slutliga resultatet kom tv\u00e5 timmar senare stod det klart att pariet f\u00e5tt 6,0 procent. Detta inneb\u00e4r att Kristdemokraterna beh\u00e5ller sitt mandat.<br \/>\n&#8211; Lars och Ebba och alla andra kandidater har gjort ett fantastiskt arbete f\u00f6r att f\u00e5 ut v\u00e5rt buskap. EU \u00e4r f\u00f6r viktig f\u00f6r att f\u00f6rfuskas,s\u00e4ger G\u00f6ran H\u00e4gglund.<\/p>\n<p>Lars Adaktusson h\u00e4lsades med appl\u00e5der och jubel under kv\u00e4llen &#8211; inte minst n\u00e4r valresultatet var fastst\u00e4llt. G\u00f6ran H\u00e4gglund och Lars Adaktusson appl\u00e5derade alla frivilliga valarbetare runt om i landet som varit med och gjort detta m\u00f6jligt.<\/p>\n<p>&#8211; Ni gjorde det. Ni har skickat en envis journalist till Byssel, konstaterade Lars Adaktusson.<br \/>\n&#8211; Det har varit fantastiskt att se idealiteten, frivilligheten och entusiasmen i partiet. Utan er hade vi inte st\u00e5tt h\u00e4r och firat.<br \/>\n&#8211; Att komma helt utifr\u00e5n som jag och f\u00e5 partiets st\u00f6d &#8211; G\u00f6ran, f\u00f6r det \u00e4r jag gr\u00e4nsl\u00f6st tacksam.<\/p>\n<p>Partisekreterare Acko Ankarberg Johansson uttryckte sin gl\u00e4dje \u00f6ver partiorganisationens stora engagemang.<br \/>\n&#8211; Det b\u00e5dar gott inf\u00f6r valet i september. Vi kan v\u00e4nda en trend och vi ska forts\u00e4tta \u00f6ka i h\u00f6stens val.<\/p><\/blockquote>\n<\/div>\n<p>Vi ser nu fram emot en trevlig och sk\u00f6n sommar i Stockholm och emot \u00e4nnu st\u00f6rre valframg\u00e5ngar i h\u00f6stens val den 14 september!<\/p>\n<p>En riktigt sk\u00f6n sommar och allt gott \u00f6nskar,<\/p>\n<p>Kristdemokraterna i Enskede\/\u00c5rsta\/Vant\u00f6r<\/p>\n","protected":false},"excerpt":{"rendered":"<p>Det \u00e4r gl\u00e4djande att Kristdemokraterna i Stockholms stad gjorde ett s\u00e5 bra val nu under EU-valr\u00f6relsen! S\u00e5 h\u00e4r skriver Kristdemokraterna p\u00e5 sin hemsida: Kristdemokraterna fick 6,0 procent av r\u00f6sterna i EU-parlamentsvalet. Det \u00e4r en stor upph\u00e4mtning j\u00e4mf\u00f6rt med de f\u00f6rsta opinionsunders\u00f6kningarna. &#8211; Vi har gjort en fantastisk valr\u00f6relse och det finns sk\u00e4l att tacka alla <a class=\"read-more-link\" href=\"https:\/\/wp.kristdemokraterna.se\/enskedearstavantor\/kristdemokraternas-valframgangar-i-eu-valet-2014\/\">Read More<\/a><\/p>\n","protected":false},"author":522,"featured_media":0,"comment_status":"closed","ping_status":"closed","sticky":false,"template":"","format":"standard","meta":{"_acf_changed":false,"footnotes":""},"categories":[1],"tags":[],"class_list":["post-131","post","type-post","status-publish","format-standard","hentry","category-okategoriserade"],"acf":[],"yoast_head":"<!-- This site is optimized with the Yoast SEO plugin v27.5 - https:\/\/yoast.com\/product\/yoast-seo-wordpress\/ -->\n<title>Kristdemokraternas valframg\u00e5ngar i EU-valet 2014 - Enskede\/\u00c5rsta\/Vant\u00f6r<\/title>\n<meta name=\"robots\" content=\"index, follow, max-snippet:-1, max-image-preview:large, max-video-preview:-1\" \/>\n<link rel=\"canonical\" href=\"https:\/\/wp.kristdemokraterna.se\/enskedearstavantor\/kristdemokraternas-valframgangar-i-eu-valet-2014\/\" \/>\n<meta property=\"og:locale\" content=\"sv_SE\" \/>\n<meta property=\"og:type\" content=\"article\" \/>\n<meta property=\"og:title\" content=\"Kristdemokraternas valframg\u00e5ngar i EU-valet 2014 - Enskede\/\u00c5rsta\/Vant\u00f6r\" \/>\n<meta property=\"og:description\" content=\"Det \u00e4r gl\u00e4djande att Kristdemokraterna i Stockholms stad gjorde ett s\u00e5 bra val nu under EU-valr\u00f6relsen! S\u00e5 h\u00e4r skriver Kristdemokraterna p\u00e5 sin hemsida: Kristdemokraterna fick 6,0 procent av r\u00f6sterna i EU-parlamentsvalet. Det \u00e4r en stor upph\u00e4mtning j\u00e4mf\u00f6rt med de f\u00f6rsta opinionsunders\u00f6kningarna. &#8211; Vi har gjort en fantastisk valr\u00f6relse och det finns sk\u00e4l att tacka alla Read More\" \/>\n<meta property=\"og:url\" content=\"https:\/\/wp.kristdemokraterna.se\/enskedearstavantor\/kristdemokraternas-valframgangar-i-eu-valet-2014\/\" \/>\n<meta property=\"og:site_name\" content=\"Enskede\/\u00c5rsta\/Vant\u00f6r\" \/>\n<meta property=\"article:published_time\" content=\"2014-06-19T08:03:51+00:00\" \/>\n<meta property=\"article:modified_time\" content=\"2014-06-19T08:04:50+00:00\" \/>\n<meta property=\"og:image\" content=\"http:\/\/wp.kristdemokraterna.se\/enskedearstavantor\/files\/2014\/06\/valvaka-goran-och-lars-300x103.jpg\" \/>\n<meta name=\"author\" content=\"enskedearstavantor\" \/>\n<meta name=\"twitter:card\" content=\"summary_large_image\" \/>\n<meta name=\"twitter:label1\" content=\"Skriven av\" \/>\n\t<meta name=\"twitter:data1\" content=\"enskedearstavantor\" \/>\n\t<meta name=\"twitter:label2\" content=\"Ber\u00e4knad l\u00e4stid\" \/>\n\t<meta name=\"twitter:data2\" content=\"2 minuter\" \/>\n<script type=\"application\/ld+json\" class=\"yoast-schema-graph\">{\"@context\":\"https:\\\/\\\/schema.org\",\"@graph\":[{\"@type\":\"Article\",\"@id\":\"https:\\\/\\\/wp.kristdemokraterna.se\\\/enskedearstavantor\\\/kristdemokraternas-valframgangar-i-eu-valet-2014\\\/#article\",\"isPartOf\":{\"@id\":\"https:\\\/\\\/wp.kristdemokraterna.se\\\/enskedearstavantor\\\/kristdemokraternas-valframgangar-i-eu-valet-2014\\\/\"},\"author\":{\"name\":\"enskedearstavantor\",\"@id\":\"https:\\\/\\\/wp.kristdemokraterna.se\\\/enskedearstavantor\\\/#\\\/schema\\\/person\\\/401a89123ff8f3f185a4745ae2f47ef2\"},\"headline\":\"Kristdemokraternas valframg\u00e5ngar i EU-valet 2014\",\"datePublished\":\"2014-06-19T08:03:51+00:00\",\"dateModified\":\"2014-06-19T08:04:50+00:00\",\"mainEntityOfPage\":{\"@id\":\"https:\\\/\\\/wp.kristdemokraterna.se\\\/enskedearstavantor\\\/kristdemokraternas-valframgangar-i-eu-valet-2014\\\/\"},\"wordCount\":374,\"image\":{\"@id\":\"https:\\\/\\\/wp.kristdemokraterna.se\\\/enskedearstavantor\\\/kristdemokraternas-valframgangar-i-eu-valet-2014\\\/#primaryimage\"},\"thumbnailUrl\":\"http:\\\/\\\/wp.kristdemokraterna.se\\\/enskedearstavantor\\\/files\\\/2014\\\/06\\\/valvaka-goran-och-lars-300x103.jpg\",\"inLanguage\":\"sv-SE\"},{\"@type\":\"WebPage\",\"@id\":\"https:\\\/\\\/wp.kristdemokraterna.se\\\/enskedearstavantor\\\/kristdemokraternas-valframgangar-i-eu-valet-2014\\\/\",\"url\":\"https:\\\/\\\/wp.kristdemokraterna.se\\\/enskedearstavantor\\\/kristdemokraternas-valframgangar-i-eu-valet-2014\\\/\",\"name\":\"Kristdemokraternas valframg\u00e5ngar i EU-valet 2014 - Enskede\\\/\u00c5rsta\\\/Vant\u00f6r\",\"isPartOf\":{\"@id\":\"https:\\\/\\\/wp.kristdemokraterna.se\\\/enskedearstavantor\\\/#website\"},\"primaryImageOfPage\":{\"@id\":\"https:\\\/\\\/wp.kristdemokraterna.se\\\/enskedearstavantor\\\/kristdemokraternas-valframgangar-i-eu-valet-2014\\\/#primaryimage\"},\"image\":{\"@id\":\"https:\\\/\\\/wp.kristdemokraterna.se\\\/enskedearstavantor\\\/kristdemokraternas-valframgangar-i-eu-valet-2014\\\/#primaryimage\"},\"thumbnailUrl\":\"http:\\\/\\\/wp.kristdemokraterna.se\\\/enskedearstavantor\\\/files\\\/2014\\\/06\\\/valvaka-goran-och-lars-300x103.jpg\",\"datePublished\":\"2014-06-19T08:03:51+00:00\",\"dateModified\":\"2014-06-19T08:04:50+00:00\",\"author\":{\"@id\":\"https:\\\/\\\/wp.kristdemokraterna.se\\\/enskedearstavantor\\\/#\\\/schema\\\/person\\\/401a89123ff8f3f185a4745ae2f47ef2\"},\"breadcrumb\":{\"@id\":\"https:\\\/\\\/wp.kristdemokraterna.se\\\/enskedearstavantor\\\/kristdemokraternas-valframgangar-i-eu-valet-2014\\\/#breadcrumb\"},\"inLanguage\":\"sv-SE\",\"potentialAction\":[{\"@type\":\"ReadAction\",\"target\":[\"https:\\\/\\\/wp.kristdemokraterna.se\\\/enskedearstavantor\\\/kristdemokraternas-valframgangar-i-eu-valet-2014\\\/\"]}]},{\"@type\":\"ImageObject\",\"inLanguage\":\"sv-SE\",\"@id\":\"https:\\\/\\\/wp.kristdemokraterna.se\\\/enskedearstavantor\\\/kristdemokraternas-valframgangar-i-eu-valet-2014\\\/#primaryimage\",\"url\":\"https:\\\/\\\/wp.kristdemokraterna.se\\\/enskedearstavantor\\\/files\\\/2014\\\/06\\\/valvaka-goran-och-lars.jpg\",\"contentUrl\":\"https:\\\/\\\/wp.kristdemokraterna.se\\\/enskedearstavantor\\\/files\\\/2014\\\/06\\\/valvaka-goran-och-lars.jpg\",\"width\":580,\"height\":200},{\"@type\":\"BreadcrumbList\",\"@id\":\"https:\\\/\\\/wp.kristdemokraterna.se\\\/enskedearstavantor\\\/kristdemokraternas-valframgangar-i-eu-valet-2014\\\/#breadcrumb\",\"itemListElement\":[{\"@type\":\"ListItem\",\"position\":1,\"name\":\"Hem\",\"item\":\"https:\\\/\\\/wp.kristdemokraterna.se\\\/enskedearstavantor\\\/\"},{\"@type\":\"ListItem\",\"position\":2,\"name\":\"Kristdemokraternas valframg\u00e5ngar i EU-valet 2014\"}]},{\"@type\":\"WebSite\",\"@id\":\"https:\\\/\\\/wp.kristdemokraterna.se\\\/enskedearstavantor\\\/#website\",\"url\":\"https:\\\/\\\/wp.kristdemokraterna.se\\\/enskedearstavantor\\\/\",\"name\":\"Enskede\\\/\u00c5rsta\\\/Vant\u00f6r\",\"description\":\"En till Kristdemokraterna webbplats\",\"inLanguage\":\"sv-SE\"},{\"@type\":\"Person\",\"@id\":\"https:\\\/\\\/wp.kristdemokraterna.se\\\/enskedearstavantor\\\/#\\\/schema\\\/person\\\/401a89123ff8f3f185a4745ae2f47ef2\",\"name\":\"enskedearstavantor\",\"image\":{\"@type\":\"ImageObject\",\"inLanguage\":\"sv-SE\",\"@id\":\"https:\\\/\\\/secure.gravatar.com\\\/avatar\\\/c0cd2cc9ec90cfe374ab4a18753fc96930742b9dc43ccf1f82cfe00180291232?s=96&r=g\",\"url\":\"https:\\\/\\\/secure.gravatar.com\\\/avatar\\\/c0cd2cc9ec90cfe374ab4a18753fc96930742b9dc43ccf1f82cfe00180291232?s=96&r=g\",\"contentUrl\":\"https:\\\/\\\/secure.gravatar.com\\\/avatar\\\/c0cd2cc9ec90cfe374ab4a18753fc96930742b9dc43ccf1f82cfe00180291232?s=96&r=g\",\"caption\":\"enskedearstavantor\"},\"url\":\"https:\\\/\\\/wp.kristdemokraterna.se\\\/enskedearstavantor\\\/author\\\/enskedearstavantor\\\/\"}]}<\/script>\n<!-- \/ Yoast SEO plugin. -->","yoast_head_json":{"title":"Kristdemokraternas valframg\u00e5ngar i EU-valet 2014 - Enskede\/\u00c5rsta\/Vant\u00f6r","robots":{"index":"index","follow":"follow","max-snippet":"max-snippet:-1","max-image-preview":"max-image-preview:large","max-video-preview":"max-video-preview:-1"},"canonical":"https:\/\/wp.kristdemokraterna.se\/enskedearstavantor\/kristdemokraternas-valframgangar-i-eu-valet-2014\/","og_locale":"sv_SE","og_type":"article","og_title":"Kristdemokraternas valframg\u00e5ngar i EU-valet 2014 - Enskede\/\u00c5rsta\/Vant\u00f6r","og_description":"Det \u00e4r gl\u00e4djande att Kristdemokraterna i Stockholms stad gjorde ett s\u00e5 bra val nu under EU-valr\u00f6relsen! S\u00e5 h\u00e4r skriver Kristdemokraterna p\u00e5 sin hemsida: Kristdemokraterna fick 6,0 procent av r\u00f6sterna i EU-parlamentsvalet. Det \u00e4r en stor upph\u00e4mtning j\u00e4mf\u00f6rt med de f\u00f6rsta opinionsunders\u00f6kningarna. &#8211; Vi har gjort en fantastisk valr\u00f6relse och det finns sk\u00e4l att tacka alla Read More","og_url":"https:\/\/wp.kristdemokraterna.se\/enskedearstavantor\/kristdemokraternas-valframgangar-i-eu-valet-2014\/","og_site_name":"Enskede\/\u00c5rsta\/Vant\u00f6r","article_published_time":"2014-06-19T08:03:51+00:00","article_modified_time":"2014-06-19T08:04:50+00:00","og_image":[{"url":"http:\/\/wp.kristdemokraterna.se\/enskedearstavantor\/files\/2014\/06\/valvaka-goran-och-lars-300x103.jpg","type":"","width":"","height":""}],"author":"enskedearstavantor","twitter_card":"summary_large_image","twitter_misc":{"Skriven av":"enskedearstavantor","Ber\u00e4knad l\u00e4stid":"2 minuter"},"schema":{"@context":"https:\/\/schema.org","@graph":[{"@type":"Article","@id":"https:\/\/wp.kristdemokraterna.se\/enskedearstavantor\/kristdemokraternas-valframgangar-i-eu-valet-2014\/#article","isPartOf":{"@id":"https:\/\/wp.kristdemokraterna.se\/enskedearstavantor\/kristdemokraternas-valframgangar-i-eu-valet-2014\/"},"author":{"name":"enskedearstavantor","@id":"https:\/\/wp.kristdemokraterna.se\/enskedearstavantor\/#\/schema\/person\/401a89123ff8f3f185a4745ae2f47ef2"},"headline":"Kristdemokraternas valframg\u00e5ngar i EU-valet 2014","datePublished":"2014-06-19T08:03:51+00:00","dateModified":"2014-06-19T08:04:50+00:00","mainEntityOfPage":{"@id":"https:\/\/wp.kristdemokraterna.se\/enskedearstavantor\/kristdemokraternas-valframgangar-i-eu-valet-2014\/"},"wordCount":374,"image":{"@id":"https:\/\/wp.kristdemokraterna.se\/enskedearstavantor\/kristdemokraternas-valframgangar-i-eu-valet-2014\/#primaryimage"},"thumbnailUrl":"http:\/\/wp.kristdemokraterna.se\/enskedearstavantor\/files\/2014\/06\/valvaka-goran-och-lars-300x103.jpg","inLanguage":"sv-SE"},{"@type":"WebPage","@id":"https:\/\/wp.kristdemokraterna.se\/enskedearstavantor\/kristdemokraternas-valframgangar-i-eu-valet-2014\/","url":"https:\/\/wp.kristdemokraterna.se\/enskedearstavantor\/kristdemokraternas-valframgangar-i-eu-valet-2014\/","name":"Kristdemokraternas valframg\u00e5ngar i EU-valet 2014 - Enskede\/\u00c5rsta\/Vant\u00f6r","isPartOf":{"@id":"https:\/\/wp.kristdemokraterna.se\/enskedearstavantor\/#website"},"primaryImageOfPage":{"@id":"https:\/\/wp.kristdemokraterna.se\/enskedearstavantor\/kristdemokraternas-valframgangar-i-eu-valet-2014\/#primaryimage"},"image":{"@id":"https:\/\/wp.kristdemokraterna.se\/enskedearstavantor\/kristdemokraternas-valframgangar-i-eu-valet-2014\/#primaryimage"},"thumbnailUrl":"http:\/\/wp.kristdemokraterna.se\/enskedearstavantor\/files\/2014\/06\/valvaka-goran-och-lars-300x103.jpg","datePublished":"2014-06-19T08:03:51+00:00","dateModified":"2014-06-19T08:04:50+00:00","author":{"@id":"https:\/\/wp.kristdemokraterna.se\/enskedearstavantor\/#\/schema\/person\/401a89123ff8f3f185a4745ae2f47ef2"},"breadcrumb":{"@id":"https:\/\/wp.kristdemokraterna.se\/enskedearstavantor\/kristdemokraternas-valframgangar-i-eu-valet-2014\/#breadcrumb"},"inLanguage":"sv-SE","potentialAction":[{"@type":"ReadAction","target":["https:\/\/wp.kristdemokraterna.se\/enskedearstavantor\/kristdemokraternas-valframgangar-i-eu-valet-2014\/"]}]},{"@type":"ImageObject","inLanguage":"sv-SE","@id":"https:\/\/wp.kristdemokraterna.se\/enskedearstavantor\/kristdemokraternas-valframgangar-i-eu-valet-2014\/#primaryimage","url":"https:\/\/wp.kristdemokraterna.se\/enskedearstavantor\/files\/2014\/06\/valvaka-goran-och-lars.jpg","contentUrl":"https:\/\/wp.kristdemokraterna.se\/enskedearstavantor\/files\/2014\/06\/valvaka-goran-och-lars.jpg","width":580,"height":200},{"@type":"BreadcrumbList","@id":"https:\/\/wp.kristdemokraterna.se\/enskedearstavantor\/kristdemokraternas-valframgangar-i-eu-valet-2014\/#breadcrumb","itemListElement":[{"@type":"ListItem","position":1,"name":"Hem","item":"https:\/\/wp.kristdemokraterna.se\/enskedearstavantor\/"},{"@type":"ListItem","position":2,"name":"Kristdemokraternas valframg\u00e5ngar i EU-valet 2014"}]},{"@type":"WebSite","@id":"https:\/\/wp.kristdemokraterna.se\/enskedearstavantor\/#website","url":"https:\/\/wp.kristdemokraterna.se\/enskedearstavantor\/","name":"Enskede\/\u00c5rsta\/Vant\u00f6r","description":"En till Kristdemokraterna webbplats","inLanguage":"sv-SE"},{"@type":"Person","@id":"https:\/\/wp.kristdemokraterna.se\/enskedearstavantor\/#\/schema\/person\/401a89123ff8f3f185a4745ae2f47ef2","name":"enskedearstavantor","image":{"@type":"ImageObject","inLanguage":"sv-SE","@id":"https:\/\/secure.gravatar.com\/avatar\/c0cd2cc9ec90cfe374ab4a18753fc96930742b9dc43ccf1f82cfe00180291232?s=96&r=g","url":"https:\/\/secure.gravatar.com\/avatar\/c0cd2cc9ec90cfe374ab4a18753fc96930742b9dc43ccf1f82cfe00180291232?s=96&r=g","contentUrl":"https:\/\/secure.gravatar.com\/avatar\/c0cd2cc9ec90cfe374ab4a18753fc96930742b9dc43ccf1f82cfe00180291232?s=96&r=g","caption":"enskedearstavantor"},"url":"https:\/\/wp.kristdemokraterna.se\/enskedearstavantor\/author\/enskedearstavantor\/"}]}},"_links":{"self":[{"href":"https:\/\/wp.kristdemokraterna.se\/enskedearstavantor\/wp-json\/wp\/v2\/posts\/131","targetHints":{"allow":["GET"]}}],"collection":[{"href":"https:\/\/wp.kristdemokraterna.se\/enskedearstavantor\/wp-json\/wp\/v2\/posts"}],"about":[{"href":"https:\/\/wp.kristdemokraterna.se\/enskedearstavantor\/wp-json\/wp\/v2\/types\/post"}],"author":[{"embeddable":true,"href":"https:\/\/wp.kristdemokraterna.se\/enskedearstavantor\/wp-json\/wp\/v2\/users\/522"}],"replies":[{"embeddable":true,"href":"https:\/\/wp.kristdemokraterna.se\/enskedearstavantor\/wp-json\/wp\/v2\/comments?post=131"}],"version-history":[{"count":4,"href":"https:\/\/wp.kristdemokraterna.se\/enskedearstavantor\/wp-json\/wp\/v2\/posts\/131\/revisions"}],"predecessor-version":[{"id":137,"href":"https:\/\/wp.kristdemokraterna.se\/enskedearstavantor\/wp-json\/wp\/v2\/posts\/131\/revisions\/137"}],"wp:attachment":[{"href":"https:\/\/wp.kristdemokraterna.se\/enskedearstavantor\/wp-json\/wp\/v2\/media?parent=131"}],"wp:term":[{"taxonomy":"category","embeddable":true,"href":"https:\/\/wp.kristdemokraterna.se\/enskedearstavantor\/wp-json\/wp\/v2\/categories?post=131"},{"taxonomy":"post_tag","embeddable":true,"href":"https:\/\/wp.kristdemokraterna.se\/enskedearstavantor\/wp-json\/wp\/v2\/tags?post=131"}],"curies":[{"name":"wp","href":"https:\/\/api.w.org\/{rel}","templated":true}]}}