{"id":139,"date":"2014-08-26T09:30:30","date_gmt":"2014-08-26T07:30:30","guid":{"rendered":"http:\/\/wp.kristdemokraterna.se\/enskedearstavantor\/?p=139"},"modified":"2014-08-26T09:30:30","modified_gmt":"2014-08-26T07:30:30","slug":"valkampanj-pa-arstaberg-och-pa-gullmarsplan","status":"publish","type":"post","link":"https:\/\/wp.kristdemokraterna.se\/enskedearstavantor\/valkampanj-pa-arstaberg-och-pa-gullmarsplan\/","title":{"rendered":"Valkampanj p\u00e5 \u00c5rstaberg och p\u00e5 Gullmarsplan"},"content":{"rendered":"<p><img loading=\"lazy\" decoding=\"async\" class=\"aligncenter size-medium wp-image-142\" src=\"http:\/\/wp.kristdemokraterna.se\/enskedearstavantor\/files\/2014\/08\/picsart_1409036871618-300x300.jpg\" alt=\"PicsArt_1409036871618\" width=\"300\" height=\"300\" srcset=\"https:\/\/wp.kristdemokraterna.se\/enskedearstavantor\/files\/2014\/08\/picsart_1409036871618-300x300.jpg 300w, https:\/\/wp.kristdemokraterna.se\/enskedearstavantor\/files\/2014\/08\/picsart_1409036871618-150x150.jpg 150w, https:\/\/wp.kristdemokraterna.se\/enskedearstavantor\/files\/2014\/08\/picsart_1409036871618-540x540.jpg 540w, https:\/\/wp.kristdemokraterna.se\/enskedearstavantor\/files\/2014\/08\/picsart_1409036871618-346x346.jpg 346w, https:\/\/wp.kristdemokraterna.se\/enskedearstavantor\/files\/2014\/08\/picsart_1409036871618-112x112.jpg 112w, https:\/\/wp.kristdemokraterna.se\/enskedearstavantor\/files\/2014\/08\/picsart_1409036871618.jpg 1024w\" sizes=\"auto, (max-width: 300px) 100vw, 300px\" \/><\/p>\n<p><span style=\"color: #000000\"><strong>God morgon alla glada<\/strong>,<\/span><\/p>\n<p><span style=\"color: #000000\">tidigt imorse var vi ett stort g\u00e4ng p\u00e5 <strong>Gullmarsplan<\/strong> och delade ut tidningar f\u00f6r <strong>Kristdemokraterna<\/strong>! Vi vill att fler ska k\u00e4nna valfrihet och trygghet i vardagen och d\u00e4rf\u00f6r vill vi \u00e4ven n\u00e4r det \u00e4r lite disigt och duggregn f\u00e5 fler att f\u00e5 reda p\u00e5 vad v\u00e5rt parti vill! Vi stod \u00e4ven i onsdags och delade ut flygblad och tidningar p\u00e5 <strong>\u00c5rstaberg<\/strong> under eftermiddagen. Str\u00e5lande <strong>solsken<\/strong> gjorde att m\u00e5nga g\u00e4rna stannade till och tog en broshyr om Kristdemokraternas m\u00e5nga f\u00f6rslag till ett b\u00e4ttre samh\u00e4lle!<\/span><\/p>\n<p><span style=\"color: #000000\">Detta \u00e4r n\u00e5gra\u00a0av de fr\u00e5gor vi g\u00e5r till val p\u00e5 nu inf\u00f6r den 14 september:<\/span><\/p>\n<p><span style=\"color: #000000\">&#8211; <strong>B\u00e4ttre villkor f\u00f6r barn och familjer<\/strong>: Vi vill att familjens b\u00e4sta ska prioriteras i politiken. Barngrupperna m\u00e5ste bli mindre i f\u00f6rskolan; H\u00f6j maxtaxan med 100 kronor f\u00f6r familjer med h\u00f6ga inkomster f\u00f6r att \u00f6ka resurserna till f\u00f6rskolan; F\u00f6r\u00e4ldrar som sj\u00e4lva tar hand om sina barn b\u00f6r f\u00e5 ta del av barnomsorgspengen; F\u00f6r\u00e4ldrarna ska sj\u00e4lva best\u00e4mma \u00f6ver f\u00f6r\u00e4ldraledigheten, vi s\u00e4ger nej till kvoterad f\u00f6r\u00e4ldraf\u00f6rs\u00e4kring!<\/span><\/p>\n<p><span style=\"color: #000000\">&#8211; <strong>Lika v\u00e5rd f\u00f6r alla var man \u00e4n bor<\/strong>: Vi tycker att den som \u00e4r sjuk ska\u00a0f\u00e5 en\u00a0god sjukv\u00e5rd, var man \u00e4n bor i landet. F\u00f6r att s\u00e4kra en j\u00e4mlik sjukv\u00e5rd b\u00f6r staten ta ett st\u00f6rre ansvar f\u00f6r v\u00e5rden; Varje patient har r\u00e4tt till r\u00e4tt v\u00e5rd p\u00e5 r\u00e4tt klinik med r\u00e4tt kompetens, d\u00e4rf\u00f6r vill vi inr\u00e4tta en v\u00e5rdplatsgaranti; Forts\u00e4tta att korta v\u00e5rdk\u00f6erna till b\u00e5de akut- och specialistv\u00e5rd.<\/span><\/p>\n<p><span style=\"color: #000000\">&#8211; <strong>B\u00e4ttre f\u00f6retagsklimat<\/strong>: En politik f\u00f6r v\u00e4xande f\u00f6retag och fler jobb. Vi vill f\u00f6renkla regler f\u00f6r f\u00f6retag och underl\u00e4tta f\u00f6r nyanst\u00e4llningar, minska f\u00f6retagens sjukl\u00f6nekostnader; Vi ska v\u00e4rna s\u00e4nkt restaurangmoms, RUT- och ROT-avdrag, l\u00e4gre arbetsgivaravgifter f\u00f6r unga och l\u00e5ga skatter p\u00e5 arbete; Underl\u00e4tta f\u00f6r \u00f6kat bostadsbyggande genom f\u00e4rre regler och snabbare handl\u00e4ggningar; V\u00e4rna och utveckla Sveriges f\u00f6rnybara elproduktion, m\u00f6jligg\u00f6r att ers\u00e4tta gammal k\u00e4rnkraft med ny. Satsa mer p\u00e5 klimatsmart energi!<\/span><\/p>\n<p><span style=\"color: #000000\">Ja, detta \u00e4r n\u00e5gra av de f\u00f6rslagen som <strong>Kristdemokraterna<\/strong> g\u00e5r till val p\u00e5 den 14 september. Se till att engagera dig och sprid budskapet till fler och framf\u00f6r allt, gl\u00f6m inte att r\u00f6sta p\u00e5 oss\u00a0i valet! Det g\u00e5r \u00e4ven att f\u00f6rtidsr\u00f6sta fr\u00e5n den 27 augusti.<\/span><\/p>\n<p><span style=\"color: #000000\">Allt gott \u00f6nskar vi i Kristdemokraterna Enskede\/\u00c5rsta\/Vant\u00f6r. Nu forts\u00e4tter vi valspurten!<\/span><\/p>\n<p>&nbsp;<\/p>\n","protected":false},"excerpt":{"rendered":"<p>God morgon alla glada, tidigt imorse var vi ett stort g\u00e4ng p\u00e5 Gullmarsplan och delade ut tidningar f\u00f6r Kristdemokraterna! Vi vill att fler ska k\u00e4nna valfrihet och trygghet i vardagen och d\u00e4rf\u00f6r vill vi \u00e4ven n\u00e4r det \u00e4r lite disigt och duggregn f\u00e5 fler att f\u00e5 reda p\u00e5 vad v\u00e5rt parti vill! Vi stod \u00e4ven <a class=\"read-more-link\" href=\"https:\/\/wp.kristdemokraterna.se\/enskedearstavantor\/valkampanj-pa-arstaberg-och-pa-gullmarsplan\/\">Read More<\/a><\/p>\n","protected":false},"author":522,"featured_media":0,"comment_status":"closed","ping_status":"closed","sticky":false,"template":"","format":"standard","meta":{"_acf_changed":false,"footnotes":""},"categories":[1],"tags":[],"class_list":["post-139","post","type-post","status-publish","format-standard","hentry","category-okategoriserade"],"acf":[],"yoast_head":"<!-- This site is optimized with the Yoast SEO plugin v27.5 - https:\/\/yoast.com\/product\/yoast-seo-wordpress\/ -->\n<title>Valkampanj p\u00e5 \u00c5rstaberg och p\u00e5 Gullmarsplan - Enskede\/\u00c5rsta\/Vant\u00f6r<\/title>\n<meta name=\"robots\" content=\"index, follow, max-snippet:-1, max-image-preview:large, max-video-preview:-1\" \/>\n<link rel=\"canonical\" href=\"https:\/\/wp.kristdemokraterna.se\/enskedearstavantor\/valkampanj-pa-arstaberg-och-pa-gullmarsplan\/\" \/>\n<meta property=\"og:locale\" content=\"sv_SE\" \/>\n<meta property=\"og:type\" content=\"article\" \/>\n<meta property=\"og:title\" content=\"Valkampanj p\u00e5 \u00c5rstaberg och p\u00e5 Gullmarsplan - Enskede\/\u00c5rsta\/Vant\u00f6r\" \/>\n<meta property=\"og:description\" content=\"God morgon alla glada, tidigt imorse var vi ett stort g\u00e4ng p\u00e5 Gullmarsplan och delade ut tidningar f\u00f6r Kristdemokraterna! Vi vill att fler ska k\u00e4nna valfrihet och trygghet i vardagen och d\u00e4rf\u00f6r vill vi \u00e4ven n\u00e4r det \u00e4r lite disigt och duggregn f\u00e5 fler att f\u00e5 reda p\u00e5 vad v\u00e5rt parti vill! Vi stod \u00e4ven Read More\" \/>\n<meta property=\"og:url\" content=\"https:\/\/wp.kristdemokraterna.se\/enskedearstavantor\/valkampanj-pa-arstaberg-och-pa-gullmarsplan\/\" \/>\n<meta property=\"og:site_name\" content=\"Enskede\/\u00c5rsta\/Vant\u00f6r\" \/>\n<meta property=\"article:published_time\" content=\"2014-08-26T07:30:30+00:00\" \/>\n<meta property=\"og:image\" content=\"http:\/\/wp.kristdemokraterna.se\/enskedearstavantor\/files\/2014\/08\/picsart_1409036871618-300x300.jpg\" \/>\n<meta name=\"author\" content=\"enskedearstavantor\" \/>\n<meta name=\"twitter:card\" content=\"summary_large_image\" \/>\n<meta name=\"twitter:label1\" content=\"Skriven av\" \/>\n\t<meta name=\"twitter:data1\" content=\"enskedearstavantor\" \/>\n\t<meta name=\"twitter:label2\" content=\"Ber\u00e4knad l\u00e4stid\" \/>\n\t<meta name=\"twitter:data2\" content=\"2 minuter\" \/>\n<script type=\"application\/ld+json\" class=\"yoast-schema-graph\">{\"@context\":\"https:\\\/\\\/schema.org\",\"@graph\":[{\"@type\":\"Article\",\"@id\":\"https:\\\/\\\/wp.kristdemokraterna.se\\\/enskedearstavantor\\\/valkampanj-pa-arstaberg-och-pa-gullmarsplan\\\/#article\",\"isPartOf\":{\"@id\":\"https:\\\/\\\/wp.kristdemokraterna.se\\\/enskedearstavantor\\\/valkampanj-pa-arstaberg-och-pa-gullmarsplan\\\/\"},\"author\":{\"name\":\"enskedearstavantor\",\"@id\":\"https:\\\/\\\/wp.kristdemokraterna.se\\\/enskedearstavantor\\\/#\\\/schema\\\/person\\\/401a89123ff8f3f185a4745ae2f47ef2\"},\"headline\":\"Valkampanj p\u00e5 \u00c5rstaberg och p\u00e5 Gullmarsplan\",\"datePublished\":\"2014-08-26T07:30:30+00:00\",\"mainEntityOfPage\":{\"@id\":\"https:\\\/\\\/wp.kristdemokraterna.se\\\/enskedearstavantor\\\/valkampanj-pa-arstaberg-och-pa-gullmarsplan\\\/\"},\"wordCount\":475,\"image\":{\"@id\":\"https:\\\/\\\/wp.kristdemokraterna.se\\\/enskedearstavantor\\\/valkampanj-pa-arstaberg-och-pa-gullmarsplan\\\/#primaryimage\"},\"thumbnailUrl\":\"http:\\\/\\\/wp.kristdemokraterna.se\\\/enskedearstavantor\\\/files\\\/2014\\\/08\\\/picsart_1409036871618-300x300.jpg\",\"inLanguage\":\"sv-SE\"},{\"@type\":\"WebPage\",\"@id\":\"https:\\\/\\\/wp.kristdemokraterna.se\\\/enskedearstavantor\\\/valkampanj-pa-arstaberg-och-pa-gullmarsplan\\\/\",\"url\":\"https:\\\/\\\/wp.kristdemokraterna.se\\\/enskedearstavantor\\\/valkampanj-pa-arstaberg-och-pa-gullmarsplan\\\/\",\"name\":\"Valkampanj p\u00e5 \u00c5rstaberg och p\u00e5 Gullmarsplan - Enskede\\\/\u00c5rsta\\\/Vant\u00f6r\",\"isPartOf\":{\"@id\":\"https:\\\/\\\/wp.kristdemokraterna.se\\\/enskedearstavantor\\\/#website\"},\"primaryImageOfPage\":{\"@id\":\"https:\\\/\\\/wp.kristdemokraterna.se\\\/enskedearstavantor\\\/valkampanj-pa-arstaberg-och-pa-gullmarsplan\\\/#primaryimage\"},\"image\":{\"@id\":\"https:\\\/\\\/wp.kristdemokraterna.se\\\/enskedearstavantor\\\/valkampanj-pa-arstaberg-och-pa-gullmarsplan\\\/#primaryimage\"},\"thumbnailUrl\":\"http:\\\/\\\/wp.kristdemokraterna.se\\\/enskedearstavantor\\\/files\\\/2014\\\/08\\\/picsart_1409036871618-300x300.jpg\",\"datePublished\":\"2014-08-26T07:30:30+00:00\",\"author\":{\"@id\":\"https:\\\/\\\/wp.kristdemokraterna.se\\\/enskedearstavantor\\\/#\\\/schema\\\/person\\\/401a89123ff8f3f185a4745ae2f47ef2\"},\"breadcrumb\":{\"@id\":\"https:\\\/\\\/wp.kristdemokraterna.se\\\/enskedearstavantor\\\/valkampanj-pa-arstaberg-och-pa-gullmarsplan\\\/#breadcrumb\"},\"inLanguage\":\"sv-SE\",\"potentialAction\":[{\"@type\":\"ReadAction\",\"target\":[\"https:\\\/\\\/wp.kristdemokraterna.se\\\/enskedearstavantor\\\/valkampanj-pa-arstaberg-och-pa-gullmarsplan\\\/\"]}]},{\"@type\":\"ImageObject\",\"inLanguage\":\"sv-SE\",\"@id\":\"https:\\\/\\\/wp.kristdemokraterna.se\\\/enskedearstavantor\\\/valkampanj-pa-arstaberg-och-pa-gullmarsplan\\\/#primaryimage\",\"url\":\"https:\\\/\\\/wp.kristdemokraterna.se\\\/enskedearstavantor\\\/files\\\/2014\\\/08\\\/picsart_1409036871618.jpg\",\"contentUrl\":\"https:\\\/\\\/wp.kristdemokraterna.se\\\/enskedearstavantor\\\/files\\\/2014\\\/08\\\/picsart_1409036871618.jpg\",\"width\":1024,\"height\":1024},{\"@type\":\"BreadcrumbList\",\"@id\":\"https:\\\/\\\/wp.kristdemokraterna.se\\\/enskedearstavantor\\\/valkampanj-pa-arstaberg-och-pa-gullmarsplan\\\/#breadcrumb\",\"itemListElement\":[{\"@type\":\"ListItem\",\"position\":1,\"name\":\"Hem\",\"item\":\"https:\\\/\\\/wp.kristdemokraterna.se\\\/enskedearstavantor\\\/\"},{\"@type\":\"ListItem\",\"position\":2,\"name\":\"Valkampanj p\u00e5 \u00c5rstaberg och p\u00e5 Gullmarsplan\"}]},{\"@type\":\"WebSite\",\"@id\":\"https:\\\/\\\/wp.kristdemokraterna.se\\\/enskedearstavantor\\\/#website\",\"url\":\"https:\\\/\\\/wp.kristdemokraterna.se\\\/enskedearstavantor\\\/\",\"name\":\"Enskede\\\/\u00c5rsta\\\/Vant\u00f6r\",\"description\":\"En till Kristdemokraterna webbplats\",\"inLanguage\":\"sv-SE\"},{\"@type\":\"Person\",\"@id\":\"https:\\\/\\\/wp.kristdemokraterna.se\\\/enskedearstavantor\\\/#\\\/schema\\\/person\\\/401a89123ff8f3f185a4745ae2f47ef2\",\"name\":\"enskedearstavantor\",\"image\":{\"@type\":\"ImageObject\",\"inLanguage\":\"sv-SE\",\"@id\":\"https:\\\/\\\/secure.gravatar.com\\\/avatar\\\/c0cd2cc9ec90cfe374ab4a18753fc96930742b9dc43ccf1f82cfe00180291232?s=96&r=g\",\"url\":\"https:\\\/\\\/secure.gravatar.com\\\/avatar\\\/c0cd2cc9ec90cfe374ab4a18753fc96930742b9dc43ccf1f82cfe00180291232?s=96&r=g\",\"contentUrl\":\"https:\\\/\\\/secure.gravatar.com\\\/avatar\\\/c0cd2cc9ec90cfe374ab4a18753fc96930742b9dc43ccf1f82cfe00180291232?s=96&r=g\",\"caption\":\"enskedearstavantor\"},\"url\":\"https:\\\/\\\/wp.kristdemokraterna.se\\\/enskedearstavantor\\\/author\\\/enskedearstavantor\\\/\"}]}<\/script>\n<!-- \/ Yoast SEO plugin. -->","yoast_head_json":{"title":"Valkampanj p\u00e5 \u00c5rstaberg och p\u00e5 Gullmarsplan - Enskede\/\u00c5rsta\/Vant\u00f6r","robots":{"index":"index","follow":"follow","max-snippet":"max-snippet:-1","max-image-preview":"max-image-preview:large","max-video-preview":"max-video-preview:-1"},"canonical":"https:\/\/wp.kristdemokraterna.se\/enskedearstavantor\/valkampanj-pa-arstaberg-och-pa-gullmarsplan\/","og_locale":"sv_SE","og_type":"article","og_title":"Valkampanj p\u00e5 \u00c5rstaberg och p\u00e5 Gullmarsplan - Enskede\/\u00c5rsta\/Vant\u00f6r","og_description":"God morgon alla glada, tidigt imorse var vi ett stort g\u00e4ng p\u00e5 Gullmarsplan och delade ut tidningar f\u00f6r Kristdemokraterna! Vi vill att fler ska k\u00e4nna valfrihet och trygghet i vardagen och d\u00e4rf\u00f6r vill vi \u00e4ven n\u00e4r det \u00e4r lite disigt och duggregn f\u00e5 fler att f\u00e5 reda p\u00e5 vad v\u00e5rt parti vill! Vi stod \u00e4ven Read More","og_url":"https:\/\/wp.kristdemokraterna.se\/enskedearstavantor\/valkampanj-pa-arstaberg-och-pa-gullmarsplan\/","og_site_name":"Enskede\/\u00c5rsta\/Vant\u00f6r","article_published_time":"2014-08-26T07:30:30+00:00","og_image":[{"url":"http:\/\/wp.kristdemokraterna.se\/enskedearstavantor\/files\/2014\/08\/picsart_1409036871618-300x300.jpg","type":"","width":"","height":""}],"author":"enskedearstavantor","twitter_card":"summary_large_image","twitter_misc":{"Skriven av":"enskedearstavantor","Ber\u00e4knad l\u00e4stid":"2 minuter"},"schema":{"@context":"https:\/\/schema.org","@graph":[{"@type":"Article","@id":"https:\/\/wp.kristdemokraterna.se\/enskedearstavantor\/valkampanj-pa-arstaberg-och-pa-gullmarsplan\/#article","isPartOf":{"@id":"https:\/\/wp.kristdemokraterna.se\/enskedearstavantor\/valkampanj-pa-arstaberg-och-pa-gullmarsplan\/"},"author":{"name":"enskedearstavantor","@id":"https:\/\/wp.kristdemokraterna.se\/enskedearstavantor\/#\/schema\/person\/401a89123ff8f3f185a4745ae2f47ef2"},"headline":"Valkampanj p\u00e5 \u00c5rstaberg och p\u00e5 Gullmarsplan","datePublished":"2014-08-26T07:30:30+00:00","mainEntityOfPage":{"@id":"https:\/\/wp.kristdemokraterna.se\/enskedearstavantor\/valkampanj-pa-arstaberg-och-pa-gullmarsplan\/"},"wordCount":475,"image":{"@id":"https:\/\/wp.kristdemokraterna.se\/enskedearstavantor\/valkampanj-pa-arstaberg-och-pa-gullmarsplan\/#primaryimage"},"thumbnailUrl":"http:\/\/wp.kristdemokraterna.se\/enskedearstavantor\/files\/2014\/08\/picsart_1409036871618-300x300.jpg","inLanguage":"sv-SE"},{"@type":"WebPage","@id":"https:\/\/wp.kristdemokraterna.se\/enskedearstavantor\/valkampanj-pa-arstaberg-och-pa-gullmarsplan\/","url":"https:\/\/wp.kristdemokraterna.se\/enskedearstavantor\/valkampanj-pa-arstaberg-och-pa-gullmarsplan\/","name":"Valkampanj p\u00e5 \u00c5rstaberg och p\u00e5 Gullmarsplan - Enskede\/\u00c5rsta\/Vant\u00f6r","isPartOf":{"@id":"https:\/\/wp.kristdemokraterna.se\/enskedearstavantor\/#website"},"primaryImageOfPage":{"@id":"https:\/\/wp.kristdemokraterna.se\/enskedearstavantor\/valkampanj-pa-arstaberg-och-pa-gullmarsplan\/#primaryimage"},"image":{"@id":"https:\/\/wp.kristdemokraterna.se\/enskedearstavantor\/valkampanj-pa-arstaberg-och-pa-gullmarsplan\/#primaryimage"},"thumbnailUrl":"http:\/\/wp.kristdemokraterna.se\/enskedearstavantor\/files\/2014\/08\/picsart_1409036871618-300x300.jpg","datePublished":"2014-08-26T07:30:30+00:00","author":{"@id":"https:\/\/wp.kristdemokraterna.se\/enskedearstavantor\/#\/schema\/person\/401a89123ff8f3f185a4745ae2f47ef2"},"breadcrumb":{"@id":"https:\/\/wp.kristdemokraterna.se\/enskedearstavantor\/valkampanj-pa-arstaberg-och-pa-gullmarsplan\/#breadcrumb"},"inLanguage":"sv-SE","potentialAction":[{"@type":"ReadAction","target":["https:\/\/wp.kristdemokraterna.se\/enskedearstavantor\/valkampanj-pa-arstaberg-och-pa-gullmarsplan\/"]}]},{"@type":"ImageObject","inLanguage":"sv-SE","@id":"https:\/\/wp.kristdemokraterna.se\/enskedearstavantor\/valkampanj-pa-arstaberg-och-pa-gullmarsplan\/#primaryimage","url":"https:\/\/wp.kristdemokraterna.se\/enskedearstavantor\/files\/2014\/08\/picsart_1409036871618.jpg","contentUrl":"https:\/\/wp.kristdemokraterna.se\/enskedearstavantor\/files\/2014\/08\/picsart_1409036871618.jpg","width":1024,"height":1024},{"@type":"BreadcrumbList","@id":"https:\/\/wp.kristdemokraterna.se\/enskedearstavantor\/valkampanj-pa-arstaberg-och-pa-gullmarsplan\/#breadcrumb","itemListElement":[{"@type":"ListItem","position":1,"name":"Hem","item":"https:\/\/wp.kristdemokraterna.se\/enskedearstavantor\/"},{"@type":"ListItem","position":2,"name":"Valkampanj p\u00e5 \u00c5rstaberg och p\u00e5 Gullmarsplan"}]},{"@type":"WebSite","@id":"https:\/\/wp.kristdemokraterna.se\/enskedearstavantor\/#website","url":"https:\/\/wp.kristdemokraterna.se\/enskedearstavantor\/","name":"Enskede\/\u00c5rsta\/Vant\u00f6r","description":"En till Kristdemokraterna webbplats","inLanguage":"sv-SE"},{"@type":"Person","@id":"https:\/\/wp.kristdemokraterna.se\/enskedearstavantor\/#\/schema\/person\/401a89123ff8f3f185a4745ae2f47ef2","name":"enskedearstavantor","image":{"@type":"ImageObject","inLanguage":"sv-SE","@id":"https:\/\/secure.gravatar.com\/avatar\/c0cd2cc9ec90cfe374ab4a18753fc96930742b9dc43ccf1f82cfe00180291232?s=96&r=g","url":"https:\/\/secure.gravatar.com\/avatar\/c0cd2cc9ec90cfe374ab4a18753fc96930742b9dc43ccf1f82cfe00180291232?s=96&r=g","contentUrl":"https:\/\/secure.gravatar.com\/avatar\/c0cd2cc9ec90cfe374ab4a18753fc96930742b9dc43ccf1f82cfe00180291232?s=96&r=g","caption":"enskedearstavantor"},"url":"https:\/\/wp.kristdemokraterna.se\/enskedearstavantor\/author\/enskedearstavantor\/"}]}},"_links":{"self":[{"href":"https:\/\/wp.kristdemokraterna.se\/enskedearstavantor\/wp-json\/wp\/v2\/posts\/139","targetHints":{"allow":["GET"]}}],"collection":[{"href":"https:\/\/wp.kristdemokraterna.se\/enskedearstavantor\/wp-json\/wp\/v2\/posts"}],"about":[{"href":"https:\/\/wp.kristdemokraterna.se\/enskedearstavantor\/wp-json\/wp\/v2\/types\/post"}],"author":[{"embeddable":true,"href":"https:\/\/wp.kristdemokraterna.se\/enskedearstavantor\/wp-json\/wp\/v2\/users\/522"}],"replies":[{"embeddable":true,"href":"https:\/\/wp.kristdemokraterna.se\/enskedearstavantor\/wp-json\/wp\/v2\/comments?post=139"}],"version-history":[{"count":7,"href":"https:\/\/wp.kristdemokraterna.se\/enskedearstavantor\/wp-json\/wp\/v2\/posts\/139\/revisions"}],"predecessor-version":[{"id":147,"href":"https:\/\/wp.kristdemokraterna.se\/enskedearstavantor\/wp-json\/wp\/v2\/posts\/139\/revisions\/147"}],"wp:attachment":[{"href":"https:\/\/wp.kristdemokraterna.se\/enskedearstavantor\/wp-json\/wp\/v2\/media?parent=139"}],"wp:term":[{"taxonomy":"category","embeddable":true,"href":"https:\/\/wp.kristdemokraterna.se\/enskedearstavantor\/wp-json\/wp\/v2\/categories?post=139"},{"taxonomy":"post_tag","embeddable":true,"href":"https:\/\/wp.kristdemokraterna.se\/enskedearstavantor\/wp-json\/wp\/v2\/tags?post=139"}],"curies":[{"name":"wp","href":"https:\/\/api.w.org\/{rel}","templated":true}]}}