{"id":154,"date":"2014-09-03T09:25:18","date_gmt":"2014-09-03T07:25:18","guid":{"rendered":"http:\/\/wp.kristdemokraterna.se\/enskedearstavantor\/?p=154"},"modified":"2014-09-03T14:03:57","modified_gmt":"2014-09-03T12:03:57","slug":"morgonkampanj-gullmarsplan-morgonstund-har-guld-i-mun","status":"publish","type":"post","link":"https:\/\/wp.kristdemokraterna.se\/enskedearstavantor\/morgonkampanj-gullmarsplan-morgonstund-har-guld-i-mun\/","title":{"rendered":"Morgonkampanj Gullmarsplan &#8211; morgonstund har guld i mun"},"content":{"rendered":"<p>Hej i valspurten!<\/p>\n<p><img loading=\"lazy\" decoding=\"async\" class=\"aligncenter  wp-image-155\" src=\"http:\/\/wp.kristdemokraterna.se\/enskedearstavantor\/files\/2014\/09\/imag1841-300x180.jpg\" alt=\"IMAG1841\" width=\"402\" height=\"241\" srcset=\"https:\/\/wp.kristdemokraterna.se\/enskedearstavantor\/files\/2014\/09\/imag1841-300x180.jpg 300w, https:\/\/wp.kristdemokraterna.se\/enskedearstavantor\/files\/2014\/09\/imag1841-540x324.jpg 540w, https:\/\/wp.kristdemokraterna.se\/enskedearstavantor\/files\/2014\/09\/imag1841-576x346.jpg 576w, https:\/\/wp.kristdemokraterna.se\/enskedearstavantor\/files\/2014\/09\/imag1841-186x112.jpg 186w, https:\/\/wp.kristdemokraterna.se\/enskedearstavantor\/files\/2014\/09\/imag1841.jpg 1280w\" sizes=\"auto, (max-width: 402px) 100vw, 402px\" \/><\/p>\n<p>Idag var vi och delade ut v\u00e5r fina Valtidning f\u00f6r Kristdemokraterna p\u00e5 Gullmarsplan!<\/p>\n<p>Det var m\u00e5nga som tog tidningen, \u00e4nnu fler som sa god morgon tillbaka vilket jag ser som ett gott tecken och att folk blir glada av att se morgonpigga kristdemokrater! \ud83d\ude09<\/p>\n<p>Nu \u00e4r det bara 11 dagar kvar till valet, sp\u00e4nningen stiger och Alliansen knappar in enligt flera nyligen publicerade m\u00e4tningar. Det s\u00e4ger n\u00e5got om att svenska folket tycker det \u00e4r viktigt med en stabil ekonomi och en stabil regeringen, n\u00e5got som Alliansen lyckats med att beh\u00e5lla de senaste tv\u00e5 mandatperioderna. En r\u00f6st p\u00e5 Kristdemokraterna \u00e4r en r\u00f6st f\u00f6r trygghet och valfrihet. Vi vill att fler ska kunna best\u00e4mma sj\u00e4lva \u00f6ver var de vill g\u00e5 i skolan, vilken v\u00e5rdcentral de g\u00e5r till och kring f\u00f6r\u00e4ldraledigheten. P\u00e5 den sistn\u00e4mnda punkten h\u00e5ller 8 av 10 med oss om att det \u00e4r viktigt f\u00f6r f\u00f6r\u00e4ldrarna att best\u00e4mma sj\u00e4lva \u00f6ver hur de tar ut sin ledighet, detta \u00e4r n\u00e5got mycket viktigt att n\u00e5 ut med!<\/p>\n<p>Vi forts\u00e4tter kampanja och synas ute i medier och bland allm\u00e4nheten, men bidra g\u00e4rna med att delta p\u00e5 en av v\u00e5ra kampanjer, sprida v\u00e5r snygga valfilm (https:\/\/www.kristdemokraterna.se\/Media\/Nyhetsarkiv\/Premiar-for-Kristdemokraternas-valfilm\/) eller likea oss p\u00e5 facebook! Men framf\u00f6rallt, r\u00f6sta p\u00e5 oss antingen i f\u00f6rtidsr\u00f6stningen eller den 14 september!<\/p>\n<p>Allt gott fr\u00e5n oss i Kristdemokraterna Enskede\/\u00c5rsta\/Vant\u00f6r!<\/p>\n","protected":false},"excerpt":{"rendered":"<p>Hej i valspurten! Idag var vi och delade ut v\u00e5r fina Valtidning f\u00f6r Kristdemokraterna p\u00e5 Gullmarsplan! Det var m\u00e5nga som tog tidningen, \u00e4nnu fler som sa god morgon tillbaka vilket jag ser som ett gott tecken och att folk blir glada av att se morgonpigga kristdemokrater! \ud83d\ude09 Nu \u00e4r det bara 11 dagar kvar till <a class=\"read-more-link\" href=\"https:\/\/wp.kristdemokraterna.se\/enskedearstavantor\/morgonkampanj-gullmarsplan-morgonstund-har-guld-i-mun\/\">Read More<\/a><\/p>\n","protected":false},"author":522,"featured_media":0,"comment_status":"closed","ping_status":"closed","sticky":false,"template":"","format":"standard","meta":{"_acf_changed":false,"footnotes":""},"categories":[1],"tags":[],"class_list":["post-154","post","type-post","status-publish","format-standard","hentry","category-okategoriserade"],"acf":[],"yoast_head":"<!-- This site is optimized with the Yoast SEO plugin v27.5 - https:\/\/yoast.com\/product\/yoast-seo-wordpress\/ -->\n<title>Morgonkampanj Gullmarsplan - morgonstund har guld i mun - Enskede\/\u00c5rsta\/Vant\u00f6r<\/title>\n<meta name=\"robots\" content=\"index, follow, max-snippet:-1, max-image-preview:large, max-video-preview:-1\" \/>\n<link rel=\"canonical\" href=\"https:\/\/wp.kristdemokraterna.se\/enskedearstavantor\/morgonkampanj-gullmarsplan-morgonstund-har-guld-i-mun\/\" \/>\n<meta property=\"og:locale\" content=\"sv_SE\" \/>\n<meta property=\"og:type\" content=\"article\" \/>\n<meta property=\"og:title\" content=\"Morgonkampanj Gullmarsplan - morgonstund har guld i mun - Enskede\/\u00c5rsta\/Vant\u00f6r\" \/>\n<meta property=\"og:description\" content=\"Hej i valspurten! Idag var vi och delade ut v\u00e5r fina Valtidning f\u00f6r Kristdemokraterna p\u00e5 Gullmarsplan! Det var m\u00e5nga som tog tidningen, \u00e4nnu fler som sa god morgon tillbaka vilket jag ser som ett gott tecken och att folk blir glada av att se morgonpigga kristdemokrater! \ud83d\ude09 Nu \u00e4r det bara 11 dagar kvar till Read More\" \/>\n<meta property=\"og:url\" content=\"https:\/\/wp.kristdemokraterna.se\/enskedearstavantor\/morgonkampanj-gullmarsplan-morgonstund-har-guld-i-mun\/\" \/>\n<meta property=\"og:site_name\" content=\"Enskede\/\u00c5rsta\/Vant\u00f6r\" \/>\n<meta property=\"article:published_time\" content=\"2014-09-03T07:25:18+00:00\" \/>\n<meta property=\"article:modified_time\" content=\"2014-09-03T12:03:57+00:00\" \/>\n<meta property=\"og:image\" content=\"http:\/\/wp.kristdemokraterna.se\/enskedearstavantor\/files\/2014\/09\/imag1841-300x180.jpg\" \/>\n<meta name=\"author\" content=\"enskedearstavantor\" \/>\n<meta name=\"twitter:card\" content=\"summary_large_image\" \/>\n<meta name=\"twitter:label1\" content=\"Skriven av\" \/>\n\t<meta name=\"twitter:data1\" content=\"enskedearstavantor\" \/>\n\t<meta name=\"twitter:label2\" content=\"Ber\u00e4knad l\u00e4stid\" \/>\n\t<meta name=\"twitter:data2\" content=\"1 minut\" \/>\n<script type=\"application\/ld+json\" class=\"yoast-schema-graph\">{\"@context\":\"https:\\\/\\\/schema.org\",\"@graph\":[{\"@type\":\"Article\",\"@id\":\"https:\\\/\\\/wp.kristdemokraterna.se\\\/enskedearstavantor\\\/morgonkampanj-gullmarsplan-morgonstund-har-guld-i-mun\\\/#article\",\"isPartOf\":{\"@id\":\"https:\\\/\\\/wp.kristdemokraterna.se\\\/enskedearstavantor\\\/morgonkampanj-gullmarsplan-morgonstund-har-guld-i-mun\\\/\"},\"author\":{\"name\":\"enskedearstavantor\",\"@id\":\"https:\\\/\\\/wp.kristdemokraterna.se\\\/enskedearstavantor\\\/#\\\/schema\\\/person\\\/401a89123ff8f3f185a4745ae2f47ef2\"},\"headline\":\"Morgonkampanj Gullmarsplan &#8211; morgonstund har guld i mun\",\"datePublished\":\"2014-09-03T07:25:18+00:00\",\"dateModified\":\"2014-09-03T12:03:57+00:00\",\"mainEntityOfPage\":{\"@id\":\"https:\\\/\\\/wp.kristdemokraterna.se\\\/enskedearstavantor\\\/morgonkampanj-gullmarsplan-morgonstund-har-guld-i-mun\\\/\"},\"wordCount\":266,\"image\":{\"@id\":\"https:\\\/\\\/wp.kristdemokraterna.se\\\/enskedearstavantor\\\/morgonkampanj-gullmarsplan-morgonstund-har-guld-i-mun\\\/#primaryimage\"},\"thumbnailUrl\":\"http:\\\/\\\/wp.kristdemokraterna.se\\\/enskedearstavantor\\\/files\\\/2014\\\/09\\\/imag1841-300x180.jpg\",\"inLanguage\":\"sv-SE\"},{\"@type\":\"WebPage\",\"@id\":\"https:\\\/\\\/wp.kristdemokraterna.se\\\/enskedearstavantor\\\/morgonkampanj-gullmarsplan-morgonstund-har-guld-i-mun\\\/\",\"url\":\"https:\\\/\\\/wp.kristdemokraterna.se\\\/enskedearstavantor\\\/morgonkampanj-gullmarsplan-morgonstund-har-guld-i-mun\\\/\",\"name\":\"Morgonkampanj Gullmarsplan - morgonstund har guld i mun - Enskede\\\/\u00c5rsta\\\/Vant\u00f6r\",\"isPartOf\":{\"@id\":\"https:\\\/\\\/wp.kristdemokraterna.se\\\/enskedearstavantor\\\/#website\"},\"primaryImageOfPage\":{\"@id\":\"https:\\\/\\\/wp.kristdemokraterna.se\\\/enskedearstavantor\\\/morgonkampanj-gullmarsplan-morgonstund-har-guld-i-mun\\\/#primaryimage\"},\"image\":{\"@id\":\"https:\\\/\\\/wp.kristdemokraterna.se\\\/enskedearstavantor\\\/morgonkampanj-gullmarsplan-morgonstund-har-guld-i-mun\\\/#primaryimage\"},\"thumbnailUrl\":\"http:\\\/\\\/wp.kristdemokraterna.se\\\/enskedearstavantor\\\/files\\\/2014\\\/09\\\/imag1841-300x180.jpg\",\"datePublished\":\"2014-09-03T07:25:18+00:00\",\"dateModified\":\"2014-09-03T12:03:57+00:00\",\"author\":{\"@id\":\"https:\\\/\\\/wp.kristdemokraterna.se\\\/enskedearstavantor\\\/#\\\/schema\\\/person\\\/401a89123ff8f3f185a4745ae2f47ef2\"},\"breadcrumb\":{\"@id\":\"https:\\\/\\\/wp.kristdemokraterna.se\\\/enskedearstavantor\\\/morgonkampanj-gullmarsplan-morgonstund-har-guld-i-mun\\\/#breadcrumb\"},\"inLanguage\":\"sv-SE\",\"potentialAction\":[{\"@type\":\"ReadAction\",\"target\":[\"https:\\\/\\\/wp.kristdemokraterna.se\\\/enskedearstavantor\\\/morgonkampanj-gullmarsplan-morgonstund-har-guld-i-mun\\\/\"]}]},{\"@type\":\"ImageObject\",\"inLanguage\":\"sv-SE\",\"@id\":\"https:\\\/\\\/wp.kristdemokraterna.se\\\/enskedearstavantor\\\/morgonkampanj-gullmarsplan-morgonstund-har-guld-i-mun\\\/#primaryimage\",\"url\":\"https:\\\/\\\/wp.kristdemokraterna.se\\\/enskedearstavantor\\\/files\\\/2014\\\/09\\\/imag1841.jpg\",\"contentUrl\":\"https:\\\/\\\/wp.kristdemokraterna.se\\\/enskedearstavantor\\\/files\\\/2014\\\/09\\\/imag1841.jpg\",\"width\":1280,\"height\":768},{\"@type\":\"BreadcrumbList\",\"@id\":\"https:\\\/\\\/wp.kristdemokraterna.se\\\/enskedearstavantor\\\/morgonkampanj-gullmarsplan-morgonstund-har-guld-i-mun\\\/#breadcrumb\",\"itemListElement\":[{\"@type\":\"ListItem\",\"position\":1,\"name\":\"Hem\",\"item\":\"https:\\\/\\\/wp.kristdemokraterna.se\\\/enskedearstavantor\\\/\"},{\"@type\":\"ListItem\",\"position\":2,\"name\":\"Morgonkampanj Gullmarsplan &#8211; morgonstund har guld i mun\"}]},{\"@type\":\"WebSite\",\"@id\":\"https:\\\/\\\/wp.kristdemokraterna.se\\\/enskedearstavantor\\\/#website\",\"url\":\"https:\\\/\\\/wp.kristdemokraterna.se\\\/enskedearstavantor\\\/\",\"name\":\"Enskede\\\/\u00c5rsta\\\/Vant\u00f6r\",\"description\":\"En till Kristdemokraterna webbplats\",\"inLanguage\":\"sv-SE\"},{\"@type\":\"Person\",\"@id\":\"https:\\\/\\\/wp.kristdemokraterna.se\\\/enskedearstavantor\\\/#\\\/schema\\\/person\\\/401a89123ff8f3f185a4745ae2f47ef2\",\"name\":\"enskedearstavantor\",\"image\":{\"@type\":\"ImageObject\",\"inLanguage\":\"sv-SE\",\"@id\":\"https:\\\/\\\/secure.gravatar.com\\\/avatar\\\/c0cd2cc9ec90cfe374ab4a18753fc96930742b9dc43ccf1f82cfe00180291232?s=96&r=g\",\"url\":\"https:\\\/\\\/secure.gravatar.com\\\/avatar\\\/c0cd2cc9ec90cfe374ab4a18753fc96930742b9dc43ccf1f82cfe00180291232?s=96&r=g\",\"contentUrl\":\"https:\\\/\\\/secure.gravatar.com\\\/avatar\\\/c0cd2cc9ec90cfe374ab4a18753fc96930742b9dc43ccf1f82cfe00180291232?s=96&r=g\",\"caption\":\"enskedearstavantor\"},\"url\":\"https:\\\/\\\/wp.kristdemokraterna.se\\\/enskedearstavantor\\\/author\\\/enskedearstavantor\\\/\"}]}<\/script>\n<!-- \/ Yoast SEO plugin. -->","yoast_head_json":{"title":"Morgonkampanj Gullmarsplan - morgonstund har guld i mun - Enskede\/\u00c5rsta\/Vant\u00f6r","robots":{"index":"index","follow":"follow","max-snippet":"max-snippet:-1","max-image-preview":"max-image-preview:large","max-video-preview":"max-video-preview:-1"},"canonical":"https:\/\/wp.kristdemokraterna.se\/enskedearstavantor\/morgonkampanj-gullmarsplan-morgonstund-har-guld-i-mun\/","og_locale":"sv_SE","og_type":"article","og_title":"Morgonkampanj Gullmarsplan - morgonstund har guld i mun - Enskede\/\u00c5rsta\/Vant\u00f6r","og_description":"Hej i valspurten! Idag var vi och delade ut v\u00e5r fina Valtidning f\u00f6r Kristdemokraterna p\u00e5 Gullmarsplan! Det var m\u00e5nga som tog tidningen, \u00e4nnu fler som sa god morgon tillbaka vilket jag ser som ett gott tecken och att folk blir glada av att se morgonpigga kristdemokrater! \ud83d\ude09 Nu \u00e4r det bara 11 dagar kvar till Read More","og_url":"https:\/\/wp.kristdemokraterna.se\/enskedearstavantor\/morgonkampanj-gullmarsplan-morgonstund-har-guld-i-mun\/","og_site_name":"Enskede\/\u00c5rsta\/Vant\u00f6r","article_published_time":"2014-09-03T07:25:18+00:00","article_modified_time":"2014-09-03T12:03:57+00:00","og_image":[{"url":"http:\/\/wp.kristdemokraterna.se\/enskedearstavantor\/files\/2014\/09\/imag1841-300x180.jpg","type":"","width":"","height":""}],"author":"enskedearstavantor","twitter_card":"summary_large_image","twitter_misc":{"Skriven av":"enskedearstavantor","Ber\u00e4knad l\u00e4stid":"1 minut"},"schema":{"@context":"https:\/\/schema.org","@graph":[{"@type":"Article","@id":"https:\/\/wp.kristdemokraterna.se\/enskedearstavantor\/morgonkampanj-gullmarsplan-morgonstund-har-guld-i-mun\/#article","isPartOf":{"@id":"https:\/\/wp.kristdemokraterna.se\/enskedearstavantor\/morgonkampanj-gullmarsplan-morgonstund-har-guld-i-mun\/"},"author":{"name":"enskedearstavantor","@id":"https:\/\/wp.kristdemokraterna.se\/enskedearstavantor\/#\/schema\/person\/401a89123ff8f3f185a4745ae2f47ef2"},"headline":"Morgonkampanj Gullmarsplan &#8211; morgonstund har guld i mun","datePublished":"2014-09-03T07:25:18+00:00","dateModified":"2014-09-03T12:03:57+00:00","mainEntityOfPage":{"@id":"https:\/\/wp.kristdemokraterna.se\/enskedearstavantor\/morgonkampanj-gullmarsplan-morgonstund-har-guld-i-mun\/"},"wordCount":266,"image":{"@id":"https:\/\/wp.kristdemokraterna.se\/enskedearstavantor\/morgonkampanj-gullmarsplan-morgonstund-har-guld-i-mun\/#primaryimage"},"thumbnailUrl":"http:\/\/wp.kristdemokraterna.se\/enskedearstavantor\/files\/2014\/09\/imag1841-300x180.jpg","inLanguage":"sv-SE"},{"@type":"WebPage","@id":"https:\/\/wp.kristdemokraterna.se\/enskedearstavantor\/morgonkampanj-gullmarsplan-morgonstund-har-guld-i-mun\/","url":"https:\/\/wp.kristdemokraterna.se\/enskedearstavantor\/morgonkampanj-gullmarsplan-morgonstund-har-guld-i-mun\/","name":"Morgonkampanj Gullmarsplan - morgonstund har guld i mun - Enskede\/\u00c5rsta\/Vant\u00f6r","isPartOf":{"@id":"https:\/\/wp.kristdemokraterna.se\/enskedearstavantor\/#website"},"primaryImageOfPage":{"@id":"https:\/\/wp.kristdemokraterna.se\/enskedearstavantor\/morgonkampanj-gullmarsplan-morgonstund-har-guld-i-mun\/#primaryimage"},"image":{"@id":"https:\/\/wp.kristdemokraterna.se\/enskedearstavantor\/morgonkampanj-gullmarsplan-morgonstund-har-guld-i-mun\/#primaryimage"},"thumbnailUrl":"http:\/\/wp.kristdemokraterna.se\/enskedearstavantor\/files\/2014\/09\/imag1841-300x180.jpg","datePublished":"2014-09-03T07:25:18+00:00","dateModified":"2014-09-03T12:03:57+00:00","author":{"@id":"https:\/\/wp.kristdemokraterna.se\/enskedearstavantor\/#\/schema\/person\/401a89123ff8f3f185a4745ae2f47ef2"},"breadcrumb":{"@id":"https:\/\/wp.kristdemokraterna.se\/enskedearstavantor\/morgonkampanj-gullmarsplan-morgonstund-har-guld-i-mun\/#breadcrumb"},"inLanguage":"sv-SE","potentialAction":[{"@type":"ReadAction","target":["https:\/\/wp.kristdemokraterna.se\/enskedearstavantor\/morgonkampanj-gullmarsplan-morgonstund-har-guld-i-mun\/"]}]},{"@type":"ImageObject","inLanguage":"sv-SE","@id":"https:\/\/wp.kristdemokraterna.se\/enskedearstavantor\/morgonkampanj-gullmarsplan-morgonstund-har-guld-i-mun\/#primaryimage","url":"https:\/\/wp.kristdemokraterna.se\/enskedearstavantor\/files\/2014\/09\/imag1841.jpg","contentUrl":"https:\/\/wp.kristdemokraterna.se\/enskedearstavantor\/files\/2014\/09\/imag1841.jpg","width":1280,"height":768},{"@type":"BreadcrumbList","@id":"https:\/\/wp.kristdemokraterna.se\/enskedearstavantor\/morgonkampanj-gullmarsplan-morgonstund-har-guld-i-mun\/#breadcrumb","itemListElement":[{"@type":"ListItem","position":1,"name":"Hem","item":"https:\/\/wp.kristdemokraterna.se\/enskedearstavantor\/"},{"@type":"ListItem","position":2,"name":"Morgonkampanj Gullmarsplan &#8211; morgonstund har guld i mun"}]},{"@type":"WebSite","@id":"https:\/\/wp.kristdemokraterna.se\/enskedearstavantor\/#website","url":"https:\/\/wp.kristdemokraterna.se\/enskedearstavantor\/","name":"Enskede\/\u00c5rsta\/Vant\u00f6r","description":"En till Kristdemokraterna webbplats","inLanguage":"sv-SE"},{"@type":"Person","@id":"https:\/\/wp.kristdemokraterna.se\/enskedearstavantor\/#\/schema\/person\/401a89123ff8f3f185a4745ae2f47ef2","name":"enskedearstavantor","image":{"@type":"ImageObject","inLanguage":"sv-SE","@id":"https:\/\/secure.gravatar.com\/avatar\/c0cd2cc9ec90cfe374ab4a18753fc96930742b9dc43ccf1f82cfe00180291232?s=96&r=g","url":"https:\/\/secure.gravatar.com\/avatar\/c0cd2cc9ec90cfe374ab4a18753fc96930742b9dc43ccf1f82cfe00180291232?s=96&r=g","contentUrl":"https:\/\/secure.gravatar.com\/avatar\/c0cd2cc9ec90cfe374ab4a18753fc96930742b9dc43ccf1f82cfe00180291232?s=96&r=g","caption":"enskedearstavantor"},"url":"https:\/\/wp.kristdemokraterna.se\/enskedearstavantor\/author\/enskedearstavantor\/"}]}},"_links":{"self":[{"href":"https:\/\/wp.kristdemokraterna.se\/enskedearstavantor\/wp-json\/wp\/v2\/posts\/154","targetHints":{"allow":["GET"]}}],"collection":[{"href":"https:\/\/wp.kristdemokraterna.se\/enskedearstavantor\/wp-json\/wp\/v2\/posts"}],"about":[{"href":"https:\/\/wp.kristdemokraterna.se\/enskedearstavantor\/wp-json\/wp\/v2\/types\/post"}],"author":[{"embeddable":true,"href":"https:\/\/wp.kristdemokraterna.se\/enskedearstavantor\/wp-json\/wp\/v2\/users\/522"}],"replies":[{"embeddable":true,"href":"https:\/\/wp.kristdemokraterna.se\/enskedearstavantor\/wp-json\/wp\/v2\/comments?post=154"}],"version-history":[{"count":4,"href":"https:\/\/wp.kristdemokraterna.se\/enskedearstavantor\/wp-json\/wp\/v2\/posts\/154\/revisions"}],"predecessor-version":[{"id":159,"href":"https:\/\/wp.kristdemokraterna.se\/enskedearstavantor\/wp-json\/wp\/v2\/posts\/154\/revisions\/159"}],"wp:attachment":[{"href":"https:\/\/wp.kristdemokraterna.se\/enskedearstavantor\/wp-json\/wp\/v2\/media?parent=154"}],"wp:term":[{"taxonomy":"category","embeddable":true,"href":"https:\/\/wp.kristdemokraterna.se\/enskedearstavantor\/wp-json\/wp\/v2\/categories?post=154"},{"taxonomy":"post_tag","embeddable":true,"href":"https:\/\/wp.kristdemokraterna.se\/enskedearstavantor\/wp-json\/wp\/v2\/tags?post=154"}],"curies":[{"name":"wp","href":"https:\/\/api.w.org\/{rel}","templated":true}]}}