{"id":58,"date":"2013-11-07T21:12:40","date_gmt":"2013-11-07T20:12:40","guid":{"rendered":"http:\/\/wp.kristdemokraterna.se\/enskedearstavantor\/?p=58"},"modified":"2013-11-07T21:12:40","modified_gmt":"2013-11-07T20:12:40","slug":"hur-far-du-ihop-det","status":"publish","type":"post","link":"https:\/\/wp.kristdemokraterna.se\/enskedearstavantor\/hur-far-du-ihop-det\/","title":{"rendered":"Hur f\u00e5r du ihop det?"},"content":{"rendered":"<p><b>Under h\u00f6sten 2013 handlar Kristdemokraternas arbete om hur det ska bli enklare att kombinera arbete och familjeliv. Under devisen &#8217;Hur f\u00e5r du ihop det?&#8217; ska vi samtala med medborgare om hur vi kan skapa ett familjev\u00e4nligare samh\u00e4lle.\u00a0<\/b><\/p>\n<p><b><\/b>Det finns en period i livet d\u00e5 man har ont om tid, men mycket att g\u00f6ra. Vi k\u00e4mpar f\u00f6r att f\u00e5 ihop det och f\u00f6r att r\u00e4cka till. Arbete, vardags-st\u00e5-hej, barn, familj, v\u00e4nner och fritidsintressen. Detta kan leda till en stress som p\u00e5verkar b\u00e5de vuxna och barn.\u00a0Vi i Kristdemokraterna har best\u00e4mt oss f\u00f6r att g\u00f6ra allt vi kan f\u00f6r att underl\u00e4tta vardagen f\u00f6r s\u00e5 m\u00e5nga familjer som m\u00f6jligt.<\/p>\n<p>Tre av v\u00e5ra f\u00f6rslag \u00e4r:<\/p>\n<p><b>Mindre barngrupper i f\u00f6rskolan<\/b>.F\u00f6r att skapa b\u00e4ttre f\u00f6ruts\u00e4ttningar till en lugn milj\u00f6 och god pedagogisk verksamhet med personal som har tid.<\/p>\n<p><b>Utbyggd och mer flexibel f\u00f6r\u00e4ldraf\u00f6rs\u00e4kring<\/b>.Skapar tid f\u00f6r barnen och ger b\u00e4ttre m\u00f6jligheter att kombinera jobb och familj. Vi s\u00e4ger nej till kvotering, vi vill ut\u00f6ka antalet dagar och h\u00f6ja grundniv\u00e5n.<\/p>\n<p><b>St\u00f6d till ekonomiskt utsatta barnfamiljer<\/b>.Genom s\u00e4nkt skatt p\u00e5 arbete, h\u00f6jda bostadsbidrag och h\u00f6jd grundniv\u00e5 i f\u00f6r\u00e4ldraf\u00f6rs\u00e4kringen vill vi g\u00f6ra det enklare f\u00f6rfamiljer att f\u00e5 ihop ekonomin.<\/p>\n<p>Den 14 november kommer vi att st\u00e5 vid Gullmarsplans T-banestation och samtala med resen\u00e4rer och dela ut information. Kom g\u00e4rna f\u00f6rbi och hj\u00e4lp till &#8211; eller om du hellre vill diskutera de fr\u00e5gor som \u00e4r viktiga f\u00f6r att du och din familj ska f\u00e5 ihop det.<\/p>\n","protected":false},"excerpt":{"rendered":"<p>Under h\u00f6sten 2013 handlar Kristdemokraternas arbete om hur det ska bli enklare att kombinera arbete och familjeliv. Under devisen &#8217;Hur f\u00e5r du ihop det?&#8217; ska vi samtala med medborgare om hur vi kan skapa ett familjev\u00e4nligare samh\u00e4lle.\u00a0 Det finns en period i livet d\u00e5 man har ont om tid, men mycket att g\u00f6ra. Vi k\u00e4mpar <a class=\"read-more-link\" href=\"https:\/\/wp.kristdemokraterna.se\/enskedearstavantor\/hur-far-du-ihop-det\/\">Read More<\/a><\/p>\n","protected":false},"author":522,"featured_media":0,"comment_status":"open","ping_status":"open","sticky":false,"template":"","format":"standard","meta":{"_acf_changed":false,"footnotes":""},"categories":[1],"tags":[],"class_list":["post-58","post","type-post","status-publish","format-standard","hentry","category-okategoriserade"],"acf":[],"yoast_head":"<!-- This site is optimized with the Yoast SEO plugin v27.5 - https:\/\/yoast.com\/product\/yoast-seo-wordpress\/ -->\n<title>Hur f\u00e5r du ihop det? - Enskede\/\u00c5rsta\/Vant\u00f6r<\/title>\n<meta name=\"robots\" content=\"index, follow, max-snippet:-1, max-image-preview:large, max-video-preview:-1\" \/>\n<link rel=\"canonical\" href=\"https:\/\/wp.kristdemokraterna.se\/enskedearstavantor\/hur-far-du-ihop-det\/\" \/>\n<meta property=\"og:locale\" content=\"sv_SE\" \/>\n<meta property=\"og:type\" content=\"article\" \/>\n<meta property=\"og:title\" content=\"Hur f\u00e5r du ihop det? - Enskede\/\u00c5rsta\/Vant\u00f6r\" \/>\n<meta property=\"og:description\" content=\"Under h\u00f6sten 2013 handlar Kristdemokraternas arbete om hur det ska bli enklare att kombinera arbete och familjeliv. Under devisen &#8217;Hur f\u00e5r du ihop det?&#8217; ska vi samtala med medborgare om hur vi kan skapa ett familjev\u00e4nligare samh\u00e4lle.\u00a0 Det finns en period i livet d\u00e5 man har ont om tid, men mycket att g\u00f6ra. Vi k\u00e4mpar Read More\" \/>\n<meta property=\"og:url\" content=\"https:\/\/wp.kristdemokraterna.se\/enskedearstavantor\/hur-far-du-ihop-det\/\" \/>\n<meta property=\"og:site_name\" content=\"Enskede\/\u00c5rsta\/Vant\u00f6r\" \/>\n<meta property=\"article:published_time\" content=\"2013-11-07T20:12:40+00:00\" \/>\n<meta name=\"author\" content=\"enskedearstavantor\" \/>\n<meta name=\"twitter:card\" content=\"summary_large_image\" \/>\n<meta name=\"twitter:label1\" content=\"Skriven av\" \/>\n\t<meta name=\"twitter:data1\" content=\"enskedearstavantor\" \/>\n\t<meta name=\"twitter:label2\" content=\"Ber\u00e4knad l\u00e4stid\" \/>\n\t<meta name=\"twitter:data2\" content=\"1 minut\" \/>\n<script type=\"application\/ld+json\" class=\"yoast-schema-graph\">{\"@context\":\"https:\\\/\\\/schema.org\",\"@graph\":[{\"@type\":\"Article\",\"@id\":\"https:\\\/\\\/wp.kristdemokraterna.se\\\/enskedearstavantor\\\/hur-far-du-ihop-det\\\/#article\",\"isPartOf\":{\"@id\":\"https:\\\/\\\/wp.kristdemokraterna.se\\\/enskedearstavantor\\\/hur-far-du-ihop-det\\\/\"},\"author\":{\"name\":\"enskedearstavantor\",\"@id\":\"https:\\\/\\\/wp.kristdemokraterna.se\\\/enskedearstavantor\\\/#\\\/schema\\\/person\\\/401a89123ff8f3f185a4745ae2f47ef2\"},\"headline\":\"Hur f\u00e5r du ihop det?\",\"datePublished\":\"2013-11-07T20:12:40+00:00\",\"mainEntityOfPage\":{\"@id\":\"https:\\\/\\\/wp.kristdemokraterna.se\\\/enskedearstavantor\\\/hur-far-du-ihop-det\\\/\"},\"wordCount\":297,\"commentCount\":0,\"inLanguage\":\"sv-SE\"},{\"@type\":\"WebPage\",\"@id\":\"https:\\\/\\\/wp.kristdemokraterna.se\\\/enskedearstavantor\\\/hur-far-du-ihop-det\\\/\",\"url\":\"https:\\\/\\\/wp.kristdemokraterna.se\\\/enskedearstavantor\\\/hur-far-du-ihop-det\\\/\",\"name\":\"Hur f\u00e5r du ihop det? - Enskede\\\/\u00c5rsta\\\/Vant\u00f6r\",\"isPartOf\":{\"@id\":\"https:\\\/\\\/wp.kristdemokraterna.se\\\/enskedearstavantor\\\/#website\"},\"datePublished\":\"2013-11-07T20:12:40+00:00\",\"author\":{\"@id\":\"https:\\\/\\\/wp.kristdemokraterna.se\\\/enskedearstavantor\\\/#\\\/schema\\\/person\\\/401a89123ff8f3f185a4745ae2f47ef2\"},\"breadcrumb\":{\"@id\":\"https:\\\/\\\/wp.kristdemokraterna.se\\\/enskedearstavantor\\\/hur-far-du-ihop-det\\\/#breadcrumb\"},\"inLanguage\":\"sv-SE\",\"potentialAction\":[{\"@type\":\"ReadAction\",\"target\":[\"https:\\\/\\\/wp.kristdemokraterna.se\\\/enskedearstavantor\\\/hur-far-du-ihop-det\\\/\"]}]},{\"@type\":\"BreadcrumbList\",\"@id\":\"https:\\\/\\\/wp.kristdemokraterna.se\\\/enskedearstavantor\\\/hur-far-du-ihop-det\\\/#breadcrumb\",\"itemListElement\":[{\"@type\":\"ListItem\",\"position\":1,\"name\":\"Hem\",\"item\":\"https:\\\/\\\/wp.kristdemokraterna.se\\\/enskedearstavantor\\\/\"},{\"@type\":\"ListItem\",\"position\":2,\"name\":\"Hur f\u00e5r du ihop det?\"}]},{\"@type\":\"WebSite\",\"@id\":\"https:\\\/\\\/wp.kristdemokraterna.se\\\/enskedearstavantor\\\/#website\",\"url\":\"https:\\\/\\\/wp.kristdemokraterna.se\\\/enskedearstavantor\\\/\",\"name\":\"Enskede\\\/\u00c5rsta\\\/Vant\u00f6r\",\"description\":\"En till Kristdemokraterna webbplats\",\"inLanguage\":\"sv-SE\"},{\"@type\":\"Person\",\"@id\":\"https:\\\/\\\/wp.kristdemokraterna.se\\\/enskedearstavantor\\\/#\\\/schema\\\/person\\\/401a89123ff8f3f185a4745ae2f47ef2\",\"name\":\"enskedearstavantor\",\"image\":{\"@type\":\"ImageObject\",\"inLanguage\":\"sv-SE\",\"@id\":\"https:\\\/\\\/secure.gravatar.com\\\/avatar\\\/c0cd2cc9ec90cfe374ab4a18753fc96930742b9dc43ccf1f82cfe00180291232?s=96&r=g\",\"url\":\"https:\\\/\\\/secure.gravatar.com\\\/avatar\\\/c0cd2cc9ec90cfe374ab4a18753fc96930742b9dc43ccf1f82cfe00180291232?s=96&r=g\",\"contentUrl\":\"https:\\\/\\\/secure.gravatar.com\\\/avatar\\\/c0cd2cc9ec90cfe374ab4a18753fc96930742b9dc43ccf1f82cfe00180291232?s=96&r=g\",\"caption\":\"enskedearstavantor\"},\"url\":\"https:\\\/\\\/wp.kristdemokraterna.se\\\/enskedearstavantor\\\/author\\\/enskedearstavantor\\\/\"}]}<\/script>\n<!-- \/ Yoast SEO plugin. -->","yoast_head_json":{"title":"Hur f\u00e5r du ihop det? - Enskede\/\u00c5rsta\/Vant\u00f6r","robots":{"index":"index","follow":"follow","max-snippet":"max-snippet:-1","max-image-preview":"max-image-preview:large","max-video-preview":"max-video-preview:-1"},"canonical":"https:\/\/wp.kristdemokraterna.se\/enskedearstavantor\/hur-far-du-ihop-det\/","og_locale":"sv_SE","og_type":"article","og_title":"Hur f\u00e5r du ihop det? - Enskede\/\u00c5rsta\/Vant\u00f6r","og_description":"Under h\u00f6sten 2013 handlar Kristdemokraternas arbete om hur det ska bli enklare att kombinera arbete och familjeliv. Under devisen &#8217;Hur f\u00e5r du ihop det?&#8217; ska vi samtala med medborgare om hur vi kan skapa ett familjev\u00e4nligare samh\u00e4lle.\u00a0 Det finns en period i livet d\u00e5 man har ont om tid, men mycket att g\u00f6ra. Vi k\u00e4mpar Read More","og_url":"https:\/\/wp.kristdemokraterna.se\/enskedearstavantor\/hur-far-du-ihop-det\/","og_site_name":"Enskede\/\u00c5rsta\/Vant\u00f6r","article_published_time":"2013-11-07T20:12:40+00:00","author":"enskedearstavantor","twitter_card":"summary_large_image","twitter_misc":{"Skriven av":"enskedearstavantor","Ber\u00e4knad l\u00e4stid":"1 minut"},"schema":{"@context":"https:\/\/schema.org","@graph":[{"@type":"Article","@id":"https:\/\/wp.kristdemokraterna.se\/enskedearstavantor\/hur-far-du-ihop-det\/#article","isPartOf":{"@id":"https:\/\/wp.kristdemokraterna.se\/enskedearstavantor\/hur-far-du-ihop-det\/"},"author":{"name":"enskedearstavantor","@id":"https:\/\/wp.kristdemokraterna.se\/enskedearstavantor\/#\/schema\/person\/401a89123ff8f3f185a4745ae2f47ef2"},"headline":"Hur f\u00e5r du ihop det?","datePublished":"2013-11-07T20:12:40+00:00","mainEntityOfPage":{"@id":"https:\/\/wp.kristdemokraterna.se\/enskedearstavantor\/hur-far-du-ihop-det\/"},"wordCount":297,"commentCount":0,"inLanguage":"sv-SE"},{"@type":"WebPage","@id":"https:\/\/wp.kristdemokraterna.se\/enskedearstavantor\/hur-far-du-ihop-det\/","url":"https:\/\/wp.kristdemokraterna.se\/enskedearstavantor\/hur-far-du-ihop-det\/","name":"Hur f\u00e5r du ihop det? - Enskede\/\u00c5rsta\/Vant\u00f6r","isPartOf":{"@id":"https:\/\/wp.kristdemokraterna.se\/enskedearstavantor\/#website"},"datePublished":"2013-11-07T20:12:40+00:00","author":{"@id":"https:\/\/wp.kristdemokraterna.se\/enskedearstavantor\/#\/schema\/person\/401a89123ff8f3f185a4745ae2f47ef2"},"breadcrumb":{"@id":"https:\/\/wp.kristdemokraterna.se\/enskedearstavantor\/hur-far-du-ihop-det\/#breadcrumb"},"inLanguage":"sv-SE","potentialAction":[{"@type":"ReadAction","target":["https:\/\/wp.kristdemokraterna.se\/enskedearstavantor\/hur-far-du-ihop-det\/"]}]},{"@type":"BreadcrumbList","@id":"https:\/\/wp.kristdemokraterna.se\/enskedearstavantor\/hur-far-du-ihop-det\/#breadcrumb","itemListElement":[{"@type":"ListItem","position":1,"name":"Hem","item":"https:\/\/wp.kristdemokraterna.se\/enskedearstavantor\/"},{"@type":"ListItem","position":2,"name":"Hur f\u00e5r du ihop det?"}]},{"@type":"WebSite","@id":"https:\/\/wp.kristdemokraterna.se\/enskedearstavantor\/#website","url":"https:\/\/wp.kristdemokraterna.se\/enskedearstavantor\/","name":"Enskede\/\u00c5rsta\/Vant\u00f6r","description":"En till Kristdemokraterna webbplats","inLanguage":"sv-SE"},{"@type":"Person","@id":"https:\/\/wp.kristdemokraterna.se\/enskedearstavantor\/#\/schema\/person\/401a89123ff8f3f185a4745ae2f47ef2","name":"enskedearstavantor","image":{"@type":"ImageObject","inLanguage":"sv-SE","@id":"https:\/\/secure.gravatar.com\/avatar\/c0cd2cc9ec90cfe374ab4a18753fc96930742b9dc43ccf1f82cfe00180291232?s=96&r=g","url":"https:\/\/secure.gravatar.com\/avatar\/c0cd2cc9ec90cfe374ab4a18753fc96930742b9dc43ccf1f82cfe00180291232?s=96&r=g","contentUrl":"https:\/\/secure.gravatar.com\/avatar\/c0cd2cc9ec90cfe374ab4a18753fc96930742b9dc43ccf1f82cfe00180291232?s=96&r=g","caption":"enskedearstavantor"},"url":"https:\/\/wp.kristdemokraterna.se\/enskedearstavantor\/author\/enskedearstavantor\/"}]}},"_links":{"self":[{"href":"https:\/\/wp.kristdemokraterna.se\/enskedearstavantor\/wp-json\/wp\/v2\/posts\/58","targetHints":{"allow":["GET"]}}],"collection":[{"href":"https:\/\/wp.kristdemokraterna.se\/enskedearstavantor\/wp-json\/wp\/v2\/posts"}],"about":[{"href":"https:\/\/wp.kristdemokraterna.se\/enskedearstavantor\/wp-json\/wp\/v2\/types\/post"}],"author":[{"embeddable":true,"href":"https:\/\/wp.kristdemokraterna.se\/enskedearstavantor\/wp-json\/wp\/v2\/users\/522"}],"replies":[{"embeddable":true,"href":"https:\/\/wp.kristdemokraterna.se\/enskedearstavantor\/wp-json\/wp\/v2\/comments?post=58"}],"version-history":[{"count":1,"href":"https:\/\/wp.kristdemokraterna.se\/enskedearstavantor\/wp-json\/wp\/v2\/posts\/58\/revisions"}],"predecessor-version":[{"id":59,"href":"https:\/\/wp.kristdemokraterna.se\/enskedearstavantor\/wp-json\/wp\/v2\/posts\/58\/revisions\/59"}],"wp:attachment":[{"href":"https:\/\/wp.kristdemokraterna.se\/enskedearstavantor\/wp-json\/wp\/v2\/media?parent=58"}],"wp:term":[{"taxonomy":"category","embeddable":true,"href":"https:\/\/wp.kristdemokraterna.se\/enskedearstavantor\/wp-json\/wp\/v2\/categories?post=58"},{"taxonomy":"post_tag","embeddable":true,"href":"https:\/\/wp.kristdemokraterna.se\/enskedearstavantor\/wp-json\/wp\/v2\/tags?post=58"}],"curies":[{"name":"wp","href":"https:\/\/api.w.org\/{rel}","templated":true}]}}