{"id":61,"date":"2013-11-14T09:53:02","date_gmt":"2013-11-14T08:53:02","guid":{"rendered":"http:\/\/wp.kristdemokraterna.se\/enskedearstavantor\/?p=61"},"modified":"2013-11-14T09:53:02","modified_gmt":"2013-11-14T08:53:02","slug":"torsdag-07-33-vid-gullmarsplan-hur-far-du-ihop-det","status":"publish","type":"post","link":"https:\/\/wp.kristdemokraterna.se\/enskedearstavantor\/torsdag-07-33-vid-gullmarsplan-hur-far-du-ihop-det\/","title":{"rendered":"Torsdag 07.33 vid Gullmarsplan &#8211; &#8221;hur f\u00e5r du ihop det?&#8221;"},"content":{"rendered":"<p style=\"text-align: center\"><a href=\"http:\/\/wp.kristdemokraterna.se\/enskedearstavantor\/files\/2013\/11\/bildkampanj-Gullmarsplan.jpg\"><img loading=\"lazy\" decoding=\"async\" class=\"aligncenter size-large wp-image-62\" alt=\"bildkampanj Gullmarsplan\" src=\"http:\/\/wp.kristdemokraterna.se\/enskedearstavantor\/files\/2013\/11\/bildkampanj-Gullmarsplan-540x403.jpg\" width=\"540\" height=\"403\" srcset=\"https:\/\/wp.kristdemokraterna.se\/enskedearstavantor\/files\/2013\/11\/bildkampanj-Gullmarsplan-540x403.jpg 540w, https:\/\/wp.kristdemokraterna.se\/enskedearstavantor\/files\/2013\/11\/bildkampanj-Gullmarsplan-300x224.jpg 300w, https:\/\/wp.kristdemokraterna.se\/enskedearstavantor\/files\/2013\/11\/bildkampanj-Gullmarsplan-600x448.jpg 600w, https:\/\/wp.kristdemokraterna.se\/enskedearstavantor\/files\/2013\/11\/bildkampanj-Gullmarsplan-463x346.jpg 463w, https:\/\/wp.kristdemokraterna.se\/enskedearstavantor\/files\/2013\/11\/bildkampanj-Gullmarsplan-149x112.jpg 149w, https:\/\/wp.kristdemokraterna.se\/enskedearstavantor\/files\/2013\/11\/bildkampanj-Gullmarsplan.jpg 1296w\" sizes=\"auto, (max-width: 540px) 100vw, 540px\" \/><\/a><\/p>\n<p>Idag stod vi n\u00e5gra stycken fr\u00e5n lokalavdelningen och delade ut flygblad till f\u00f6rbipasserande och pendlare p\u00e5 v\u00e4g till jobbet. En grymt bra och givande start p\u00e5 dagen tycker jag!<\/p>\n<p>Vissa har br\u00e5ttom m\u00e4rker man, en mamma stod med sitt skrikande barn i famnen och barnvagnen bredvid och f\u00f6rs\u00f6kte febrilt att \u00f6vertyga sonen om att de inte kunde st\u00e5 kvar d\u00e4r hela dagen utan g\u00e5 vidare till <span style=\"color: #99cc00\">dagis<\/span>. En pappa skyndade f\u00f6rbi med sin tjoande dotter p\u00e5 axlarna samtidigt som han f\u00f6rs\u00f6kte tr\u00e4nga sig igenom folkmassan p\u00e5 v\u00e4g till tunnelbanan. Det \u00e4r <span style=\"color: #99cc00\">inte l\u00e4tt<\/span> att f\u00e5 ihop det!<\/p>\n<p>Vi kristdemokrater har just nu en h\u00f6stkampanj som st\u00e4ller just denna viktiga fr\u00e5ga: &#8221;hur f\u00e5r du ihop det?&#8221;. Det kan handla om hur du parerar arbetsliv med privatliv, power points med <span style=\"color: #99cc00\">barnuppfostran<\/span>, eller konferenser med <span style=\"color: #99cc00\">spinning<\/span> &#8211; men d\u00e5 och d\u00e5 m\u00e5ste man \u00e4nd\u00e5 st\u00e4lla sig fr\u00e5gan &#8221;hur ska jag f\u00e5 ihop det h\u00e4r?&#8221;. Kristdemokraterna menar att det \u00e4r familjens r\u00f6st som m\u00e5ste komma fram i dagens brus av m\u00e5sten och <span style=\"color: #99cc00\">ansvarstagande<\/span> &#8211; hj\u00e4lp till de som beh\u00f6ver det mest och st\u00f6d till de familjer som helt enkelt inte orkar eller kan f\u00e5 ihop vardagen av olika anledningar.<\/p>\n<p>Vi vill h\u00f6ja bostadsbidraget och h\u00f6ja grundniv\u00e5n i f\u00f6r\u00e4ldraf\u00f6rs\u00e4kringen, just f\u00f6r att g\u00f6ra det enklare f\u00f6r vanliga familjer att f\u00e5 ihop det. Vi vill ha mindre barnomsorgsgrupper f\u00f6r att skapa f\u00f6ruts\u00e4ttningar f\u00f6r en <span style=\"color: #99cc00\">lugnare<\/span> och god pedagogisk milj\u00f6. Vi vill ocks\u00e5 bygga ut f\u00f6r\u00e4ldraf\u00f6rs\u00e4kringen f\u00f6r att skapa mer tid f\u00f6r barnen och ge b\u00e4ttre m\u00f6jligheter f\u00f6r f\u00f6r\u00e4ldrar att kombinera jobb och familj.<\/p>\n<p>S\u00e5 n\u00e4sta g\u00e5ng du som mest stressar dig igenom morgonen, skyndar dig till pendeln eller slukar din kanelbulle fr\u00e5n Pressbyr\u00e5n kan du ju st\u00e4lla fr\u00e5gan till n\u00e5gon &#8211; &#8221;<span style=\"color: #99cc00\">hur f\u00e5r du ihop det?<\/span>&#8221;, Vi kristdemokrater driver de h\u00e4r fr\u00e5gorna d\u00e4rf\u00f6r att det \u00e4r den vardag m\u00e4nniskor lever i. Fr\u00e5gan \u00e4r viktig att st\u00e4lla. Var g\u00e4rna med n\u00e4sta g\u00e5ng vi kampanjar s\u00e5 bidrar du till att fr\u00e5gan om hur man kan g\u00f6ra det enklare f\u00f6r familjer lyfts! F\u00f6r <span style=\"color: #99cc00\">familjens r\u00f6st<\/span>.<\/p>\n<p>&nbsp;<\/p>\n<p>\/Alexandra, KD Enskede\/\u00c5rsta\/Vant\u00f6r<\/p>\n<p>&nbsp;<\/p>\n","protected":false},"excerpt":{"rendered":"<p>Idag stod vi n\u00e5gra stycken fr\u00e5n lokalavdelningen och delade ut flygblad till f\u00f6rbipasserande och pendlare p\u00e5 v\u00e4g till jobbet. En grymt bra och givande start p\u00e5 dagen tycker jag! Vissa har br\u00e5ttom m\u00e4rker man, en mamma stod med sitt skrikande barn i famnen och barnvagnen bredvid och f\u00f6rs\u00f6kte febrilt att \u00f6vertyga sonen om att de <a class=\"read-more-link\" href=\"https:\/\/wp.kristdemokraterna.se\/enskedearstavantor\/torsdag-07-33-vid-gullmarsplan-hur-far-du-ihop-det\/\">Read More<\/a><\/p>\n","protected":false},"author":522,"featured_media":0,"comment_status":"open","ping_status":"open","sticky":false,"template":"","format":"standard","meta":{"_acf_changed":false,"footnotes":""},"categories":[1],"tags":[],"class_list":["post-61","post","type-post","status-publish","format-standard","hentry","category-okategoriserade"],"acf":[],"yoast_head":"<!-- This site is optimized with the Yoast SEO plugin v27.5 - https:\/\/yoast.com\/product\/yoast-seo-wordpress\/ -->\n<title>Torsdag 07.33 vid Gullmarsplan - &quot;hur f\u00e5r du ihop det?&quot; - Enskede\/\u00c5rsta\/Vant\u00f6r<\/title>\n<meta name=\"robots\" content=\"index, follow, max-snippet:-1, max-image-preview:large, max-video-preview:-1\" \/>\n<link rel=\"canonical\" href=\"https:\/\/wp.kristdemokraterna.se\/enskedearstavantor\/torsdag-07-33-vid-gullmarsplan-hur-far-du-ihop-det\/\" \/>\n<meta property=\"og:locale\" content=\"sv_SE\" \/>\n<meta property=\"og:type\" content=\"article\" \/>\n<meta property=\"og:title\" content=\"Torsdag 07.33 vid Gullmarsplan - &quot;hur f\u00e5r du ihop det?&quot; - Enskede\/\u00c5rsta\/Vant\u00f6r\" \/>\n<meta property=\"og:description\" content=\"Idag stod vi n\u00e5gra stycken fr\u00e5n lokalavdelningen och delade ut flygblad till f\u00f6rbipasserande och pendlare p\u00e5 v\u00e4g till jobbet. En grymt bra och givande start p\u00e5 dagen tycker jag! Vissa har br\u00e5ttom m\u00e4rker man, en mamma stod med sitt skrikande barn i famnen och barnvagnen bredvid och f\u00f6rs\u00f6kte febrilt att \u00f6vertyga sonen om att de Read More\" \/>\n<meta property=\"og:url\" content=\"https:\/\/wp.kristdemokraterna.se\/enskedearstavantor\/torsdag-07-33-vid-gullmarsplan-hur-far-du-ihop-det\/\" \/>\n<meta property=\"og:site_name\" content=\"Enskede\/\u00c5rsta\/Vant\u00f6r\" \/>\n<meta property=\"article:published_time\" content=\"2013-11-14T08:53:02+00:00\" \/>\n<meta property=\"og:image\" content=\"http:\/\/wp.kristdemokraterna.se\/enskedearstavantor\/files\/2013\/11\/bildkampanj-Gullmarsplan-540x403.jpg\" \/>\n<meta name=\"author\" content=\"enskedearstavantor\" \/>\n<meta name=\"twitter:card\" content=\"summary_large_image\" \/>\n<meta name=\"twitter:label1\" content=\"Skriven av\" \/>\n\t<meta name=\"twitter:data1\" content=\"enskedearstavantor\" \/>\n\t<meta name=\"twitter:label2\" content=\"Ber\u00e4knad l\u00e4stid\" \/>\n\t<meta name=\"twitter:data2\" content=\"2 minuter\" \/>\n<script type=\"application\/ld+json\" class=\"yoast-schema-graph\">{\"@context\":\"https:\\\/\\\/schema.org\",\"@graph\":[{\"@type\":\"Article\",\"@id\":\"https:\\\/\\\/wp.kristdemokraterna.se\\\/enskedearstavantor\\\/torsdag-07-33-vid-gullmarsplan-hur-far-du-ihop-det\\\/#article\",\"isPartOf\":{\"@id\":\"https:\\\/\\\/wp.kristdemokraterna.se\\\/enskedearstavantor\\\/torsdag-07-33-vid-gullmarsplan-hur-far-du-ihop-det\\\/\"},\"author\":{\"name\":\"enskedearstavantor\",\"@id\":\"https:\\\/\\\/wp.kristdemokraterna.se\\\/enskedearstavantor\\\/#\\\/schema\\\/person\\\/401a89123ff8f3f185a4745ae2f47ef2\"},\"headline\":\"Torsdag 07.33 vid Gullmarsplan &#8211; &#8221;hur f\u00e5r du ihop det?&#8221;\",\"datePublished\":\"2013-11-14T08:53:02+00:00\",\"mainEntityOfPage\":{\"@id\":\"https:\\\/\\\/wp.kristdemokraterna.se\\\/enskedearstavantor\\\/torsdag-07-33-vid-gullmarsplan-hur-far-du-ihop-det\\\/\"},\"wordCount\":431,\"commentCount\":0,\"image\":{\"@id\":\"https:\\\/\\\/wp.kristdemokraterna.se\\\/enskedearstavantor\\\/torsdag-07-33-vid-gullmarsplan-hur-far-du-ihop-det\\\/#primaryimage\"},\"thumbnailUrl\":\"http:\\\/\\\/wp.kristdemokraterna.se\\\/enskedearstavantor\\\/files\\\/2013\\\/11\\\/bildkampanj-Gullmarsplan-540x403.jpg\",\"inLanguage\":\"sv-SE\"},{\"@type\":\"WebPage\",\"@id\":\"https:\\\/\\\/wp.kristdemokraterna.se\\\/enskedearstavantor\\\/torsdag-07-33-vid-gullmarsplan-hur-far-du-ihop-det\\\/\",\"url\":\"https:\\\/\\\/wp.kristdemokraterna.se\\\/enskedearstavantor\\\/torsdag-07-33-vid-gullmarsplan-hur-far-du-ihop-det\\\/\",\"name\":\"Torsdag 07.33 vid Gullmarsplan - \\\"hur f\u00e5r du ihop det?\\\" - Enskede\\\/\u00c5rsta\\\/Vant\u00f6r\",\"isPartOf\":{\"@id\":\"https:\\\/\\\/wp.kristdemokraterna.se\\\/enskedearstavantor\\\/#website\"},\"primaryImageOfPage\":{\"@id\":\"https:\\\/\\\/wp.kristdemokraterna.se\\\/enskedearstavantor\\\/torsdag-07-33-vid-gullmarsplan-hur-far-du-ihop-det\\\/#primaryimage\"},\"image\":{\"@id\":\"https:\\\/\\\/wp.kristdemokraterna.se\\\/enskedearstavantor\\\/torsdag-07-33-vid-gullmarsplan-hur-far-du-ihop-det\\\/#primaryimage\"},\"thumbnailUrl\":\"http:\\\/\\\/wp.kristdemokraterna.se\\\/enskedearstavantor\\\/files\\\/2013\\\/11\\\/bildkampanj-Gullmarsplan-540x403.jpg\",\"datePublished\":\"2013-11-14T08:53:02+00:00\",\"author\":{\"@id\":\"https:\\\/\\\/wp.kristdemokraterna.se\\\/enskedearstavantor\\\/#\\\/schema\\\/person\\\/401a89123ff8f3f185a4745ae2f47ef2\"},\"breadcrumb\":{\"@id\":\"https:\\\/\\\/wp.kristdemokraterna.se\\\/enskedearstavantor\\\/torsdag-07-33-vid-gullmarsplan-hur-far-du-ihop-det\\\/#breadcrumb\"},\"inLanguage\":\"sv-SE\",\"potentialAction\":[{\"@type\":\"ReadAction\",\"target\":[\"https:\\\/\\\/wp.kristdemokraterna.se\\\/enskedearstavantor\\\/torsdag-07-33-vid-gullmarsplan-hur-far-du-ihop-det\\\/\"]}]},{\"@type\":\"ImageObject\",\"inLanguage\":\"sv-SE\",\"@id\":\"https:\\\/\\\/wp.kristdemokraterna.se\\\/enskedearstavantor\\\/torsdag-07-33-vid-gullmarsplan-hur-far-du-ihop-det\\\/#primaryimage\",\"url\":\"https:\\\/\\\/wp.kristdemokraterna.se\\\/enskedearstavantor\\\/files\\\/2013\\\/11\\\/bildkampanj-Gullmarsplan.jpg\",\"contentUrl\":\"https:\\\/\\\/wp.kristdemokraterna.se\\\/enskedearstavantor\\\/files\\\/2013\\\/11\\\/bildkampanj-Gullmarsplan.jpg\",\"width\":1296,\"height\":968},{\"@type\":\"BreadcrumbList\",\"@id\":\"https:\\\/\\\/wp.kristdemokraterna.se\\\/enskedearstavantor\\\/torsdag-07-33-vid-gullmarsplan-hur-far-du-ihop-det\\\/#breadcrumb\",\"itemListElement\":[{\"@type\":\"ListItem\",\"position\":1,\"name\":\"Hem\",\"item\":\"https:\\\/\\\/wp.kristdemokraterna.se\\\/enskedearstavantor\\\/\"},{\"@type\":\"ListItem\",\"position\":2,\"name\":\"Torsdag 07.33 vid Gullmarsplan &#8211; &#8221;hur f\u00e5r du ihop det?&#8221;\"}]},{\"@type\":\"WebSite\",\"@id\":\"https:\\\/\\\/wp.kristdemokraterna.se\\\/enskedearstavantor\\\/#website\",\"url\":\"https:\\\/\\\/wp.kristdemokraterna.se\\\/enskedearstavantor\\\/\",\"name\":\"Enskede\\\/\u00c5rsta\\\/Vant\u00f6r\",\"description\":\"En till Kristdemokraterna webbplats\",\"inLanguage\":\"sv-SE\"},{\"@type\":\"Person\",\"@id\":\"https:\\\/\\\/wp.kristdemokraterna.se\\\/enskedearstavantor\\\/#\\\/schema\\\/person\\\/401a89123ff8f3f185a4745ae2f47ef2\",\"name\":\"enskedearstavantor\",\"image\":{\"@type\":\"ImageObject\",\"inLanguage\":\"sv-SE\",\"@id\":\"https:\\\/\\\/secure.gravatar.com\\\/avatar\\\/c0cd2cc9ec90cfe374ab4a18753fc96930742b9dc43ccf1f82cfe00180291232?s=96&r=g\",\"url\":\"https:\\\/\\\/secure.gravatar.com\\\/avatar\\\/c0cd2cc9ec90cfe374ab4a18753fc96930742b9dc43ccf1f82cfe00180291232?s=96&r=g\",\"contentUrl\":\"https:\\\/\\\/secure.gravatar.com\\\/avatar\\\/c0cd2cc9ec90cfe374ab4a18753fc96930742b9dc43ccf1f82cfe00180291232?s=96&r=g\",\"caption\":\"enskedearstavantor\"},\"url\":\"https:\\\/\\\/wp.kristdemokraterna.se\\\/enskedearstavantor\\\/author\\\/enskedearstavantor\\\/\"}]}<\/script>\n<!-- \/ Yoast SEO plugin. -->","yoast_head_json":{"title":"Torsdag 07.33 vid Gullmarsplan - \"hur f\u00e5r du ihop det?\" - Enskede\/\u00c5rsta\/Vant\u00f6r","robots":{"index":"index","follow":"follow","max-snippet":"max-snippet:-1","max-image-preview":"max-image-preview:large","max-video-preview":"max-video-preview:-1"},"canonical":"https:\/\/wp.kristdemokraterna.se\/enskedearstavantor\/torsdag-07-33-vid-gullmarsplan-hur-far-du-ihop-det\/","og_locale":"sv_SE","og_type":"article","og_title":"Torsdag 07.33 vid Gullmarsplan - \"hur f\u00e5r du ihop det?\" - Enskede\/\u00c5rsta\/Vant\u00f6r","og_description":"Idag stod vi n\u00e5gra stycken fr\u00e5n lokalavdelningen och delade ut flygblad till f\u00f6rbipasserande och pendlare p\u00e5 v\u00e4g till jobbet. En grymt bra och givande start p\u00e5 dagen tycker jag! Vissa har br\u00e5ttom m\u00e4rker man, en mamma stod med sitt skrikande barn i famnen och barnvagnen bredvid och f\u00f6rs\u00f6kte febrilt att \u00f6vertyga sonen om att de Read More","og_url":"https:\/\/wp.kristdemokraterna.se\/enskedearstavantor\/torsdag-07-33-vid-gullmarsplan-hur-far-du-ihop-det\/","og_site_name":"Enskede\/\u00c5rsta\/Vant\u00f6r","article_published_time":"2013-11-14T08:53:02+00:00","og_image":[{"url":"http:\/\/wp.kristdemokraterna.se\/enskedearstavantor\/files\/2013\/11\/bildkampanj-Gullmarsplan-540x403.jpg","type":"","width":"","height":""}],"author":"enskedearstavantor","twitter_card":"summary_large_image","twitter_misc":{"Skriven av":"enskedearstavantor","Ber\u00e4knad l\u00e4stid":"2 minuter"},"schema":{"@context":"https:\/\/schema.org","@graph":[{"@type":"Article","@id":"https:\/\/wp.kristdemokraterna.se\/enskedearstavantor\/torsdag-07-33-vid-gullmarsplan-hur-far-du-ihop-det\/#article","isPartOf":{"@id":"https:\/\/wp.kristdemokraterna.se\/enskedearstavantor\/torsdag-07-33-vid-gullmarsplan-hur-far-du-ihop-det\/"},"author":{"name":"enskedearstavantor","@id":"https:\/\/wp.kristdemokraterna.se\/enskedearstavantor\/#\/schema\/person\/401a89123ff8f3f185a4745ae2f47ef2"},"headline":"Torsdag 07.33 vid Gullmarsplan &#8211; &#8221;hur f\u00e5r du ihop det?&#8221;","datePublished":"2013-11-14T08:53:02+00:00","mainEntityOfPage":{"@id":"https:\/\/wp.kristdemokraterna.se\/enskedearstavantor\/torsdag-07-33-vid-gullmarsplan-hur-far-du-ihop-det\/"},"wordCount":431,"commentCount":0,"image":{"@id":"https:\/\/wp.kristdemokraterna.se\/enskedearstavantor\/torsdag-07-33-vid-gullmarsplan-hur-far-du-ihop-det\/#primaryimage"},"thumbnailUrl":"http:\/\/wp.kristdemokraterna.se\/enskedearstavantor\/files\/2013\/11\/bildkampanj-Gullmarsplan-540x403.jpg","inLanguage":"sv-SE"},{"@type":"WebPage","@id":"https:\/\/wp.kristdemokraterna.se\/enskedearstavantor\/torsdag-07-33-vid-gullmarsplan-hur-far-du-ihop-det\/","url":"https:\/\/wp.kristdemokraterna.se\/enskedearstavantor\/torsdag-07-33-vid-gullmarsplan-hur-far-du-ihop-det\/","name":"Torsdag 07.33 vid Gullmarsplan - \"hur f\u00e5r du ihop det?\" - Enskede\/\u00c5rsta\/Vant\u00f6r","isPartOf":{"@id":"https:\/\/wp.kristdemokraterna.se\/enskedearstavantor\/#website"},"primaryImageOfPage":{"@id":"https:\/\/wp.kristdemokraterna.se\/enskedearstavantor\/torsdag-07-33-vid-gullmarsplan-hur-far-du-ihop-det\/#primaryimage"},"image":{"@id":"https:\/\/wp.kristdemokraterna.se\/enskedearstavantor\/torsdag-07-33-vid-gullmarsplan-hur-far-du-ihop-det\/#primaryimage"},"thumbnailUrl":"http:\/\/wp.kristdemokraterna.se\/enskedearstavantor\/files\/2013\/11\/bildkampanj-Gullmarsplan-540x403.jpg","datePublished":"2013-11-14T08:53:02+00:00","author":{"@id":"https:\/\/wp.kristdemokraterna.se\/enskedearstavantor\/#\/schema\/person\/401a89123ff8f3f185a4745ae2f47ef2"},"breadcrumb":{"@id":"https:\/\/wp.kristdemokraterna.se\/enskedearstavantor\/torsdag-07-33-vid-gullmarsplan-hur-far-du-ihop-det\/#breadcrumb"},"inLanguage":"sv-SE","potentialAction":[{"@type":"ReadAction","target":["https:\/\/wp.kristdemokraterna.se\/enskedearstavantor\/torsdag-07-33-vid-gullmarsplan-hur-far-du-ihop-det\/"]}]},{"@type":"ImageObject","inLanguage":"sv-SE","@id":"https:\/\/wp.kristdemokraterna.se\/enskedearstavantor\/torsdag-07-33-vid-gullmarsplan-hur-far-du-ihop-det\/#primaryimage","url":"https:\/\/wp.kristdemokraterna.se\/enskedearstavantor\/files\/2013\/11\/bildkampanj-Gullmarsplan.jpg","contentUrl":"https:\/\/wp.kristdemokraterna.se\/enskedearstavantor\/files\/2013\/11\/bildkampanj-Gullmarsplan.jpg","width":1296,"height":968},{"@type":"BreadcrumbList","@id":"https:\/\/wp.kristdemokraterna.se\/enskedearstavantor\/torsdag-07-33-vid-gullmarsplan-hur-far-du-ihop-det\/#breadcrumb","itemListElement":[{"@type":"ListItem","position":1,"name":"Hem","item":"https:\/\/wp.kristdemokraterna.se\/enskedearstavantor\/"},{"@type":"ListItem","position":2,"name":"Torsdag 07.33 vid Gullmarsplan &#8211; &#8221;hur f\u00e5r du ihop det?&#8221;"}]},{"@type":"WebSite","@id":"https:\/\/wp.kristdemokraterna.se\/enskedearstavantor\/#website","url":"https:\/\/wp.kristdemokraterna.se\/enskedearstavantor\/","name":"Enskede\/\u00c5rsta\/Vant\u00f6r","description":"En till Kristdemokraterna webbplats","inLanguage":"sv-SE"},{"@type":"Person","@id":"https:\/\/wp.kristdemokraterna.se\/enskedearstavantor\/#\/schema\/person\/401a89123ff8f3f185a4745ae2f47ef2","name":"enskedearstavantor","image":{"@type":"ImageObject","inLanguage":"sv-SE","@id":"https:\/\/secure.gravatar.com\/avatar\/c0cd2cc9ec90cfe374ab4a18753fc96930742b9dc43ccf1f82cfe00180291232?s=96&r=g","url":"https:\/\/secure.gravatar.com\/avatar\/c0cd2cc9ec90cfe374ab4a18753fc96930742b9dc43ccf1f82cfe00180291232?s=96&r=g","contentUrl":"https:\/\/secure.gravatar.com\/avatar\/c0cd2cc9ec90cfe374ab4a18753fc96930742b9dc43ccf1f82cfe00180291232?s=96&r=g","caption":"enskedearstavantor"},"url":"https:\/\/wp.kristdemokraterna.se\/enskedearstavantor\/author\/enskedearstavantor\/"}]}},"_links":{"self":[{"href":"https:\/\/wp.kristdemokraterna.se\/enskedearstavantor\/wp-json\/wp\/v2\/posts\/61","targetHints":{"allow":["GET"]}}],"collection":[{"href":"https:\/\/wp.kristdemokraterna.se\/enskedearstavantor\/wp-json\/wp\/v2\/posts"}],"about":[{"href":"https:\/\/wp.kristdemokraterna.se\/enskedearstavantor\/wp-json\/wp\/v2\/types\/post"}],"author":[{"embeddable":true,"href":"https:\/\/wp.kristdemokraterna.se\/enskedearstavantor\/wp-json\/wp\/v2\/users\/522"}],"replies":[{"embeddable":true,"href":"https:\/\/wp.kristdemokraterna.se\/enskedearstavantor\/wp-json\/wp\/v2\/comments?post=61"}],"version-history":[{"count":6,"href":"https:\/\/wp.kristdemokraterna.se\/enskedearstavantor\/wp-json\/wp\/v2\/posts\/61\/revisions"}],"predecessor-version":[{"id":68,"href":"https:\/\/wp.kristdemokraterna.se\/enskedearstavantor\/wp-json\/wp\/v2\/posts\/61\/revisions\/68"}],"wp:attachment":[{"href":"https:\/\/wp.kristdemokraterna.se\/enskedearstavantor\/wp-json\/wp\/v2\/media?parent=61"}],"wp:term":[{"taxonomy":"category","embeddable":true,"href":"https:\/\/wp.kristdemokraterna.se\/enskedearstavantor\/wp-json\/wp\/v2\/categories?post=61"},{"taxonomy":"post_tag","embeddable":true,"href":"https:\/\/wp.kristdemokraterna.se\/enskedearstavantor\/wp-json\/wp\/v2\/tags?post=61"}],"curies":[{"name":"wp","href":"https:\/\/api.w.org\/{rel}","templated":true}]}}