{"id":831,"date":"2026-09-03T11:02:14","date_gmt":"2026-09-03T09:02:14","guid":{"rendered":"https:\/\/wp.kristdemokraterna.se\/eskilstuna\/?p=831"},"modified":"2026-09-03T11:25:09","modified_gmt":"2026-09-03T09:25:09","slug":"kristdemokraternas-valloften-2026-2030","status":"publish","type":"post","link":"https:\/\/wp.kristdemokraterna.se\/eskilstuna\/kristdemokraternas-valloften-2026-2030\/","title":{"rendered":"Kristdemokraternas vall\u00f6ften 2026\u20132030"},"content":{"rendered":"<p><strong>V\u00e5rt inflytande ska ge resultat f\u00f6r mandatperioden 2026-2030!<\/strong><\/p>\n<p><a href=\"http:\/\/wp.kristdemokraterna.se\/eskilstuna\/files\/2026\/09\/ett-nytt-eskilstuna.png\"><img loading=\"lazy\" decoding=\"async\" class=\"alignnone size-medium wp-image-832\" src=\"http:\/\/wp.kristdemokraterna.se\/eskilstuna\/files\/2026\/09\/ett-nytt-eskilstuna-300x111.png\" alt=\"\" width=\"300\" height=\"111\" srcset=\"https:\/\/wp.kristdemokraterna.se\/eskilstuna\/files\/2026\/09\/ett-nytt-eskilstuna-300x111.png 300w, https:\/\/wp.kristdemokraterna.se\/eskilstuna\/files\/2026\/09\/ett-nytt-eskilstuna-1024x379.png 1024w, https:\/\/wp.kristdemokraterna.se\/eskilstuna\/files\/2026\/09\/ett-nytt-eskilstuna-768x284.png 768w, https:\/\/wp.kristdemokraterna.se\/eskilstuna\/files\/2026\/09\/ett-nytt-eskilstuna-370x137.png 370w, https:\/\/wp.kristdemokraterna.se\/eskilstuna\/files\/2026\/09\/ett-nytt-eskilstuna-770x285.png 770w, https:\/\/wp.kristdemokraterna.se\/eskilstuna\/files\/2026\/09\/ett-nytt-eskilstuna-450x167.png 450w, https:\/\/wp.kristdemokraterna.se\/eskilstuna\/files\/2026\/09\/ett-nytt-eskilstuna-280x104.png 280w, https:\/\/wp.kristdemokraterna.se\/eskilstuna\/files\/2026\/09\/ett-nytt-eskilstuna-340x126.png 340w, https:\/\/wp.kristdemokraterna.se\/eskilstuna\/files\/2026\/09\/ett-nytt-eskilstuna-200x74.png 200w, https:\/\/wp.kristdemokraterna.se\/eskilstuna\/files\/2026\/09\/ett-nytt-eskilstuna-151x56.png 151w, https:\/\/wp.kristdemokraterna.se\/eskilstuna\/files\/2026\/09\/ett-nytt-eskilstuna.png 1064w\" sizes=\"auto, (max-width: 300px) 100vw, 300px\" \/><\/a><\/p>\n<p><strong>**Ekonomi**<\/strong><\/p>\n<p>* Stoppa utdelningarna fr\u00e5n EEM och Kfast.<br \/>\n* Bromsa skuld\u00f6kningen. Prioritera k\u00e4rnverksamhet och underh\u00e5ll framf\u00f6r prestigeprojekt.<\/p>\n<p><strong>**Bostadspolitik**<\/strong><\/p>\n<p>* Stoppa byggandet av hyresl\u00e4genheter i etablerade villaomr\u00e5den.<br \/>\n* Erbjuda villatomter till sj\u00e4lvkostnadspris.<\/p>\n<p><strong>**Milj\u00f6**<\/strong><\/p>\n<p>* St\u00e4da upp i Barva efter Think Pink-skandalen.<\/p>\n<p><strong>**Trygghet**<\/strong><\/p>\n<p>* Inf\u00f6ra omr\u00e5desvakter med en egen larmlinje.<br \/>\n* Inr\u00e4tta en kommunberedskaps- och trygghetsn\u00e4mnd.<\/p>\n<p><strong>**\u00c4ldreomsorg**<\/strong><\/p>\n<p>* Inf\u00f6ra en boendegaranti f\u00f6r personer \u00f6ver 80 \u00e5r.<br \/>\n* Skapa ett seniorcenter f\u00f6r gemenskap, h\u00e4lsa och service.<br \/>\n* Inf\u00f6ra lagad mat p\u00e5 \u00e4ldreboendena.<\/p>\n<p><strong>**Skola**<\/strong><\/p>\n<p>* Inf\u00f6ra tv\u00e5 l\u00e4rare i klassrummet d\u00e4r behoven \u00e4r som st\u00f6rst.<br \/>\n* S\u00e4tta studiero och kunskap f\u00f6rst och st\u00e4rka rektorernas mandat.<br \/>\n* Ge hemmasittande elever en individuell handlingsplan och tidigt st\u00f6d.<\/p>\n<p><strong>**F\u00f6retagande**<\/strong><\/p>\n<p>* Minska regelkr\u00e5nglet och korta handl\u00e4ggningstiderna f\u00f6r f\u00f6retagare.<\/p>\n<p><strong>**Centrum**<\/strong><\/p>\n<p>* G\u00f6ra \u00f6ppnandet av Drottninggatan permanent.<br \/>\n* Inf\u00f6ra avgiftsfri bes\u00f6ksparkering med P-skiva.<br \/>\n* F\u00f6rb\u00e4ttra pendlarparkeringen vid j\u00e4rnv\u00e4gsstationen.<\/p>\n<p><strong>**Landsbygd**<\/strong><\/p>\n<p>* V\u00e4rna \u00e4gander\u00e4tten.<br \/>\n* Anl\u00e4gga trygga och upplysta pendlarparkeringar.<br \/>\n* Underl\u00e4tta strandn\u00e4ra byggande.<\/p>\n","protected":false},"excerpt":{"rendered":"<p>V\u00e5rt inflytande ska ge resultat f\u00f6r mandatperioden 2026-2030! **Ekonomi** * Stoppa utdelningarna fr\u00e5n EEM och Kfast. * Bromsa skuld\u00f6kningen. Prioritera k\u00e4rnverksamhet och underh\u00e5ll framf\u00f6r prestigeprojekt. **Bostadspolitik** * Stoppa byggandet av hyresl\u00e4genheter i etablerade villaomr\u00e5den. * Erbjuda villatomter till sj\u00e4lvkostnadspris. **Milj\u00f6** * St\u00e4da upp i Barva efter Think Pink-skandalen. **Trygghet** * Inf\u00f6ra omr\u00e5desvakter med en egen <a class=\"read-more-link\" href=\"https:\/\/wp.kristdemokraterna.se\/eskilstuna\/kristdemokraternas-valloften-2026-2030\/\">L\u00e4s mer<\/a><\/p>\n","protected":false},"author":684,"featured_media":0,"comment_status":"closed","ping_status":"closed","sticky":true,"template":"","format":"standard","meta":{"_acf_changed":false,"footnotes":""},"categories":[4,11,14,3],"tags":[],"class_list":["post-831","post","type-post","status-publish","format-standard","hentry","category-i-kommunen","category-inlagg","category-nyheter","category-var-politik"],"acf":[],"_links":{"self":[{"href":"https:\/\/wp.kristdemokraterna.se\/eskilstuna\/wp-json\/wp\/v2\/posts\/831","targetHints":{"allow":["GET"]}}],"collection":[{"href":"https:\/\/wp.kristdemokraterna.se\/eskilstuna\/wp-json\/wp\/v2\/posts"}],"about":[{"href":"https:\/\/wp.kristdemokraterna.se\/eskilstuna\/wp-json\/wp\/v2\/types\/post"}],"author":[{"embeddable":true,"href":"https:\/\/wp.kristdemokraterna.se\/eskilstuna\/wp-json\/wp\/v2\/users\/684"}],"replies":[{"embeddable":true,"href":"https:\/\/wp.kristdemokraterna.se\/eskilstuna\/wp-json\/wp\/v2\/comments?post=831"}],"version-history":[{"count":1,"href":"https:\/\/wp.kristdemokraterna.se\/eskilstuna\/wp-json\/wp\/v2\/posts\/831\/revisions"}],"predecessor-version":[{"id":833,"href":"https:\/\/wp.kristdemokraterna.se\/eskilstuna\/wp-json\/wp\/v2\/posts\/831\/revisions\/833"}],"wp:attachment":[{"href":"https:\/\/wp.kristdemokraterna.se\/eskilstuna\/wp-json\/wp\/v2\/media?parent=831"}],"wp:term":[{"taxonomy":"category","embeddable":true,"href":"https:\/\/wp.kristdemokraterna.se\/eskilstuna\/wp-json\/wp\/v2\/categories?post=831"},{"taxonomy":"post_tag","embeddable":true,"href":"https:\/\/wp.kristdemokraterna.se\/eskilstuna\/wp-json\/wp\/v2\/tags?post=831"}],"curies":[{"name":"wp","href":"https:\/\/api.w.org\/{rel}","templated":true}]}}