{"id":1087,"date":"2023-06-30T16:01:03","date_gmt":"2023-06-30T14:01:03","guid":{"rendered":"https:\/\/wp.kristdemokraterna.se\/gavleborg\/?p=1087"},"modified":"2023-06-30T16:01:03","modified_gmt":"2023-06-30T14:01:03","slug":"vi-bygger-ett-aldrevanligt-sverige","status":"publish","type":"post","link":"https:\/\/wp.kristdemokraterna.se\/gavleborg\/vi-bygger-ett-aldrevanligt-sverige\/","title":{"rendered":"Vi bygger ett \u00e4ldrev\u00e4nligt Sverige"},"content":{"rendered":"<p>I Sverige ska du kunna leva ett aktivt, tryggt och v\u00e4rdigt liv, oavsett \u00e5lder. Vi har en f\u00f6rh\u00e5llandevis bra \u00e4ldreomsorg, men mer beh\u00f6ver g\u00f6ras. Alltf\u00f6r ofta vittnar \u00e4ldre eller deras anh\u00f6riga om brister i omsorg, inskr\u00e4nkningar p\u00e5 sj\u00e4lvbest\u00e4mmandet eller avsaknad av en meningsfull tillvaro.<strong>\u00a0<\/strong>Vi kristdemokrater betonar ofta v\u00e4rdet av m\u00e4nniskors k\u00e4nsla av mening, som st\u00e4rks i relationerna till andra. Informations- och kommunikationsteknikens snabba utveckling har medf\u00f6rt att vi som samh\u00e4lle aldrig tidigare har kommunicerat s\u00e5 mycket som vi g\u00f6r nu. Samtidigt \u00e4r den ofrivilliga ensamheten utbredd, inte minst bland de allra \u00e4ldsta.<\/p>\n<p>Ensamhet som inte \u00e4r frivillig \u00e4r farlig. Sedan Kristdemokraterna klev in p\u00e5 Socialdepartementet har vi tagit initiativ till en omfattande gemenskapssatsning, som bland annat inkluderar en upps\u00f6kande verksamhet med h\u00e4lsosamtal. M\u00e5ls\u00e4ttningen med h\u00e4lsosamtalen \u00e4r att identifiera personens behov och introducera dem till vad det civila samh\u00e4llet, eller kommunen, kan erbjuda i form av sociala, kulturella och fysiska aktiviteter.<\/p>\n<p>Det \u00e4r inte samtalen i sig som \u00e4r \u00e5tg\u00e4rden mot ensamhet, utan det \u00e4r aktiviteter och gemenskaper som samtalen resulterar i som kommer att g\u00f6ra skillnad.<\/p>\n<p>Den som fyllt 85 \u00e5r ska ha m\u00f6jlighet att f\u00e5 flytta till ett anpassat boende. Det \u00e4r f\u00e5, om ens n\u00e5gon, som ans\u00f6ker om att flytta till ett anpassat boende om man inte bed\u00f6mer att det \u00e4r n\u00e5got man beh\u00f6ver. Anledningarna kan vara fysiska s\u00e5v\u00e4l som psykiska. Med anledning av att bist\u00e5ndsbed\u00f6mningar blivit allt sn\u00e4vare eller f\u00f6r att det inte finns tillr\u00e4ckligt med platser, nekas idag m\u00e5nga en plats. En \u00e4ldreboendegaranti \u00e4r dock lite v\u00e4rt utan n\u00e5gra \u00e4ldreboenden och d\u00e4rf\u00f6r beh\u00f6vs fler av olika typer av \u00e4ldreboenden som \u00e4r anpassade efter olika typer av behov.<\/p>\n<p>Under coronapandemin kunde man inte l\u00e4ngre blunda f\u00f6r de brister som finns inom \u00e4ldreomsorgen och v\u00e5rden av \u00e4ldre. Den geriatriska kunskapen beh\u00f6ver \u00f6ka och spridas i alla de olika verksamheter som \u00e4r n\u00f6dv\u00e4ndiga f\u00f6r att tillf\u00f6rs\u00e4kra en god v\u00e5rd och omsorg. Kunskaperna om de underliggande faktorerna vid akuta och kroniska sjukdomar som uppst\u00e5r till f\u00f6ljd av \u00e5ldrande beh\u00f6ver st\u00e4rkas. Parallellt ska en l\u00e5ngsiktig demensstrategi tas fram f\u00f6r att motverka olika typer av demens, inte minst den dominerande typen Alzheimers.<\/p>\n<p>Med Kristdemokraterna i regering har Sverige ett styre som tar \u00e4ldrefr\u00e5gor p\u00e5 allvar, inom flera olika sakpolitiska omr\u00e5den. Nu bygger vi ett \u00e4ldrev\u00e4nligt Sverige.<\/p>\n<p><strong>Lili Andr\u00e9 (KD)<\/strong><\/p>\n<p>Riksdagsledamot G\u00e4vleborg<\/p>\n<p>&nbsp;<\/p>\n<p><strong>Jennie Forsblom (KD)<\/strong><\/p>\n<p>Regionr\u00e5d G\u00e4vleborg<\/p>\n<p>&nbsp;<\/p>\n<p><strong>Ingemar Kal\u00e9n (KD)<\/strong><\/p>\n<p>Ordf\u00f6rande KD Senior G\u00e4vleborg<\/p>\n<p>&nbsp;<\/p>\n<p><strong>Marcus L\u00f6f H\u00e4llstr\u00f6m (KD)<\/strong><\/p>\n<p>Andre vice ordf\u00f6rande Socialn\u00e4mnden Bolln\u00e4s<\/p>\n<p><strong>\u00a0<\/strong><\/p>\n<p><strong>Ullrica Hedin (KD)<\/strong><\/p>\n<p>Vice ordf\u00f6rande Omv\u00e5rdnadsn\u00e4mnden G\u00e4vle<\/p>\n<p><strong>\u00a0<\/strong><\/p>\n<p><strong>Annika Sj\u00f6gren (KD)<\/strong><\/p>\n<p>Ordf\u00f6rande KD Hofors<\/p>\n<p>&nbsp;<\/p>\n<p><strong>Peter \u00c5kerstr\u00f6m (KD)<\/strong><\/p>\n<p>Oppositionsr\u00e5d Hudiksvall<\/p>\n<p><strong>\u00a0<\/strong><\/p>\n<p><strong>Roger Kastman (KD)<\/strong><\/p>\n<p>Ordf\u00f6rande KD Ljusdal<\/p>\n<p><strong>\u00a0<\/strong><\/p>\n<p><strong>Patric Jonsson (KD)<\/strong><\/p>\n<p>Kommunfullm\u00e4ktige Nordanstig<\/p>\n<p>&nbsp;<\/p>\n<p><strong>J\u00f6rgen Persson (KD)<\/strong><\/p>\n<p>Vice ordf\u00f6rande KD Ockelbo<\/p>\n<p>&nbsp;<\/p>\n<p><strong>Andreas Kisssner (KD)<\/strong><\/p>\n<p>Oppositionsr\u00e5d Ovan\u00e5ker<\/p>\n<p>&nbsp;<\/p>\n<p><strong>Jeanette Fors\u00e9n (KD)<\/strong><\/p>\n<p>Oppositionsr\u00e5d Sandviken<\/p>\n<p>&nbsp;<\/p>\n<p><strong>Anders Ramstrand (KD)<\/strong><\/p>\n<p>Ordf\u00f6rande V\u00e4lf\u00e4rdsn\u00e4mnden S\u00f6derhamn<\/p>\n<p>&nbsp;<\/p>\n","protected":false},"excerpt":{"rendered":"<p>I Sverige ska du kunna leva ett aktivt, tryggt och v\u00e4rdigt liv, oavsett \u00e5lder. Vi har en f\u00f6rh\u00e5llandevis bra \u00e4ldreomsorg, men mer beh\u00f6ver g\u00f6ras. Alltf\u00f6r ofta vittnar \u00e4ldre eller deras anh\u00f6riga om brister i omsorg, inskr\u00e4nkningar p\u00e5 sj\u00e4lvbest\u00e4mmandet eller avsaknad av en meningsfull tillvaro.\u00a0Vi kristdemokrater betonar ofta v\u00e4rdet av m\u00e4nniskors k\u00e4nsla av mening, som st\u00e4rks <a class=\"read-more-link\" href=\"https:\/\/wp.kristdemokraterna.se\/gavleborg\/vi-bygger-ett-aldrevanligt-sverige\/\">L\u00e4s mer<\/a><\/p>\n","protected":false},"author":976,"featured_media":0,"comment_status":"closed","ping_status":"closed","sticky":false,"template":"","format":"standard","meta":{"_acf_changed":false,"footnotes":""},"categories":[30,21,31,25],"tags":[],"class_list":["post-1087","post","type-post","status-publish","format-standard","hentry","category-alla-nyheter","category-debattartiklar","category-inlagg","category-nyheter"],"acf":[],"yoast_head":"<!-- This site is optimized with the Yoast SEO plugin v27.4 - https:\/\/yoast.com\/product\/yoast-seo-wordpress\/ -->\n<title>Vi bygger ett \u00e4ldrev\u00e4nligt Sverige - Kristdemokraterna G\u00e4vleborg<\/title>\n<meta name=\"robots\" content=\"index, follow, max-snippet:-1, max-image-preview:large, max-video-preview:-1\" \/>\n<link rel=\"canonical\" href=\"https:\/\/wp.kristdemokraterna.se\/gavleborg\/vi-bygger-ett-aldrevanligt-sverige\/\" \/>\n<meta property=\"og:locale\" content=\"sv_SE\" \/>\n<meta property=\"og:type\" content=\"article\" \/>\n<meta property=\"og:title\" content=\"Vi bygger ett \u00e4ldrev\u00e4nligt Sverige - Kristdemokraterna G\u00e4vleborg\" \/>\n<meta property=\"og:description\" content=\"I Sverige ska du kunna leva ett aktivt, tryggt och v\u00e4rdigt liv, oavsett \u00e5lder. Vi har en f\u00f6rh\u00e5llandevis bra \u00e4ldreomsorg, men mer beh\u00f6ver g\u00f6ras. Alltf\u00f6r ofta vittnar \u00e4ldre eller deras anh\u00f6riga om brister i omsorg, inskr\u00e4nkningar p\u00e5 sj\u00e4lvbest\u00e4mmandet eller avsaknad av en meningsfull tillvaro.\u00a0Vi kristdemokrater betonar ofta v\u00e4rdet av m\u00e4nniskors k\u00e4nsla av mening, som st\u00e4rks L\u00e4s mer\" \/>\n<meta property=\"og:url\" content=\"https:\/\/wp.kristdemokraterna.se\/gavleborg\/vi-bygger-ett-aldrevanligt-sverige\/\" \/>\n<meta property=\"og:site_name\" content=\"Kristdemokraterna G\u00e4vleborg\" \/>\n<meta property=\"article:published_time\" content=\"2023-06-30T14:01:03+00:00\" \/>\n<meta name=\"author\" content=\"annelieostling\" \/>\n<meta name=\"twitter:card\" content=\"summary_large_image\" \/>\n<meta name=\"twitter:label1\" content=\"Skriven av\" \/>\n\t<meta name=\"twitter:data1\" content=\"annelieostling\" \/>\n\t<meta name=\"twitter:label2\" content=\"Ber\u00e4knad l\u00e4stid\" \/>\n\t<meta name=\"twitter:data2\" content=\"3 minuter\" \/>\n<script type=\"application\/ld+json\" class=\"yoast-schema-graph\">{\"@context\":\"https:\\\/\\\/schema.org\",\"@graph\":[{\"@type\":\"Article\",\"@id\":\"https:\\\/\\\/wp.kristdemokraterna.se\\\/gavleborg\\\/vi-bygger-ett-aldrevanligt-sverige\\\/#article\",\"isPartOf\":{\"@id\":\"https:\\\/\\\/wp.kristdemokraterna.se\\\/gavleborg\\\/vi-bygger-ett-aldrevanligt-sverige\\\/\"},\"author\":{\"name\":\"annelieostling\",\"@id\":\"https:\\\/\\\/wp.kristdemokraterna.se\\\/gavleborg\\\/#\\\/schema\\\/person\\\/bc74b1c510a5c9e1fa45a63a3709916d\"},\"headline\":\"Vi bygger ett \u00e4ldrev\u00e4nligt Sverige\",\"datePublished\":\"2023-06-30T14:01:03+00:00\",\"mainEntityOfPage\":{\"@id\":\"https:\\\/\\\/wp.kristdemokraterna.se\\\/gavleborg\\\/vi-bygger-ett-aldrevanligt-sverige\\\/\"},\"wordCount\":563,\"articleSection\":[\"Alla nyheter\",\"Debattartiklar\",\"Inl\u00e4gg\",\"Nyheter\"],\"inLanguage\":\"sv-SE\"},{\"@type\":\"WebPage\",\"@id\":\"https:\\\/\\\/wp.kristdemokraterna.se\\\/gavleborg\\\/vi-bygger-ett-aldrevanligt-sverige\\\/\",\"url\":\"https:\\\/\\\/wp.kristdemokraterna.se\\\/gavleborg\\\/vi-bygger-ett-aldrevanligt-sverige\\\/\",\"name\":\"Vi bygger ett \u00e4ldrev\u00e4nligt Sverige - Kristdemokraterna G\u00e4vleborg\",\"isPartOf\":{\"@id\":\"https:\\\/\\\/wp.kristdemokraterna.se\\\/gavleborg\\\/#website\"},\"datePublished\":\"2023-06-30T14:01:03+00:00\",\"author\":{\"@id\":\"https:\\\/\\\/wp.kristdemokraterna.se\\\/gavleborg\\\/#\\\/schema\\\/person\\\/bc74b1c510a5c9e1fa45a63a3709916d\"},\"breadcrumb\":{\"@id\":\"https:\\\/\\\/wp.kristdemokraterna.se\\\/gavleborg\\\/vi-bygger-ett-aldrevanligt-sverige\\\/#breadcrumb\"},\"inLanguage\":\"sv-SE\",\"potentialAction\":[{\"@type\":\"ReadAction\",\"target\":[\"https:\\\/\\\/wp.kristdemokraterna.se\\\/gavleborg\\\/vi-bygger-ett-aldrevanligt-sverige\\\/\"]}]},{\"@type\":\"BreadcrumbList\",\"@id\":\"https:\\\/\\\/wp.kristdemokraterna.se\\\/gavleborg\\\/vi-bygger-ett-aldrevanligt-sverige\\\/#breadcrumb\",\"itemListElement\":[{\"@type\":\"ListItem\",\"position\":1,\"name\":\"Hem\",\"item\":\"https:\\\/\\\/wp.kristdemokraterna.se\\\/gavleborg\\\/\"},{\"@type\":\"ListItem\",\"position\":2,\"name\":\"Vi bygger ett \u00e4ldrev\u00e4nligt Sverige\"}]},{\"@type\":\"WebSite\",\"@id\":\"https:\\\/\\\/wp.kristdemokraterna.se\\\/gavleborg\\\/#website\",\"url\":\"https:\\\/\\\/wp.kristdemokraterna.se\\\/gavleborg\\\/\",\"name\":\"Kristdemokraterna G\u00e4vleborg\",\"description\":\"Ett tryggare G\u00e4vleborg\",\"inLanguage\":\"sv-SE\"},{\"@type\":\"Person\",\"@id\":\"https:\\\/\\\/wp.kristdemokraterna.se\\\/gavleborg\\\/#\\\/schema\\\/person\\\/bc74b1c510a5c9e1fa45a63a3709916d\",\"name\":\"annelieostling\",\"image\":{\"@type\":\"ImageObject\",\"inLanguage\":\"sv-SE\",\"@id\":\"https:\\\/\\\/secure.gravatar.com\\\/avatar\\\/99d5411ba55eda83f73dc1ab2453d7b92fbc36831c5d818512b42de21186be1d?s=96&d=mm&r=g\",\"url\":\"https:\\\/\\\/secure.gravatar.com\\\/avatar\\\/99d5411ba55eda83f73dc1ab2453d7b92fbc36831c5d818512b42de21186be1d?s=96&d=mm&r=g\",\"contentUrl\":\"https:\\\/\\\/secure.gravatar.com\\\/avatar\\\/99d5411ba55eda83f73dc1ab2453d7b92fbc36831c5d818512b42de21186be1d?s=96&d=mm&r=g\",\"caption\":\"annelieostling\"},\"url\":\"https:\\\/\\\/wp.kristdemokraterna.se\\\/gavleborg\\\/author\\\/annelieostling\\\/\"}]}<\/script>\n<!-- \/ Yoast SEO plugin. -->","yoast_head_json":{"title":"Vi bygger ett \u00e4ldrev\u00e4nligt Sverige - Kristdemokraterna G\u00e4vleborg","robots":{"index":"index","follow":"follow","max-snippet":"max-snippet:-1","max-image-preview":"max-image-preview:large","max-video-preview":"max-video-preview:-1"},"canonical":"https:\/\/wp.kristdemokraterna.se\/gavleborg\/vi-bygger-ett-aldrevanligt-sverige\/","og_locale":"sv_SE","og_type":"article","og_title":"Vi bygger ett \u00e4ldrev\u00e4nligt Sverige - Kristdemokraterna G\u00e4vleborg","og_description":"I Sverige ska du kunna leva ett aktivt, tryggt och v\u00e4rdigt liv, oavsett \u00e5lder. Vi har en f\u00f6rh\u00e5llandevis bra \u00e4ldreomsorg, men mer beh\u00f6ver g\u00f6ras. Alltf\u00f6r ofta vittnar \u00e4ldre eller deras anh\u00f6riga om brister i omsorg, inskr\u00e4nkningar p\u00e5 sj\u00e4lvbest\u00e4mmandet eller avsaknad av en meningsfull tillvaro.\u00a0Vi kristdemokrater betonar ofta v\u00e4rdet av m\u00e4nniskors k\u00e4nsla av mening, som st\u00e4rks L\u00e4s mer","og_url":"https:\/\/wp.kristdemokraterna.se\/gavleborg\/vi-bygger-ett-aldrevanligt-sverige\/","og_site_name":"Kristdemokraterna G\u00e4vleborg","article_published_time":"2023-06-30T14:01:03+00:00","author":"annelieostling","twitter_card":"summary_large_image","twitter_misc":{"Skriven av":"annelieostling","Ber\u00e4knad l\u00e4stid":"3 minuter"},"schema":{"@context":"https:\/\/schema.org","@graph":[{"@type":"Article","@id":"https:\/\/wp.kristdemokraterna.se\/gavleborg\/vi-bygger-ett-aldrevanligt-sverige\/#article","isPartOf":{"@id":"https:\/\/wp.kristdemokraterna.se\/gavleborg\/vi-bygger-ett-aldrevanligt-sverige\/"},"author":{"name":"annelieostling","@id":"https:\/\/wp.kristdemokraterna.se\/gavleborg\/#\/schema\/person\/bc74b1c510a5c9e1fa45a63a3709916d"},"headline":"Vi bygger ett \u00e4ldrev\u00e4nligt Sverige","datePublished":"2023-06-30T14:01:03+00:00","mainEntityOfPage":{"@id":"https:\/\/wp.kristdemokraterna.se\/gavleborg\/vi-bygger-ett-aldrevanligt-sverige\/"},"wordCount":563,"articleSection":["Alla nyheter","Debattartiklar","Inl\u00e4gg","Nyheter"],"inLanguage":"sv-SE"},{"@type":"WebPage","@id":"https:\/\/wp.kristdemokraterna.se\/gavleborg\/vi-bygger-ett-aldrevanligt-sverige\/","url":"https:\/\/wp.kristdemokraterna.se\/gavleborg\/vi-bygger-ett-aldrevanligt-sverige\/","name":"Vi bygger ett \u00e4ldrev\u00e4nligt Sverige - Kristdemokraterna G\u00e4vleborg","isPartOf":{"@id":"https:\/\/wp.kristdemokraterna.se\/gavleborg\/#website"},"datePublished":"2023-06-30T14:01:03+00:00","author":{"@id":"https:\/\/wp.kristdemokraterna.se\/gavleborg\/#\/schema\/person\/bc74b1c510a5c9e1fa45a63a3709916d"},"breadcrumb":{"@id":"https:\/\/wp.kristdemokraterna.se\/gavleborg\/vi-bygger-ett-aldrevanligt-sverige\/#breadcrumb"},"inLanguage":"sv-SE","potentialAction":[{"@type":"ReadAction","target":["https:\/\/wp.kristdemokraterna.se\/gavleborg\/vi-bygger-ett-aldrevanligt-sverige\/"]}]},{"@type":"BreadcrumbList","@id":"https:\/\/wp.kristdemokraterna.se\/gavleborg\/vi-bygger-ett-aldrevanligt-sverige\/#breadcrumb","itemListElement":[{"@type":"ListItem","position":1,"name":"Hem","item":"https:\/\/wp.kristdemokraterna.se\/gavleborg\/"},{"@type":"ListItem","position":2,"name":"Vi bygger ett \u00e4ldrev\u00e4nligt Sverige"}]},{"@type":"WebSite","@id":"https:\/\/wp.kristdemokraterna.se\/gavleborg\/#website","url":"https:\/\/wp.kristdemokraterna.se\/gavleborg\/","name":"Kristdemokraterna G\u00e4vleborg","description":"Ett tryggare G\u00e4vleborg","inLanguage":"sv-SE"},{"@type":"Person","@id":"https:\/\/wp.kristdemokraterna.se\/gavleborg\/#\/schema\/person\/bc74b1c510a5c9e1fa45a63a3709916d","name":"annelieostling","image":{"@type":"ImageObject","inLanguage":"sv-SE","@id":"https:\/\/secure.gravatar.com\/avatar\/99d5411ba55eda83f73dc1ab2453d7b92fbc36831c5d818512b42de21186be1d?s=96&d=mm&r=g","url":"https:\/\/secure.gravatar.com\/avatar\/99d5411ba55eda83f73dc1ab2453d7b92fbc36831c5d818512b42de21186be1d?s=96&d=mm&r=g","contentUrl":"https:\/\/secure.gravatar.com\/avatar\/99d5411ba55eda83f73dc1ab2453d7b92fbc36831c5d818512b42de21186be1d?s=96&d=mm&r=g","caption":"annelieostling"},"url":"https:\/\/wp.kristdemokraterna.se\/gavleborg\/author\/annelieostling\/"}]}},"_links":{"self":[{"href":"https:\/\/wp.kristdemokraterna.se\/gavleborg\/wp-json\/wp\/v2\/posts\/1087","targetHints":{"allow":["GET"]}}],"collection":[{"href":"https:\/\/wp.kristdemokraterna.se\/gavleborg\/wp-json\/wp\/v2\/posts"}],"about":[{"href":"https:\/\/wp.kristdemokraterna.se\/gavleborg\/wp-json\/wp\/v2\/types\/post"}],"author":[{"embeddable":true,"href":"https:\/\/wp.kristdemokraterna.se\/gavleborg\/wp-json\/wp\/v2\/users\/976"}],"replies":[{"embeddable":true,"href":"https:\/\/wp.kristdemokraterna.se\/gavleborg\/wp-json\/wp\/v2\/comments?post=1087"}],"version-history":[{"count":1,"href":"https:\/\/wp.kristdemokraterna.se\/gavleborg\/wp-json\/wp\/v2\/posts\/1087\/revisions"}],"predecessor-version":[{"id":1088,"href":"https:\/\/wp.kristdemokraterna.se\/gavleborg\/wp-json\/wp\/v2\/posts\/1087\/revisions\/1088"}],"wp:attachment":[{"href":"https:\/\/wp.kristdemokraterna.se\/gavleborg\/wp-json\/wp\/v2\/media?parent=1087"}],"wp:term":[{"taxonomy":"category","embeddable":true,"href":"https:\/\/wp.kristdemokraterna.se\/gavleborg\/wp-json\/wp\/v2\/categories?post=1087"},{"taxonomy":"post_tag","embeddable":true,"href":"https:\/\/wp.kristdemokraterna.se\/gavleborg\/wp-json\/wp\/v2\/tags?post=1087"}],"curies":[{"name":"wp","href":"https:\/\/api.w.org\/{rel}","templated":true}]}}