{"id":1130,"date":"2023-12-08T10:23:17","date_gmt":"2023-12-08T09:23:17","guid":{"rendered":"https:\/\/wp.kristdemokraterna.se\/gavleborg\/?p=1130"},"modified":"2023-12-08T10:23:17","modified_gmt":"2023-12-08T09:23:17","slug":"kristdemokraterna-prioriterar-varden-och-aldrefragor","status":"publish","type":"post","link":"https:\/\/wp.kristdemokraterna.se\/gavleborg\/kristdemokraterna-prioriterar-varden-och-aldrefragor\/","title":{"rendered":"Kristdemokraterna prioriterar v\u00e5rden och \u00e4ldrefr\u00e5gor"},"content":{"rendered":"<p>Svar: <a href=\"https:\/\/www.ljusnan.se\/2023-12-01\/aldre-patienter-offras-nar-kd-spar-pa-sjukvarden\">\u00c4ldre patienter offras n\u00e4r KD spar p\u00e5 sjukv\u00e5rden \u2013 Ljusnan<\/a><\/p>\n<p>Vi st\u00e5r mitt i en sv\u00e5r situation med bland annat l\u00e5gkonjunktur, krig i n\u00e4romr\u00e5det och otrygghet vilket g\u00f6r att v\u00e4lf\u00e4rden och de goda v\u00e4rderingarna utmanas. D\u00e5 beh\u00f6vs samh\u00e4llskrafter med en trygg v\u00e4rderingskompass och politiker som v\u00e5gar prioritera. Vi kristdemokrater s\u00e4tter m\u00e4nniskov\u00e4rdet fr\u00e4mst och l\u00e4gger fokus p\u00e5 det som \u00e4r n\u00f6dv\u00e4ndigt f\u00f6r att bygga ett samh\u00e4lle som h\u00e5ller ihop. V\u00e5rden, \u00e4ldrefr\u00e5gorna och tryggheten \u00e4r v\u00e5ra st\u00f6rsta fr\u00e5gor.<\/p>\n<p>Kristdemokraterna har varit ett \u00e5r i regeringsst\u00e4llning och vi \u00e4r stolta \u00f6ver de beslut om \u00e5tg\u00e4rder som hittills tagits f\u00f6r v\u00e5rden, \u00e4ldre och tryggheten. Ett exempel \u00e4r ett f\u00f6rsta steg mot en tandv\u00e5rdsreform d\u00e4r h\u00f6gkostnadsskyddet ska st\u00e4rkas f\u00f6r att likna den som finns inom den \u00f6vriga v\u00e5rden, d\u00e4r s\u00e4rskilt \u00e4ldre tandh\u00e4lsa prioriteras. N\u00e5gra andra exempel \u00e4r s\u00e4nkt skatt f\u00f6r pension\u00e4rer samt insatser f\u00f6r att f\u00f6rb\u00e4ttra cancerv\u00e5rden, minska v\u00e5rdk\u00f6erna och f\u00f6r att motverka den ofrivilliga ensamheten.<\/p>\n<p>I Region G\u00e4vleborg har vi kristdemokrater lagt en budget tillsammans med de andra majoritetspartierna d\u00e4r en trygg och s\u00e4ker v\u00e5rd \u00e4r ett av v\u00e5ra prioriterade omr\u00e5den. Samtidigt tar vi ansvar f\u00f6r att arbeta med att f\u00e5 en ekonomi i balans, med respekt f\u00f6r skattebetalarnas pengar.<\/p>\n<p>M\u00e5let med h\u00e4lso- och sjukv\u00e5rden \u00e4r en god h\u00e4lsa och en tillg\u00e4nglig v\u00e5rd av h\u00f6g kvalitet, p\u00e5 lika villkor f\u00f6r G\u00e4vleborgs befolkning. Delaktighet, trygghet och att s\u00e4tta m\u00e4nniskan i centrum genom att utg\u00e5 fr\u00e5n dennes specifika behov \u00e4r viktiga prioriteringar. H\u00e4lso- och sjukv\u00e5rdslagen s\u00e4ger att den med st\u00f6rst behov av h\u00e4lso- och sjukv\u00e5rd ska ges f\u00f6retr\u00e4de till v\u00e5rden.<\/p>\n<p>Arbetet med att skapa en b\u00e4ttre samordning av patientens v\u00e5rd fortg\u00e5r. D\u00e4r ing\u00e5r att minska antalet \u00f6verbel\u00e4ggningar och utlokaliseringar samt att skapa en s\u00e5 s\u00f6ml\u00f6s \u00f6verg\u00e5ng mellan slutenv\u00e5rd och hemmet som m\u00f6jligt. Trygghet f\u00f6r patienten ska prioriteras. Patienter som \u00e4r medicinskt f\u00e4rdigbehandlade p\u00e5 sjukhus ska fortsatt v\u00e5rdplaneras inf\u00f6r hemg\u00e5ng.\u00a0 Vi kommer inte att skicka hem f\u00e4rdigbehandlade patienter utan att det \u00e4r ordnat med st\u00f6d och hj\u00e4lp i hemmet.<\/p>\n<p>Vi i den politiska ledningen kommer att se \u00f6ver patientfl\u00f6det i det akuta uppdraget i samband med planeringen av en l\u00e5ngsiktig och h\u00e5llbar utveckling f\u00f6r h\u00e4lso- och sjukv\u00e5rden i l\u00e4net.<\/p>\n<p>&nbsp;<\/p>\n<p>Jennie Forsblom (KD), Ordf\u00f6rande h\u00e4lso- och sjukv\u00e5rdsn\u00e4mnden<\/p>\n<p>Peter \u00c5kerstr\u00f6m (KD), Gruppledare<\/p>\n<p><strong>\u00a0<\/strong><\/p>\n","protected":false},"excerpt":{"rendered":"<p>Svar: \u00c4ldre patienter offras n\u00e4r KD spar p\u00e5 sjukv\u00e5rden \u2013 Ljusnan Vi st\u00e5r mitt i en sv\u00e5r situation med bland annat l\u00e5gkonjunktur, krig i n\u00e4romr\u00e5det och otrygghet vilket g\u00f6r att v\u00e4lf\u00e4rden och de goda v\u00e4rderingarna utmanas. D\u00e5 beh\u00f6vs samh\u00e4llskrafter med en trygg v\u00e4rderingskompass och politiker som v\u00e5gar prioritera. Vi kristdemokrater s\u00e4tter m\u00e4nniskov\u00e4rdet fr\u00e4mst och l\u00e4gger <a class=\"read-more-link\" href=\"https:\/\/wp.kristdemokraterna.se\/gavleborg\/kristdemokraterna-prioriterar-varden-och-aldrefragor\/\">L\u00e4s mer<\/a><\/p>\n","protected":false},"author":976,"featured_media":0,"comment_status":"closed","ping_status":"closed","sticky":false,"template":"","format":"standard","meta":{"_acf_changed":false,"footnotes":""},"categories":[30,21,31,25],"tags":[],"class_list":["post-1130","post","type-post","status-publish","format-standard","hentry","category-alla-nyheter","category-debattartiklar","category-inlagg","category-nyheter"],"acf":[],"yoast_head":"<!-- This site is optimized with the Yoast SEO plugin v27.4 - https:\/\/yoast.com\/product\/yoast-seo-wordpress\/ -->\n<title>Kristdemokraterna prioriterar v\u00e5rden och \u00e4ldrefr\u00e5gor - Kristdemokraterna G\u00e4vleborg<\/title>\n<meta name=\"robots\" content=\"index, follow, max-snippet:-1, max-image-preview:large, max-video-preview:-1\" \/>\n<link rel=\"canonical\" href=\"https:\/\/wp.kristdemokraterna.se\/gavleborg\/kristdemokraterna-prioriterar-varden-och-aldrefragor\/\" \/>\n<meta property=\"og:locale\" content=\"sv_SE\" \/>\n<meta property=\"og:type\" content=\"article\" \/>\n<meta property=\"og:title\" content=\"Kristdemokraterna prioriterar v\u00e5rden och \u00e4ldrefr\u00e5gor - Kristdemokraterna G\u00e4vleborg\" \/>\n<meta property=\"og:description\" content=\"Svar: \u00c4ldre patienter offras n\u00e4r KD spar p\u00e5 sjukv\u00e5rden \u2013 Ljusnan Vi st\u00e5r mitt i en sv\u00e5r situation med bland annat l\u00e5gkonjunktur, krig i n\u00e4romr\u00e5det och otrygghet vilket g\u00f6r att v\u00e4lf\u00e4rden och de goda v\u00e4rderingarna utmanas. D\u00e5 beh\u00f6vs samh\u00e4llskrafter med en trygg v\u00e4rderingskompass och politiker som v\u00e5gar prioritera. Vi kristdemokrater s\u00e4tter m\u00e4nniskov\u00e4rdet fr\u00e4mst och l\u00e4gger L\u00e4s mer\" \/>\n<meta property=\"og:url\" content=\"https:\/\/wp.kristdemokraterna.se\/gavleborg\/kristdemokraterna-prioriterar-varden-och-aldrefragor\/\" \/>\n<meta property=\"og:site_name\" content=\"Kristdemokraterna G\u00e4vleborg\" \/>\n<meta property=\"article:published_time\" content=\"2023-12-08T09:23:17+00:00\" \/>\n<meta name=\"author\" content=\"annelieostling\" \/>\n<meta name=\"twitter:card\" content=\"summary_large_image\" \/>\n<meta name=\"twitter:label1\" content=\"Skriven av\" \/>\n\t<meta name=\"twitter:data1\" content=\"annelieostling\" \/>\n\t<meta name=\"twitter:label2\" content=\"Ber\u00e4knad l\u00e4stid\" \/>\n\t<meta name=\"twitter:data2\" content=\"2 minuter\" \/>\n<script type=\"application\/ld+json\" class=\"yoast-schema-graph\">{\"@context\":\"https:\\\/\\\/schema.org\",\"@graph\":[{\"@type\":\"Article\",\"@id\":\"https:\\\/\\\/wp.kristdemokraterna.se\\\/gavleborg\\\/kristdemokraterna-prioriterar-varden-och-aldrefragor\\\/#article\",\"isPartOf\":{\"@id\":\"https:\\\/\\\/wp.kristdemokraterna.se\\\/gavleborg\\\/kristdemokraterna-prioriterar-varden-och-aldrefragor\\\/\"},\"author\":{\"name\":\"annelieostling\",\"@id\":\"https:\\\/\\\/wp.kristdemokraterna.se\\\/gavleborg\\\/#\\\/schema\\\/person\\\/bc74b1c510a5c9e1fa45a63a3709916d\"},\"headline\":\"Kristdemokraterna prioriterar v\u00e5rden och \u00e4ldrefr\u00e5gor\",\"datePublished\":\"2023-12-08T09:23:17+00:00\",\"mainEntityOfPage\":{\"@id\":\"https:\\\/\\\/wp.kristdemokraterna.se\\\/gavleborg\\\/kristdemokraterna-prioriterar-varden-och-aldrefragor\\\/\"},\"wordCount\":486,\"articleSection\":[\"Alla nyheter\",\"Debattartiklar\",\"Inl\u00e4gg\",\"Nyheter\"],\"inLanguage\":\"sv-SE\"},{\"@type\":\"WebPage\",\"@id\":\"https:\\\/\\\/wp.kristdemokraterna.se\\\/gavleborg\\\/kristdemokraterna-prioriterar-varden-och-aldrefragor\\\/\",\"url\":\"https:\\\/\\\/wp.kristdemokraterna.se\\\/gavleborg\\\/kristdemokraterna-prioriterar-varden-och-aldrefragor\\\/\",\"name\":\"Kristdemokraterna prioriterar v\u00e5rden och \u00e4ldrefr\u00e5gor - Kristdemokraterna G\u00e4vleborg\",\"isPartOf\":{\"@id\":\"https:\\\/\\\/wp.kristdemokraterna.se\\\/gavleborg\\\/#website\"},\"datePublished\":\"2023-12-08T09:23:17+00:00\",\"author\":{\"@id\":\"https:\\\/\\\/wp.kristdemokraterna.se\\\/gavleborg\\\/#\\\/schema\\\/person\\\/bc74b1c510a5c9e1fa45a63a3709916d\"},\"breadcrumb\":{\"@id\":\"https:\\\/\\\/wp.kristdemokraterna.se\\\/gavleborg\\\/kristdemokraterna-prioriterar-varden-och-aldrefragor\\\/#breadcrumb\"},\"inLanguage\":\"sv-SE\",\"potentialAction\":[{\"@type\":\"ReadAction\",\"target\":[\"https:\\\/\\\/wp.kristdemokraterna.se\\\/gavleborg\\\/kristdemokraterna-prioriterar-varden-och-aldrefragor\\\/\"]}]},{\"@type\":\"BreadcrumbList\",\"@id\":\"https:\\\/\\\/wp.kristdemokraterna.se\\\/gavleborg\\\/kristdemokraterna-prioriterar-varden-och-aldrefragor\\\/#breadcrumb\",\"itemListElement\":[{\"@type\":\"ListItem\",\"position\":1,\"name\":\"Hem\",\"item\":\"https:\\\/\\\/wp.kristdemokraterna.se\\\/gavleborg\\\/\"},{\"@type\":\"ListItem\",\"position\":2,\"name\":\"Kristdemokraterna prioriterar v\u00e5rden och \u00e4ldrefr\u00e5gor\"}]},{\"@type\":\"WebSite\",\"@id\":\"https:\\\/\\\/wp.kristdemokraterna.se\\\/gavleborg\\\/#website\",\"url\":\"https:\\\/\\\/wp.kristdemokraterna.se\\\/gavleborg\\\/\",\"name\":\"Kristdemokraterna G\u00e4vleborg\",\"description\":\"Ett tryggare G\u00e4vleborg\",\"inLanguage\":\"sv-SE\"},{\"@type\":\"Person\",\"@id\":\"https:\\\/\\\/wp.kristdemokraterna.se\\\/gavleborg\\\/#\\\/schema\\\/person\\\/bc74b1c510a5c9e1fa45a63a3709916d\",\"name\":\"annelieostling\",\"image\":{\"@type\":\"ImageObject\",\"inLanguage\":\"sv-SE\",\"@id\":\"https:\\\/\\\/secure.gravatar.com\\\/avatar\\\/99d5411ba55eda83f73dc1ab2453d7b92fbc36831c5d818512b42de21186be1d?s=96&d=mm&r=g\",\"url\":\"https:\\\/\\\/secure.gravatar.com\\\/avatar\\\/99d5411ba55eda83f73dc1ab2453d7b92fbc36831c5d818512b42de21186be1d?s=96&d=mm&r=g\",\"contentUrl\":\"https:\\\/\\\/secure.gravatar.com\\\/avatar\\\/99d5411ba55eda83f73dc1ab2453d7b92fbc36831c5d818512b42de21186be1d?s=96&d=mm&r=g\",\"caption\":\"annelieostling\"},\"url\":\"https:\\\/\\\/wp.kristdemokraterna.se\\\/gavleborg\\\/author\\\/annelieostling\\\/\"}]}<\/script>\n<!-- \/ Yoast SEO plugin. -->","yoast_head_json":{"title":"Kristdemokraterna prioriterar v\u00e5rden och \u00e4ldrefr\u00e5gor - Kristdemokraterna G\u00e4vleborg","robots":{"index":"index","follow":"follow","max-snippet":"max-snippet:-1","max-image-preview":"max-image-preview:large","max-video-preview":"max-video-preview:-1"},"canonical":"https:\/\/wp.kristdemokraterna.se\/gavleborg\/kristdemokraterna-prioriterar-varden-och-aldrefragor\/","og_locale":"sv_SE","og_type":"article","og_title":"Kristdemokraterna prioriterar v\u00e5rden och \u00e4ldrefr\u00e5gor - Kristdemokraterna G\u00e4vleborg","og_description":"Svar: \u00c4ldre patienter offras n\u00e4r KD spar p\u00e5 sjukv\u00e5rden \u2013 Ljusnan Vi st\u00e5r mitt i en sv\u00e5r situation med bland annat l\u00e5gkonjunktur, krig i n\u00e4romr\u00e5det och otrygghet vilket g\u00f6r att v\u00e4lf\u00e4rden och de goda v\u00e4rderingarna utmanas. D\u00e5 beh\u00f6vs samh\u00e4llskrafter med en trygg v\u00e4rderingskompass och politiker som v\u00e5gar prioritera. Vi kristdemokrater s\u00e4tter m\u00e4nniskov\u00e4rdet fr\u00e4mst och l\u00e4gger L\u00e4s mer","og_url":"https:\/\/wp.kristdemokraterna.se\/gavleborg\/kristdemokraterna-prioriterar-varden-och-aldrefragor\/","og_site_name":"Kristdemokraterna G\u00e4vleborg","article_published_time":"2023-12-08T09:23:17+00:00","author":"annelieostling","twitter_card":"summary_large_image","twitter_misc":{"Skriven av":"annelieostling","Ber\u00e4knad l\u00e4stid":"2 minuter"},"schema":{"@context":"https:\/\/schema.org","@graph":[{"@type":"Article","@id":"https:\/\/wp.kristdemokraterna.se\/gavleborg\/kristdemokraterna-prioriterar-varden-och-aldrefragor\/#article","isPartOf":{"@id":"https:\/\/wp.kristdemokraterna.se\/gavleborg\/kristdemokraterna-prioriterar-varden-och-aldrefragor\/"},"author":{"name":"annelieostling","@id":"https:\/\/wp.kristdemokraterna.se\/gavleborg\/#\/schema\/person\/bc74b1c510a5c9e1fa45a63a3709916d"},"headline":"Kristdemokraterna prioriterar v\u00e5rden och \u00e4ldrefr\u00e5gor","datePublished":"2023-12-08T09:23:17+00:00","mainEntityOfPage":{"@id":"https:\/\/wp.kristdemokraterna.se\/gavleborg\/kristdemokraterna-prioriterar-varden-och-aldrefragor\/"},"wordCount":486,"articleSection":["Alla nyheter","Debattartiklar","Inl\u00e4gg","Nyheter"],"inLanguage":"sv-SE"},{"@type":"WebPage","@id":"https:\/\/wp.kristdemokraterna.se\/gavleborg\/kristdemokraterna-prioriterar-varden-och-aldrefragor\/","url":"https:\/\/wp.kristdemokraterna.se\/gavleborg\/kristdemokraterna-prioriterar-varden-och-aldrefragor\/","name":"Kristdemokraterna prioriterar v\u00e5rden och \u00e4ldrefr\u00e5gor - Kristdemokraterna G\u00e4vleborg","isPartOf":{"@id":"https:\/\/wp.kristdemokraterna.se\/gavleborg\/#website"},"datePublished":"2023-12-08T09:23:17+00:00","author":{"@id":"https:\/\/wp.kristdemokraterna.se\/gavleborg\/#\/schema\/person\/bc74b1c510a5c9e1fa45a63a3709916d"},"breadcrumb":{"@id":"https:\/\/wp.kristdemokraterna.se\/gavleborg\/kristdemokraterna-prioriterar-varden-och-aldrefragor\/#breadcrumb"},"inLanguage":"sv-SE","potentialAction":[{"@type":"ReadAction","target":["https:\/\/wp.kristdemokraterna.se\/gavleborg\/kristdemokraterna-prioriterar-varden-och-aldrefragor\/"]}]},{"@type":"BreadcrumbList","@id":"https:\/\/wp.kristdemokraterna.se\/gavleborg\/kristdemokraterna-prioriterar-varden-och-aldrefragor\/#breadcrumb","itemListElement":[{"@type":"ListItem","position":1,"name":"Hem","item":"https:\/\/wp.kristdemokraterna.se\/gavleborg\/"},{"@type":"ListItem","position":2,"name":"Kristdemokraterna prioriterar v\u00e5rden och \u00e4ldrefr\u00e5gor"}]},{"@type":"WebSite","@id":"https:\/\/wp.kristdemokraterna.se\/gavleborg\/#website","url":"https:\/\/wp.kristdemokraterna.se\/gavleborg\/","name":"Kristdemokraterna G\u00e4vleborg","description":"Ett tryggare G\u00e4vleborg","inLanguage":"sv-SE"},{"@type":"Person","@id":"https:\/\/wp.kristdemokraterna.se\/gavleborg\/#\/schema\/person\/bc74b1c510a5c9e1fa45a63a3709916d","name":"annelieostling","image":{"@type":"ImageObject","inLanguage":"sv-SE","@id":"https:\/\/secure.gravatar.com\/avatar\/99d5411ba55eda83f73dc1ab2453d7b92fbc36831c5d818512b42de21186be1d?s=96&d=mm&r=g","url":"https:\/\/secure.gravatar.com\/avatar\/99d5411ba55eda83f73dc1ab2453d7b92fbc36831c5d818512b42de21186be1d?s=96&d=mm&r=g","contentUrl":"https:\/\/secure.gravatar.com\/avatar\/99d5411ba55eda83f73dc1ab2453d7b92fbc36831c5d818512b42de21186be1d?s=96&d=mm&r=g","caption":"annelieostling"},"url":"https:\/\/wp.kristdemokraterna.se\/gavleborg\/author\/annelieostling\/"}]}},"_links":{"self":[{"href":"https:\/\/wp.kristdemokraterna.se\/gavleborg\/wp-json\/wp\/v2\/posts\/1130","targetHints":{"allow":["GET"]}}],"collection":[{"href":"https:\/\/wp.kristdemokraterna.se\/gavleborg\/wp-json\/wp\/v2\/posts"}],"about":[{"href":"https:\/\/wp.kristdemokraterna.se\/gavleborg\/wp-json\/wp\/v2\/types\/post"}],"author":[{"embeddable":true,"href":"https:\/\/wp.kristdemokraterna.se\/gavleborg\/wp-json\/wp\/v2\/users\/976"}],"replies":[{"embeddable":true,"href":"https:\/\/wp.kristdemokraterna.se\/gavleborg\/wp-json\/wp\/v2\/comments?post=1130"}],"version-history":[{"count":2,"href":"https:\/\/wp.kristdemokraterna.se\/gavleborg\/wp-json\/wp\/v2\/posts\/1130\/revisions"}],"predecessor-version":[{"id":1132,"href":"https:\/\/wp.kristdemokraterna.se\/gavleborg\/wp-json\/wp\/v2\/posts\/1130\/revisions\/1132"}],"wp:attachment":[{"href":"https:\/\/wp.kristdemokraterna.se\/gavleborg\/wp-json\/wp\/v2\/media?parent=1130"}],"wp:term":[{"taxonomy":"category","embeddable":true,"href":"https:\/\/wp.kristdemokraterna.se\/gavleborg\/wp-json\/wp\/v2\/categories?post=1130"},{"taxonomy":"post_tag","embeddable":true,"href":"https:\/\/wp.kristdemokraterna.se\/gavleborg\/wp-json\/wp\/v2\/tags?post=1130"}],"curies":[{"name":"wp","href":"https:\/\/api.w.org\/{rel}","templated":true}]}}