{"id":1234,"date":"2024-09-27T12:33:06","date_gmt":"2024-09-27T10:33:06","guid":{"rendered":"https:\/\/wp.kristdemokraterna.se\/gavleborg\/?p=1234"},"modified":"2024-09-27T12:33:06","modified_gmt":"2024-09-27T10:33:06","slug":"kristdemokraterna-nu-starker-vi-halso-och-sjukvarden","status":"publish","type":"post","link":"https:\/\/wp.kristdemokraterna.se\/gavleborg\/kristdemokraterna-nu-starker-vi-halso-och-sjukvarden\/","title":{"rendered":"Kristdemokraterna: Nu st\u00e4rker vi h\u00e4lso- och sjukv\u00e5rden"},"content":{"rendered":"<p>Inflationen har under en l\u00e4ngre tid skapat tuffa f\u00f6ruts\u00e4ttningar f\u00f6r regionerna. I v\u00e5ras s\u00e5g regeringen \u2013 d\u00e4r Kristdemokraterna ing\u00e5r, till att regionerna fick extra st\u00f6d till h\u00e4lso- och sjukv\u00e5rden under denna sv\u00e5ra tid. Nu f\u00f6rst\u00e4rker vi detta st\u00f6d ytterligare samtidigt som vi tar nya steg fram\u00e5t f\u00f6r en mer j\u00e4mlik v\u00e5rd i hela landet. Ett av de f\u00f6rslag som drivits av oss kristdemokrater \u00e4r nationell v\u00e5rdf\u00f6rmedling, vilket kan ge patienter v\u00e5rd snabbare.<\/p>\n<p>Kristdemokraterna har ett fortsatt stort fokus p\u00e5 att f\u00e5 h\u00e4lso- och sjukv\u00e5rden att fungera \u00e4nnu b\u00e4ttre och d\u00e4rf\u00f6r gl\u00e4ds vi \u00e5t att kunna presentera flera f\u00f6rb\u00e4ttringar, f\u00f6r patienter och f\u00f6r medarbetare. Vi arbetar f\u00f6r att patienter ska f\u00e5 v\u00e5rd i tid och att v\u00e5rden i olika landsdelar ska vara likv\u00e4rdig. D\u00e5 alla patienter har olika f\u00f6ruts\u00e4ttningar l\u00e4gger vi \u00e4ven till satsningar p\u00e5 utveckling av s\u00e5 kallad precisionsh\u00e4lsa, f\u00f6r att kunna ge varje patient b\u00e4sta m\u00f6jliga v\u00e5rd och behandling.<\/p>\n<p>Nedanst\u00e5ende \u00e4r de f\u00f6rslag som regeringen presenterar i budget:<\/p>\n<ul>\n<li>Ytterligare 2 miljarder kronor till h\u00e4lso- och sjukv\u00e5rden i regionerna<\/li>\n<li>Ekonomisk f\u00f6rst\u00e4rkning f\u00f6r \u00f6kad v\u00e5rdkapacitet och tillg\u00e4nglighet \u2013 d\u00e4r regionerna ska visa p\u00e5 konkreta resultat f\u00f6r att f\u00e5 ta del av dem<\/li>\n<li>\u00d6kad satsning p\u00e5 nationell v\u00e5rdf\u00f6rmedling \u2013 v\u00e4ntande patienter erbjuds v\u00e5rd hos en annan v\u00e5rdgivare med kortare v\u00e4ntetider, oavsett var i landet denna v\u00e5rdgivare finns<\/li>\n<li>50 miljoner kronor till ett j\u00e4mlikt inf\u00f6rande av precisionsh\u00e4lsa<\/li>\n<\/ul>\n<p>Nu tar vi itu med de l\u00e5nga v\u00e4ntetiderna och v\u00e5rdk\u00f6erna. Dagens och framtidens patienter ska f\u00e5 b\u00e4sta m\u00f6jliga v\u00e5rd.<\/p>\n<p>Lili Andr\u00e9 (KD), Riksdagsledamot<\/p>\n<p>Jennie Forsblom (KD), Regionr\u00e5d<\/p>\n","protected":false},"excerpt":{"rendered":"<p>Inflationen har under en l\u00e4ngre tid skapat tuffa f\u00f6ruts\u00e4ttningar f\u00f6r regionerna. I v\u00e5ras s\u00e5g regeringen \u2013 d\u00e4r Kristdemokraterna ing\u00e5r, till att regionerna fick extra st\u00f6d till h\u00e4lso- och sjukv\u00e5rden under denna sv\u00e5ra tid. Nu f\u00f6rst\u00e4rker vi detta st\u00f6d ytterligare samtidigt som vi tar nya steg fram\u00e5t f\u00f6r en mer j\u00e4mlik v\u00e5rd i hela landet. Ett <a class=\"read-more-link\" href=\"https:\/\/wp.kristdemokraterna.se\/gavleborg\/kristdemokraterna-nu-starker-vi-halso-och-sjukvarden\/\">L\u00e4s mer<\/a><\/p>\n","protected":false},"author":976,"featured_media":0,"comment_status":"closed","ping_status":"closed","sticky":false,"template":"","format":"standard","meta":{"_acf_changed":false,"footnotes":""},"categories":[30,21,31,25],"tags":[],"class_list":["post-1234","post","type-post","status-publish","format-standard","hentry","category-alla-nyheter","category-debattartiklar","category-inlagg","category-nyheter"],"acf":[],"yoast_head":"<!-- This site is optimized with the Yoast SEO plugin v27.5 - https:\/\/yoast.com\/product\/yoast-seo-wordpress\/ -->\n<title>Kristdemokraterna: Nu st\u00e4rker vi h\u00e4lso- och sjukv\u00e5rden - Kristdemokraterna G\u00e4vleborg<\/title>\n<meta name=\"robots\" content=\"index, follow, max-snippet:-1, max-image-preview:large, max-video-preview:-1\" \/>\n<link rel=\"canonical\" href=\"https:\/\/wp.kristdemokraterna.se\/gavleborg\/kristdemokraterna-nu-starker-vi-halso-och-sjukvarden\/\" \/>\n<meta property=\"og:locale\" content=\"sv_SE\" \/>\n<meta property=\"og:type\" content=\"article\" \/>\n<meta property=\"og:title\" content=\"Kristdemokraterna: Nu st\u00e4rker vi h\u00e4lso- och sjukv\u00e5rden - Kristdemokraterna G\u00e4vleborg\" \/>\n<meta property=\"og:description\" content=\"Inflationen har under en l\u00e4ngre tid skapat tuffa f\u00f6ruts\u00e4ttningar f\u00f6r regionerna. I v\u00e5ras s\u00e5g regeringen \u2013 d\u00e4r Kristdemokraterna ing\u00e5r, till att regionerna fick extra st\u00f6d till h\u00e4lso- och sjukv\u00e5rden under denna sv\u00e5ra tid. Nu f\u00f6rst\u00e4rker vi detta st\u00f6d ytterligare samtidigt som vi tar nya steg fram\u00e5t f\u00f6r en mer j\u00e4mlik v\u00e5rd i hela landet. Ett L\u00e4s mer\" \/>\n<meta property=\"og:url\" content=\"https:\/\/wp.kristdemokraterna.se\/gavleborg\/kristdemokraterna-nu-starker-vi-halso-och-sjukvarden\/\" \/>\n<meta property=\"og:site_name\" content=\"Kristdemokraterna G\u00e4vleborg\" \/>\n<meta property=\"article:published_time\" content=\"2024-09-27T10:33:06+00:00\" \/>\n<meta name=\"author\" content=\"annelieostling\" \/>\n<meta name=\"twitter:card\" content=\"summary_large_image\" \/>\n<meta name=\"twitter:label1\" content=\"Skriven av\" \/>\n\t<meta name=\"twitter:data1\" content=\"annelieostling\" \/>\n\t<meta name=\"twitter:label2\" content=\"Ber\u00e4knad l\u00e4stid\" \/>\n\t<meta name=\"twitter:data2\" content=\"2 minuter\" \/>\n<script type=\"application\/ld+json\" class=\"yoast-schema-graph\">{\"@context\":\"https:\\\/\\\/schema.org\",\"@graph\":[{\"@type\":\"Article\",\"@id\":\"https:\\\/\\\/wp.kristdemokraterna.se\\\/gavleborg\\\/kristdemokraterna-nu-starker-vi-halso-och-sjukvarden\\\/#article\",\"isPartOf\":{\"@id\":\"https:\\\/\\\/wp.kristdemokraterna.se\\\/gavleborg\\\/kristdemokraterna-nu-starker-vi-halso-och-sjukvarden\\\/\"},\"author\":{\"name\":\"annelieostling\",\"@id\":\"https:\\\/\\\/wp.kristdemokraterna.se\\\/gavleborg\\\/#\\\/schema\\\/person\\\/bc74b1c510a5c9e1fa45a63a3709916d\"},\"headline\":\"Kristdemokraterna: Nu st\u00e4rker vi h\u00e4lso- och sjukv\u00e5rden\",\"datePublished\":\"2024-09-27T10:33:06+00:00\",\"mainEntityOfPage\":{\"@id\":\"https:\\\/\\\/wp.kristdemokraterna.se\\\/gavleborg\\\/kristdemokraterna-nu-starker-vi-halso-och-sjukvarden\\\/\"},\"wordCount\":330,\"articleSection\":[\"Alla nyheter\",\"Debattartiklar\",\"Inl\u00e4gg\",\"Nyheter\"],\"inLanguage\":\"sv-SE\"},{\"@type\":\"WebPage\",\"@id\":\"https:\\\/\\\/wp.kristdemokraterna.se\\\/gavleborg\\\/kristdemokraterna-nu-starker-vi-halso-och-sjukvarden\\\/\",\"url\":\"https:\\\/\\\/wp.kristdemokraterna.se\\\/gavleborg\\\/kristdemokraterna-nu-starker-vi-halso-och-sjukvarden\\\/\",\"name\":\"Kristdemokraterna: Nu st\u00e4rker vi h\u00e4lso- och sjukv\u00e5rden - Kristdemokraterna G\u00e4vleborg\",\"isPartOf\":{\"@id\":\"https:\\\/\\\/wp.kristdemokraterna.se\\\/gavleborg\\\/#website\"},\"datePublished\":\"2024-09-27T10:33:06+00:00\",\"author\":{\"@id\":\"https:\\\/\\\/wp.kristdemokraterna.se\\\/gavleborg\\\/#\\\/schema\\\/person\\\/bc74b1c510a5c9e1fa45a63a3709916d\"},\"breadcrumb\":{\"@id\":\"https:\\\/\\\/wp.kristdemokraterna.se\\\/gavleborg\\\/kristdemokraterna-nu-starker-vi-halso-och-sjukvarden\\\/#breadcrumb\"},\"inLanguage\":\"sv-SE\",\"potentialAction\":[{\"@type\":\"ReadAction\",\"target\":[\"https:\\\/\\\/wp.kristdemokraterna.se\\\/gavleborg\\\/kristdemokraterna-nu-starker-vi-halso-och-sjukvarden\\\/\"]}]},{\"@type\":\"BreadcrumbList\",\"@id\":\"https:\\\/\\\/wp.kristdemokraterna.se\\\/gavleborg\\\/kristdemokraterna-nu-starker-vi-halso-och-sjukvarden\\\/#breadcrumb\",\"itemListElement\":[{\"@type\":\"ListItem\",\"position\":1,\"name\":\"Hem\",\"item\":\"https:\\\/\\\/wp.kristdemokraterna.se\\\/gavleborg\\\/\"},{\"@type\":\"ListItem\",\"position\":2,\"name\":\"Kristdemokraterna: Nu st\u00e4rker vi h\u00e4lso- och sjukv\u00e5rden\"}]},{\"@type\":\"WebSite\",\"@id\":\"https:\\\/\\\/wp.kristdemokraterna.se\\\/gavleborg\\\/#website\",\"url\":\"https:\\\/\\\/wp.kristdemokraterna.se\\\/gavleborg\\\/\",\"name\":\"Kristdemokraterna G\u00e4vleborg\",\"description\":\"Ett tryggare G\u00e4vleborg\",\"inLanguage\":\"sv-SE\"},{\"@type\":\"Person\",\"@id\":\"https:\\\/\\\/wp.kristdemokraterna.se\\\/gavleborg\\\/#\\\/schema\\\/person\\\/bc74b1c510a5c9e1fa45a63a3709916d\",\"name\":\"annelieostling\",\"image\":{\"@type\":\"ImageObject\",\"inLanguage\":\"sv-SE\",\"@id\":\"https:\\\/\\\/secure.gravatar.com\\\/avatar\\\/99d5411ba55eda83f73dc1ab2453d7b92fbc36831c5d818512b42de21186be1d?s=96&d=mm&r=g\",\"url\":\"https:\\\/\\\/secure.gravatar.com\\\/avatar\\\/99d5411ba55eda83f73dc1ab2453d7b92fbc36831c5d818512b42de21186be1d?s=96&d=mm&r=g\",\"contentUrl\":\"https:\\\/\\\/secure.gravatar.com\\\/avatar\\\/99d5411ba55eda83f73dc1ab2453d7b92fbc36831c5d818512b42de21186be1d?s=96&d=mm&r=g\",\"caption\":\"annelieostling\"},\"url\":\"https:\\\/\\\/wp.kristdemokraterna.se\\\/gavleborg\\\/author\\\/annelieostling\\\/\"}]}<\/script>\n<!-- \/ Yoast SEO plugin. -->","yoast_head_json":{"title":"Kristdemokraterna: Nu st\u00e4rker vi h\u00e4lso- och sjukv\u00e5rden - Kristdemokraterna G\u00e4vleborg","robots":{"index":"index","follow":"follow","max-snippet":"max-snippet:-1","max-image-preview":"max-image-preview:large","max-video-preview":"max-video-preview:-1"},"canonical":"https:\/\/wp.kristdemokraterna.se\/gavleborg\/kristdemokraterna-nu-starker-vi-halso-och-sjukvarden\/","og_locale":"sv_SE","og_type":"article","og_title":"Kristdemokraterna: Nu st\u00e4rker vi h\u00e4lso- och sjukv\u00e5rden - Kristdemokraterna G\u00e4vleborg","og_description":"Inflationen har under en l\u00e4ngre tid skapat tuffa f\u00f6ruts\u00e4ttningar f\u00f6r regionerna. I v\u00e5ras s\u00e5g regeringen \u2013 d\u00e4r Kristdemokraterna ing\u00e5r, till att regionerna fick extra st\u00f6d till h\u00e4lso- och sjukv\u00e5rden under denna sv\u00e5ra tid. Nu f\u00f6rst\u00e4rker vi detta st\u00f6d ytterligare samtidigt som vi tar nya steg fram\u00e5t f\u00f6r en mer j\u00e4mlik v\u00e5rd i hela landet. Ett L\u00e4s mer","og_url":"https:\/\/wp.kristdemokraterna.se\/gavleborg\/kristdemokraterna-nu-starker-vi-halso-och-sjukvarden\/","og_site_name":"Kristdemokraterna G\u00e4vleborg","article_published_time":"2024-09-27T10:33:06+00:00","author":"annelieostling","twitter_card":"summary_large_image","twitter_misc":{"Skriven av":"annelieostling","Ber\u00e4knad l\u00e4stid":"2 minuter"},"schema":{"@context":"https:\/\/schema.org","@graph":[{"@type":"Article","@id":"https:\/\/wp.kristdemokraterna.se\/gavleborg\/kristdemokraterna-nu-starker-vi-halso-och-sjukvarden\/#article","isPartOf":{"@id":"https:\/\/wp.kristdemokraterna.se\/gavleborg\/kristdemokraterna-nu-starker-vi-halso-och-sjukvarden\/"},"author":{"name":"annelieostling","@id":"https:\/\/wp.kristdemokraterna.se\/gavleborg\/#\/schema\/person\/bc74b1c510a5c9e1fa45a63a3709916d"},"headline":"Kristdemokraterna: Nu st\u00e4rker vi h\u00e4lso- och sjukv\u00e5rden","datePublished":"2024-09-27T10:33:06+00:00","mainEntityOfPage":{"@id":"https:\/\/wp.kristdemokraterna.se\/gavleborg\/kristdemokraterna-nu-starker-vi-halso-och-sjukvarden\/"},"wordCount":330,"articleSection":["Alla nyheter","Debattartiklar","Inl\u00e4gg","Nyheter"],"inLanguage":"sv-SE"},{"@type":"WebPage","@id":"https:\/\/wp.kristdemokraterna.se\/gavleborg\/kristdemokraterna-nu-starker-vi-halso-och-sjukvarden\/","url":"https:\/\/wp.kristdemokraterna.se\/gavleborg\/kristdemokraterna-nu-starker-vi-halso-och-sjukvarden\/","name":"Kristdemokraterna: Nu st\u00e4rker vi h\u00e4lso- och sjukv\u00e5rden - Kristdemokraterna G\u00e4vleborg","isPartOf":{"@id":"https:\/\/wp.kristdemokraterna.se\/gavleborg\/#website"},"datePublished":"2024-09-27T10:33:06+00:00","author":{"@id":"https:\/\/wp.kristdemokraterna.se\/gavleborg\/#\/schema\/person\/bc74b1c510a5c9e1fa45a63a3709916d"},"breadcrumb":{"@id":"https:\/\/wp.kristdemokraterna.se\/gavleborg\/kristdemokraterna-nu-starker-vi-halso-och-sjukvarden\/#breadcrumb"},"inLanguage":"sv-SE","potentialAction":[{"@type":"ReadAction","target":["https:\/\/wp.kristdemokraterna.se\/gavleborg\/kristdemokraterna-nu-starker-vi-halso-och-sjukvarden\/"]}]},{"@type":"BreadcrumbList","@id":"https:\/\/wp.kristdemokraterna.se\/gavleborg\/kristdemokraterna-nu-starker-vi-halso-och-sjukvarden\/#breadcrumb","itemListElement":[{"@type":"ListItem","position":1,"name":"Hem","item":"https:\/\/wp.kristdemokraterna.se\/gavleborg\/"},{"@type":"ListItem","position":2,"name":"Kristdemokraterna: Nu st\u00e4rker vi h\u00e4lso- och sjukv\u00e5rden"}]},{"@type":"WebSite","@id":"https:\/\/wp.kristdemokraterna.se\/gavleborg\/#website","url":"https:\/\/wp.kristdemokraterna.se\/gavleborg\/","name":"Kristdemokraterna G\u00e4vleborg","description":"Ett tryggare G\u00e4vleborg","inLanguage":"sv-SE"},{"@type":"Person","@id":"https:\/\/wp.kristdemokraterna.se\/gavleborg\/#\/schema\/person\/bc74b1c510a5c9e1fa45a63a3709916d","name":"annelieostling","image":{"@type":"ImageObject","inLanguage":"sv-SE","@id":"https:\/\/secure.gravatar.com\/avatar\/99d5411ba55eda83f73dc1ab2453d7b92fbc36831c5d818512b42de21186be1d?s=96&d=mm&r=g","url":"https:\/\/secure.gravatar.com\/avatar\/99d5411ba55eda83f73dc1ab2453d7b92fbc36831c5d818512b42de21186be1d?s=96&d=mm&r=g","contentUrl":"https:\/\/secure.gravatar.com\/avatar\/99d5411ba55eda83f73dc1ab2453d7b92fbc36831c5d818512b42de21186be1d?s=96&d=mm&r=g","caption":"annelieostling"},"url":"https:\/\/wp.kristdemokraterna.se\/gavleborg\/author\/annelieostling\/"}]}},"_links":{"self":[{"href":"https:\/\/wp.kristdemokraterna.se\/gavleborg\/wp-json\/wp\/v2\/posts\/1234","targetHints":{"allow":["GET"]}}],"collection":[{"href":"https:\/\/wp.kristdemokraterna.se\/gavleborg\/wp-json\/wp\/v2\/posts"}],"about":[{"href":"https:\/\/wp.kristdemokraterna.se\/gavleborg\/wp-json\/wp\/v2\/types\/post"}],"author":[{"embeddable":true,"href":"https:\/\/wp.kristdemokraterna.se\/gavleborg\/wp-json\/wp\/v2\/users\/976"}],"replies":[{"embeddable":true,"href":"https:\/\/wp.kristdemokraterna.se\/gavleborg\/wp-json\/wp\/v2\/comments?post=1234"}],"version-history":[{"count":1,"href":"https:\/\/wp.kristdemokraterna.se\/gavleborg\/wp-json\/wp\/v2\/posts\/1234\/revisions"}],"predecessor-version":[{"id":1235,"href":"https:\/\/wp.kristdemokraterna.se\/gavleborg\/wp-json\/wp\/v2\/posts\/1234\/revisions\/1235"}],"wp:attachment":[{"href":"https:\/\/wp.kristdemokraterna.se\/gavleborg\/wp-json\/wp\/v2\/media?parent=1234"}],"wp:term":[{"taxonomy":"category","embeddable":true,"href":"https:\/\/wp.kristdemokraterna.se\/gavleborg\/wp-json\/wp\/v2\/categories?post=1234"},{"taxonomy":"post_tag","embeddable":true,"href":"https:\/\/wp.kristdemokraterna.se\/gavleborg\/wp-json\/wp\/v2\/tags?post=1234"}],"curies":[{"name":"wp","href":"https:\/\/api.w.org\/{rel}","templated":true}]}}