{"id":1238,"date":"2024-09-27T12:51:02","date_gmt":"2024-09-27T10:51:02","guid":{"rendered":"https:\/\/wp.kristdemokraterna.se\/gavleborg\/?p=1238"},"modified":"2024-09-27T12:51:02","modified_gmt":"2024-09-27T10:51:02","slug":"kristdemokraterna-vi-genomfor-den-storsta-tandvardsreformen-pa-20-ar","status":"publish","type":"post","link":"https:\/\/wp.kristdemokraterna.se\/gavleborg\/kristdemokraterna-vi-genomfor-den-storsta-tandvardsreformen-pa-20-ar\/","title":{"rendered":"Kristdemokraterna: Vi genomf\u00f6r den st\u00f6rsta tandv\u00e5rdsreformen p\u00e5 20 \u00e5r"},"content":{"rendered":"<p>En av kristdemokraternas hj\u00e4rtefr\u00e5gor \u00e4r att \u00e4ldre ska f\u00e5 leva ett aktivt liv, ha inflytande \u00f6ver sin vardag, bem\u00f6tas med respekt och ha tillg\u00e5ng till god v\u00e5rd och omsorg. Vi har varit drivande i regeringen att st\u00e4rka \u00e4ldres f\u00f6ruts\u00e4ttningar.\u00a0 D\u00e4rf\u00f6r \u00e4r vi glada \u00f6ver att kunna presentera ett antal nya satsningar p\u00e5 Sveriges \u00e4ldre. S\u00e4rskilt stolta \u00e4r vi \u00f6ver den st\u00f6rsta tandv\u00e5rdsreformen p\u00e5 20 \u00e5r, vilket var ett av v\u00e5ra vall\u00f6ften.<\/p>\n<p>Tillsammans med v\u00e5ra samarbetspartier har vi f\u00f6ljande goda nyheter f\u00f6r Sveriges \u00e4ldre:<\/p>\n<ul>\n<li>F\u00f6rst\u00e4rkt h\u00f6gkostnadsskydd f\u00f6r tandv\u00e5rd f\u00f6r alla \u00f6ver 67 \u00e5r<\/li>\n<li>\u00d6kad kontroll av tandv\u00e5rdsgivare<\/li>\n<li>F\u00f6rst\u00e4rkt kunskapsstyrning f\u00f6r \u00e4ldreomsorgen<\/li>\n<li>Fast omsorgskontakt inom \u00e4ldreomsorgen<\/li>\n<li>St\u00e4rkt st\u00f6d till anh\u00f6riga<\/li>\n<\/ul>\n<p>Alla ska ha r\u00e5d att g\u00e5 till tandl\u00e4karen, \u00f6kat h\u00f6gkostnadsskydd f\u00f6r tandv\u00e5rd f\u00f6r alla \u00f6ver 67 \u00e5r inneb\u00e4r kraftigt s\u00e4nkta tandv\u00e5rdskostnader, och kan p\u00e5 sikt ge en b\u00e4ttre munh\u00e4lsa.<\/p>\n<p>\u00d6kad kontroll av tandv\u00e5rdsgivare \u00e4r en del i den allm\u00e4nna str\u00e4van att stoppa kriminalitet och utnyttjande i v\u00e5rt samh\u00e4lle. Detta g\u00f6r det sv\u00e5rare f\u00f6r oseri\u00f6sa akt\u00f6rer och \u00f6kar patients\u00e4kerheten.<\/p>\n<p>Sveriges \u00e4ldre f\u00f6rtj\u00e4nar en \u00e4ldreomsorg i v\u00e4rldsklass. Vi lever allt l\u00e4ngre, \u00a0vilket \u00e4r en positiv utveckling. De allra flesta beh\u00f6ver n\u00e5gon g\u00e5ng i livet v\u00e5rd och st\u00f6d, detta st\u00e4ller h\u00f6gre krav p\u00e5 \u00e4ldreomsorgen. D\u00e4rf\u00f6r satsar vi nu stort p\u00e5 \u00e4ldreomsorgen, bland annat p\u00e5 kunskapsbaserade verksamheter. Kunskapen om olika sjukdomar som till exempel demens utvecklas snabbt, d\u00e5 beh\u00f6ver \u00e4ven kunskapsl\u00e4get h\u00e4nga med.<\/p>\n<p>\u00c4ldre och sjuka inom \u00e4ldreomsorgen ska ocks\u00e5 erbjudas en fast omsorgskontakt, idag har bara de som har hemtj\u00e4nst r\u00e4tt till det. Kristdemokraterna och regeringen avser d\u00e4rf\u00f6r att \u00e4ndra s\u00e5 att \u00e4ven de som bor i s\u00e4rskilda boenden ska ha r\u00e4tt till en fast omsorgskontakt.<\/p>\n<p>Idag ger \u00f6ver en miljon svenskar v\u00e5rd och omsorg till en n\u00e4rst\u00e5ende. Vi beh\u00f6ver ge ett b\u00e4ttre fungerande st\u00f6d till anh\u00f6riga, till exempel genom att kommuner blir skyldiga att erbjuda en anh\u00f6rigkontakt och att v\u00e5rdgivare erbjuder barn som \u00e4r anh\u00f6riga information och st\u00f6d.<\/p>\n<p>Alla ska kunna leva ett v\u00e4rdigt liv, genom hela livet.<\/p>\n<p>&nbsp;<\/p>\n<p>Lili Andr\u00e9 (KD), Riksdagsledamot<\/p>\n<p>Jennie Forsblom (KD), Regionr\u00e5d<\/p>\n","protected":false},"excerpt":{"rendered":"<p>En av kristdemokraternas hj\u00e4rtefr\u00e5gor \u00e4r att \u00e4ldre ska f\u00e5 leva ett aktivt liv, ha inflytande \u00f6ver sin vardag, bem\u00f6tas med respekt och ha tillg\u00e5ng till god v\u00e5rd och omsorg. Vi har varit drivande i regeringen att st\u00e4rka \u00e4ldres f\u00f6ruts\u00e4ttningar.\u00a0 D\u00e4rf\u00f6r \u00e4r vi glada \u00f6ver att kunna presentera ett antal nya satsningar p\u00e5 Sveriges \u00e4ldre. S\u00e4rskilt <a class=\"read-more-link\" href=\"https:\/\/wp.kristdemokraterna.se\/gavleborg\/kristdemokraterna-vi-genomfor-den-storsta-tandvardsreformen-pa-20-ar\/\">L\u00e4s mer<\/a><\/p>\n","protected":false},"author":976,"featured_media":0,"comment_status":"closed","ping_status":"closed","sticky":false,"template":"","format":"standard","meta":{"_acf_changed":false,"footnotes":""},"categories":[30,21,31,25],"tags":[],"class_list":["post-1238","post","type-post","status-publish","format-standard","hentry","category-alla-nyheter","category-debattartiklar","category-inlagg","category-nyheter"],"acf":[],"yoast_head":"<!-- This site is optimized with the Yoast SEO plugin v27.5 - https:\/\/yoast.com\/product\/yoast-seo-wordpress\/ -->\n<title>Kristdemokraterna: Vi genomf\u00f6r den st\u00f6rsta tandv\u00e5rdsreformen p\u00e5 20 \u00e5r - Kristdemokraterna G\u00e4vleborg<\/title>\n<meta name=\"robots\" content=\"index, follow, max-snippet:-1, max-image-preview:large, max-video-preview:-1\" \/>\n<link rel=\"canonical\" href=\"https:\/\/wp.kristdemokraterna.se\/gavleborg\/kristdemokraterna-vi-genomfor-den-storsta-tandvardsreformen-pa-20-ar\/\" \/>\n<meta property=\"og:locale\" content=\"sv_SE\" \/>\n<meta property=\"og:type\" content=\"article\" \/>\n<meta property=\"og:title\" content=\"Kristdemokraterna: Vi genomf\u00f6r den st\u00f6rsta tandv\u00e5rdsreformen p\u00e5 20 \u00e5r - Kristdemokraterna G\u00e4vleborg\" \/>\n<meta property=\"og:description\" content=\"En av kristdemokraternas hj\u00e4rtefr\u00e5gor \u00e4r att \u00e4ldre ska f\u00e5 leva ett aktivt liv, ha inflytande \u00f6ver sin vardag, bem\u00f6tas med respekt och ha tillg\u00e5ng till god v\u00e5rd och omsorg. Vi har varit drivande i regeringen att st\u00e4rka \u00e4ldres f\u00f6ruts\u00e4ttningar.\u00a0 D\u00e4rf\u00f6r \u00e4r vi glada \u00f6ver att kunna presentera ett antal nya satsningar p\u00e5 Sveriges \u00e4ldre. S\u00e4rskilt L\u00e4s mer\" \/>\n<meta property=\"og:url\" content=\"https:\/\/wp.kristdemokraterna.se\/gavleborg\/kristdemokraterna-vi-genomfor-den-storsta-tandvardsreformen-pa-20-ar\/\" \/>\n<meta property=\"og:site_name\" content=\"Kristdemokraterna G\u00e4vleborg\" \/>\n<meta property=\"article:published_time\" content=\"2024-09-27T10:51:02+00:00\" \/>\n<meta name=\"author\" content=\"annelieostling\" \/>\n<meta name=\"twitter:card\" content=\"summary_large_image\" \/>\n<meta name=\"twitter:label1\" content=\"Skriven av\" \/>\n\t<meta name=\"twitter:data1\" content=\"annelieostling\" \/>\n\t<meta name=\"twitter:label2\" content=\"Ber\u00e4knad l\u00e4stid\" \/>\n\t<meta name=\"twitter:data2\" content=\"2 minuter\" \/>\n<script type=\"application\/ld+json\" class=\"yoast-schema-graph\">{\"@context\":\"https:\\\/\\\/schema.org\",\"@graph\":[{\"@type\":\"Article\",\"@id\":\"https:\\\/\\\/wp.kristdemokraterna.se\\\/gavleborg\\\/kristdemokraterna-vi-genomfor-den-storsta-tandvardsreformen-pa-20-ar\\\/#article\",\"isPartOf\":{\"@id\":\"https:\\\/\\\/wp.kristdemokraterna.se\\\/gavleborg\\\/kristdemokraterna-vi-genomfor-den-storsta-tandvardsreformen-pa-20-ar\\\/\"},\"author\":{\"name\":\"annelieostling\",\"@id\":\"https:\\\/\\\/wp.kristdemokraterna.se\\\/gavleborg\\\/#\\\/schema\\\/person\\\/bc74b1c510a5c9e1fa45a63a3709916d\"},\"headline\":\"Kristdemokraterna: Vi genomf\u00f6r den st\u00f6rsta tandv\u00e5rdsreformen p\u00e5 20 \u00e5r\",\"datePublished\":\"2024-09-27T10:51:02+00:00\",\"mainEntityOfPage\":{\"@id\":\"https:\\\/\\\/wp.kristdemokraterna.se\\\/gavleborg\\\/kristdemokraterna-vi-genomfor-den-storsta-tandvardsreformen-pa-20-ar\\\/\"},\"wordCount\":429,\"articleSection\":[\"Alla nyheter\",\"Debattartiklar\",\"Inl\u00e4gg\",\"Nyheter\"],\"inLanguage\":\"sv-SE\"},{\"@type\":\"WebPage\",\"@id\":\"https:\\\/\\\/wp.kristdemokraterna.se\\\/gavleborg\\\/kristdemokraterna-vi-genomfor-den-storsta-tandvardsreformen-pa-20-ar\\\/\",\"url\":\"https:\\\/\\\/wp.kristdemokraterna.se\\\/gavleborg\\\/kristdemokraterna-vi-genomfor-den-storsta-tandvardsreformen-pa-20-ar\\\/\",\"name\":\"Kristdemokraterna: Vi genomf\u00f6r den st\u00f6rsta tandv\u00e5rdsreformen p\u00e5 20 \u00e5r - Kristdemokraterna G\u00e4vleborg\",\"isPartOf\":{\"@id\":\"https:\\\/\\\/wp.kristdemokraterna.se\\\/gavleborg\\\/#website\"},\"datePublished\":\"2024-09-27T10:51:02+00:00\",\"author\":{\"@id\":\"https:\\\/\\\/wp.kristdemokraterna.se\\\/gavleborg\\\/#\\\/schema\\\/person\\\/bc74b1c510a5c9e1fa45a63a3709916d\"},\"breadcrumb\":{\"@id\":\"https:\\\/\\\/wp.kristdemokraterna.se\\\/gavleborg\\\/kristdemokraterna-vi-genomfor-den-storsta-tandvardsreformen-pa-20-ar\\\/#breadcrumb\"},\"inLanguage\":\"sv-SE\",\"potentialAction\":[{\"@type\":\"ReadAction\",\"target\":[\"https:\\\/\\\/wp.kristdemokraterna.se\\\/gavleborg\\\/kristdemokraterna-vi-genomfor-den-storsta-tandvardsreformen-pa-20-ar\\\/\"]}]},{\"@type\":\"BreadcrumbList\",\"@id\":\"https:\\\/\\\/wp.kristdemokraterna.se\\\/gavleborg\\\/kristdemokraterna-vi-genomfor-den-storsta-tandvardsreformen-pa-20-ar\\\/#breadcrumb\",\"itemListElement\":[{\"@type\":\"ListItem\",\"position\":1,\"name\":\"Hem\",\"item\":\"https:\\\/\\\/wp.kristdemokraterna.se\\\/gavleborg\\\/\"},{\"@type\":\"ListItem\",\"position\":2,\"name\":\"Kristdemokraterna: Vi genomf\u00f6r den st\u00f6rsta tandv\u00e5rdsreformen p\u00e5 20 \u00e5r\"}]},{\"@type\":\"WebSite\",\"@id\":\"https:\\\/\\\/wp.kristdemokraterna.se\\\/gavleborg\\\/#website\",\"url\":\"https:\\\/\\\/wp.kristdemokraterna.se\\\/gavleborg\\\/\",\"name\":\"Kristdemokraterna G\u00e4vleborg\",\"description\":\"Ett tryggare G\u00e4vleborg\",\"inLanguage\":\"sv-SE\"},{\"@type\":\"Person\",\"@id\":\"https:\\\/\\\/wp.kristdemokraterna.se\\\/gavleborg\\\/#\\\/schema\\\/person\\\/bc74b1c510a5c9e1fa45a63a3709916d\",\"name\":\"annelieostling\",\"image\":{\"@type\":\"ImageObject\",\"inLanguage\":\"sv-SE\",\"@id\":\"https:\\\/\\\/secure.gravatar.com\\\/avatar\\\/99d5411ba55eda83f73dc1ab2453d7b92fbc36831c5d818512b42de21186be1d?s=96&d=mm&r=g\",\"url\":\"https:\\\/\\\/secure.gravatar.com\\\/avatar\\\/99d5411ba55eda83f73dc1ab2453d7b92fbc36831c5d818512b42de21186be1d?s=96&d=mm&r=g\",\"contentUrl\":\"https:\\\/\\\/secure.gravatar.com\\\/avatar\\\/99d5411ba55eda83f73dc1ab2453d7b92fbc36831c5d818512b42de21186be1d?s=96&d=mm&r=g\",\"caption\":\"annelieostling\"},\"url\":\"https:\\\/\\\/wp.kristdemokraterna.se\\\/gavleborg\\\/author\\\/annelieostling\\\/\"}]}<\/script>\n<!-- \/ Yoast SEO plugin. -->","yoast_head_json":{"title":"Kristdemokraterna: Vi genomf\u00f6r den st\u00f6rsta tandv\u00e5rdsreformen p\u00e5 20 \u00e5r - Kristdemokraterna G\u00e4vleborg","robots":{"index":"index","follow":"follow","max-snippet":"max-snippet:-1","max-image-preview":"max-image-preview:large","max-video-preview":"max-video-preview:-1"},"canonical":"https:\/\/wp.kristdemokraterna.se\/gavleborg\/kristdemokraterna-vi-genomfor-den-storsta-tandvardsreformen-pa-20-ar\/","og_locale":"sv_SE","og_type":"article","og_title":"Kristdemokraterna: Vi genomf\u00f6r den st\u00f6rsta tandv\u00e5rdsreformen p\u00e5 20 \u00e5r - Kristdemokraterna G\u00e4vleborg","og_description":"En av kristdemokraternas hj\u00e4rtefr\u00e5gor \u00e4r att \u00e4ldre ska f\u00e5 leva ett aktivt liv, ha inflytande \u00f6ver sin vardag, bem\u00f6tas med respekt och ha tillg\u00e5ng till god v\u00e5rd och omsorg. Vi har varit drivande i regeringen att st\u00e4rka \u00e4ldres f\u00f6ruts\u00e4ttningar.\u00a0 D\u00e4rf\u00f6r \u00e4r vi glada \u00f6ver att kunna presentera ett antal nya satsningar p\u00e5 Sveriges \u00e4ldre. S\u00e4rskilt L\u00e4s mer","og_url":"https:\/\/wp.kristdemokraterna.se\/gavleborg\/kristdemokraterna-vi-genomfor-den-storsta-tandvardsreformen-pa-20-ar\/","og_site_name":"Kristdemokraterna G\u00e4vleborg","article_published_time":"2024-09-27T10:51:02+00:00","author":"annelieostling","twitter_card":"summary_large_image","twitter_misc":{"Skriven av":"annelieostling","Ber\u00e4knad l\u00e4stid":"2 minuter"},"schema":{"@context":"https:\/\/schema.org","@graph":[{"@type":"Article","@id":"https:\/\/wp.kristdemokraterna.se\/gavleborg\/kristdemokraterna-vi-genomfor-den-storsta-tandvardsreformen-pa-20-ar\/#article","isPartOf":{"@id":"https:\/\/wp.kristdemokraterna.se\/gavleborg\/kristdemokraterna-vi-genomfor-den-storsta-tandvardsreformen-pa-20-ar\/"},"author":{"name":"annelieostling","@id":"https:\/\/wp.kristdemokraterna.se\/gavleborg\/#\/schema\/person\/bc74b1c510a5c9e1fa45a63a3709916d"},"headline":"Kristdemokraterna: Vi genomf\u00f6r den st\u00f6rsta tandv\u00e5rdsreformen p\u00e5 20 \u00e5r","datePublished":"2024-09-27T10:51:02+00:00","mainEntityOfPage":{"@id":"https:\/\/wp.kristdemokraterna.se\/gavleborg\/kristdemokraterna-vi-genomfor-den-storsta-tandvardsreformen-pa-20-ar\/"},"wordCount":429,"articleSection":["Alla nyheter","Debattartiklar","Inl\u00e4gg","Nyheter"],"inLanguage":"sv-SE"},{"@type":"WebPage","@id":"https:\/\/wp.kristdemokraterna.se\/gavleborg\/kristdemokraterna-vi-genomfor-den-storsta-tandvardsreformen-pa-20-ar\/","url":"https:\/\/wp.kristdemokraterna.se\/gavleborg\/kristdemokraterna-vi-genomfor-den-storsta-tandvardsreformen-pa-20-ar\/","name":"Kristdemokraterna: Vi genomf\u00f6r den st\u00f6rsta tandv\u00e5rdsreformen p\u00e5 20 \u00e5r - Kristdemokraterna G\u00e4vleborg","isPartOf":{"@id":"https:\/\/wp.kristdemokraterna.se\/gavleborg\/#website"},"datePublished":"2024-09-27T10:51:02+00:00","author":{"@id":"https:\/\/wp.kristdemokraterna.se\/gavleborg\/#\/schema\/person\/bc74b1c510a5c9e1fa45a63a3709916d"},"breadcrumb":{"@id":"https:\/\/wp.kristdemokraterna.se\/gavleborg\/kristdemokraterna-vi-genomfor-den-storsta-tandvardsreformen-pa-20-ar\/#breadcrumb"},"inLanguage":"sv-SE","potentialAction":[{"@type":"ReadAction","target":["https:\/\/wp.kristdemokraterna.se\/gavleborg\/kristdemokraterna-vi-genomfor-den-storsta-tandvardsreformen-pa-20-ar\/"]}]},{"@type":"BreadcrumbList","@id":"https:\/\/wp.kristdemokraterna.se\/gavleborg\/kristdemokraterna-vi-genomfor-den-storsta-tandvardsreformen-pa-20-ar\/#breadcrumb","itemListElement":[{"@type":"ListItem","position":1,"name":"Hem","item":"https:\/\/wp.kristdemokraterna.se\/gavleborg\/"},{"@type":"ListItem","position":2,"name":"Kristdemokraterna: Vi genomf\u00f6r den st\u00f6rsta tandv\u00e5rdsreformen p\u00e5 20 \u00e5r"}]},{"@type":"WebSite","@id":"https:\/\/wp.kristdemokraterna.se\/gavleborg\/#website","url":"https:\/\/wp.kristdemokraterna.se\/gavleborg\/","name":"Kristdemokraterna G\u00e4vleborg","description":"Ett tryggare G\u00e4vleborg","inLanguage":"sv-SE"},{"@type":"Person","@id":"https:\/\/wp.kristdemokraterna.se\/gavleborg\/#\/schema\/person\/bc74b1c510a5c9e1fa45a63a3709916d","name":"annelieostling","image":{"@type":"ImageObject","inLanguage":"sv-SE","@id":"https:\/\/secure.gravatar.com\/avatar\/99d5411ba55eda83f73dc1ab2453d7b92fbc36831c5d818512b42de21186be1d?s=96&d=mm&r=g","url":"https:\/\/secure.gravatar.com\/avatar\/99d5411ba55eda83f73dc1ab2453d7b92fbc36831c5d818512b42de21186be1d?s=96&d=mm&r=g","contentUrl":"https:\/\/secure.gravatar.com\/avatar\/99d5411ba55eda83f73dc1ab2453d7b92fbc36831c5d818512b42de21186be1d?s=96&d=mm&r=g","caption":"annelieostling"},"url":"https:\/\/wp.kristdemokraterna.se\/gavleborg\/author\/annelieostling\/"}]}},"_links":{"self":[{"href":"https:\/\/wp.kristdemokraterna.se\/gavleborg\/wp-json\/wp\/v2\/posts\/1238","targetHints":{"allow":["GET"]}}],"collection":[{"href":"https:\/\/wp.kristdemokraterna.se\/gavleborg\/wp-json\/wp\/v2\/posts"}],"about":[{"href":"https:\/\/wp.kristdemokraterna.se\/gavleborg\/wp-json\/wp\/v2\/types\/post"}],"author":[{"embeddable":true,"href":"https:\/\/wp.kristdemokraterna.se\/gavleborg\/wp-json\/wp\/v2\/users\/976"}],"replies":[{"embeddable":true,"href":"https:\/\/wp.kristdemokraterna.se\/gavleborg\/wp-json\/wp\/v2\/comments?post=1238"}],"version-history":[{"count":1,"href":"https:\/\/wp.kristdemokraterna.se\/gavleborg\/wp-json\/wp\/v2\/posts\/1238\/revisions"}],"predecessor-version":[{"id":1239,"href":"https:\/\/wp.kristdemokraterna.se\/gavleborg\/wp-json\/wp\/v2\/posts\/1238\/revisions\/1239"}],"wp:attachment":[{"href":"https:\/\/wp.kristdemokraterna.se\/gavleborg\/wp-json\/wp\/v2\/media?parent=1238"}],"wp:term":[{"taxonomy":"category","embeddable":true,"href":"https:\/\/wp.kristdemokraterna.se\/gavleborg\/wp-json\/wp\/v2\/categories?post=1238"},{"taxonomy":"post_tag","embeddable":true,"href":"https:\/\/wp.kristdemokraterna.se\/gavleborg\/wp-json\/wp\/v2\/tags?post=1238"}],"curies":[{"name":"wp","href":"https:\/\/api.w.org\/{rel}","templated":true}]}}