{"id":1243,"date":"2024-09-27T13:01:27","date_gmt":"2024-09-27T11:01:27","guid":{"rendered":"https:\/\/wp.kristdemokraterna.se\/gavleborg\/?p=1243"},"modified":"2024-09-27T13:01:27","modified_gmt":"2024-09-27T11:01:27","slug":"kristdemokraterna-vi-starker-klimakterievarden-i-gavleborg","status":"publish","type":"post","link":"https:\/\/wp.kristdemokraterna.se\/gavleborg\/kristdemokraterna-vi-starker-klimakterievarden-i-gavleborg\/","title":{"rendered":"Kristdemokraterna: Vi st\u00e4rker klimakteriev\u00e5rden i G\u00e4vleborg"},"content":{"rendered":"<p>Alla kvinnor hamnar f\u00f6rr eller senare i klimakteriet. Klimakteriet \u00e4r en period i livet som kan p\u00e5g\u00e5 olika l\u00e4nge och p\u00e5verka livskvaliteten v\u00e4ldigt olika. Idag finns hj\u00e4lp att f\u00e5 som lindrar besv\u00e4ren. Trots detta upplever m\u00e5nga kvinnor att det \u00e4r sv\u00e5rt att f\u00e5 r\u00e4tt hj\u00e4lp. Det \u00e4r oacceptabelt, och det t\u00e4nker vi kristdemokrater \u00e4ndra p\u00e5! Vi \u00e4r d\u00e4rf\u00f6r stolta \u00f6ver att tillsammans med v\u00e5ra samarbetspartier SD, M och SVG kunna presentera det f\u00f6rsta steget f\u00f6r b\u00e4ttre klimakterieh\u00e4lsa i Region G\u00e4vleborg \u2013 en utbildningssatsning f\u00f6r personal.<\/p>\n<p>Sjukdomar och tillst\u00e5nd som drabbar kvinnor \u00e4r ett eftersatt omr\u00e5de. Vi kristdemokrater arbetar f\u00f6r en j\u00e4mlik v\u00e5rd \u00f6ver hela landet och vi ser det som mycket angel\u00e4get att h\u00e4lso- och sjukv\u00e5rden f\u00f6r kvinnor st\u00e4rks. P\u00e5 riksniv\u00e5 g\u00f6rs nu insatser f\u00f6r f\u00f6rb\u00e4ttrad f\u00f6rlossningsv\u00e5rd och kvinnors h\u00e4lsa, varav 1,6\u00a0miljarder kronor har avsatts f\u00f6r 2024.<\/p>\n<p>Tillsammans med de andra styrande partierna i G\u00e4vleborg prioriterar Kristdemokraterna kvinno- och f\u00f6rlossningssjukv\u00e5rden, d\u00e4r klimakteriev\u00e5rden \u00e4r en del. Vi har lyssnat till ett flertal patientber\u00e4ttelser d\u00e4r vi ser att kvinnor med klimakteriebesv\u00e4r bollas runt, utan att f\u00e5 adekvat hj\u00e4lp. Det beh\u00f6ver vi g\u00f6ra n\u00e5got \u00e5t! Som ett f\u00f6rsta led i att st\u00e4rka klimakteriev\u00e5rden planerar vi ett utbildningspaket f\u00f6r personal.<\/p>\n<p>Syftet med denna satsning \u00e4r att s\u00e4kerst\u00e4lla kompetens g\u00e4llande klimakterieh\u00e4lsa, m\u00e5let \u00e4r att ge kvinnor en s\u00e4ker och j\u00e4mst\u00e4lld h\u00e4lso-och sjukv\u00e5rd. Inga kvinnor ska falla mellan stolarna! Livskvaliteten f\u00f6r kvinnor i klimakteriet ska \u00f6ka samtidigt som v\u00e5rdskador kan f\u00f6rebyggas och lidandet minska. Med \u00f6kad kunskap om diagnostisering, v\u00e5rd och behandling kan kvinnor i klimakteriet f\u00e5 en b\u00e4ttre h\u00e4lsa.<\/p>\n<p>Alla m\u00e4nniskor har r\u00e4tt att f\u00e5 det b\u00e4sta bem\u00f6tandet och den b\u00e4sta v\u00e5rden.<\/p>\n<p>Kristdemokraterna prioriterar kvinnors h\u00e4lsa!<\/p>\n<p>&nbsp;<\/p>\n<p>Jennie Forsblom (KD), Regionr\u00e5d<\/p>\n<p>Peter \u00c5kerstr\u00f6m (KD), Gruppledare<\/p>\n<p>&nbsp;<\/p>\n<p>&nbsp;<\/p>\n","protected":false},"excerpt":{"rendered":"<p>Alla kvinnor hamnar f\u00f6rr eller senare i klimakteriet. Klimakteriet \u00e4r en period i livet som kan p\u00e5g\u00e5 olika l\u00e4nge och p\u00e5verka livskvaliteten v\u00e4ldigt olika. Idag finns hj\u00e4lp att f\u00e5 som lindrar besv\u00e4ren. Trots detta upplever m\u00e5nga kvinnor att det \u00e4r sv\u00e5rt att f\u00e5 r\u00e4tt hj\u00e4lp. Det \u00e4r oacceptabelt, och det t\u00e4nker vi kristdemokrater \u00e4ndra p\u00e5! <a class=\"read-more-link\" href=\"https:\/\/wp.kristdemokraterna.se\/gavleborg\/kristdemokraterna-vi-starker-klimakterievarden-i-gavleborg\/\">L\u00e4s mer<\/a><\/p>\n","protected":false},"author":976,"featured_media":0,"comment_status":"closed","ping_status":"closed","sticky":false,"template":"","format":"standard","meta":{"_acf_changed":false,"footnotes":""},"categories":[30,21,31,25],"tags":[],"class_list":["post-1243","post","type-post","status-publish","format-standard","hentry","category-alla-nyheter","category-debattartiklar","category-inlagg","category-nyheter"],"acf":[],"yoast_head":"<!-- This site is optimized with the Yoast SEO plugin v27.5 - https:\/\/yoast.com\/product\/yoast-seo-wordpress\/ -->\n<title>Kristdemokraterna: Vi st\u00e4rker klimakteriev\u00e5rden i G\u00e4vleborg - Kristdemokraterna G\u00e4vleborg<\/title>\n<meta name=\"robots\" content=\"index, follow, max-snippet:-1, max-image-preview:large, max-video-preview:-1\" \/>\n<link rel=\"canonical\" href=\"https:\/\/wp.kristdemokraterna.se\/gavleborg\/kristdemokraterna-vi-starker-klimakterievarden-i-gavleborg\/\" \/>\n<meta property=\"og:locale\" content=\"sv_SE\" \/>\n<meta property=\"og:type\" content=\"article\" \/>\n<meta property=\"og:title\" content=\"Kristdemokraterna: Vi st\u00e4rker klimakteriev\u00e5rden i G\u00e4vleborg - Kristdemokraterna G\u00e4vleborg\" \/>\n<meta property=\"og:description\" content=\"Alla kvinnor hamnar f\u00f6rr eller senare i klimakteriet. Klimakteriet \u00e4r en period i livet som kan p\u00e5g\u00e5 olika l\u00e4nge och p\u00e5verka livskvaliteten v\u00e4ldigt olika. Idag finns hj\u00e4lp att f\u00e5 som lindrar besv\u00e4ren. Trots detta upplever m\u00e5nga kvinnor att det \u00e4r sv\u00e5rt att f\u00e5 r\u00e4tt hj\u00e4lp. Det \u00e4r oacceptabelt, och det t\u00e4nker vi kristdemokrater \u00e4ndra p\u00e5! L\u00e4s mer\" \/>\n<meta property=\"og:url\" content=\"https:\/\/wp.kristdemokraterna.se\/gavleborg\/kristdemokraterna-vi-starker-klimakterievarden-i-gavleborg\/\" \/>\n<meta property=\"og:site_name\" content=\"Kristdemokraterna G\u00e4vleborg\" \/>\n<meta property=\"article:published_time\" content=\"2024-09-27T11:01:27+00:00\" \/>\n<meta name=\"author\" content=\"annelieostling\" \/>\n<meta name=\"twitter:card\" content=\"summary_large_image\" \/>\n<meta name=\"twitter:label1\" content=\"Skriven av\" \/>\n\t<meta name=\"twitter:data1\" content=\"annelieostling\" \/>\n\t<meta name=\"twitter:label2\" content=\"Ber\u00e4knad l\u00e4stid\" \/>\n\t<meta name=\"twitter:data2\" content=\"2 minuter\" \/>\n<script type=\"application\/ld+json\" class=\"yoast-schema-graph\">{\"@context\":\"https:\\\/\\\/schema.org\",\"@graph\":[{\"@type\":\"Article\",\"@id\":\"https:\\\/\\\/wp.kristdemokraterna.se\\\/gavleborg\\\/kristdemokraterna-vi-starker-klimakterievarden-i-gavleborg\\\/#article\",\"isPartOf\":{\"@id\":\"https:\\\/\\\/wp.kristdemokraterna.se\\\/gavleborg\\\/kristdemokraterna-vi-starker-klimakterievarden-i-gavleborg\\\/\"},\"author\":{\"name\":\"annelieostling\",\"@id\":\"https:\\\/\\\/wp.kristdemokraterna.se\\\/gavleborg\\\/#\\\/schema\\\/person\\\/bc74b1c510a5c9e1fa45a63a3709916d\"},\"headline\":\"Kristdemokraterna: Vi st\u00e4rker klimakteriev\u00e5rden i G\u00e4vleborg\",\"datePublished\":\"2024-09-27T11:01:27+00:00\",\"mainEntityOfPage\":{\"@id\":\"https:\\\/\\\/wp.kristdemokraterna.se\\\/gavleborg\\\/kristdemokraterna-vi-starker-klimakterievarden-i-gavleborg\\\/\"},\"wordCount\":369,\"articleSection\":[\"Alla nyheter\",\"Debattartiklar\",\"Inl\u00e4gg\",\"Nyheter\"],\"inLanguage\":\"sv-SE\"},{\"@type\":\"WebPage\",\"@id\":\"https:\\\/\\\/wp.kristdemokraterna.se\\\/gavleborg\\\/kristdemokraterna-vi-starker-klimakterievarden-i-gavleborg\\\/\",\"url\":\"https:\\\/\\\/wp.kristdemokraterna.se\\\/gavleborg\\\/kristdemokraterna-vi-starker-klimakterievarden-i-gavleborg\\\/\",\"name\":\"Kristdemokraterna: Vi st\u00e4rker klimakteriev\u00e5rden i G\u00e4vleborg - Kristdemokraterna G\u00e4vleborg\",\"isPartOf\":{\"@id\":\"https:\\\/\\\/wp.kristdemokraterna.se\\\/gavleborg\\\/#website\"},\"datePublished\":\"2024-09-27T11:01:27+00:00\",\"author\":{\"@id\":\"https:\\\/\\\/wp.kristdemokraterna.se\\\/gavleborg\\\/#\\\/schema\\\/person\\\/bc74b1c510a5c9e1fa45a63a3709916d\"},\"breadcrumb\":{\"@id\":\"https:\\\/\\\/wp.kristdemokraterna.se\\\/gavleborg\\\/kristdemokraterna-vi-starker-klimakterievarden-i-gavleborg\\\/#breadcrumb\"},\"inLanguage\":\"sv-SE\",\"potentialAction\":[{\"@type\":\"ReadAction\",\"target\":[\"https:\\\/\\\/wp.kristdemokraterna.se\\\/gavleborg\\\/kristdemokraterna-vi-starker-klimakterievarden-i-gavleborg\\\/\"]}]},{\"@type\":\"BreadcrumbList\",\"@id\":\"https:\\\/\\\/wp.kristdemokraterna.se\\\/gavleborg\\\/kristdemokraterna-vi-starker-klimakterievarden-i-gavleborg\\\/#breadcrumb\",\"itemListElement\":[{\"@type\":\"ListItem\",\"position\":1,\"name\":\"Hem\",\"item\":\"https:\\\/\\\/wp.kristdemokraterna.se\\\/gavleborg\\\/\"},{\"@type\":\"ListItem\",\"position\":2,\"name\":\"Kristdemokraterna: Vi st\u00e4rker klimakteriev\u00e5rden i G\u00e4vleborg\"}]},{\"@type\":\"WebSite\",\"@id\":\"https:\\\/\\\/wp.kristdemokraterna.se\\\/gavleborg\\\/#website\",\"url\":\"https:\\\/\\\/wp.kristdemokraterna.se\\\/gavleborg\\\/\",\"name\":\"Kristdemokraterna G\u00e4vleborg\",\"description\":\"Ett tryggare G\u00e4vleborg\",\"inLanguage\":\"sv-SE\"},{\"@type\":\"Person\",\"@id\":\"https:\\\/\\\/wp.kristdemokraterna.se\\\/gavleborg\\\/#\\\/schema\\\/person\\\/bc74b1c510a5c9e1fa45a63a3709916d\",\"name\":\"annelieostling\",\"image\":{\"@type\":\"ImageObject\",\"inLanguage\":\"sv-SE\",\"@id\":\"https:\\\/\\\/secure.gravatar.com\\\/avatar\\\/99d5411ba55eda83f73dc1ab2453d7b92fbc36831c5d818512b42de21186be1d?s=96&d=mm&r=g\",\"url\":\"https:\\\/\\\/secure.gravatar.com\\\/avatar\\\/99d5411ba55eda83f73dc1ab2453d7b92fbc36831c5d818512b42de21186be1d?s=96&d=mm&r=g\",\"contentUrl\":\"https:\\\/\\\/secure.gravatar.com\\\/avatar\\\/99d5411ba55eda83f73dc1ab2453d7b92fbc36831c5d818512b42de21186be1d?s=96&d=mm&r=g\",\"caption\":\"annelieostling\"},\"url\":\"https:\\\/\\\/wp.kristdemokraterna.se\\\/gavleborg\\\/author\\\/annelieostling\\\/\"}]}<\/script>\n<!-- \/ Yoast SEO plugin. -->","yoast_head_json":{"title":"Kristdemokraterna: Vi st\u00e4rker klimakteriev\u00e5rden i G\u00e4vleborg - Kristdemokraterna G\u00e4vleborg","robots":{"index":"index","follow":"follow","max-snippet":"max-snippet:-1","max-image-preview":"max-image-preview:large","max-video-preview":"max-video-preview:-1"},"canonical":"https:\/\/wp.kristdemokraterna.se\/gavleborg\/kristdemokraterna-vi-starker-klimakterievarden-i-gavleborg\/","og_locale":"sv_SE","og_type":"article","og_title":"Kristdemokraterna: Vi st\u00e4rker klimakteriev\u00e5rden i G\u00e4vleborg - Kristdemokraterna G\u00e4vleborg","og_description":"Alla kvinnor hamnar f\u00f6rr eller senare i klimakteriet. Klimakteriet \u00e4r en period i livet som kan p\u00e5g\u00e5 olika l\u00e4nge och p\u00e5verka livskvaliteten v\u00e4ldigt olika. Idag finns hj\u00e4lp att f\u00e5 som lindrar besv\u00e4ren. Trots detta upplever m\u00e5nga kvinnor att det \u00e4r sv\u00e5rt att f\u00e5 r\u00e4tt hj\u00e4lp. Det \u00e4r oacceptabelt, och det t\u00e4nker vi kristdemokrater \u00e4ndra p\u00e5! L\u00e4s mer","og_url":"https:\/\/wp.kristdemokraterna.se\/gavleborg\/kristdemokraterna-vi-starker-klimakterievarden-i-gavleborg\/","og_site_name":"Kristdemokraterna G\u00e4vleborg","article_published_time":"2024-09-27T11:01:27+00:00","author":"annelieostling","twitter_card":"summary_large_image","twitter_misc":{"Skriven av":"annelieostling","Ber\u00e4knad l\u00e4stid":"2 minuter"},"schema":{"@context":"https:\/\/schema.org","@graph":[{"@type":"Article","@id":"https:\/\/wp.kristdemokraterna.se\/gavleborg\/kristdemokraterna-vi-starker-klimakterievarden-i-gavleborg\/#article","isPartOf":{"@id":"https:\/\/wp.kristdemokraterna.se\/gavleborg\/kristdemokraterna-vi-starker-klimakterievarden-i-gavleborg\/"},"author":{"name":"annelieostling","@id":"https:\/\/wp.kristdemokraterna.se\/gavleborg\/#\/schema\/person\/bc74b1c510a5c9e1fa45a63a3709916d"},"headline":"Kristdemokraterna: Vi st\u00e4rker klimakteriev\u00e5rden i G\u00e4vleborg","datePublished":"2024-09-27T11:01:27+00:00","mainEntityOfPage":{"@id":"https:\/\/wp.kristdemokraterna.se\/gavleborg\/kristdemokraterna-vi-starker-klimakterievarden-i-gavleborg\/"},"wordCount":369,"articleSection":["Alla nyheter","Debattartiklar","Inl\u00e4gg","Nyheter"],"inLanguage":"sv-SE"},{"@type":"WebPage","@id":"https:\/\/wp.kristdemokraterna.se\/gavleborg\/kristdemokraterna-vi-starker-klimakterievarden-i-gavleborg\/","url":"https:\/\/wp.kristdemokraterna.se\/gavleborg\/kristdemokraterna-vi-starker-klimakterievarden-i-gavleborg\/","name":"Kristdemokraterna: Vi st\u00e4rker klimakteriev\u00e5rden i G\u00e4vleborg - Kristdemokraterna G\u00e4vleborg","isPartOf":{"@id":"https:\/\/wp.kristdemokraterna.se\/gavleborg\/#website"},"datePublished":"2024-09-27T11:01:27+00:00","author":{"@id":"https:\/\/wp.kristdemokraterna.se\/gavleborg\/#\/schema\/person\/bc74b1c510a5c9e1fa45a63a3709916d"},"breadcrumb":{"@id":"https:\/\/wp.kristdemokraterna.se\/gavleborg\/kristdemokraterna-vi-starker-klimakterievarden-i-gavleborg\/#breadcrumb"},"inLanguage":"sv-SE","potentialAction":[{"@type":"ReadAction","target":["https:\/\/wp.kristdemokraterna.se\/gavleborg\/kristdemokraterna-vi-starker-klimakterievarden-i-gavleborg\/"]}]},{"@type":"BreadcrumbList","@id":"https:\/\/wp.kristdemokraterna.se\/gavleborg\/kristdemokraterna-vi-starker-klimakterievarden-i-gavleborg\/#breadcrumb","itemListElement":[{"@type":"ListItem","position":1,"name":"Hem","item":"https:\/\/wp.kristdemokraterna.se\/gavleborg\/"},{"@type":"ListItem","position":2,"name":"Kristdemokraterna: Vi st\u00e4rker klimakteriev\u00e5rden i G\u00e4vleborg"}]},{"@type":"WebSite","@id":"https:\/\/wp.kristdemokraterna.se\/gavleborg\/#website","url":"https:\/\/wp.kristdemokraterna.se\/gavleborg\/","name":"Kristdemokraterna G\u00e4vleborg","description":"Ett tryggare G\u00e4vleborg","inLanguage":"sv-SE"},{"@type":"Person","@id":"https:\/\/wp.kristdemokraterna.se\/gavleborg\/#\/schema\/person\/bc74b1c510a5c9e1fa45a63a3709916d","name":"annelieostling","image":{"@type":"ImageObject","inLanguage":"sv-SE","@id":"https:\/\/secure.gravatar.com\/avatar\/99d5411ba55eda83f73dc1ab2453d7b92fbc36831c5d818512b42de21186be1d?s=96&d=mm&r=g","url":"https:\/\/secure.gravatar.com\/avatar\/99d5411ba55eda83f73dc1ab2453d7b92fbc36831c5d818512b42de21186be1d?s=96&d=mm&r=g","contentUrl":"https:\/\/secure.gravatar.com\/avatar\/99d5411ba55eda83f73dc1ab2453d7b92fbc36831c5d818512b42de21186be1d?s=96&d=mm&r=g","caption":"annelieostling"},"url":"https:\/\/wp.kristdemokraterna.se\/gavleborg\/author\/annelieostling\/"}]}},"_links":{"self":[{"href":"https:\/\/wp.kristdemokraterna.se\/gavleborg\/wp-json\/wp\/v2\/posts\/1243","targetHints":{"allow":["GET"]}}],"collection":[{"href":"https:\/\/wp.kristdemokraterna.se\/gavleborg\/wp-json\/wp\/v2\/posts"}],"about":[{"href":"https:\/\/wp.kristdemokraterna.se\/gavleborg\/wp-json\/wp\/v2\/types\/post"}],"author":[{"embeddable":true,"href":"https:\/\/wp.kristdemokraterna.se\/gavleborg\/wp-json\/wp\/v2\/users\/976"}],"replies":[{"embeddable":true,"href":"https:\/\/wp.kristdemokraterna.se\/gavleborg\/wp-json\/wp\/v2\/comments?post=1243"}],"version-history":[{"count":1,"href":"https:\/\/wp.kristdemokraterna.se\/gavleborg\/wp-json\/wp\/v2\/posts\/1243\/revisions"}],"predecessor-version":[{"id":1244,"href":"https:\/\/wp.kristdemokraterna.se\/gavleborg\/wp-json\/wp\/v2\/posts\/1243\/revisions\/1244"}],"wp:attachment":[{"href":"https:\/\/wp.kristdemokraterna.se\/gavleborg\/wp-json\/wp\/v2\/media?parent=1243"}],"wp:term":[{"taxonomy":"category","embeddable":true,"href":"https:\/\/wp.kristdemokraterna.se\/gavleborg\/wp-json\/wp\/v2\/categories?post=1243"},{"taxonomy":"post_tag","embeddable":true,"href":"https:\/\/wp.kristdemokraterna.se\/gavleborg\/wp-json\/wp\/v2\/tags?post=1243"}],"curies":[{"name":"wp","href":"https:\/\/api.w.org\/{rel}","templated":true}]}}